{"id":24860,"date":"2021-11-24T16:01:48","date_gmt":"2021-11-24T19:01:48","guid":{"rendered":"https:\/\/p31noticias.com.br\/?p=24860"},"modified":"2022-02-17T15:17:36","modified_gmt":"2022-02-17T18:17:36","slug":"presidente-recebe-medalha-do-merito-legislativo-no-congresso-nacional","status":"publish","type":"post","link":"https:\/\/www.p31noticias.com.br\/?p=24860","title":{"rendered":"Presidente recebe medalha do m\u00e9rito legislativo no Congresso Nacional."},"content":{"rendered":"<h3 class=\"col-10 offset-1 animated fadeInDown dealy-900 display-8 display-md-8 alt-font font-italic my-1 text-center\"><em><strong>Outras personalidades e institui\u00e7\u00f5es tamb\u00e9m foram condecoradas.<\/strong><\/em><\/h3>\n<p style=\"text-align: justify;\">O presidente Jair Bolsonaro recebeu hoje (24) a medalha do M\u00e9rito Legislativo, entregue pela C\u00e2mara dos Deputados. A medalha \u00e9 concedida a autoridades, personalidades, institui\u00e7\u00f5es ou entidades que tenham prestado servi\u00e7os relevantes ao Poder Legislativo ou ao Brasil.<img decoding=\"async\" src=\"https:\/\/agenciabrasil.ebc.com.br\/ebc.png?id=1428826&amp;o=node\" \/><img decoding=\"async\" src=\"https:\/\/agenciabrasil.ebc.com.br\/ebc.gif?id=1428826&amp;o=node\" \/><\/p>\n<p style=\"text-align: justify;\">O presidente foi indicado para receber a medalha pelo deputado Vitor Hugo (PSL-GO), l\u00edder do partido na C\u00e2mara. Al\u00e9m do presidente, institui\u00e7\u00f5es e personalidades tamb\u00e9m receberam a honraria.<\/p>\n<p style=\"text-align: justify;\">Durante a solenidade, realizada no plen\u00e1rio da Casa, Bolsonaro disse estar honrado com a condecora\u00e7\u00e3o, lembrou j\u00e1 ter participado do parlamento e que espera interagir mais com os deputados.<\/p>\n<p style=\"text-align: justify;\">\u201cS\u00f3 podemos pensar em um Brasil melhor a partir do momento que n\u00f3s estivermos perfeitamente sintonizados. \u00c9 dessa forma que se constr\u00f3i uma grande na\u00e7\u00e3o e n\u00f3s temos potencial para isso e muito mais\u201d, disse. \u201cEspero cada vez mais poder interagir com todos voc\u00eas de modo que possamos escrever uma linda hist\u00f3ria para a nossa na\u00e7\u00e3o\u201d, acrescentou.<\/p>\n<p style=\"text-align: justify;\">O presidente da Casa, Arthur Lira disse que os agraciados com a medalha auxiliaram o parlamento a atravessar a pandemia de covid-19, que classificou como tempestade perfeita, &#8220;com mortes, infla\u00e7\u00e3o, desemprego e impactos sobre a economia&#8221;.<\/p>\n<p style=\"text-align: justify;\">\u201cEm meio \u00e0 f\u00faria dessa tempestade sem precedentes, o parlamento brasileiro permaneceu firme como um farol, iluminando o caminho a ser seguido\u201d, disse. \u201cMas n\u00f3s n\u00e3o trabalhamos sozinhos nessa \u00e1rdua tarefa. Para que o legislativo pudesse dar \u00e0 sociedade brasileira as respostas mais certas em nossa hora mais incerta, a contribui\u00e7\u00e3o, a inspira\u00e7\u00e3o e o apoio dos agraciados deste ano foram fundamentais\u201d, discursou.<\/p>\n<h2 style=\"text-align: justify;\">Oposi\u00e7\u00e3o<\/h2>\n<p style=\"text-align: justify;\">Ao ser chamado para receber a medalha parlamentares da oposi\u00e7\u00e3o chamara Bolsonaro de &#8220;genocida&#8221;. Em resposta, deputados da base aliada gritaram &#8220;mito&#8221;. A 2\u00aa Secret\u00e1ria da C\u00e2mara, deputada Mar\u00edlia Arraes (PT-PE), respons\u00e1vel por entregar a premia\u00e7\u00e3o criticou o presidente.<\/p>\n<p style=\"text-align: justify;\">A deputada citou o relat\u00f3rio\u00a0<em>The Global State Of Democracy 2021<\/em>, publicado pelo Instituto para a Democracia e Assist\u00eancia Eleitoral (IDEA), sediado em Copenhague na Dinamarca, que aponta para um decl\u00ednio da democracia no pa\u00eds.<\/p>\n<p style=\"text-align: justify;\">\u201cO documento cita nominalmente o Presidente da Rep\u00fablica, apontando sua amea\u00e7a de descumprir decis\u00f5es do STF [Supremo Tribunal Federal], tentativas de apagamento de vozes cr\u00edticas, divulga\u00e7\u00e3o de\u00a0<em>fake news<\/em>, m\u00e1 gest\u00e3o da pandemia, entre outros, de maneira que testou explicitamente as institui\u00e7\u00f5es democr\u00e1ticas brasileiras. Nestes tempos, portanto, a Medalha do M\u00e9rito Legislativo se reveste de um simbolismo ainda maior, pois o parlamento \u00e9 o grande basti\u00e3o da democracia\u201d, disse Mar\u00edlia Arraes.<\/p>\n<p>Agencia Brasil.<\/p>\n","protected":false},"excerpt":{"rendered":"<p>Outras personalidades e institui\u00e7\u00f5es tamb\u00e9m foram condecoradas. O presidente Jair Bolsonaro recebeu hoje (24) a medalha do M\u00e9rito Legislativo, entregue pela C\u00e2mara dos Deputados. A medalha \u00e9 concedida a autoridades, personalidades, institui\u00e7\u00f5es ou entidades que tenham prestado servi\u00e7os relevantes ao Poder Legislativo ou ao Brasil. O presidente foi indicado para receber a medalha pelo deputado [&hellip;]<\/p>\n","protected":false},"author":2,"featured_media":24861,"comment_status":"open","ping_status":"open","sticky":false,"template":"","format":"standard","meta":{"footnotes":""},"categories":[68],"tags":[],"class_list":{"0":"post-24860","1":"post","2":"type-post","3":"status-publish","4":"format-standard","5":"has-post-thumbnail","7":"category-brasil"},"yoast_head":"<!-- This site is optimized with the Yoast SEO Premium plugin v24.5 (Yoast SEO v27.5) - https:\/\/yoast.com\/product\/yoast-seo-premium-wordpress\/ -->\n<title>Presidente recebe medalha do m\u00e9rito legislativo no Congresso Nacional. - P31<\/title>\n<meta name=\"robots\" content=\"index, follow, max-snippet:-1, max-image-preview:large, max-video-preview:-1\" \/>\n<link rel=\"canonical\" href=\"https:\/\/www.p31noticias.com.br\/?p=24860\" \/>\n<meta property=\"og:locale\" content=\"pt_BR\" \/>\n<meta property=\"og:type\" content=\"article\" \/>\n<meta property=\"og:title\" content=\"Presidente recebe medalha do m\u00e9rito legislativo no Congresso Nacional.\" \/>\n<meta property=\"og:description\" content=\"Outras personalidades e institui\u00e7\u00f5es tamb\u00e9m foram condecoradas. O presidente Jair Bolsonaro recebeu hoje (24) a medalha do M\u00e9rito Legislativo, entregue pela C\u00e2mara dos Deputados. A medalha \u00e9 concedida a autoridades, personalidades, institui\u00e7\u00f5es ou entidades que tenham prestado servi\u00e7os relevantes ao Poder Legislativo ou ao Brasil. O presidente foi indicado para receber a medalha pelo deputado [&hellip;]\" \/>\n<meta property=\"og:url\" content=\"https:\/\/www.p31noticias.com.br\/?p=24860\" \/>\n<meta property=\"og:site_name\" content=\"P31\" \/>\n<meta property=\"article:published_time\" content=\"2021-11-24T19:01:48+00:00\" \/>\n<meta property=\"article:modified_time\" content=\"2022-02-17T18:17:36+00:00\" \/>\n<meta property=\"og:image\" content=\"https:\/\/www.p31noticias.com.br\/wp-content\/uploads\/2021\/11\/planalto2411213552.jpg\" \/>\n\t<meta property=\"og:image:width\" content=\"1170\" \/>\n\t<meta property=\"og:image:height\" content=\"700\" \/>\n\t<meta property=\"og:image:type\" content=\"image\/jpeg\" \/>\n<meta name=\"author\" content=\"Gon\u00e7alves Junior\" \/>\n<meta name=\"twitter:card\" content=\"summary_large_image\" \/>\n<meta name=\"twitter:label1\" content=\"Escrito por\" \/>\n\t<meta name=\"twitter:data1\" content=\"Gon\u00e7alves Junior\" \/>\n\t<meta name=\"twitter:label2\" content=\"Est. tempo de leitura\" \/>\n\t<meta name=\"twitter:data2\" content=\"2 minutos\" \/>\n<script type=\"application\/ld+json\" class=\"yoast-schema-graph\">{\"@context\":\"https:\\\/\\\/schema.org\",\"@graph\":[{\"@type\":\"Article\",\"@id\":\"https:\\\/\\\/www.p31noticias.com.br\\\/?p=24860#article\",\"isPartOf\":{\"@id\":\"https:\\\/\\\/www.p31noticias.com.br\\\/?p=24860\"},\"author\":{\"name\":\"Gon\u00e7alves Junior\",\"@id\":\"https:\\\/\\\/www.p31noticias.com.br\\\/#\\\/schema\\\/person\\\/95f2ece30e3b4132065b915150cd0f94\"},\"headline\":\"Presidente recebe medalha do m\u00e9rito legislativo no Congresso Nacional.\",\"datePublished\":\"2021-11-24T19:01:48+00:00\",\"dateModified\":\"2022-02-17T18:17:36+00:00\",\"mainEntityOfPage\":{\"@id\":\"https:\\\/\\\/www.p31noticias.com.br\\\/?p=24860\"},\"wordCount\":456,\"commentCount\":0,\"image\":{\"@id\":\"https:\\\/\\\/www.p31noticias.com.br\\\/?p=24860#primaryimage\"},\"thumbnailUrl\":\"https:\\\/\\\/www.p31noticias.com.br\\\/wp-content\\\/uploads\\\/2021\\\/11\\\/planalto2411213552.jpg\",\"articleSection\":[\"Brasil\"],\"inLanguage\":\"pt-BR\",\"potentialAction\":[{\"@type\":\"CommentAction\",\"name\":\"Comment\",\"target\":[\"https:\\\/\\\/www.p31noticias.com.br\\\/?p=24860#respond\"]}],\"copyrightYear\":\"2021\",\"copyrightHolder\":{\"@id\":\"https:\\\/\\\/www.p31noticias.com.br\\\/#organization\"}},{\"@type\":\"WebPage\",\"@id\":\"https:\\\/\\\/www.p31noticias.com.br\\\/?p=24860\",\"url\":\"https:\\\/\\\/www.p31noticias.com.br\\\/?p=24860\",\"name\":\"Presidente recebe medalha do m\u00e9rito legislativo no Congresso Nacional. - P31\",\"isPartOf\":{\"@id\":\"https:\\\/\\\/www.p31noticias.com.br\\\/#website\"},\"primaryImageOfPage\":{\"@id\":\"https:\\\/\\\/www.p31noticias.com.br\\\/?p=24860#primaryimage\"},\"image\":{\"@id\":\"https:\\\/\\\/www.p31noticias.com.br\\\/?p=24860#primaryimage\"},\"thumbnailUrl\":\"https:\\\/\\\/www.p31noticias.com.br\\\/wp-content\\\/uploads\\\/2021\\\/11\\\/planalto2411213552.jpg\",\"datePublished\":\"2021-11-24T19:01:48+00:00\",\"dateModified\":\"2022-02-17T18:17:36+00:00\",\"author\":{\"@id\":\"https:\\\/\\\/www.p31noticias.com.br\\\/#\\\/schema\\\/person\\\/95f2ece30e3b4132065b915150cd0f94\"},\"breadcrumb\":{\"@id\":\"https:\\\/\\\/www.p31noticias.com.br\\\/?p=24860#breadcrumb\"},\"inLanguage\":\"pt-BR\",\"potentialAction\":[{\"@type\":\"ReadAction\",\"target\":[\"https:\\\/\\\/www.p31noticias.com.br\\\/?p=24860\"]}]},{\"@type\":\"ImageObject\",\"inLanguage\":\"pt-BR\",\"@id\":\"https:\\\/\\\/www.p31noticias.com.br\\\/?p=24860#primaryimage\",\"url\":\"https:\\\/\\\/www.p31noticias.com.br\\\/wp-content\\\/uploads\\\/2021\\\/11\\\/planalto2411213552.jpg\",\"contentUrl\":\"https:\\\/\\\/www.p31noticias.com.br\\\/wp-content\\\/uploads\\\/2021\\\/11\\\/planalto2411213552.jpg\",\"width\":1170,\"height\":700,\"caption\":\"O presidente Jair Bolsonaro \u00e9 homenageado com a Medalha M\u00e9rito Legislativo, durante sess\u00e3o solene na C\u00e2mara dos Deputados\"},{\"@type\":\"BreadcrumbList\",\"@id\":\"https:\\\/\\\/www.p31noticias.com.br\\\/?p=24860#breadcrumb\",\"itemListElement\":[{\"@type\":\"ListItem\",\"position\":1,\"name\":\"In\u00edcio\",\"item\":\"https:\\\/\\\/www.p31noticias.com.br\\\/\"},{\"@type\":\"ListItem\",\"position\":2,\"name\":\"Presidente recebe medalha do m\u00e9rito legislativo no Congresso Nacional.\"}]},{\"@type\":\"WebSite\",\"@id\":\"https:\\\/\\\/www.p31noticias.com.br\\\/#website\",\"url\":\"https:\\\/\\\/www.p31noticias.com.br\\\/\",\"name\":\"P31\",\"description\":\"NOT\u00cdCIAS\",\"potentialAction\":[{\"@type\":\"SearchAction\",\"target\":{\"@type\":\"EntryPoint\",\"urlTemplate\":\"https:\\\/\\\/www.p31noticias.com.br\\\/?s={search_term_string}\"},\"query-input\":{\"@type\":\"PropertyValueSpecification\",\"valueRequired\":true,\"valueName\":\"search_term_string\"}}],\"inLanguage\":\"pt-BR\"},{\"@type\":\"Person\",\"@id\":\"https:\\\/\\\/www.p31noticias.com.br\\\/#\\\/schema\\\/person\\\/95f2ece30e3b4132065b915150cd0f94\",\"name\":\"Gon\u00e7alves Junior\",\"image\":{\"@type\":\"ImageObject\",\"inLanguage\":\"pt-BR\",\"@id\":\"https:\\\/\\\/secure.gravatar.com\\\/avatar\\\/6711f350116a89762687a48d66f723c799e5438a5b7578508d4294cd7a5d0800?s=96&d=mm&r=g\",\"url\":\"https:\\\/\\\/secure.gravatar.com\\\/avatar\\\/6711f350116a89762687a48d66f723c799e5438a5b7578508d4294cd7a5d0800?s=96&d=mm&r=g\",\"contentUrl\":\"https:\\\/\\\/secure.gravatar.com\\\/avatar\\\/6711f350116a89762687a48d66f723c799e5438a5b7578508d4294cd7a5d0800?s=96&d=mm&r=g\",\"caption\":\"Gon\u00e7alves Junior\"},\"url\":\"https:\\\/\\\/www.p31noticias.com.br\\\/?author=2\"}]}<\/script>\n<!-- \/ Yoast SEO Premium plugin. -->","yoast_head_json":{"title":"Presidente recebe medalha do m\u00e9rito legislativo no Congresso Nacional. - P31","robots":{"index":"index","follow":"follow","max-snippet":"max-snippet:-1","max-image-preview":"max-image-preview:large","max-video-preview":"max-video-preview:-1"},"canonical":"https:\/\/www.p31noticias.com.br\/?p=24860","og_locale":"pt_BR","og_type":"article","og_title":"Presidente recebe medalha do m\u00e9rito legislativo no Congresso Nacional.","og_description":"Outras personalidades e institui\u00e7\u00f5es tamb\u00e9m foram condecoradas. O presidente Jair Bolsonaro recebeu hoje (24) a medalha do M\u00e9rito Legislativo, entregue pela C\u00e2mara dos Deputados. A medalha \u00e9 concedida a autoridades, personalidades, institui\u00e7\u00f5es ou entidades que tenham prestado servi\u00e7os relevantes ao Poder Legislativo ou ao Brasil. O presidente foi indicado para receber a medalha pelo deputado [&hellip;]","og_url":"https:\/\/www.p31noticias.com.br\/?p=24860","og_site_name":"P31","article_published_time":"2021-11-24T19:01:48+00:00","article_modified_time":"2022-02-17T18:17:36+00:00","og_image":[{"width":1170,"height":700,"url":"https:\/\/www.p31noticias.com.br\/wp-content\/uploads\/2021\/11\/planalto2411213552.jpg","type":"image\/jpeg"}],"author":"Gon\u00e7alves Junior","twitter_card":"summary_large_image","twitter_misc":{"Escrito por":"Gon\u00e7alves Junior","Est. tempo de leitura":"2 minutos"},"schema":{"@context":"https:\/\/schema.org","@graph":[{"@type":"Article","@id":"https:\/\/www.p31noticias.com.br\/?p=24860#article","isPartOf":{"@id":"https:\/\/www.p31noticias.com.br\/?p=24860"},"author":{"name":"Gon\u00e7alves Junior","@id":"https:\/\/www.p31noticias.com.br\/#\/schema\/person\/95f2ece30e3b4132065b915150cd0f94"},"headline":"Presidente recebe medalha do m\u00e9rito legislativo no Congresso Nacional.","datePublished":"2021-11-24T19:01:48+00:00","dateModified":"2022-02-17T18:17:36+00:00","mainEntityOfPage":{"@id":"https:\/\/www.p31noticias.com.br\/?p=24860"},"wordCount":456,"commentCount":0,"image":{"@id":"https:\/\/www.p31noticias.com.br\/?p=24860#primaryimage"},"thumbnailUrl":"https:\/\/www.p31noticias.com.br\/wp-content\/uploads\/2021\/11\/planalto2411213552.jpg","articleSection":["Brasil"],"inLanguage":"pt-BR","potentialAction":[{"@type":"CommentAction","name":"Comment","target":["https:\/\/www.p31noticias.com.br\/?p=24860#respond"]}],"copyrightYear":"2021","copyrightHolder":{"@id":"https:\/\/www.p31noticias.com.br\/#organization"}},{"@type":"WebPage","@id":"https:\/\/www.p31noticias.com.br\/?p=24860","url":"https:\/\/www.p31noticias.com.br\/?p=24860","name":"Presidente recebe medalha do m\u00e9rito legislativo no Congresso Nacional. - P31","isPartOf":{"@id":"https:\/\/www.p31noticias.com.br\/#website"},"primaryImageOfPage":{"@id":"https:\/\/www.p31noticias.com.br\/?p=24860#primaryimage"},"image":{"@id":"https:\/\/www.p31noticias.com.br\/?p=24860#primaryimage"},"thumbnailUrl":"https:\/\/www.p31noticias.com.br\/wp-content\/uploads\/2021\/11\/planalto2411213552.jpg","datePublished":"2021-11-24T19:01:48+00:00","dateModified":"2022-02-17T18:17:36+00:00","author":{"@id":"https:\/\/www.p31noticias.com.br\/#\/schema\/person\/95f2ece30e3b4132065b915150cd0f94"},"breadcrumb":{"@id":"https:\/\/www.p31noticias.com.br\/?p=24860#breadcrumb"},"inLanguage":"pt-BR","potentialAction":[{"@type":"ReadAction","target":["https:\/\/www.p31noticias.com.br\/?p=24860"]}]},{"@type":"ImageObject","inLanguage":"pt-BR","@id":"https:\/\/www.p31noticias.com.br\/?p=24860#primaryimage","url":"https:\/\/www.p31noticias.com.br\/wp-content\/uploads\/2021\/11\/planalto2411213552.jpg","contentUrl":"https:\/\/www.p31noticias.com.br\/wp-content\/uploads\/2021\/11\/planalto2411213552.jpg","width":1170,"height":700,"caption":"O presidente Jair Bolsonaro \u00e9 homenageado com a Medalha M\u00e9rito Legislativo, durante sess\u00e3o solene na C\u00e2mara dos Deputados"},{"@type":"BreadcrumbList","@id":"https:\/\/www.p31noticias.com.br\/?p=24860#breadcrumb","itemListElement":[{"@type":"ListItem","position":1,"name":"In\u00edcio","item":"https:\/\/www.p31noticias.com.br\/"},{"@type":"ListItem","position":2,"name":"Presidente recebe medalha do m\u00e9rito legislativo no Congresso Nacional."}]},{"@type":"WebSite","@id":"https:\/\/www.p31noticias.com.br\/#website","url":"https:\/\/www.p31noticias.com.br\/","name":"P31","description":"NOT\u00cdCIAS","potentialAction":[{"@type":"SearchAction","target":{"@type":"EntryPoint","urlTemplate":"https:\/\/www.p31noticias.com.br\/?s={search_term_string}"},"query-input":{"@type":"PropertyValueSpecification","valueRequired":true,"valueName":"search_term_string"}}],"inLanguage":"pt-BR"},{"@type":"Person","@id":"https:\/\/www.p31noticias.com.br\/#\/schema\/person\/95f2ece30e3b4132065b915150cd0f94","name":"Gon\u00e7alves Junior","image":{"@type":"ImageObject","inLanguage":"pt-BR","@id":"https:\/\/secure.gravatar.com\/avatar\/6711f350116a89762687a48d66f723c799e5438a5b7578508d4294cd7a5d0800?s=96&d=mm&r=g","url":"https:\/\/secure.gravatar.com\/avatar\/6711f350116a89762687a48d66f723c799e5438a5b7578508d4294cd7a5d0800?s=96&d=mm&r=g","contentUrl":"https:\/\/secure.gravatar.com\/avatar\/6711f350116a89762687a48d66f723c799e5438a5b7578508d4294cd7a5d0800?s=96&d=mm&r=g","caption":"Gon\u00e7alves Junior"},"url":"https:\/\/www.p31noticias.com.br\/?author=2"}]}},"amp_enabled":true,"_links":{"self":[{"href":"https:\/\/www.p31noticias.com.br\/index.php?rest_route=\/wp\/v2\/posts\/24860","targetHints":{"allow":["GET"]}}],"collection":[{"href":"https:\/\/www.p31noticias.com.br\/index.php?rest_route=\/wp\/v2\/posts"}],"about":[{"href":"https:\/\/www.p31noticias.com.br\/index.php?rest_route=\/wp\/v2\/types\/post"}],"author":[{"embeddable":true,"href":"https:\/\/www.p31noticias.com.br\/index.php?rest_route=\/wp\/v2\/users\/2"}],"replies":[{"embeddable":true,"href":"https:\/\/www.p31noticias.com.br\/index.php?rest_route=%2Fwp%2Fv2%2Fcomments&post=24860"}],"version-history":[{"count":1,"href":"https:\/\/www.p31noticias.com.br\/index.php?rest_route=\/wp\/v2\/posts\/24860\/revisions"}],"predecessor-version":[{"id":24862,"href":"https:\/\/www.p31noticias.com.br\/index.php?rest_route=\/wp\/v2\/posts\/24860\/revisions\/24862"}],"wp:featuredmedia":[{"embeddable":true,"href":"https:\/\/www.p31noticias.com.br\/index.php?rest_route=\/wp\/v2\/media\/24861"}],"wp:attachment":[{"href":"https:\/\/www.p31noticias.com.br\/index.php?rest_route=%2Fwp%2Fv2%2Fmedia&parent=24860"}],"wp:term":[{"taxonomy":"category","embeddable":true,"href":"https:\/\/www.p31noticias.com.br\/index.php?rest_route=%2Fwp%2Fv2%2Fcategories&post=24860"},{"taxonomy":"post_tag","embeddable":true,"href":"https:\/\/www.p31noticias.com.br\/index.php?rest_route=%2Fwp%2Fv2%2Ftags&post=24860"}],"curies":[{"name":"wp","href":"https:\/\/api.w.org\/{rel}","templated":true}]}}