{"id":24852,"date":"2021-11-23T21:12:55","date_gmt":"2021-11-24T00:12:55","guid":{"rendered":"https:\/\/p31noticias.com.br\/?p=24852"},"modified":"2022-02-17T15:17:36","modified_gmt":"2022-02-17T18:17:36","slug":"bolsonaro-se-filia-ao-pl-no-dia-22-diz-assessoria-do-partido","status":"publish","type":"post","link":"https:\/\/www.p31noticias.com.br\/?p=24852","title":{"rendered":"Bolsonaro se filia ao PL no dia 30"},"content":{"rendered":"<p style=\"text-align: justify;\">O presidente Jair Bolsonaro se filia ao PL na pr\u00f3xima ter\u00e7a-feira (30), \u00e0s 10h30, na sede do partido em Bras\u00edlia. A filia\u00e7\u00e3o foi anunciada pelo partido e definida na tarde desta ter\u00e7a (23) ap\u00f3s reuni\u00e3o entre Bolsonaro e o presidente da legenda, Valdemar Costa Neto, diz nota do PL nacional. A reuni\u00e3o teria ocorrido no Pal\u00e1cio do Planalto.<\/p>\n<p style=\"text-align: justify;\">A filia\u00e7\u00e3o ao PL j\u00e1 tinha sido anunciada pelo Presidente como 99% certa e seria na segunda-feira passada (22). Mas subiu no telhado ap\u00f3s diverg\u00eancias em alguns estados, como por exemplo em S\u00e3o Paulo, onde o PL historicamente apoia o PSDB \u2013 que ter\u00e1 candidato \u00e0 Presid\u00eancia tamb\u00e9m.<\/p>\n<p style=\"text-align: justify;\">Bolsonaro ainda estava no Oriente M\u00e9dio quando o PL fez uma reuni\u00e3o de emerg\u00eancia \u2013 com a participa\u00e7\u00e3o do ex-senador capixaba Magno Malta, que estava com o Presidente em Dubai \u2013 e os diret\u00f3rios acordaram em receber o cl\u00e3 Bolsonaro e seus aliados. Eles tamb\u00e9m deram carta branca para Valdemar negociar a filia\u00e7\u00e3o<\/p>\n<p style=\"text-align: justify;\">Fonte Folha Vitoria.<\/p>\n","protected":false},"excerpt":{"rendered":"<p>O presidente Jair Bolsonaro se filia ao PL na pr\u00f3xima ter\u00e7a-feira (30), \u00e0s 10h30, na sede do partido em Bras\u00edlia. A filia\u00e7\u00e3o foi anunciada pelo partido e definida na tarde desta ter\u00e7a (23) ap\u00f3s reuni\u00e3o entre Bolsonaro e o presidente da legenda, Valdemar Costa Neto, diz nota do PL nacional. A reuni\u00e3o teria ocorrido no [&hellip;]<\/p>\n","protected":false},"author":2,"featured_media":24857,"comment_status":"open","ping_status":"open","sticky":false,"template":"","format":"standard","meta":{"footnotes":""},"categories":[68],"tags":[],"class_list":{"0":"post-24852","1":"post","2":"type-post","3":"status-publish","4":"format-standard","5":"has-post-thumbnail","7":"category-brasil"},"yoast_head":"<!-- This site is optimized with the Yoast SEO Premium plugin v24.5 (Yoast SEO v27.5) - https:\/\/yoast.com\/product\/yoast-seo-premium-wordpress\/ -->\n<title>Bolsonaro se filia ao PL no dia 30 - P31<\/title>\n<meta name=\"robots\" content=\"index, follow, max-snippet:-1, max-image-preview:large, max-video-preview:-1\" \/>\n<link rel=\"canonical\" href=\"https:\/\/www.p31noticias.com.br\/?p=24852\" \/>\n<meta property=\"og:locale\" content=\"pt_BR\" \/>\n<meta property=\"og:type\" content=\"article\" \/>\n<meta property=\"og:title\" content=\"Bolsonaro se filia ao PL no dia 30\" \/>\n<meta property=\"og:description\" content=\"O presidente Jair Bolsonaro se filia ao PL na pr\u00f3xima ter\u00e7a-feira (30), \u00e0s 10h30, na sede do partido em Bras\u00edlia. A filia\u00e7\u00e3o foi anunciada pelo partido e definida na tarde desta ter\u00e7a (23) ap\u00f3s reuni\u00e3o entre Bolsonaro e o presidente da legenda, Valdemar Costa Neto, diz nota do PL nacional. A reuni\u00e3o teria ocorrido no [&hellip;]\" \/>\n<meta property=\"og:url\" content=\"https:\/\/www.p31noticias.com.br\/?p=24852\" \/>\n<meta property=\"og:site_name\" content=\"P31\" \/>\n<meta property=\"article:published_time\" content=\"2021-11-24T00:12:55+00:00\" \/>\n<meta property=\"article:modified_time\" content=\"2022-02-17T18:17:36+00:00\" \/>\n<meta property=\"og:image\" content=\"https:\/\/www.p31noticias.com.br\/wp-content\/uploads\/2021\/11\/Valdemar-Costa-Neto-e-Bolsonaro-800x500-1.jpeg\" \/>\n\t<meta property=\"og:image:width\" content=\"800\" \/>\n\t<meta property=\"og:image:height\" content=\"500\" \/>\n\t<meta property=\"og:image:type\" content=\"image\/jpeg\" \/>\n<meta name=\"author\" content=\"Gon\u00e7alves Junior\" \/>\n<meta name=\"twitter:card\" content=\"summary_large_image\" \/>\n<meta name=\"twitter:label1\" content=\"Escrito por\" \/>\n\t<meta name=\"twitter:data1\" content=\"Gon\u00e7alves Junior\" \/>\n\t<meta name=\"twitter:label2\" content=\"Est. tempo de leitura\" \/>\n\t<meta name=\"twitter:data2\" content=\"1 minuto\" \/>\n<script type=\"application\/ld+json\" class=\"yoast-schema-graph\">{\"@context\":\"https:\\\/\\\/schema.org\",\"@graph\":[{\"@type\":\"Article\",\"@id\":\"https:\\\/\\\/www.p31noticias.com.br\\\/?p=24852#article\",\"isPartOf\":{\"@id\":\"https:\\\/\\\/www.p31noticias.com.br\\\/?p=24852\"},\"author\":{\"name\":\"Gon\u00e7alves Junior\",\"@id\":\"https:\\\/\\\/www.p31noticias.com.br\\\/#\\\/schema\\\/person\\\/95f2ece30e3b4132065b915150cd0f94\"},\"headline\":\"Bolsonaro se filia ao PL no dia 30\",\"datePublished\":\"2021-11-24T00:12:55+00:00\",\"dateModified\":\"2022-02-17T18:17:36+00:00\",\"mainEntityOfPage\":{\"@id\":\"https:\\\/\\\/www.p31noticias.com.br\\\/?p=24852\"},\"wordCount\":183,\"commentCount\":0,\"image\":{\"@id\":\"https:\\\/\\\/www.p31noticias.com.br\\\/?p=24852#primaryimage\"},\"thumbnailUrl\":\"https:\\\/\\\/www.p31noticias.com.br\\\/wp-content\\\/uploads\\\/2021\\\/11\\\/Valdemar-Costa-Neto-e-Bolsonaro-800x500-1.jpeg\",\"articleSection\":[\"Brasil\"],\"inLanguage\":\"pt-BR\",\"potentialAction\":[{\"@type\":\"CommentAction\",\"name\":\"Comment\",\"target\":[\"https:\\\/\\\/www.p31noticias.com.br\\\/?p=24852#respond\"]}],\"copyrightYear\":\"2021\",\"copyrightHolder\":{\"@id\":\"https:\\\/\\\/www.p31noticias.com.br\\\/#organization\"}},{\"@type\":\"WebPage\",\"@id\":\"https:\\\/\\\/www.p31noticias.com.br\\\/?p=24852\",\"url\":\"https:\\\/\\\/www.p31noticias.com.br\\\/?p=24852\",\"name\":\"Bolsonaro se filia ao PL no dia 30 - P31\",\"isPartOf\":{\"@id\":\"https:\\\/\\\/www.p31noticias.com.br\\\/#website\"},\"primaryImageOfPage\":{\"@id\":\"https:\\\/\\\/www.p31noticias.com.br\\\/?p=24852#primaryimage\"},\"image\":{\"@id\":\"https:\\\/\\\/www.p31noticias.com.br\\\/?p=24852#primaryimage\"},\"thumbnailUrl\":\"https:\\\/\\\/www.p31noticias.com.br\\\/wp-content\\\/uploads\\\/2021\\\/11\\\/Valdemar-Costa-Neto-e-Bolsonaro-800x500-1.jpeg\",\"datePublished\":\"2021-11-24T00:12:55+00:00\",\"dateModified\":\"2022-02-17T18:17:36+00:00\",\"author\":{\"@id\":\"https:\\\/\\\/www.p31noticias.com.br\\\/#\\\/schema\\\/person\\\/95f2ece30e3b4132065b915150cd0f94\"},\"breadcrumb\":{\"@id\":\"https:\\\/\\\/www.p31noticias.com.br\\\/?p=24852#breadcrumb\"},\"inLanguage\":\"pt-BR\",\"potentialAction\":[{\"@type\":\"ReadAction\",\"target\":[\"https:\\\/\\\/www.p31noticias.com.br\\\/?p=24852\"]}]},{\"@type\":\"ImageObject\",\"inLanguage\":\"pt-BR\",\"@id\":\"https:\\\/\\\/www.p31noticias.com.br\\\/?p=24852#primaryimage\",\"url\":\"https:\\\/\\\/www.p31noticias.com.br\\\/wp-content\\\/uploads\\\/2021\\\/11\\\/Valdemar-Costa-Neto-e-Bolsonaro-800x500-1.jpeg\",\"contentUrl\":\"https:\\\/\\\/www.p31noticias.com.br\\\/wp-content\\\/uploads\\\/2021\\\/11\\\/Valdemar-Costa-Neto-e-Bolsonaro-800x500-1.jpeg\",\"width\":800,\"height\":500},{\"@type\":\"BreadcrumbList\",\"@id\":\"https:\\\/\\\/www.p31noticias.com.br\\\/?p=24852#breadcrumb\",\"itemListElement\":[{\"@type\":\"ListItem\",\"position\":1,\"name\":\"In\u00edcio\",\"item\":\"https:\\\/\\\/www.p31noticias.com.br\\\/\"},{\"@type\":\"ListItem\",\"position\":2,\"name\":\"Bolsonaro se filia ao PL no dia 30\"}]},{\"@type\":\"WebSite\",\"@id\":\"https:\\\/\\\/www.p31noticias.com.br\\\/#website\",\"url\":\"https:\\\/\\\/www.p31noticias.com.br\\\/\",\"name\":\"P31\",\"description\":\"NOT\u00cdCIAS\",\"potentialAction\":[{\"@type\":\"SearchAction\",\"target\":{\"@type\":\"EntryPoint\",\"urlTemplate\":\"https:\\\/\\\/www.p31noticias.com.br\\\/?s={search_term_string}\"},\"query-input\":{\"@type\":\"PropertyValueSpecification\",\"valueRequired\":true,\"valueName\":\"search_term_string\"}}],\"inLanguage\":\"pt-BR\"},{\"@type\":\"Person\",\"@id\":\"https:\\\/\\\/www.p31noticias.com.br\\\/#\\\/schema\\\/person\\\/95f2ece30e3b4132065b915150cd0f94\",\"name\":\"Gon\u00e7alves Junior\",\"image\":{\"@type\":\"ImageObject\",\"inLanguage\":\"pt-BR\",\"@id\":\"https:\\\/\\\/secure.gravatar.com\\\/avatar\\\/6711f350116a89762687a48d66f723c799e5438a5b7578508d4294cd7a5d0800?s=96&d=mm&r=g\",\"url\":\"https:\\\/\\\/secure.gravatar.com\\\/avatar\\\/6711f350116a89762687a48d66f723c799e5438a5b7578508d4294cd7a5d0800?s=96&d=mm&r=g\",\"contentUrl\":\"https:\\\/\\\/secure.gravatar.com\\\/avatar\\\/6711f350116a89762687a48d66f723c799e5438a5b7578508d4294cd7a5d0800?s=96&d=mm&r=g\",\"caption\":\"Gon\u00e7alves Junior\"},\"url\":\"https:\\\/\\\/www.p31noticias.com.br\\\/?author=2\"}]}<\/script>\n<!-- \/ Yoast SEO Premium plugin. -->","yoast_head_json":{"title":"Bolsonaro se filia ao PL no dia 30 - P31","robots":{"index":"index","follow":"follow","max-snippet":"max-snippet:-1","max-image-preview":"max-image-preview:large","max-video-preview":"max-video-preview:-1"},"canonical":"https:\/\/www.p31noticias.com.br\/?p=24852","og_locale":"pt_BR","og_type":"article","og_title":"Bolsonaro se filia ao PL no dia 30","og_description":"O presidente Jair Bolsonaro se filia ao PL na pr\u00f3xima ter\u00e7a-feira (30), \u00e0s 10h30, na sede do partido em Bras\u00edlia. A filia\u00e7\u00e3o foi anunciada pelo partido e definida na tarde desta ter\u00e7a (23) ap\u00f3s reuni\u00e3o entre Bolsonaro e o presidente da legenda, Valdemar Costa Neto, diz nota do PL nacional. A reuni\u00e3o teria ocorrido no [&hellip;]","og_url":"https:\/\/www.p31noticias.com.br\/?p=24852","og_site_name":"P31","article_published_time":"2021-11-24T00:12:55+00:00","article_modified_time":"2022-02-17T18:17:36+00:00","og_image":[{"width":800,"height":500,"url":"https:\/\/www.p31noticias.com.br\/wp-content\/uploads\/2021\/11\/Valdemar-Costa-Neto-e-Bolsonaro-800x500-1.jpeg","type":"image\/jpeg"}],"author":"Gon\u00e7alves Junior","twitter_card":"summary_large_image","twitter_misc":{"Escrito por":"Gon\u00e7alves Junior","Est. tempo de leitura":"1 minuto"},"schema":{"@context":"https:\/\/schema.org","@graph":[{"@type":"Article","@id":"https:\/\/www.p31noticias.com.br\/?p=24852#article","isPartOf":{"@id":"https:\/\/www.p31noticias.com.br\/?p=24852"},"author":{"name":"Gon\u00e7alves Junior","@id":"https:\/\/www.p31noticias.com.br\/#\/schema\/person\/95f2ece30e3b4132065b915150cd0f94"},"headline":"Bolsonaro se filia ao PL no dia 30","datePublished":"2021-11-24T00:12:55+00:00","dateModified":"2022-02-17T18:17:36+00:00","mainEntityOfPage":{"@id":"https:\/\/www.p31noticias.com.br\/?p=24852"},"wordCount":183,"commentCount":0,"image":{"@id":"https:\/\/www.p31noticias.com.br\/?p=24852#primaryimage"},"thumbnailUrl":"https:\/\/www.p31noticias.com.br\/wp-content\/uploads\/2021\/11\/Valdemar-Costa-Neto-e-Bolsonaro-800x500-1.jpeg","articleSection":["Brasil"],"inLanguage":"pt-BR","potentialAction":[{"@type":"CommentAction","name":"Comment","target":["https:\/\/www.p31noticias.com.br\/?p=24852#respond"]}],"copyrightYear":"2021","copyrightHolder":{"@id":"https:\/\/www.p31noticias.com.br\/#organization"}},{"@type":"WebPage","@id":"https:\/\/www.p31noticias.com.br\/?p=24852","url":"https:\/\/www.p31noticias.com.br\/?p=24852","name":"Bolsonaro se filia ao PL no dia 30 - P31","isPartOf":{"@id":"https:\/\/www.p31noticias.com.br\/#website"},"primaryImageOfPage":{"@id":"https:\/\/www.p31noticias.com.br\/?p=24852#primaryimage"},"image":{"@id":"https:\/\/www.p31noticias.com.br\/?p=24852#primaryimage"},"thumbnailUrl":"https:\/\/www.p31noticias.com.br\/wp-content\/uploads\/2021\/11\/Valdemar-Costa-Neto-e-Bolsonaro-800x500-1.jpeg","datePublished":"2021-11-24T00:12:55+00:00","dateModified":"2022-02-17T18:17:36+00:00","author":{"@id":"https:\/\/www.p31noticias.com.br\/#\/schema\/person\/95f2ece30e3b4132065b915150cd0f94"},"breadcrumb":{"@id":"https:\/\/www.p31noticias.com.br\/?p=24852#breadcrumb"},"inLanguage":"pt-BR","potentialAction":[{"@type":"ReadAction","target":["https:\/\/www.p31noticias.com.br\/?p=24852"]}]},{"@type":"ImageObject","inLanguage":"pt-BR","@id":"https:\/\/www.p31noticias.com.br\/?p=24852#primaryimage","url":"https:\/\/www.p31noticias.com.br\/wp-content\/uploads\/2021\/11\/Valdemar-Costa-Neto-e-Bolsonaro-800x500-1.jpeg","contentUrl":"https:\/\/www.p31noticias.com.br\/wp-content\/uploads\/2021\/11\/Valdemar-Costa-Neto-e-Bolsonaro-800x500-1.jpeg","width":800,"height":500},{"@type":"BreadcrumbList","@id":"https:\/\/www.p31noticias.com.br\/?p=24852#breadcrumb","itemListElement":[{"@type":"ListItem","position":1,"name":"In\u00edcio","item":"https:\/\/www.p31noticias.com.br\/"},{"@type":"ListItem","position":2,"name":"Bolsonaro se filia ao PL no dia 30"}]},{"@type":"WebSite","@id":"https:\/\/www.p31noticias.com.br\/#website","url":"https:\/\/www.p31noticias.com.br\/","name":"P31","description":"NOT\u00cdCIAS","potentialAction":[{"@type":"SearchAction","target":{"@type":"EntryPoint","urlTemplate":"https:\/\/www.p31noticias.com.br\/?s={search_term_string}"},"query-input":{"@type":"PropertyValueSpecification","valueRequired":true,"valueName":"search_term_string"}}],"inLanguage":"pt-BR"},{"@type":"Person","@id":"https:\/\/www.p31noticias.com.br\/#\/schema\/person\/95f2ece30e3b4132065b915150cd0f94","name":"Gon\u00e7alves Junior","image":{"@type":"ImageObject","inLanguage":"pt-BR","@id":"https:\/\/secure.gravatar.com\/avatar\/6711f350116a89762687a48d66f723c799e5438a5b7578508d4294cd7a5d0800?s=96&d=mm&r=g","url":"https:\/\/secure.gravatar.com\/avatar\/6711f350116a89762687a48d66f723c799e5438a5b7578508d4294cd7a5d0800?s=96&d=mm&r=g","contentUrl":"https:\/\/secure.gravatar.com\/avatar\/6711f350116a89762687a48d66f723c799e5438a5b7578508d4294cd7a5d0800?s=96&d=mm&r=g","caption":"Gon\u00e7alves Junior"},"url":"https:\/\/www.p31noticias.com.br\/?author=2"}]}},"amp_enabled":true,"_links":{"self":[{"href":"https:\/\/www.p31noticias.com.br\/index.php?rest_route=\/wp\/v2\/posts\/24852","targetHints":{"allow":["GET"]}}],"collection":[{"href":"https:\/\/www.p31noticias.com.br\/index.php?rest_route=\/wp\/v2\/posts"}],"about":[{"href":"https:\/\/www.p31noticias.com.br\/index.php?rest_route=\/wp\/v2\/types\/post"}],"author":[{"embeddable":true,"href":"https:\/\/www.p31noticias.com.br\/index.php?rest_route=\/wp\/v2\/users\/2"}],"replies":[{"embeddable":true,"href":"https:\/\/www.p31noticias.com.br\/index.php?rest_route=%2Fwp%2Fv2%2Fcomments&post=24852"}],"version-history":[{"count":4,"href":"https:\/\/www.p31noticias.com.br\/index.php?rest_route=\/wp\/v2\/posts\/24852\/revisions"}],"predecessor-version":[{"id":24858,"href":"https:\/\/www.p31noticias.com.br\/index.php?rest_route=\/wp\/v2\/posts\/24852\/revisions\/24858"}],"wp:featuredmedia":[{"embeddable":true,"href":"https:\/\/www.p31noticias.com.br\/index.php?rest_route=\/wp\/v2\/media\/24857"}],"wp:attachment":[{"href":"https:\/\/www.p31noticias.com.br\/index.php?rest_route=%2Fwp%2Fv2%2Fmedia&parent=24852"}],"wp:term":[{"taxonomy":"category","embeddable":true,"href":"https:\/\/www.p31noticias.com.br\/index.php?rest_route=%2Fwp%2Fv2%2Fcategories&post=24852"},{"taxonomy":"post_tag","embeddable":true,"href":"https:\/\/www.p31noticias.com.br\/index.php?rest_route=%2Fwp%2Fv2%2Ftags&post=24852"}],"curies":[{"name":"wp","href":"https:\/\/api.w.org\/{rel}","templated":true}]}}