{"id":24849,"date":"2021-11-23T20:54:28","date_gmt":"2021-11-23T23:54:28","guid":{"rendered":"https:\/\/p31noticias.com.br\/?p=24849"},"modified":"2022-02-17T15:17:36","modified_gmt":"2022-02-17T18:17:36","slug":"ccj-da-camara-aprova-admissibilidade-de-projeto-que-revoga-pec-da-bengala","status":"publish","type":"post","link":"https:\/\/www.p31noticias.com.br\/?p=24849","title":{"rendered":"CCJ da C\u00e2mara aprova admissibilidade de projeto que revoga PEC da Bengala."},"content":{"rendered":"<p style=\"text-align: justify;\"><em><strong>Caso projeto seja aprovado no Congresso, presidente Jair Bolsonaro poderia fazer mais duas indica\u00e7\u00f5es ao Supremo Tribunal Federal antes do fim do mandato.<\/strong><\/em><\/p>\n<p style=\"text-align: justify;\">A\u00a0<strong><a href=\"https:\/\/jovempan.com.br\/tag\/comissao-de-constituicao-e-justica\">Comiss\u00e3o de Constitui\u00e7\u00e3o, Cidadania e Justi\u00e7a (CCJ)<\/a><\/strong>\u00a0da\u00a0<strong><a href=\"https:\/\/jovempan.com.br\/tag\/camara-dos-deputados\">C\u00e2mara dos Deputados<\/a><\/strong> aprovou\u00a0 a admissibilidade de uma\u00a0<strong><a href=\"https:\/\/jovempan.com.br\/tag\/proposta-de-emenda-a-constituicao\">Proposta de Emenda \u00e0 Constitui\u00e7\u00e3o (PEC)<\/a><\/strong> que revoga a chamada PEC da Bengala, aprovada pelo Congresso em 2015 e que definiu que a aposentadoria compuls\u00f3ria de ministros de tribunais superiores e do Tribunal de Contas da Uni\u00e3o (TCU) ocorre apenas aos 75 anos de idade. A CCJ analisa apenas se o projeto est\u00e1 de acordo com a Constitui\u00e7\u00e3o e o regimento da casa, n\u00e3o o m\u00e9rito do projeto, e aprovou a admissibilidade por 34 a 25. O texto segue agora para uma comiss\u00e3o especial, que pode realizar altera\u00e7\u00f5es no projeto.<\/p>\n<p style=\"text-align: justify;\">Caso seja aprovada e fique v\u00e1lida antes de 2023, o presidente Jair Bolsonaro (sem partido) poderia indicar mais dois ministros ao\u00a0<strong><a href=\"https:\/\/jovempan.com.br\/tag\/supremo-tribunal-federal\">Supremo Tribunal Federal (STF)<\/a><\/strong>. Com a PEC, os ministros Ricardo Lewandowski e Rosa Weber, ambos de 73 anos, se aposentariam. Na regra atual, os dois deixam o STF apenas em 2023, j\u00e1 no pr\u00f3ximo mandato presidencial. A proposta \u00e9 de autoria da deputada\u00a0<strong><a href=\"https:\/\/jovempan.com.br\/tag\/bia-kicis\">Bia Kicis<\/a><\/strong>\u00a0(PSL-DF), presidente da CCJ e aliada do presidente Jair Bolsonaro (sem partido). Ela justifica a proposta afirmando que a PEC da Bengala prejudicou a magistratura por estagnar a carreira dos ju\u00edzes, e disse que h\u00e1 um compromisso de alterar o texto na comiss\u00e3o especial para que ele n\u00e3o seja v\u00e1lido para os atuais ministros.<\/p>\n<p>Jovem Pan.<\/p>\n","protected":false},"excerpt":{"rendered":"<p>Caso projeto seja aprovado no Congresso, presidente Jair Bolsonaro poderia fazer mais duas indica\u00e7\u00f5es ao Supremo Tribunal Federal antes do fim do mandato. A\u00a0Comiss\u00e3o de Constitui\u00e7\u00e3o, Cidadania e Justi\u00e7a (CCJ)\u00a0da\u00a0C\u00e2mara dos Deputados aprovou\u00a0 a admissibilidade de uma\u00a0Proposta de Emenda \u00e0 Constitui\u00e7\u00e3o (PEC) que revoga a chamada PEC da Bengala, aprovada pelo Congresso em 2015 e [&hellip;]<\/p>\n","protected":false},"author":2,"featured_media":24850,"comment_status":"open","ping_status":"open","sticky":false,"template":"","format":"standard","meta":{"footnotes":""},"categories":[1],"tags":[],"class_list":{"0":"post-24849","1":"post","2":"type-post","3":"status-publish","4":"format-standard","5":"has-post-thumbnail","7":"category-outros"},"yoast_head":"<!-- This site is optimized with the Yoast SEO Premium plugin v24.5 (Yoast SEO v27.5) - https:\/\/yoast.com\/product\/yoast-seo-premium-wordpress\/ -->\n<title>CCJ da C\u00e2mara aprova admissibilidade de projeto que revoga PEC da Bengala. - P31<\/title>\n<meta name=\"robots\" content=\"index, follow, max-snippet:-1, max-image-preview:large, max-video-preview:-1\" \/>\n<link rel=\"canonical\" href=\"https:\/\/www.p31noticias.com.br\/?p=24849\" \/>\n<meta property=\"og:locale\" content=\"pt_BR\" \/>\n<meta property=\"og:type\" content=\"article\" \/>\n<meta property=\"og:title\" content=\"CCJ da C\u00e2mara aprova admissibilidade de projeto que revoga PEC da Bengala.\" \/>\n<meta property=\"og:description\" content=\"Caso projeto seja aprovado no Congresso, presidente Jair Bolsonaro poderia fazer mais duas indica\u00e7\u00f5es ao Supremo Tribunal Federal antes do fim do mandato. A\u00a0Comiss\u00e3o de Constitui\u00e7\u00e3o, Cidadania e Justi\u00e7a (CCJ)\u00a0da\u00a0C\u00e2mara dos Deputados aprovou\u00a0 a admissibilidade de uma\u00a0Proposta de Emenda \u00e0 Constitui\u00e7\u00e3o (PEC) que revoga a chamada PEC da Bengala, aprovada pelo Congresso em 2015 e [&hellip;]\" \/>\n<meta property=\"og:url\" content=\"https:\/\/www.p31noticias.com.br\/?p=24849\" \/>\n<meta property=\"og:site_name\" content=\"P31\" \/>\n<meta property=\"article:published_time\" content=\"2021-11-23T23:54:28+00:00\" \/>\n<meta property=\"article:modified_time\" content=\"2022-02-17T18:17:36+00:00\" \/>\n<meta property=\"og:image\" content=\"https:\/\/www.p31noticias.com.br\/wp-content\/uploads\/2021\/11\/stf-1024x613-1.jpg\" \/>\n\t<meta property=\"og:image:width\" content=\"1024\" \/>\n\t<meta property=\"og:image:height\" content=\"613\" \/>\n\t<meta property=\"og:image:type\" content=\"image\/jpeg\" \/>\n<meta name=\"author\" content=\"Gon\u00e7alves Junior\" \/>\n<meta name=\"twitter:card\" content=\"summary_large_image\" \/>\n<meta name=\"twitter:label1\" content=\"Escrito por\" \/>\n\t<meta name=\"twitter:data1\" content=\"Gon\u00e7alves Junior\" \/>\n\t<meta name=\"twitter:label2\" content=\"Est. tempo de leitura\" \/>\n\t<meta name=\"twitter:data2\" content=\"1 minuto\" \/>\n<script type=\"application\/ld+json\" class=\"yoast-schema-graph\">{\"@context\":\"https:\\\/\\\/schema.org\",\"@graph\":[{\"@type\":\"Article\",\"@id\":\"https:\\\/\\\/www.p31noticias.com.br\\\/?p=24849#article\",\"isPartOf\":{\"@id\":\"https:\\\/\\\/www.p31noticias.com.br\\\/?p=24849\"},\"author\":{\"name\":\"Gon\u00e7alves Junior\",\"@id\":\"https:\\\/\\\/www.p31noticias.com.br\\\/#\\\/schema\\\/person\\\/95f2ece30e3b4132065b915150cd0f94\"},\"headline\":\"CCJ da C\u00e2mara aprova admissibilidade de projeto que revoga PEC da Bengala.\",\"datePublished\":\"2021-11-23T23:54:28+00:00\",\"dateModified\":\"2022-02-17T18:17:36+00:00\",\"mainEntityOfPage\":{\"@id\":\"https:\\\/\\\/www.p31noticias.com.br\\\/?p=24849\"},\"wordCount\":275,\"commentCount\":0,\"image\":{\"@id\":\"https:\\\/\\\/www.p31noticias.com.br\\\/?p=24849#primaryimage\"},\"thumbnailUrl\":\"https:\\\/\\\/www.p31noticias.com.br\\\/wp-content\\\/uploads\\\/2021\\\/11\\\/stf-1024x613-1.jpg\",\"articleSection\":[\"Outros\"],\"inLanguage\":\"pt-BR\",\"potentialAction\":[{\"@type\":\"CommentAction\",\"name\":\"Comment\",\"target\":[\"https:\\\/\\\/www.p31noticias.com.br\\\/?p=24849#respond\"]}],\"copyrightYear\":\"2021\",\"copyrightHolder\":{\"@id\":\"https:\\\/\\\/www.p31noticias.com.br\\\/#organization\"}},{\"@type\":\"WebPage\",\"@id\":\"https:\\\/\\\/www.p31noticias.com.br\\\/?p=24849\",\"url\":\"https:\\\/\\\/www.p31noticias.com.br\\\/?p=24849\",\"name\":\"CCJ da C\u00e2mara aprova admissibilidade de projeto que revoga PEC da Bengala. - P31\",\"isPartOf\":{\"@id\":\"https:\\\/\\\/www.p31noticias.com.br\\\/#website\"},\"primaryImageOfPage\":{\"@id\":\"https:\\\/\\\/www.p31noticias.com.br\\\/?p=24849#primaryimage\"},\"image\":{\"@id\":\"https:\\\/\\\/www.p31noticias.com.br\\\/?p=24849#primaryimage\"},\"thumbnailUrl\":\"https:\\\/\\\/www.p31noticias.com.br\\\/wp-content\\\/uploads\\\/2021\\\/11\\\/stf-1024x613-1.jpg\",\"datePublished\":\"2021-11-23T23:54:28+00:00\",\"dateModified\":\"2022-02-17T18:17:36+00:00\",\"author\":{\"@id\":\"https:\\\/\\\/www.p31noticias.com.br\\\/#\\\/schema\\\/person\\\/95f2ece30e3b4132065b915150cd0f94\"},\"breadcrumb\":{\"@id\":\"https:\\\/\\\/www.p31noticias.com.br\\\/?p=24849#breadcrumb\"},\"inLanguage\":\"pt-BR\",\"potentialAction\":[{\"@type\":\"ReadAction\",\"target\":[\"https:\\\/\\\/www.p31noticias.com.br\\\/?p=24849\"]}]},{\"@type\":\"ImageObject\",\"inLanguage\":\"pt-BR\",\"@id\":\"https:\\\/\\\/www.p31noticias.com.br\\\/?p=24849#primaryimage\",\"url\":\"https:\\\/\\\/www.p31noticias.com.br\\\/wp-content\\\/uploads\\\/2021\\\/11\\\/stf-1024x613-1.jpg\",\"contentUrl\":\"https:\\\/\\\/www.p31noticias.com.br\\\/wp-content\\\/uploads\\\/2021\\\/11\\\/stf-1024x613-1.jpg\",\"width\":1024,\"height\":613},{\"@type\":\"BreadcrumbList\",\"@id\":\"https:\\\/\\\/www.p31noticias.com.br\\\/?p=24849#breadcrumb\",\"itemListElement\":[{\"@type\":\"ListItem\",\"position\":1,\"name\":\"In\u00edcio\",\"item\":\"https:\\\/\\\/www.p31noticias.com.br\\\/\"},{\"@type\":\"ListItem\",\"position\":2,\"name\":\"CCJ da C\u00e2mara aprova admissibilidade de projeto que revoga PEC da Bengala.\"}]},{\"@type\":\"WebSite\",\"@id\":\"https:\\\/\\\/www.p31noticias.com.br\\\/#website\",\"url\":\"https:\\\/\\\/www.p31noticias.com.br\\\/\",\"name\":\"P31\",\"description\":\"NOT\u00cdCIAS\",\"potentialAction\":[{\"@type\":\"SearchAction\",\"target\":{\"@type\":\"EntryPoint\",\"urlTemplate\":\"https:\\\/\\\/www.p31noticias.com.br\\\/?s={search_term_string}\"},\"query-input\":{\"@type\":\"PropertyValueSpecification\",\"valueRequired\":true,\"valueName\":\"search_term_string\"}}],\"inLanguage\":\"pt-BR\"},{\"@type\":\"Person\",\"@id\":\"https:\\\/\\\/www.p31noticias.com.br\\\/#\\\/schema\\\/person\\\/95f2ece30e3b4132065b915150cd0f94\",\"name\":\"Gon\u00e7alves Junior\",\"image\":{\"@type\":\"ImageObject\",\"inLanguage\":\"pt-BR\",\"@id\":\"https:\\\/\\\/secure.gravatar.com\\\/avatar\\\/6711f350116a89762687a48d66f723c799e5438a5b7578508d4294cd7a5d0800?s=96&d=mm&r=g\",\"url\":\"https:\\\/\\\/secure.gravatar.com\\\/avatar\\\/6711f350116a89762687a48d66f723c799e5438a5b7578508d4294cd7a5d0800?s=96&d=mm&r=g\",\"contentUrl\":\"https:\\\/\\\/secure.gravatar.com\\\/avatar\\\/6711f350116a89762687a48d66f723c799e5438a5b7578508d4294cd7a5d0800?s=96&d=mm&r=g\",\"caption\":\"Gon\u00e7alves Junior\"},\"url\":\"https:\\\/\\\/www.p31noticias.com.br\\\/?author=2\"}]}<\/script>\n<!-- \/ Yoast SEO Premium plugin. -->","yoast_head_json":{"title":"CCJ da C\u00e2mara aprova admissibilidade de projeto que revoga PEC da Bengala. - P31","robots":{"index":"index","follow":"follow","max-snippet":"max-snippet:-1","max-image-preview":"max-image-preview:large","max-video-preview":"max-video-preview:-1"},"canonical":"https:\/\/www.p31noticias.com.br\/?p=24849","og_locale":"pt_BR","og_type":"article","og_title":"CCJ da C\u00e2mara aprova admissibilidade de projeto que revoga PEC da Bengala.","og_description":"Caso projeto seja aprovado no Congresso, presidente Jair Bolsonaro poderia fazer mais duas indica\u00e7\u00f5es ao Supremo Tribunal Federal antes do fim do mandato. A\u00a0Comiss\u00e3o de Constitui\u00e7\u00e3o, Cidadania e Justi\u00e7a (CCJ)\u00a0da\u00a0C\u00e2mara dos Deputados aprovou\u00a0 a admissibilidade de uma\u00a0Proposta de Emenda \u00e0 Constitui\u00e7\u00e3o (PEC) que revoga a chamada PEC da Bengala, aprovada pelo Congresso em 2015 e [&hellip;]","og_url":"https:\/\/www.p31noticias.com.br\/?p=24849","og_site_name":"P31","article_published_time":"2021-11-23T23:54:28+00:00","article_modified_time":"2022-02-17T18:17:36+00:00","og_image":[{"width":1024,"height":613,"url":"https:\/\/www.p31noticias.com.br\/wp-content\/uploads\/2021\/11\/stf-1024x613-1.jpg","type":"image\/jpeg"}],"author":"Gon\u00e7alves Junior","twitter_card":"summary_large_image","twitter_misc":{"Escrito por":"Gon\u00e7alves Junior","Est. tempo de leitura":"1 minuto"},"schema":{"@context":"https:\/\/schema.org","@graph":[{"@type":"Article","@id":"https:\/\/www.p31noticias.com.br\/?p=24849#article","isPartOf":{"@id":"https:\/\/www.p31noticias.com.br\/?p=24849"},"author":{"name":"Gon\u00e7alves Junior","@id":"https:\/\/www.p31noticias.com.br\/#\/schema\/person\/95f2ece30e3b4132065b915150cd0f94"},"headline":"CCJ da C\u00e2mara aprova admissibilidade de projeto que revoga PEC da Bengala.","datePublished":"2021-11-23T23:54:28+00:00","dateModified":"2022-02-17T18:17:36+00:00","mainEntityOfPage":{"@id":"https:\/\/www.p31noticias.com.br\/?p=24849"},"wordCount":275,"commentCount":0,"image":{"@id":"https:\/\/www.p31noticias.com.br\/?p=24849#primaryimage"},"thumbnailUrl":"https:\/\/www.p31noticias.com.br\/wp-content\/uploads\/2021\/11\/stf-1024x613-1.jpg","articleSection":["Outros"],"inLanguage":"pt-BR","potentialAction":[{"@type":"CommentAction","name":"Comment","target":["https:\/\/www.p31noticias.com.br\/?p=24849#respond"]}],"copyrightYear":"2021","copyrightHolder":{"@id":"https:\/\/www.p31noticias.com.br\/#organization"}},{"@type":"WebPage","@id":"https:\/\/www.p31noticias.com.br\/?p=24849","url":"https:\/\/www.p31noticias.com.br\/?p=24849","name":"CCJ da C\u00e2mara aprova admissibilidade de projeto que revoga PEC da Bengala. - P31","isPartOf":{"@id":"https:\/\/www.p31noticias.com.br\/#website"},"primaryImageOfPage":{"@id":"https:\/\/www.p31noticias.com.br\/?p=24849#primaryimage"},"image":{"@id":"https:\/\/www.p31noticias.com.br\/?p=24849#primaryimage"},"thumbnailUrl":"https:\/\/www.p31noticias.com.br\/wp-content\/uploads\/2021\/11\/stf-1024x613-1.jpg","datePublished":"2021-11-23T23:54:28+00:00","dateModified":"2022-02-17T18:17:36+00:00","author":{"@id":"https:\/\/www.p31noticias.com.br\/#\/schema\/person\/95f2ece30e3b4132065b915150cd0f94"},"breadcrumb":{"@id":"https:\/\/www.p31noticias.com.br\/?p=24849#breadcrumb"},"inLanguage":"pt-BR","potentialAction":[{"@type":"ReadAction","target":["https:\/\/www.p31noticias.com.br\/?p=24849"]}]},{"@type":"ImageObject","inLanguage":"pt-BR","@id":"https:\/\/www.p31noticias.com.br\/?p=24849#primaryimage","url":"https:\/\/www.p31noticias.com.br\/wp-content\/uploads\/2021\/11\/stf-1024x613-1.jpg","contentUrl":"https:\/\/www.p31noticias.com.br\/wp-content\/uploads\/2021\/11\/stf-1024x613-1.jpg","width":1024,"height":613},{"@type":"BreadcrumbList","@id":"https:\/\/www.p31noticias.com.br\/?p=24849#breadcrumb","itemListElement":[{"@type":"ListItem","position":1,"name":"In\u00edcio","item":"https:\/\/www.p31noticias.com.br\/"},{"@type":"ListItem","position":2,"name":"CCJ da C\u00e2mara aprova admissibilidade de projeto que revoga PEC da Bengala."}]},{"@type":"WebSite","@id":"https:\/\/www.p31noticias.com.br\/#website","url":"https:\/\/www.p31noticias.com.br\/","name":"P31","description":"NOT\u00cdCIAS","potentialAction":[{"@type":"SearchAction","target":{"@type":"EntryPoint","urlTemplate":"https:\/\/www.p31noticias.com.br\/?s={search_term_string}"},"query-input":{"@type":"PropertyValueSpecification","valueRequired":true,"valueName":"search_term_string"}}],"inLanguage":"pt-BR"},{"@type":"Person","@id":"https:\/\/www.p31noticias.com.br\/#\/schema\/person\/95f2ece30e3b4132065b915150cd0f94","name":"Gon\u00e7alves Junior","image":{"@type":"ImageObject","inLanguage":"pt-BR","@id":"https:\/\/secure.gravatar.com\/avatar\/6711f350116a89762687a48d66f723c799e5438a5b7578508d4294cd7a5d0800?s=96&d=mm&r=g","url":"https:\/\/secure.gravatar.com\/avatar\/6711f350116a89762687a48d66f723c799e5438a5b7578508d4294cd7a5d0800?s=96&d=mm&r=g","contentUrl":"https:\/\/secure.gravatar.com\/avatar\/6711f350116a89762687a48d66f723c799e5438a5b7578508d4294cd7a5d0800?s=96&d=mm&r=g","caption":"Gon\u00e7alves Junior"},"url":"https:\/\/www.p31noticias.com.br\/?author=2"}]}},"amp_enabled":true,"_links":{"self":[{"href":"https:\/\/www.p31noticias.com.br\/index.php?rest_route=\/wp\/v2\/posts\/24849","targetHints":{"allow":["GET"]}}],"collection":[{"href":"https:\/\/www.p31noticias.com.br\/index.php?rest_route=\/wp\/v2\/posts"}],"about":[{"href":"https:\/\/www.p31noticias.com.br\/index.php?rest_route=\/wp\/v2\/types\/post"}],"author":[{"embeddable":true,"href":"https:\/\/www.p31noticias.com.br\/index.php?rest_route=\/wp\/v2\/users\/2"}],"replies":[{"embeddable":true,"href":"https:\/\/www.p31noticias.com.br\/index.php?rest_route=%2Fwp%2Fv2%2Fcomments&post=24849"}],"version-history":[{"count":1,"href":"https:\/\/www.p31noticias.com.br\/index.php?rest_route=\/wp\/v2\/posts\/24849\/revisions"}],"predecessor-version":[{"id":24851,"href":"https:\/\/www.p31noticias.com.br\/index.php?rest_route=\/wp\/v2\/posts\/24849\/revisions\/24851"}],"wp:featuredmedia":[{"embeddable":true,"href":"https:\/\/www.p31noticias.com.br\/index.php?rest_route=\/wp\/v2\/media\/24850"}],"wp:attachment":[{"href":"https:\/\/www.p31noticias.com.br\/index.php?rest_route=%2Fwp%2Fv2%2Fmedia&parent=24849"}],"wp:term":[{"taxonomy":"category","embeddable":true,"href":"https:\/\/www.p31noticias.com.br\/index.php?rest_route=%2Fwp%2Fv2%2Fcategories&post=24849"},{"taxonomy":"post_tag","embeddable":true,"href":"https:\/\/www.p31noticias.com.br\/index.php?rest_route=%2Fwp%2Fv2%2Ftags&post=24849"}],"curies":[{"name":"wp","href":"https:\/\/api.w.org\/{rel}","templated":true}]}}