{"id":24842,"date":"2021-11-22T23:13:10","date_gmt":"2021-11-23T02:13:10","guid":{"rendered":"https:\/\/p31noticias.com.br\/?p=24842"},"modified":"2022-02-17T15:17:36","modified_gmt":"2022-02-17T18:17:36","slug":"psdb-afirma-que-vai-concluir-votacao-das-previas-ate-o-proximo-domingo","status":"publish","type":"post","link":"https:\/\/www.p31noticias.com.br\/?p=24842","title":{"rendered":"PSDB afirma que vai concluir vota\u00e7\u00e3o das pr\u00e9vias at\u00e9 o pr\u00f3ximo domingo."},"content":{"rendered":"<p style=\"text-align: justify;\"><em><strong>Eduardo Leite, um dos pr\u00e9-candidatos do partido, afirmou que as informa\u00e7\u00f5es da nota est\u00e3o equivocadas.<\/strong><\/em><\/p>\n<p>O\u00a0<a href=\"https:\/\/www.cnnbrasil.com.br\/tudo-sobre\/partido-da-social-democracia-brasileira-psdb\/\">PSDB<\/a>\u00a0anunciou na noite desta segunda-feira que a vota\u00e7\u00e3o das pr\u00e9vias presidenciais do partido ser\u00e1 conclu\u00edda at\u00e9 o pr\u00f3ximo domingo (28).<\/p>\n<p>A decis\u00e3o foi tomada em conjunto pela dire\u00e7\u00e3o do partido e pelos tr\u00eas pr\u00e9-candidatos, segundo o partido. A informa\u00e7\u00e3o\u00a0<a href=\"https:\/\/www.cnnbrasil.com.br\/politica\/nota-do-psdb-esta-equivocada-e-nao-ha-acordo-diz-leite-sobre-previas\/\">n\u00e3o \u00e9 confirmada por Eduardo Leite<\/a>, um dos candidatos das pr\u00e9vias.<\/p>\n<p>\u201cA gente est\u00e1 diante de um impasse. A nota [divulgada pelo PSDB] est\u00e1 equivocada. [\u2026] N\u00e3o houve esse acordo, at\u00e9 porque n\u00e3o se tem acordo sobre uma ferramenta que n\u00e3o se conhece\u201d, afirmou.<\/p>\n<p>Em resposta, o presidente do PSDB, Bruno Ara\u00fajo, afirmou que conversou com Leite\u00a0<a href=\"https:\/\/www.cnnbrasil.com.br\/politica\/presidente-do-psdb-diz-que-conversou-com-leite-sobre-decisao-para-previas\/\">antes do an\u00fancio oficial.\u00a0<\/a><\/p>\n<p>\u201cPode at\u00e9 ter havido uma mudan\u00e7a de posi\u00e7\u00e3o, mas obviamente eu n\u00e3o sou nenhum leviano e com a responsabilidade que tenho, e com tudo isso que estamos vivendo, estar fazendo qualquer tipo de entendimento este sem ter conversado. Foi devidamente tratado\u201d, afirmou o presidente do PSDB.<\/p>\n<p>Ara\u00fajo tamb\u00e9m disse que a expectativa \u00e9 que as pr\u00e9vias sejam retomadas at\u00e9 quarta-feira, com o processo tendo previs\u00e3o de conclus\u00e3o at\u00e9 domingo.<\/p>\n<p>Na nota publicada, o partido afirma que ainda aguarda manifesta\u00e7\u00e3o da empresa contratada para a implementa\u00e7\u00e3o do aplicativo de vota\u00e7\u00e3o Se, at\u00e9 esta ter\u00e7a-feira, ela n\u00e3o oferecer garantias concretas de viabilidade e robustez da solu\u00e7\u00e3o contratada, o PSDB adotar\u00e1 tecnologia privada para concluir o processo de pr\u00e9vias. A Faugs, a empresa citada, ainda n\u00e3o apresentou conclus\u00f5es sobre as raz\u00f5es das dificuldades.<\/p>\n<p>O PSDB ainda afirma que todos os votos registrados desde a abertura da vota\u00e7\u00e3o neste domingo est\u00e3o v\u00e1lidos e ser\u00e3o computados.<\/p>\n<p>As pr\u00e9vias presidenciais do PSDB, disputadas pelo governador do Rio Grande do Sul, Eduardo Leite, o governador de S\u00e3o Paulo, Jo\u00e3o Doria, e o ex-prefeito de Manaus Arthur Virgilio, foram adiadas no \u00faltimo doming<a href=\"https:\/\/www.cnnbrasil.com.br\/politica\/previas-do-psdb-serao-pausadas\/\">o ap\u00f3s uma falha no aplicativo de vota\u00e7\u00e3o do partido<\/a>. Foi realizada nesta segunda uma reuni\u00e3o para resolver os pr\u00f3ximos passos.<\/p>\n<p>As campanhas de Doria e Virgilio defendem que a vota\u00e7\u00e3o\u00a0<a href=\"https:\/\/www.cnnbrasil.com.br\/politica\/doria-e-virgilio-criticam-previas-pelo-aplicativo-e-defendem-votacao-no-dia-28\/\">seja retomada no pr\u00f3ximo domingo<\/a>, enquanto a campanha de Leite argumenta que, se poss\u00edvel, elas deveriam ser retomadas j\u00e1 na pr\u00f3xima ter\u00e7a-feira (23).<\/p>\n<p>Doria divulgou na noite desta segunda uma nota apoiando a decis\u00e3o do partido.<\/p>\n<p>\u201c\u00c9 preciso concluir o processo eleitoral de consulta interna. Qualquer alternativa que n\u00e3o seja a r\u00e1pida conclus\u00e3o da vota\u00e7\u00e3o \u00e9 um desrespeito \u00e0 vontade da maioria partid\u00e1ria. \u00c9 violentar as pr\u00e9vias. \u00c9 negar a democracia\u201d, afirma o governador de S\u00e3o Paulo.<\/p>\n<p>A campanha de Leite disse, tamb\u00e9m em nota, que \u201caguarda respostas sobre o processo de vota\u00e7\u00e3o das pr\u00e9vias\u201d e defende que a vota\u00e7\u00e3o seja realizada o mais r\u00e1pido poss\u00edvel.<\/p>\n<h2>Leia a \u00edntegra da nota do PSDB<\/h2>\n<p><em>A vota\u00e7\u00e3o para escolha do candidato do PSDB \u00e0 presid\u00eancia da Rep\u00fablica ser\u00e1 conclu\u00edda at\u00e9 o pr\u00f3ximo domingo, dia 28. A decis\u00e3o foi tomada em conjunto pela dire\u00e7\u00e3o do partido e pelos tr\u00eas pr\u00e9-candidatos.<\/em><\/p>\n<p><em>O partido ainda aguarda manifesta\u00e7\u00e3o da empresa contratada, a Faurgs. Se, at\u00e9 esta ter\u00e7a-feira, ela n\u00e3o oferecer garantias concretas de viabilidade e robustez da solu\u00e7\u00e3o contratada, o PSDB adotar\u00e1 tecnologia privada para concluir o processo de pr\u00e9vias. Em qualquer alternativa, a integridade do processo eleitoral ser\u00e1 rigorosamente observada.<\/em><\/p>\n<p><em>Como afirmado em nota divulgada ontem, at\u00e9 o momento a Faurgs n\u00e3o apresentou conclus\u00f5es sobre as raz\u00f5es das dificuldades.<\/em><\/p>\n<p><em>Reiteramos que todos os votos registrados desde a abertura da vota\u00e7\u00e3o neste domingo est\u00e3o v\u00e1lidos e ser\u00e3o computados.<\/em><\/p>\n<h2>Leia a \u00edntegra de Jo\u00e3o Doria<\/h2>\n<p>JO\u00c3O DORIA AP\u00d3IA O PRESIDENTE DO PSDB NA DEFESA DAS PR\u00c9VIAS<\/p>\n<p><em>A campanha do candidato Jo\u00e3o Doria confirma apoio \u00e0s solu\u00e7\u00f5es anunciadas pelo presidente nacional do PSDB, Bruno Ara\u00fajo. A democracia interna exige respeito aos filiados que se cadastraram para votar. Existem solu\u00e7\u00f5es para garantir as manifesta\u00e7\u00f5es de todos os filiados que se inscreveram nas pr\u00e9vias. \u00c9 preciso concluir o processo eleitoral de consulta interna. Qualquer alternativa que n\u00e3o seja a r\u00e1pida conclus\u00e3o da vota\u00e7\u00e3o \u00e9 um desrespeito \u00e0 vontade da maioria partid\u00e1ria. \u00c9 violentar as pr\u00e9vias. \u00c9 negar a democracia.<\/em><\/p>\n<h2>Leia a nota da campanha de Eduardo Leite<\/h2>\n<p>A campanha de Eduardo Leite continua aguardando as respostas sobre o processo de vota\u00e7\u00e3o das pr\u00e9vias e de que forma elas podem ser encerradas, com o voto dos filiados, o mais r\u00e1pido poss\u00edvel.<\/p>\n<p>S\u00e3o perguntas que at\u00e9 agora n\u00e3o foram respondidas: o que houve com o aplicativo? Ele tem condi\u00e7\u00f5es de continuar sendo o instrumento de vota\u00e7\u00e3o? Houve algum ataque hacker? O app de vota\u00e7\u00e3o ser\u00e1 substitu\u00eddo? Por qual Instrumento? De qual empresa? Com qual seguran\u00e7a t\u00e9cnica?<\/p>\n<p>Eduardo Leite foi o \u00fanico candidato, assim como a imprensa,\u00a0 que permaneceu a tarde inteira desta segunda-feira no partido em Bras\u00edlia, aguardando os laudos t\u00e9cnicos prometidos \u00e0s 14h de hoje, e saiu do PSDB \u00e0s 20h com nenhuma resposta e uma nota que relata um suposto entendimento sobre um sistema de vota\u00e7\u00e3o e um instrumento digital que ainda n\u00e3o se sabe quais s\u00e3o.<\/p>\n<p>Reafirmamos a posi\u00e7\u00e3o da campanha de que haja vota\u00e7\u00e3o o mais r\u00e1pido poss\u00edvel, e confiamos na condu\u00e7\u00e3o do presidente Bruno Ara\u00fajo em dire\u00e7\u00e3o \u00e0 manuten\u00e7\u00e3o da credibilidade e da confiabilidade deste processo de pr\u00e9vias.<\/p>\n<p style=\"text-align: justify;\">CNN Brasil.<\/p>\n","protected":false},"excerpt":{"rendered":"<p>Eduardo Leite, um dos pr\u00e9-candidatos do partido, afirmou que as informa\u00e7\u00f5es da nota est\u00e3o equivocadas. O\u00a0PSDB\u00a0anunciou na noite desta segunda-feira que a vota\u00e7\u00e3o das pr\u00e9vias presidenciais do partido ser\u00e1 conclu\u00edda at\u00e9 o pr\u00f3ximo domingo (28). A decis\u00e3o foi tomada em conjunto pela dire\u00e7\u00e3o do partido e pelos tr\u00eas pr\u00e9-candidatos, segundo o partido. A informa\u00e7\u00e3o\u00a0n\u00e3o \u00e9 [&hellip;]<\/p>\n","protected":false},"author":2,"featured_media":24847,"comment_status":"open","ping_status":"open","sticky":false,"template":"","format":"standard","meta":{"footnotes":""},"categories":[57],"tags":[],"class_list":{"0":"post-24842","1":"post","2":"type-post","3":"status-publish","4":"format-standard","5":"has-post-thumbnail","7":"category-politica"},"yoast_head":"<!-- This site is optimized with the Yoast SEO Premium plugin v24.5 (Yoast SEO v27.5) - https:\/\/yoast.com\/product\/yoast-seo-premium-wordpress\/ -->\n<title>PSDB afirma que vai concluir vota\u00e7\u00e3o das pr\u00e9vias at\u00e9 o pr\u00f3ximo domingo. - P31<\/title>\n<meta name=\"robots\" content=\"index, follow, max-snippet:-1, max-image-preview:large, max-video-preview:-1\" \/>\n<link rel=\"canonical\" href=\"https:\/\/www.p31noticias.com.br\/?p=24842\" \/>\n<meta property=\"og:locale\" content=\"pt_BR\" \/>\n<meta property=\"og:type\" content=\"article\" \/>\n<meta property=\"og:title\" content=\"PSDB afirma que vai concluir vota\u00e7\u00e3o das pr\u00e9vias at\u00e9 o pr\u00f3ximo domingo.\" \/>\n<meta property=\"og:description\" content=\"Eduardo Leite, um dos pr\u00e9-candidatos do partido, afirmou que as informa\u00e7\u00f5es da nota est\u00e3o equivocadas. O\u00a0PSDB\u00a0anunciou na noite desta segunda-feira que a vota\u00e7\u00e3o das pr\u00e9vias presidenciais do partido ser\u00e1 conclu\u00edda at\u00e9 o pr\u00f3ximo domingo (28). A decis\u00e3o foi tomada em conjunto pela dire\u00e7\u00e3o do partido e pelos tr\u00eas pr\u00e9-candidatos, segundo o partido. A informa\u00e7\u00e3o\u00a0n\u00e3o \u00e9 [&hellip;]\" \/>\n<meta property=\"og:url\" content=\"https:\/\/www.p31noticias.com.br\/?p=24842\" \/>\n<meta property=\"og:site_name\" content=\"P31\" \/>\n<meta property=\"article:published_time\" content=\"2021-11-23T02:13:10+00:00\" \/>\n<meta property=\"article:modified_time\" content=\"2022-02-17T18:17:36+00:00\" \/>\n<meta property=\"og:image\" content=\"https:\/\/www.p31noticias.com.br\/wp-content\/uploads\/2021\/11\/download-1.jpg\" \/>\n\t<meta property=\"og:image:width\" content=\"282\" \/>\n\t<meta property=\"og:image:height\" content=\"179\" \/>\n\t<meta property=\"og:image:type\" content=\"image\/jpeg\" \/>\n<meta name=\"author\" content=\"Gon\u00e7alves Junior\" \/>\n<meta name=\"twitter:card\" content=\"summary_large_image\" \/>\n<meta name=\"twitter:label1\" content=\"Escrito por\" \/>\n\t<meta name=\"twitter:data1\" content=\"Gon\u00e7alves Junior\" \/>\n\t<meta name=\"twitter:label2\" content=\"Est. tempo de leitura\" \/>\n\t<meta name=\"twitter:data2\" content=\"5 minutos\" \/>\n<script type=\"application\/ld+json\" class=\"yoast-schema-graph\">{\"@context\":\"https:\\\/\\\/schema.org\",\"@graph\":[{\"@type\":\"Article\",\"@id\":\"https:\\\/\\\/www.p31noticias.com.br\\\/?p=24842#article\",\"isPartOf\":{\"@id\":\"https:\\\/\\\/www.p31noticias.com.br\\\/?p=24842\"},\"author\":{\"name\":\"Gon\u00e7alves Junior\",\"@id\":\"https:\\\/\\\/www.p31noticias.com.br\\\/#\\\/schema\\\/person\\\/95f2ece30e3b4132065b915150cd0f94\"},\"headline\":\"PSDB afirma que vai concluir vota\u00e7\u00e3o das pr\u00e9vias at\u00e9 o pr\u00f3ximo domingo.\",\"datePublished\":\"2021-11-23T02:13:10+00:00\",\"dateModified\":\"2022-02-17T18:17:36+00:00\",\"mainEntityOfPage\":{\"@id\":\"https:\\\/\\\/www.p31noticias.com.br\\\/?p=24842\"},\"wordCount\":972,\"commentCount\":0,\"image\":{\"@id\":\"https:\\\/\\\/www.p31noticias.com.br\\\/?p=24842#primaryimage\"},\"thumbnailUrl\":\"https:\\\/\\\/www.p31noticias.com.br\\\/wp-content\\\/uploads\\\/2021\\\/11\\\/download-1.jpg\",\"articleSection\":[\"Pol\u00edtica\"],\"inLanguage\":\"pt-BR\",\"potentialAction\":[{\"@type\":\"CommentAction\",\"name\":\"Comment\",\"target\":[\"https:\\\/\\\/www.p31noticias.com.br\\\/?p=24842#respond\"]}],\"copyrightYear\":\"2021\",\"copyrightHolder\":{\"@id\":\"https:\\\/\\\/www.p31noticias.com.br\\\/#organization\"}},{\"@type\":\"WebPage\",\"@id\":\"https:\\\/\\\/www.p31noticias.com.br\\\/?p=24842\",\"url\":\"https:\\\/\\\/www.p31noticias.com.br\\\/?p=24842\",\"name\":\"PSDB afirma que vai concluir vota\u00e7\u00e3o das pr\u00e9vias at\u00e9 o pr\u00f3ximo domingo. - P31\",\"isPartOf\":{\"@id\":\"https:\\\/\\\/www.p31noticias.com.br\\\/#website\"},\"primaryImageOfPage\":{\"@id\":\"https:\\\/\\\/www.p31noticias.com.br\\\/?p=24842#primaryimage\"},\"image\":{\"@id\":\"https:\\\/\\\/www.p31noticias.com.br\\\/?p=24842#primaryimage\"},\"thumbnailUrl\":\"https:\\\/\\\/www.p31noticias.com.br\\\/wp-content\\\/uploads\\\/2021\\\/11\\\/download-1.jpg\",\"datePublished\":\"2021-11-23T02:13:10+00:00\",\"dateModified\":\"2022-02-17T18:17:36+00:00\",\"author\":{\"@id\":\"https:\\\/\\\/www.p31noticias.com.br\\\/#\\\/schema\\\/person\\\/95f2ece30e3b4132065b915150cd0f94\"},\"breadcrumb\":{\"@id\":\"https:\\\/\\\/www.p31noticias.com.br\\\/?p=24842#breadcrumb\"},\"inLanguage\":\"pt-BR\",\"potentialAction\":[{\"@type\":\"ReadAction\",\"target\":[\"https:\\\/\\\/www.p31noticias.com.br\\\/?p=24842\"]}]},{\"@type\":\"ImageObject\",\"inLanguage\":\"pt-BR\",\"@id\":\"https:\\\/\\\/www.p31noticias.com.br\\\/?p=24842#primaryimage\",\"url\":\"https:\\\/\\\/www.p31noticias.com.br\\\/wp-content\\\/uploads\\\/2021\\\/11\\\/download-1.jpg\",\"contentUrl\":\"https:\\\/\\\/www.p31noticias.com.br\\\/wp-content\\\/uploads\\\/2021\\\/11\\\/download-1.jpg\",\"width\":282,\"height\":179},{\"@type\":\"BreadcrumbList\",\"@id\":\"https:\\\/\\\/www.p31noticias.com.br\\\/?p=24842#breadcrumb\",\"itemListElement\":[{\"@type\":\"ListItem\",\"position\":1,\"name\":\"In\u00edcio\",\"item\":\"https:\\\/\\\/www.p31noticias.com.br\\\/\"},{\"@type\":\"ListItem\",\"position\":2,\"name\":\"PSDB afirma que vai concluir vota\u00e7\u00e3o das pr\u00e9vias at\u00e9 o pr\u00f3ximo domingo.\"}]},{\"@type\":\"WebSite\",\"@id\":\"https:\\\/\\\/www.p31noticias.com.br\\\/#website\",\"url\":\"https:\\\/\\\/www.p31noticias.com.br\\\/\",\"name\":\"P31\",\"description\":\"NOT\u00cdCIAS\",\"potentialAction\":[{\"@type\":\"SearchAction\",\"target\":{\"@type\":\"EntryPoint\",\"urlTemplate\":\"https:\\\/\\\/www.p31noticias.com.br\\\/?s={search_term_string}\"},\"query-input\":{\"@type\":\"PropertyValueSpecification\",\"valueRequired\":true,\"valueName\":\"search_term_string\"}}],\"inLanguage\":\"pt-BR\"},{\"@type\":\"Person\",\"@id\":\"https:\\\/\\\/www.p31noticias.com.br\\\/#\\\/schema\\\/person\\\/95f2ece30e3b4132065b915150cd0f94\",\"name\":\"Gon\u00e7alves Junior\",\"image\":{\"@type\":\"ImageObject\",\"inLanguage\":\"pt-BR\",\"@id\":\"https:\\\/\\\/secure.gravatar.com\\\/avatar\\\/6711f350116a89762687a48d66f723c799e5438a5b7578508d4294cd7a5d0800?s=96&d=mm&r=g\",\"url\":\"https:\\\/\\\/secure.gravatar.com\\\/avatar\\\/6711f350116a89762687a48d66f723c799e5438a5b7578508d4294cd7a5d0800?s=96&d=mm&r=g\",\"contentUrl\":\"https:\\\/\\\/secure.gravatar.com\\\/avatar\\\/6711f350116a89762687a48d66f723c799e5438a5b7578508d4294cd7a5d0800?s=96&d=mm&r=g\",\"caption\":\"Gon\u00e7alves Junior\"},\"url\":\"https:\\\/\\\/www.p31noticias.com.br\\\/?author=2\"}]}<\/script>\n<!-- \/ Yoast SEO Premium plugin. -->","yoast_head_json":{"title":"PSDB afirma que vai concluir vota\u00e7\u00e3o das pr\u00e9vias at\u00e9 o pr\u00f3ximo domingo. - P31","robots":{"index":"index","follow":"follow","max-snippet":"max-snippet:-1","max-image-preview":"max-image-preview:large","max-video-preview":"max-video-preview:-1"},"canonical":"https:\/\/www.p31noticias.com.br\/?p=24842","og_locale":"pt_BR","og_type":"article","og_title":"PSDB afirma que vai concluir vota\u00e7\u00e3o das pr\u00e9vias at\u00e9 o pr\u00f3ximo domingo.","og_description":"Eduardo Leite, um dos pr\u00e9-candidatos do partido, afirmou que as informa\u00e7\u00f5es da nota est\u00e3o equivocadas. O\u00a0PSDB\u00a0anunciou na noite desta segunda-feira que a vota\u00e7\u00e3o das pr\u00e9vias presidenciais do partido ser\u00e1 conclu\u00edda at\u00e9 o pr\u00f3ximo domingo (28). A decis\u00e3o foi tomada em conjunto pela dire\u00e7\u00e3o do partido e pelos tr\u00eas pr\u00e9-candidatos, segundo o partido. A informa\u00e7\u00e3o\u00a0n\u00e3o \u00e9 [&hellip;]","og_url":"https:\/\/www.p31noticias.com.br\/?p=24842","og_site_name":"P31","article_published_time":"2021-11-23T02:13:10+00:00","article_modified_time":"2022-02-17T18:17:36+00:00","og_image":[{"width":282,"height":179,"url":"https:\/\/www.p31noticias.com.br\/wp-content\/uploads\/2021\/11\/download-1.jpg","type":"image\/jpeg"}],"author":"Gon\u00e7alves Junior","twitter_card":"summary_large_image","twitter_misc":{"Escrito por":"Gon\u00e7alves Junior","Est. tempo de leitura":"5 minutos"},"schema":{"@context":"https:\/\/schema.org","@graph":[{"@type":"Article","@id":"https:\/\/www.p31noticias.com.br\/?p=24842#article","isPartOf":{"@id":"https:\/\/www.p31noticias.com.br\/?p=24842"},"author":{"name":"Gon\u00e7alves Junior","@id":"https:\/\/www.p31noticias.com.br\/#\/schema\/person\/95f2ece30e3b4132065b915150cd0f94"},"headline":"PSDB afirma que vai concluir vota\u00e7\u00e3o das pr\u00e9vias at\u00e9 o pr\u00f3ximo domingo.","datePublished":"2021-11-23T02:13:10+00:00","dateModified":"2022-02-17T18:17:36+00:00","mainEntityOfPage":{"@id":"https:\/\/www.p31noticias.com.br\/?p=24842"},"wordCount":972,"commentCount":0,"image":{"@id":"https:\/\/www.p31noticias.com.br\/?p=24842#primaryimage"},"thumbnailUrl":"https:\/\/www.p31noticias.com.br\/wp-content\/uploads\/2021\/11\/download-1.jpg","articleSection":["Pol\u00edtica"],"inLanguage":"pt-BR","potentialAction":[{"@type":"CommentAction","name":"Comment","target":["https:\/\/www.p31noticias.com.br\/?p=24842#respond"]}],"copyrightYear":"2021","copyrightHolder":{"@id":"https:\/\/www.p31noticias.com.br\/#organization"}},{"@type":"WebPage","@id":"https:\/\/www.p31noticias.com.br\/?p=24842","url":"https:\/\/www.p31noticias.com.br\/?p=24842","name":"PSDB afirma que vai concluir vota\u00e7\u00e3o das pr\u00e9vias at\u00e9 o pr\u00f3ximo domingo. - P31","isPartOf":{"@id":"https:\/\/www.p31noticias.com.br\/#website"},"primaryImageOfPage":{"@id":"https:\/\/www.p31noticias.com.br\/?p=24842#primaryimage"},"image":{"@id":"https:\/\/www.p31noticias.com.br\/?p=24842#primaryimage"},"thumbnailUrl":"https:\/\/www.p31noticias.com.br\/wp-content\/uploads\/2021\/11\/download-1.jpg","datePublished":"2021-11-23T02:13:10+00:00","dateModified":"2022-02-17T18:17:36+00:00","author":{"@id":"https:\/\/www.p31noticias.com.br\/#\/schema\/person\/95f2ece30e3b4132065b915150cd0f94"},"breadcrumb":{"@id":"https:\/\/www.p31noticias.com.br\/?p=24842#breadcrumb"},"inLanguage":"pt-BR","potentialAction":[{"@type":"ReadAction","target":["https:\/\/www.p31noticias.com.br\/?p=24842"]}]},{"@type":"ImageObject","inLanguage":"pt-BR","@id":"https:\/\/www.p31noticias.com.br\/?p=24842#primaryimage","url":"https:\/\/www.p31noticias.com.br\/wp-content\/uploads\/2021\/11\/download-1.jpg","contentUrl":"https:\/\/www.p31noticias.com.br\/wp-content\/uploads\/2021\/11\/download-1.jpg","width":282,"height":179},{"@type":"BreadcrumbList","@id":"https:\/\/www.p31noticias.com.br\/?p=24842#breadcrumb","itemListElement":[{"@type":"ListItem","position":1,"name":"In\u00edcio","item":"https:\/\/www.p31noticias.com.br\/"},{"@type":"ListItem","position":2,"name":"PSDB afirma que vai concluir vota\u00e7\u00e3o das pr\u00e9vias at\u00e9 o pr\u00f3ximo domingo."}]},{"@type":"WebSite","@id":"https:\/\/www.p31noticias.com.br\/#website","url":"https:\/\/www.p31noticias.com.br\/","name":"P31","description":"NOT\u00cdCIAS","potentialAction":[{"@type":"SearchAction","target":{"@type":"EntryPoint","urlTemplate":"https:\/\/www.p31noticias.com.br\/?s={search_term_string}"},"query-input":{"@type":"PropertyValueSpecification","valueRequired":true,"valueName":"search_term_string"}}],"inLanguage":"pt-BR"},{"@type":"Person","@id":"https:\/\/www.p31noticias.com.br\/#\/schema\/person\/95f2ece30e3b4132065b915150cd0f94","name":"Gon\u00e7alves Junior","image":{"@type":"ImageObject","inLanguage":"pt-BR","@id":"https:\/\/secure.gravatar.com\/avatar\/6711f350116a89762687a48d66f723c799e5438a5b7578508d4294cd7a5d0800?s=96&d=mm&r=g","url":"https:\/\/secure.gravatar.com\/avatar\/6711f350116a89762687a48d66f723c799e5438a5b7578508d4294cd7a5d0800?s=96&d=mm&r=g","contentUrl":"https:\/\/secure.gravatar.com\/avatar\/6711f350116a89762687a48d66f723c799e5438a5b7578508d4294cd7a5d0800?s=96&d=mm&r=g","caption":"Gon\u00e7alves Junior"},"url":"https:\/\/www.p31noticias.com.br\/?author=2"}]}},"amp_enabled":true,"_links":{"self":[{"href":"https:\/\/www.p31noticias.com.br\/index.php?rest_route=\/wp\/v2\/posts\/24842","targetHints":{"allow":["GET"]}}],"collection":[{"href":"https:\/\/www.p31noticias.com.br\/index.php?rest_route=\/wp\/v2\/posts"}],"about":[{"href":"https:\/\/www.p31noticias.com.br\/index.php?rest_route=\/wp\/v2\/types\/post"}],"author":[{"embeddable":true,"href":"https:\/\/www.p31noticias.com.br\/index.php?rest_route=\/wp\/v2\/users\/2"}],"replies":[{"embeddable":true,"href":"https:\/\/www.p31noticias.com.br\/index.php?rest_route=%2Fwp%2Fv2%2Fcomments&post=24842"}],"version-history":[{"count":4,"href":"https:\/\/www.p31noticias.com.br\/index.php?rest_route=\/wp\/v2\/posts\/24842\/revisions"}],"predecessor-version":[{"id":24848,"href":"https:\/\/www.p31noticias.com.br\/index.php?rest_route=\/wp\/v2\/posts\/24842\/revisions\/24848"}],"wp:featuredmedia":[{"embeddable":true,"href":"https:\/\/www.p31noticias.com.br\/index.php?rest_route=\/wp\/v2\/media\/24847"}],"wp:attachment":[{"href":"https:\/\/www.p31noticias.com.br\/index.php?rest_route=%2Fwp%2Fv2%2Fmedia&parent=24842"}],"wp:term":[{"taxonomy":"category","embeddable":true,"href":"https:\/\/www.p31noticias.com.br\/index.php?rest_route=%2Fwp%2Fv2%2Fcategories&post=24842"},{"taxonomy":"post_tag","embeddable":true,"href":"https:\/\/www.p31noticias.com.br\/index.php?rest_route=%2Fwp%2Fv2%2Ftags&post=24842"}],"curies":[{"name":"wp","href":"https:\/\/api.w.org\/{rel}","templated":true}]}}