{"id":24836,"date":"2021-11-22T22:45:46","date_gmt":"2021-11-23T01:45:46","guid":{"rendered":"https:\/\/p31noticias.com.br\/?p=24836"},"modified":"2022-02-17T15:17:36","modified_gmt":"2022-02-17T18:17:36","slug":"imoveis-de-igrejas-terao-precos-mantidos-se-forem-escriturados-em-2021","status":"publish","type":"post","link":"https:\/\/www.p31noticias.com.br\/?p=24836","title":{"rendered":"Im\u00f3veis de igrejas ter\u00e3o pre\u00e7os mantidos se forem escriturados em 2021."},"content":{"rendered":"<p style=\"text-align: justify;\"><em><strong>Benef\u00edcio \u00e9 v\u00e1lido para templos que est\u00e3o em processo de regulariza\u00e7\u00e3o junto \u00e0 Terracap.<\/strong><\/em><\/p>\n<p style=\"text-align: justify;\">As entidades religiosas ou de assist\u00eancia social cujo processo de regulariza\u00e7\u00e3o da ocupa\u00e7\u00e3o esteja em fase adiantada na Ag\u00eancia de Desenvolvimento do Distrito Federal (Terracap) devem ficar atentas. Segundo a Lei Complementar n\u00ba 985, para aquelas que escriturarem os im\u00f3veis ainda em 2021, a corre\u00e7\u00e3o monet\u00e1ria da avalia\u00e7\u00e3o especial s\u00f3 vai incidir at\u00e9 1\u00ba de janeiro de 2020. Mais de 100 templos est\u00e3o com os processos nesta fase e podem perder o benef\u00edcio, caso n\u00e3o assinem a escritura \u2013 que j\u00e1 est\u00e1 pronta \u2013 antes da virada do ano.<\/p>\n<p style=\"text-align: justify;\">Segundo o diretor de Regulariza\u00e7\u00e3o Social e Desenvolvimento Econ\u00f4mico da Terracap, Leonardo Mundim, a avalia\u00e7\u00e3o especial dos templos segue a Lei Complementar n\u00ba 806, de 2009. \u201cFunciona assim, no \u00e2mbito do Programa Igreja Legal: a entidade religiosa entra com o pedido de regulariza\u00e7\u00e3o junto \u00e0 Secretaria de Desenvolvimento Urbano e Habita\u00e7\u00e3o (Seduh), a Terracap avalia a terra nua em 31 de dezembro de 2006 e faz a corre\u00e7\u00e3o monet\u00e1ria pelo IPCA at\u00e9 a presente data. Excepcionalmente, por conta da pandemia, a Lei Complementar 985\/2021 previu que para as entidades religiosas ou assistenciais que assinarem a escritura ainda em 2021 a corre\u00e7\u00e3o monet\u00e1ria s\u00f3 incidir\u00e1 at\u00e9 1\u00ba de janeiro de 2020.\u201d<\/p>\n<figure id=\"attachment_355579\" class=\"wp-caption alignleft\" style=\"text-align: justify;\" aria-describedby=\"caption-attachment-355579\"><img loading=\"lazy\" decoding=\"async\" class=\"wp-image-355579 \" src=\"http:\/\/agenciabrasilia.df.gov.br\/wp-conteudo\/uploads\/2021\/11\/WhatsApp-Image-2021-11-22-at-16.42.14-1-300x157.jpeg\" sizes=\"auto, (max-width: 499px) 100vw, 499px\" srcset=\"https:\/\/www.agenciabrasilia.df.gov.br\/wp-conteudo\/uploads\/2021\/11\/WhatsApp-Image-2021-11-22-at-16.42.14-1-300x157.jpeg 300w, https:\/\/www.agenciabrasilia.df.gov.br\/wp-conteudo\/uploads\/2021\/11\/WhatsApp-Image-2021-11-22-at-16.42.14-1-768x401.jpeg 768w, https:\/\/www.agenciabrasilia.df.gov.br\/wp-conteudo\/uploads\/2021\/11\/WhatsApp-Image-2021-11-22-at-16.42.14-1-1024x534.jpeg 1024w, https:\/\/www.agenciabrasilia.df.gov.br\/wp-conteudo\/uploads\/2021\/11\/WhatsApp-Image-2021-11-22-at-16.42.14-1-190x99.jpeg 190w, https:\/\/www.agenciabrasilia.df.gov.br\/wp-conteudo\/uploads\/2021\/11\/WhatsApp-Image-2021-11-22-at-16.42.14-1-160x84.jpeg 160w, https:\/\/www.agenciabrasilia.df.gov.br\/wp-conteudo\/uploads\/2021\/11\/WhatsApp-Image-2021-11-22-at-16.42.14-1-256x134.jpeg 256w, https:\/\/www.agenciabrasilia.df.gov.br\/wp-conteudo\/uploads\/2021\/11\/WhatsApp-Image-2021-11-22-at-16.42.14-1-1200x626.jpeg 1200w, https:\/\/www.agenciabrasilia.df.gov.br\/wp-conteudo\/uploads\/2021\/11\/WhatsApp-Image-2021-11-22-at-16.42.14-1.jpeg 1280w\" alt=\"\" width=\"499\" height=\"261\" \/><figcaption id=\"caption-attachment-355579\" class=\"wp-caption-text\">Mais de 100 templos que est\u00e3o em fase de regulariza\u00e7\u00e3o podem perder o benef\u00edcio se n\u00e3o assinarem a escritura ainda em 2021 | Fotos: Joel Rodrigues\/Ag\u00eancia Bras\u00edlia<\/figcaption><\/figure>\n<p style=\"text-align: justify;\">O diretor reitera que, caso a escritura\u00e7\u00e3o seja realizada somente em 2022, o valor da compra pode aumentar em at\u00e9 15%, pela aplica\u00e7\u00e3o do IPCA dos anos inteiros de 2020 e 2021. Por isso a import\u00e2ncia de se buscar a Terracap com a m\u00e1xima agilidade. \u201cApenas nos \u00faltimos tr\u00eas anos o governo Ibaneis Rocha regularizou o mesmo volume que tinha sido regularizado nos nove anos anteriores. E para que o GDF e a Terracap fa\u00e7am ainda mais, \u00e9 necess\u00e1rio que as igrejas e templos atendam aos chamados\u201d, revela.<\/p>\n<p style=\"text-align: justify;\">Mundim tamb\u00e9m recorda que as entidades religiosas n\u00e3o pagam ITBI (Imposto de Transmiss\u00e3o de Bens Im\u00f3veis) na aquisi\u00e7\u00e3o do terreno. \u201cAntes de enviar para o cart\u00f3rio, a Terracap j\u00e1 solicitou a dispensa do ITBI da igreja, junto \u00e0 Secretaria de Economia. Portanto, j\u00e1 segue para o cart\u00f3rio com o ato declarat\u00f3rio de imunidade\u201d, diz.<\/p>\n<p style=\"text-align: justify;\">Somente ap\u00f3s 30 dias da escritura lavrada, a entidade religiosa passa a pagar o que \u00e9 devido \u00e0 Terracap. De acordo com o Programa Igreja Legal, os templos podem regularizar os im\u00f3veis de tr\u00eas formas: aquisi\u00e7\u00e3o direta por escritura de compra e venda, com parcelamento sem juros em at\u00e9 240 meses; Concess\u00e3o de Direito Real de Uso, pagando 0,15% ao m\u00eas, com direito de compra a qualquer momento; ou Concess\u00e3o de Direito Real de Uso com retribui\u00e7\u00e3o em moeda social, com direito de compra a qualquer momento.<\/p>\n<p style=\"text-align: justify;\">Outra novidade \u00e9 que as igrejas que j\u00e1 t\u00eam escritura de compra vigente com a Terracap podem solicitar a altera\u00e7\u00e3o do \u00edndice de corre\u00e7\u00e3o monet\u00e1ria, do IGPM para o IPCA, que \u00e9 muito menor. \u201cA migra\u00e7\u00e3o do \u00edndice deve ser solicitada pela entidade religiosa ou assistencial ainda em 2021, para valer a partir de 1\u00ba de janeiro de 2022. E pode ser feita presencialmente ou pelo site da Terracap\u201d, explica o diretor Mundim.<\/p>\n<p style=\"text-align: justify;\">Mais informa\u00e7\u00f5es est\u00e3o dispon\u00edveis por meio dos canais de atendimento da Terracap, no call center (61) 3342-1103, ou pelo atendimento remoto, por meio do chat on-line. \u00c9 s\u00f3 acessar:\u00a0<a href=\"https:\/\/www.terracap.df.gov.br\/\" target=\"_blank\" rel=\"noopener noreferrer\">www.terracap.df.gov.br<\/a><\/p>\n<p style=\"text-align: justify;\"><em>*Com informa\u00e7\u00f5es da Terracap<\/em><\/p>\n","protected":false},"excerpt":{"rendered":"<p>Benef\u00edcio \u00e9 v\u00e1lido para templos que est\u00e3o em processo de regulariza\u00e7\u00e3o junto \u00e0 Terracap. As entidades religiosas ou de assist\u00eancia social cujo processo de regulariza\u00e7\u00e3o da ocupa\u00e7\u00e3o esteja em fase adiantada na Ag\u00eancia de Desenvolvimento do Distrito Federal (Terracap) devem ficar atentas. Segundo a Lei Complementar n\u00ba 985, para aquelas que escriturarem os im\u00f3veis ainda [&hellip;]<\/p>\n","protected":false},"author":2,"featured_media":24837,"comment_status":"open","ping_status":"open","sticky":false,"template":"","format":"standard","meta":{"footnotes":""},"categories":[1],"tags":[],"class_list":{"0":"post-24836","1":"post","2":"type-post","3":"status-publish","4":"format-standard","5":"has-post-thumbnail","7":"category-outros"},"yoast_head":"<!-- This site is optimized with the Yoast SEO Premium plugin v24.5 (Yoast SEO v27.5) - https:\/\/yoast.com\/product\/yoast-seo-premium-wordpress\/ -->\n<title>Im\u00f3veis de igrejas ter\u00e3o pre\u00e7os mantidos se forem escriturados em 2021. - P31<\/title>\n<meta name=\"robots\" content=\"index, follow, max-snippet:-1, max-image-preview:large, max-video-preview:-1\" \/>\n<link rel=\"canonical\" href=\"https:\/\/www.p31noticias.com.br\/?p=24836\" \/>\n<meta property=\"og:locale\" content=\"pt_BR\" \/>\n<meta property=\"og:type\" content=\"article\" \/>\n<meta property=\"og:title\" content=\"Im\u00f3veis de igrejas ter\u00e3o pre\u00e7os mantidos se forem escriturados em 2021.\" \/>\n<meta property=\"og:description\" content=\"Benef\u00edcio \u00e9 v\u00e1lido para templos que est\u00e3o em processo de regulariza\u00e7\u00e3o junto \u00e0 Terracap. As entidades religiosas ou de assist\u00eancia social cujo processo de regulariza\u00e7\u00e3o da ocupa\u00e7\u00e3o esteja em fase adiantada na Ag\u00eancia de Desenvolvimento do Distrito Federal (Terracap) devem ficar atentas. Segundo a Lei Complementar n\u00ba 985, para aquelas que escriturarem os im\u00f3veis ainda [&hellip;]\" \/>\n<meta property=\"og:url\" content=\"https:\/\/www.p31noticias.com.br\/?p=24836\" \/>\n<meta property=\"og:site_name\" content=\"P31\" \/>\n<meta property=\"article:published_time\" content=\"2021-11-23T01:45:46+00:00\" \/>\n<meta property=\"article:modified_time\" content=\"2022-02-17T18:17:36+00:00\" \/>\n<meta property=\"og:image\" content=\"https:\/\/www.p31noticias.com.br\/wp-content\/uploads\/2021\/11\/Foto-iban.jpg\" \/>\n\t<meta property=\"og:image:width\" content=\"500\" \/>\n\t<meta property=\"og:image:height\" content=\"375\" \/>\n\t<meta property=\"og:image:type\" content=\"image\/jpeg\" \/>\n<meta name=\"author\" content=\"Gon\u00e7alves Junior\" \/>\n<meta name=\"twitter:card\" content=\"summary_large_image\" \/>\n<meta name=\"twitter:label1\" content=\"Escrito por\" \/>\n\t<meta name=\"twitter:data1\" content=\"Gon\u00e7alves Junior\" \/>\n\t<meta name=\"twitter:label2\" content=\"Est. tempo de leitura\" \/>\n\t<meta name=\"twitter:data2\" content=\"3 minutos\" \/>\n<script type=\"application\/ld+json\" class=\"yoast-schema-graph\">{\"@context\":\"https:\\\/\\\/schema.org\",\"@graph\":[{\"@type\":\"Article\",\"@id\":\"https:\\\/\\\/www.p31noticias.com.br\\\/?p=24836#article\",\"isPartOf\":{\"@id\":\"https:\\\/\\\/www.p31noticias.com.br\\\/?p=24836\"},\"author\":{\"name\":\"Gon\u00e7alves Junior\",\"@id\":\"https:\\\/\\\/www.p31noticias.com.br\\\/#\\\/schema\\\/person\\\/95f2ece30e3b4132065b915150cd0f94\"},\"headline\":\"Im\u00f3veis de igrejas ter\u00e3o pre\u00e7os mantidos se forem escriturados em 2021.\",\"datePublished\":\"2021-11-23T01:45:46+00:00\",\"dateModified\":\"2022-02-17T18:17:36+00:00\",\"mainEntityOfPage\":{\"@id\":\"https:\\\/\\\/www.p31noticias.com.br\\\/?p=24836\"},\"wordCount\":617,\"commentCount\":0,\"image\":{\"@id\":\"https:\\\/\\\/www.p31noticias.com.br\\\/?p=24836#primaryimage\"},\"thumbnailUrl\":\"https:\\\/\\\/www.p31noticias.com.br\\\/wp-content\\\/uploads\\\/2021\\\/11\\\/Foto-iban.jpg\",\"articleSection\":[\"Outros\"],\"inLanguage\":\"pt-BR\",\"potentialAction\":[{\"@type\":\"CommentAction\",\"name\":\"Comment\",\"target\":[\"https:\\\/\\\/www.p31noticias.com.br\\\/?p=24836#respond\"]}],\"copyrightYear\":\"2021\",\"copyrightHolder\":{\"@id\":\"https:\\\/\\\/www.p31noticias.com.br\\\/#organization\"}},{\"@type\":\"WebPage\",\"@id\":\"https:\\\/\\\/www.p31noticias.com.br\\\/?p=24836\",\"url\":\"https:\\\/\\\/www.p31noticias.com.br\\\/?p=24836\",\"name\":\"Im\u00f3veis de igrejas ter\u00e3o pre\u00e7os mantidos se forem escriturados em 2021. - P31\",\"isPartOf\":{\"@id\":\"https:\\\/\\\/www.p31noticias.com.br\\\/#website\"},\"primaryImageOfPage\":{\"@id\":\"https:\\\/\\\/www.p31noticias.com.br\\\/?p=24836#primaryimage\"},\"image\":{\"@id\":\"https:\\\/\\\/www.p31noticias.com.br\\\/?p=24836#primaryimage\"},\"thumbnailUrl\":\"https:\\\/\\\/www.p31noticias.com.br\\\/wp-content\\\/uploads\\\/2021\\\/11\\\/Foto-iban.jpg\",\"datePublished\":\"2021-11-23T01:45:46+00:00\",\"dateModified\":\"2022-02-17T18:17:36+00:00\",\"author\":{\"@id\":\"https:\\\/\\\/www.p31noticias.com.br\\\/#\\\/schema\\\/person\\\/95f2ece30e3b4132065b915150cd0f94\"},\"breadcrumb\":{\"@id\":\"https:\\\/\\\/www.p31noticias.com.br\\\/?p=24836#breadcrumb\"},\"inLanguage\":\"pt-BR\",\"potentialAction\":[{\"@type\":\"ReadAction\",\"target\":[\"https:\\\/\\\/www.p31noticias.com.br\\\/?p=24836\"]}]},{\"@type\":\"ImageObject\",\"inLanguage\":\"pt-BR\",\"@id\":\"https:\\\/\\\/www.p31noticias.com.br\\\/?p=24836#primaryimage\",\"url\":\"https:\\\/\\\/www.p31noticias.com.br\\\/wp-content\\\/uploads\\\/2021\\\/11\\\/Foto-iban.jpg\",\"contentUrl\":\"https:\\\/\\\/www.p31noticias.com.br\\\/wp-content\\\/uploads\\\/2021\\\/11\\\/Foto-iban.jpg\",\"width\":500,\"height\":375},{\"@type\":\"BreadcrumbList\",\"@id\":\"https:\\\/\\\/www.p31noticias.com.br\\\/?p=24836#breadcrumb\",\"itemListElement\":[{\"@type\":\"ListItem\",\"position\":1,\"name\":\"In\u00edcio\",\"item\":\"https:\\\/\\\/www.p31noticias.com.br\\\/\"},{\"@type\":\"ListItem\",\"position\":2,\"name\":\"Im\u00f3veis de igrejas ter\u00e3o pre\u00e7os mantidos se forem escriturados em 2021.\"}]},{\"@type\":\"WebSite\",\"@id\":\"https:\\\/\\\/www.p31noticias.com.br\\\/#website\",\"url\":\"https:\\\/\\\/www.p31noticias.com.br\\\/\",\"name\":\"P31\",\"description\":\"NOT\u00cdCIAS\",\"potentialAction\":[{\"@type\":\"SearchAction\",\"target\":{\"@type\":\"EntryPoint\",\"urlTemplate\":\"https:\\\/\\\/www.p31noticias.com.br\\\/?s={search_term_string}\"},\"query-input\":{\"@type\":\"PropertyValueSpecification\",\"valueRequired\":true,\"valueName\":\"search_term_string\"}}],\"inLanguage\":\"pt-BR\"},{\"@type\":\"Person\",\"@id\":\"https:\\\/\\\/www.p31noticias.com.br\\\/#\\\/schema\\\/person\\\/95f2ece30e3b4132065b915150cd0f94\",\"name\":\"Gon\u00e7alves Junior\",\"image\":{\"@type\":\"ImageObject\",\"inLanguage\":\"pt-BR\",\"@id\":\"https:\\\/\\\/secure.gravatar.com\\\/avatar\\\/6711f350116a89762687a48d66f723c799e5438a5b7578508d4294cd7a5d0800?s=96&d=mm&r=g\",\"url\":\"https:\\\/\\\/secure.gravatar.com\\\/avatar\\\/6711f350116a89762687a48d66f723c799e5438a5b7578508d4294cd7a5d0800?s=96&d=mm&r=g\",\"contentUrl\":\"https:\\\/\\\/secure.gravatar.com\\\/avatar\\\/6711f350116a89762687a48d66f723c799e5438a5b7578508d4294cd7a5d0800?s=96&d=mm&r=g\",\"caption\":\"Gon\u00e7alves Junior\"},\"url\":\"https:\\\/\\\/www.p31noticias.com.br\\\/?author=2\"}]}<\/script>\n<!-- \/ Yoast SEO Premium plugin. -->","yoast_head_json":{"title":"Im\u00f3veis de igrejas ter\u00e3o pre\u00e7os mantidos se forem escriturados em 2021. - P31","robots":{"index":"index","follow":"follow","max-snippet":"max-snippet:-1","max-image-preview":"max-image-preview:large","max-video-preview":"max-video-preview:-1"},"canonical":"https:\/\/www.p31noticias.com.br\/?p=24836","og_locale":"pt_BR","og_type":"article","og_title":"Im\u00f3veis de igrejas ter\u00e3o pre\u00e7os mantidos se forem escriturados em 2021.","og_description":"Benef\u00edcio \u00e9 v\u00e1lido para templos que est\u00e3o em processo de regulariza\u00e7\u00e3o junto \u00e0 Terracap. As entidades religiosas ou de assist\u00eancia social cujo processo de regulariza\u00e7\u00e3o da ocupa\u00e7\u00e3o esteja em fase adiantada na Ag\u00eancia de Desenvolvimento do Distrito Federal (Terracap) devem ficar atentas. Segundo a Lei Complementar n\u00ba 985, para aquelas que escriturarem os im\u00f3veis ainda [&hellip;]","og_url":"https:\/\/www.p31noticias.com.br\/?p=24836","og_site_name":"P31","article_published_time":"2021-11-23T01:45:46+00:00","article_modified_time":"2022-02-17T18:17:36+00:00","og_image":[{"width":500,"height":375,"url":"https:\/\/www.p31noticias.com.br\/wp-content\/uploads\/2021\/11\/Foto-iban.jpg","type":"image\/jpeg"}],"author":"Gon\u00e7alves Junior","twitter_card":"summary_large_image","twitter_misc":{"Escrito por":"Gon\u00e7alves Junior","Est. tempo de leitura":"3 minutos"},"schema":{"@context":"https:\/\/schema.org","@graph":[{"@type":"Article","@id":"https:\/\/www.p31noticias.com.br\/?p=24836#article","isPartOf":{"@id":"https:\/\/www.p31noticias.com.br\/?p=24836"},"author":{"name":"Gon\u00e7alves Junior","@id":"https:\/\/www.p31noticias.com.br\/#\/schema\/person\/95f2ece30e3b4132065b915150cd0f94"},"headline":"Im\u00f3veis de igrejas ter\u00e3o pre\u00e7os mantidos se forem escriturados em 2021.","datePublished":"2021-11-23T01:45:46+00:00","dateModified":"2022-02-17T18:17:36+00:00","mainEntityOfPage":{"@id":"https:\/\/www.p31noticias.com.br\/?p=24836"},"wordCount":617,"commentCount":0,"image":{"@id":"https:\/\/www.p31noticias.com.br\/?p=24836#primaryimage"},"thumbnailUrl":"https:\/\/www.p31noticias.com.br\/wp-content\/uploads\/2021\/11\/Foto-iban.jpg","articleSection":["Outros"],"inLanguage":"pt-BR","potentialAction":[{"@type":"CommentAction","name":"Comment","target":["https:\/\/www.p31noticias.com.br\/?p=24836#respond"]}],"copyrightYear":"2021","copyrightHolder":{"@id":"https:\/\/www.p31noticias.com.br\/#organization"}},{"@type":"WebPage","@id":"https:\/\/www.p31noticias.com.br\/?p=24836","url":"https:\/\/www.p31noticias.com.br\/?p=24836","name":"Im\u00f3veis de igrejas ter\u00e3o pre\u00e7os mantidos se forem escriturados em 2021. - P31","isPartOf":{"@id":"https:\/\/www.p31noticias.com.br\/#website"},"primaryImageOfPage":{"@id":"https:\/\/www.p31noticias.com.br\/?p=24836#primaryimage"},"image":{"@id":"https:\/\/www.p31noticias.com.br\/?p=24836#primaryimage"},"thumbnailUrl":"https:\/\/www.p31noticias.com.br\/wp-content\/uploads\/2021\/11\/Foto-iban.jpg","datePublished":"2021-11-23T01:45:46+00:00","dateModified":"2022-02-17T18:17:36+00:00","author":{"@id":"https:\/\/www.p31noticias.com.br\/#\/schema\/person\/95f2ece30e3b4132065b915150cd0f94"},"breadcrumb":{"@id":"https:\/\/www.p31noticias.com.br\/?p=24836#breadcrumb"},"inLanguage":"pt-BR","potentialAction":[{"@type":"ReadAction","target":["https:\/\/www.p31noticias.com.br\/?p=24836"]}]},{"@type":"ImageObject","inLanguage":"pt-BR","@id":"https:\/\/www.p31noticias.com.br\/?p=24836#primaryimage","url":"https:\/\/www.p31noticias.com.br\/wp-content\/uploads\/2021\/11\/Foto-iban.jpg","contentUrl":"https:\/\/www.p31noticias.com.br\/wp-content\/uploads\/2021\/11\/Foto-iban.jpg","width":500,"height":375},{"@type":"BreadcrumbList","@id":"https:\/\/www.p31noticias.com.br\/?p=24836#breadcrumb","itemListElement":[{"@type":"ListItem","position":1,"name":"In\u00edcio","item":"https:\/\/www.p31noticias.com.br\/"},{"@type":"ListItem","position":2,"name":"Im\u00f3veis de igrejas ter\u00e3o pre\u00e7os mantidos se forem escriturados em 2021."}]},{"@type":"WebSite","@id":"https:\/\/www.p31noticias.com.br\/#website","url":"https:\/\/www.p31noticias.com.br\/","name":"P31","description":"NOT\u00cdCIAS","potentialAction":[{"@type":"SearchAction","target":{"@type":"EntryPoint","urlTemplate":"https:\/\/www.p31noticias.com.br\/?s={search_term_string}"},"query-input":{"@type":"PropertyValueSpecification","valueRequired":true,"valueName":"search_term_string"}}],"inLanguage":"pt-BR"},{"@type":"Person","@id":"https:\/\/www.p31noticias.com.br\/#\/schema\/person\/95f2ece30e3b4132065b915150cd0f94","name":"Gon\u00e7alves Junior","image":{"@type":"ImageObject","inLanguage":"pt-BR","@id":"https:\/\/secure.gravatar.com\/avatar\/6711f350116a89762687a48d66f723c799e5438a5b7578508d4294cd7a5d0800?s=96&d=mm&r=g","url":"https:\/\/secure.gravatar.com\/avatar\/6711f350116a89762687a48d66f723c799e5438a5b7578508d4294cd7a5d0800?s=96&d=mm&r=g","contentUrl":"https:\/\/secure.gravatar.com\/avatar\/6711f350116a89762687a48d66f723c799e5438a5b7578508d4294cd7a5d0800?s=96&d=mm&r=g","caption":"Gon\u00e7alves Junior"},"url":"https:\/\/www.p31noticias.com.br\/?author=2"}]}},"amp_enabled":true,"_links":{"self":[{"href":"https:\/\/www.p31noticias.com.br\/index.php?rest_route=\/wp\/v2\/posts\/24836","targetHints":{"allow":["GET"]}}],"collection":[{"href":"https:\/\/www.p31noticias.com.br\/index.php?rest_route=\/wp\/v2\/posts"}],"about":[{"href":"https:\/\/www.p31noticias.com.br\/index.php?rest_route=\/wp\/v2\/types\/post"}],"author":[{"embeddable":true,"href":"https:\/\/www.p31noticias.com.br\/index.php?rest_route=\/wp\/v2\/users\/2"}],"replies":[{"embeddable":true,"href":"https:\/\/www.p31noticias.com.br\/index.php?rest_route=%2Fwp%2Fv2%2Fcomments&post=24836"}],"version-history":[{"count":1,"href":"https:\/\/www.p31noticias.com.br\/index.php?rest_route=\/wp\/v2\/posts\/24836\/revisions"}],"predecessor-version":[{"id":24838,"href":"https:\/\/www.p31noticias.com.br\/index.php?rest_route=\/wp\/v2\/posts\/24836\/revisions\/24838"}],"wp:featuredmedia":[{"embeddable":true,"href":"https:\/\/www.p31noticias.com.br\/index.php?rest_route=\/wp\/v2\/media\/24837"}],"wp:attachment":[{"href":"https:\/\/www.p31noticias.com.br\/index.php?rest_route=%2Fwp%2Fv2%2Fmedia&parent=24836"}],"wp:term":[{"taxonomy":"category","embeddable":true,"href":"https:\/\/www.p31noticias.com.br\/index.php?rest_route=%2Fwp%2Fv2%2Fcategories&post=24836"},{"taxonomy":"post_tag","embeddable":true,"href":"https:\/\/www.p31noticias.com.br\/index.php?rest_route=%2Fwp%2Fv2%2Ftags&post=24836"}],"curies":[{"name":"wp","href":"https:\/\/api.w.org\/{rel}","templated":true}]}}