{"id":24792,"date":"2021-11-08T21:27:50","date_gmt":"2021-11-09T00:27:50","guid":{"rendered":"https:\/\/p31noticias.com.br\/?p=24792"},"modified":"2022-02-17T15:17:36","modified_gmt":"2022-02-17T18:17:36","slug":"covid-19-brasil-chega-a-2188-milhoes-de-casos-e-6095-mil-mortes","status":"publish","type":"post","link":"https:\/\/www.p31noticias.com.br\/?p=24792","title":{"rendered":"Covid-19: Brasil chega a 21,88 milh\u00f5es de casos e 609,5 mil mortes."},"content":{"rendered":"<h3 class=\"col-10 offset-1 animated fadeInDown dealy-900 display-8 display-md-8 alt-font font-italic my-1 text-center\" style=\"text-align: justify;\"><em><strong>Dados s\u00e3o do painel do Minist\u00e9rio da Sa\u00fade.<\/strong><\/em><\/h3>\n<p style=\"text-align: justify;\">O total de pessoas que contra\u00edram a covid-19 desde o in\u00edcio da pandemia chegou 21.886.077. Nas \u00faltimas 24 horas, as secretarias estaduais de Sa\u00fade registraram 5.638 pessoas com a doen\u00e7a. Ontem (7), o painel de dados do Minist\u00e9rio da Sa\u00fade totalizava 21.880.439 casos acumulados. Ainda h\u00e1 194.161 casos em acompanhamento, de pessoas que tiveram o quadro de covid-19 confirmado.<img decoding=\"async\" src=\"https:\/\/agenciabrasil.ebc.com.br\/ebc.png?id=1426919&amp;o=node\" \/><img decoding=\"async\" src=\"https:\/\/agenciabrasil.ebc.com.br\/ebc.gif?id=1426919&amp;o=node\" \/><\/p>\n<p style=\"text-align: justify;\">A soma de pessoas que n\u00e3o resistiram \u00e0 covid-19 alcan\u00e7ou 609.573. De ontem para hoje (8), as autoridades de sa\u00fade confirmaram 126 novas mortes. Ontem, o total de \u00f3bitos apurados pelas autoridades estava em 609.447. Ainda h\u00e1 2.902 mortes em investiga\u00e7\u00e3o. Essa situa\u00e7\u00e3o ocorre pelo fato de haver casos em que o paciente faleceu, mas a investiga\u00e7\u00e3o se a causa foi covid-19 ainda demanda exames e procedimentos posteriores.<\/p>\n<p style=\"text-align: justify;\">At\u00e9 esta sexta-feira (5), 21.082.343 pessoas j\u00e1 se recuperaram da covid-19.<\/p>\n<p style=\"text-align: justify;\">As novas estat\u00edsticas est\u00e3o no balan\u00e7o di\u00e1rio do Minist\u00e9rio da Sa\u00fade divulgado nesta segunda-feira. A atualiza\u00e7\u00e3o \u00e9 elaborada a partir das informa\u00e7\u00f5es enviadas pelas secretarias estaduais de Sa\u00fade sobre casos e mortes relacionados \u00e0 covid-19.<\/p>\n<p style=\"text-align: justify;\">Os n\u00fameros em geral s\u00e3o menores aos domingos e segundas-feiras em raz\u00e3o da redu\u00e7\u00e3o de equipes para a alimenta\u00e7\u00e3o dos dados. Ap\u00f3s o fim de semana e feriado, em geral h\u00e1 mais registros di\u00e1rios pelo ac\u00famulo de dados atualizado.<\/p>\n<h2 style=\"text-align: justify;\">Estados<\/h2>\n<p style=\"text-align: justify;\">Segundo o balan\u00e7o do Minist\u00e9rio da Sa\u00fade, no topo do ranking de estados com mais mortes por covid-19 registradas at\u00e9 o momento est\u00e3o S\u00e3o Paulo (152.527), Rio de Janeiro (68.520), Minas Gerais (55.759), Paran\u00e1 (40.638) e Rio Grande do Sul (35.644).<\/p>\n<p style=\"text-align: justify;\">J\u00e1 os estados com menos \u00f3bitos resultantes da pandemia s\u00e3o Acre (1.845), Amap\u00e1 (1.993), Roraima (2.036), Tocantins (3.889) e Sergipe (6.033). N\u00e3o houve novas mortes entre ontem e hoje no Acre e no Amap\u00e1.<\/p>\n<h2 style=\"text-align: justify;\">Vacina\u00e7\u00e3o<\/h2>\n<p style=\"text-align: justify;\">At\u00e9 o in\u00edcio da noite desta segunda-feira o sistema do Minist\u00e9rio da Sa\u00fade marcava a aplica\u00e7\u00e3o de 281,9 milh\u00f5es de doses de vacina contra a covid-19, sendo 157,5 milh\u00f5es da primeira dose e 124,3 milh\u00f5es da segunda dose e dose \u00fanica.<\/p>\n<p style=\"text-align: justify;\">Quando considerados apenas os dados consolidados no sistema do Programa Nacional de Imuniza\u00e7\u00f5es (PNI) do Minist\u00e9rio da Sa\u00fade, foram aplicados 280,5 milh\u00f5es de doses, sendo 155,8 milh\u00f5es da primeira dose e 117,1 milh\u00f5es da segunda dose.<\/p>\n<p style=\"text-align: justify;\">Foram aplicadas 10,3 milh\u00f5es de doses de refor\u00e7o.<\/p>\n<p style=\"text-align: justify;\">No total, foram distribu\u00eddas 344,1 milh\u00f5es de doses a estados e munic\u00edpios, tendo sido entregues 338,2 milh\u00f5es.<\/p>\n<div class=\"dnd-widget-wrapper context-cheio_8colunas type-image\">\n<div class=\"dnd-atom-rendered\">\n<div class=\"shadow overflow-hidden rounded-lg d-block zoom-on-hover-sm shadow-hover w-100\"><img decoding=\"async\" class=\"flex-fill img-cover\" title=\"Minist\u00e9rio da Sa\u00fade\/08\/11\/2021\/Divulga\u00e7\u00e3o\" src=\"https:\/\/imagens.ebc.com.br\/hkHpHj2PHGoL9Bus20-bcBNKNV8=\/754x0\/smart\/https:\/\/agenciabrasil.ebc.com.br\/sites\/default\/files\/thumbnails\/image\/whatsapp_image_2021-11-08_at_19.07.59.jpeg?itok=V1HNYxP-\" alt=\"Dados covid-19 do dia 08\/11\/2021\" \/><\/div>\n<\/div>\n<div class=\"dnd-caption-wrapper\">Ag\u00ebncia Brasil.<\/div>\n<\/div>\n","protected":false},"excerpt":{"rendered":"<p>Dados s\u00e3o do painel do Minist\u00e9rio da Sa\u00fade. O total de pessoas que contra\u00edram a covid-19 desde o in\u00edcio da pandemia chegou 21.886.077. Nas \u00faltimas 24 horas, as secretarias estaduais de Sa\u00fade registraram 5.638 pessoas com a doen\u00e7a. Ontem (7), o painel de dados do Minist\u00e9rio da Sa\u00fade totalizava 21.880.439 casos acumulados. Ainda h\u00e1 194.161 [&hellip;]<\/p>\n","protected":false},"author":2,"featured_media":24793,"comment_status":"open","ping_status":"open","sticky":false,"template":"","format":"standard","meta":{"footnotes":""},"categories":[68],"tags":[],"class_list":{"0":"post-24792","1":"post","2":"type-post","3":"status-publish","4":"format-standard","5":"has-post-thumbnail","7":"category-brasil"},"yoast_head":"<!-- This site is optimized with the Yoast SEO Premium plugin v24.5 (Yoast SEO v27.5) - https:\/\/yoast.com\/product\/yoast-seo-premium-wordpress\/ -->\n<title>Covid-19: Brasil chega a 21,88 milh\u00f5es de casos e 609,5 mil mortes. - P31<\/title>\n<meta name=\"robots\" content=\"index, follow, max-snippet:-1, max-image-preview:large, max-video-preview:-1\" \/>\n<link rel=\"canonical\" href=\"https:\/\/www.p31noticias.com.br\/?p=24792\" \/>\n<meta property=\"og:locale\" content=\"pt_BR\" \/>\n<meta property=\"og:type\" content=\"article\" \/>\n<meta property=\"og:title\" content=\"Covid-19: Brasil chega a 21,88 milh\u00f5es de casos e 609,5 mil mortes.\" \/>\n<meta property=\"og:description\" content=\"Dados s\u00e3o do painel do Minist\u00e9rio da Sa\u00fade. O total de pessoas que contra\u00edram a covid-19 desde o in\u00edcio da pandemia chegou 21.886.077. Nas \u00faltimas 24 horas, as secretarias estaduais de Sa\u00fade registraram 5.638 pessoas com a doen\u00e7a. Ontem (7), o painel de dados do Minist\u00e9rio da Sa\u00fade totalizava 21.880.439 casos acumulados. Ainda h\u00e1 194.161 [&hellip;]\" \/>\n<meta property=\"og:url\" content=\"https:\/\/www.p31noticias.com.br\/?p=24792\" \/>\n<meta property=\"og:site_name\" content=\"P31\" \/>\n<meta property=\"article:published_time\" content=\"2021-11-09T00:27:50+00:00\" \/>\n<meta property=\"article:modified_time\" content=\"2022-02-17T18:17:36+00:00\" \/>\n<meta property=\"og:image\" content=\"https:\/\/www.p31noticias.com.br\/wp-content\/uploads\/2021\/11\/fiocruz_20200316_raquel_portugal_02195.jpg\" \/>\n\t<meta property=\"og:image:width\" content=\"1170\" \/>\n\t<meta property=\"og:image:height\" content=\"700\" \/>\n\t<meta property=\"og:image:type\" content=\"image\/jpeg\" \/>\n<meta name=\"author\" content=\"Gon\u00e7alves Junior\" \/>\n<meta name=\"twitter:card\" content=\"summary_large_image\" \/>\n<meta name=\"twitter:label1\" content=\"Escrito por\" \/>\n\t<meta name=\"twitter:data1\" content=\"Gon\u00e7alves Junior\" \/>\n\t<meta name=\"twitter:label2\" content=\"Est. tempo de leitura\" \/>\n\t<meta name=\"twitter:data2\" content=\"2 minutos\" \/>\n<script type=\"application\/ld+json\" class=\"yoast-schema-graph\">{\"@context\":\"https:\\\/\\\/schema.org\",\"@graph\":[{\"@type\":\"Article\",\"@id\":\"https:\\\/\\\/www.p31noticias.com.br\\\/?p=24792#article\",\"isPartOf\":{\"@id\":\"https:\\\/\\\/www.p31noticias.com.br\\\/?p=24792\"},\"author\":{\"name\":\"Gon\u00e7alves Junior\",\"@id\":\"https:\\\/\\\/www.p31noticias.com.br\\\/#\\\/schema\\\/person\\\/95f2ece30e3b4132065b915150cd0f94\"},\"headline\":\"Covid-19: Brasil chega a 21,88 milh\u00f5es de casos e 609,5 mil mortes.\",\"datePublished\":\"2021-11-09T00:27:50+00:00\",\"dateModified\":\"2022-02-17T18:17:36+00:00\",\"mainEntityOfPage\":{\"@id\":\"https:\\\/\\\/www.p31noticias.com.br\\\/?p=24792\"},\"wordCount\":437,\"commentCount\":0,\"image\":{\"@id\":\"https:\\\/\\\/www.p31noticias.com.br\\\/?p=24792#primaryimage\"},\"thumbnailUrl\":\"https:\\\/\\\/www.p31noticias.com.br\\\/wp-content\\\/uploads\\\/2021\\\/11\\\/fiocruz_20200316_raquel_portugal_02195.jpg\",\"articleSection\":[\"Brasil\"],\"inLanguage\":\"pt-BR\",\"potentialAction\":[{\"@type\":\"CommentAction\",\"name\":\"Comment\",\"target\":[\"https:\\\/\\\/www.p31noticias.com.br\\\/?p=24792#respond\"]}],\"copyrightYear\":\"2021\",\"copyrightHolder\":{\"@id\":\"https:\\\/\\\/www.p31noticias.com.br\\\/#organization\"}},{\"@type\":\"WebPage\",\"@id\":\"https:\\\/\\\/www.p31noticias.com.br\\\/?p=24792\",\"url\":\"https:\\\/\\\/www.p31noticias.com.br\\\/?p=24792\",\"name\":\"Covid-19: Brasil chega a 21,88 milh\u00f5es de casos e 609,5 mil mortes. - P31\",\"isPartOf\":{\"@id\":\"https:\\\/\\\/www.p31noticias.com.br\\\/#website\"},\"primaryImageOfPage\":{\"@id\":\"https:\\\/\\\/www.p31noticias.com.br\\\/?p=24792#primaryimage\"},\"image\":{\"@id\":\"https:\\\/\\\/www.p31noticias.com.br\\\/?p=24792#primaryimage\"},\"thumbnailUrl\":\"https:\\\/\\\/www.p31noticias.com.br\\\/wp-content\\\/uploads\\\/2021\\\/11\\\/fiocruz_20200316_raquel_portugal_02195.jpg\",\"datePublished\":\"2021-11-09T00:27:50+00:00\",\"dateModified\":\"2022-02-17T18:17:36+00:00\",\"author\":{\"@id\":\"https:\\\/\\\/www.p31noticias.com.br\\\/#\\\/schema\\\/person\\\/95f2ece30e3b4132065b915150cd0f94\"},\"breadcrumb\":{\"@id\":\"https:\\\/\\\/www.p31noticias.com.br\\\/?p=24792#breadcrumb\"},\"inLanguage\":\"pt-BR\",\"potentialAction\":[{\"@type\":\"ReadAction\",\"target\":[\"https:\\\/\\\/www.p31noticias.com.br\\\/?p=24792\"]}]},{\"@type\":\"ImageObject\",\"inLanguage\":\"pt-BR\",\"@id\":\"https:\\\/\\\/www.p31noticias.com.br\\\/?p=24792#primaryimage\",\"url\":\"https:\\\/\\\/www.p31noticias.com.br\\\/wp-content\\\/uploads\\\/2021\\\/11\\\/fiocruz_20200316_raquel_portugal_02195.jpg\",\"contentUrl\":\"https:\\\/\\\/www.p31noticias.com.br\\\/wp-content\\\/uploads\\\/2021\\\/11\\\/fiocruz_20200316_raquel_portugal_02195.jpg\",\"width\":1170,\"height\":700,\"caption\":\"Aplicativo Coronav\u00edrus.\"},{\"@type\":\"BreadcrumbList\",\"@id\":\"https:\\\/\\\/www.p31noticias.com.br\\\/?p=24792#breadcrumb\",\"itemListElement\":[{\"@type\":\"ListItem\",\"position\":1,\"name\":\"In\u00edcio\",\"item\":\"https:\\\/\\\/www.p31noticias.com.br\\\/\"},{\"@type\":\"ListItem\",\"position\":2,\"name\":\"Covid-19: Brasil chega a 21,88 milh\u00f5es de casos e 609,5 mil mortes.\"}]},{\"@type\":\"WebSite\",\"@id\":\"https:\\\/\\\/www.p31noticias.com.br\\\/#website\",\"url\":\"https:\\\/\\\/www.p31noticias.com.br\\\/\",\"name\":\"P31\",\"description\":\"NOT\u00cdCIAS\",\"potentialAction\":[{\"@type\":\"SearchAction\",\"target\":{\"@type\":\"EntryPoint\",\"urlTemplate\":\"https:\\\/\\\/www.p31noticias.com.br\\\/?s={search_term_string}\"},\"query-input\":{\"@type\":\"PropertyValueSpecification\",\"valueRequired\":true,\"valueName\":\"search_term_string\"}}],\"inLanguage\":\"pt-BR\"},{\"@type\":\"Person\",\"@id\":\"https:\\\/\\\/www.p31noticias.com.br\\\/#\\\/schema\\\/person\\\/95f2ece30e3b4132065b915150cd0f94\",\"name\":\"Gon\u00e7alves Junior\",\"image\":{\"@type\":\"ImageObject\",\"inLanguage\":\"pt-BR\",\"@id\":\"https:\\\/\\\/secure.gravatar.com\\\/avatar\\\/6711f350116a89762687a48d66f723c799e5438a5b7578508d4294cd7a5d0800?s=96&d=mm&r=g\",\"url\":\"https:\\\/\\\/secure.gravatar.com\\\/avatar\\\/6711f350116a89762687a48d66f723c799e5438a5b7578508d4294cd7a5d0800?s=96&d=mm&r=g\",\"contentUrl\":\"https:\\\/\\\/secure.gravatar.com\\\/avatar\\\/6711f350116a89762687a48d66f723c799e5438a5b7578508d4294cd7a5d0800?s=96&d=mm&r=g\",\"caption\":\"Gon\u00e7alves Junior\"},\"url\":\"https:\\\/\\\/www.p31noticias.com.br\\\/?author=2\"}]}<\/script>\n<!-- \/ Yoast SEO Premium plugin. -->","yoast_head_json":{"title":"Covid-19: Brasil chega a 21,88 milh\u00f5es de casos e 609,5 mil mortes. - P31","robots":{"index":"index","follow":"follow","max-snippet":"max-snippet:-1","max-image-preview":"max-image-preview:large","max-video-preview":"max-video-preview:-1"},"canonical":"https:\/\/www.p31noticias.com.br\/?p=24792","og_locale":"pt_BR","og_type":"article","og_title":"Covid-19: Brasil chega a 21,88 milh\u00f5es de casos e 609,5 mil mortes.","og_description":"Dados s\u00e3o do painel do Minist\u00e9rio da Sa\u00fade. O total de pessoas que contra\u00edram a covid-19 desde o in\u00edcio da pandemia chegou 21.886.077. Nas \u00faltimas 24 horas, as secretarias estaduais de Sa\u00fade registraram 5.638 pessoas com a doen\u00e7a. Ontem (7), o painel de dados do Minist\u00e9rio da Sa\u00fade totalizava 21.880.439 casos acumulados. Ainda h\u00e1 194.161 [&hellip;]","og_url":"https:\/\/www.p31noticias.com.br\/?p=24792","og_site_name":"P31","article_published_time":"2021-11-09T00:27:50+00:00","article_modified_time":"2022-02-17T18:17:36+00:00","og_image":[{"width":1170,"height":700,"url":"https:\/\/www.p31noticias.com.br\/wp-content\/uploads\/2021\/11\/fiocruz_20200316_raquel_portugal_02195.jpg","type":"image\/jpeg"}],"author":"Gon\u00e7alves Junior","twitter_card":"summary_large_image","twitter_misc":{"Escrito por":"Gon\u00e7alves Junior","Est. tempo de leitura":"2 minutos"},"schema":{"@context":"https:\/\/schema.org","@graph":[{"@type":"Article","@id":"https:\/\/www.p31noticias.com.br\/?p=24792#article","isPartOf":{"@id":"https:\/\/www.p31noticias.com.br\/?p=24792"},"author":{"name":"Gon\u00e7alves Junior","@id":"https:\/\/www.p31noticias.com.br\/#\/schema\/person\/95f2ece30e3b4132065b915150cd0f94"},"headline":"Covid-19: Brasil chega a 21,88 milh\u00f5es de casos e 609,5 mil mortes.","datePublished":"2021-11-09T00:27:50+00:00","dateModified":"2022-02-17T18:17:36+00:00","mainEntityOfPage":{"@id":"https:\/\/www.p31noticias.com.br\/?p=24792"},"wordCount":437,"commentCount":0,"image":{"@id":"https:\/\/www.p31noticias.com.br\/?p=24792#primaryimage"},"thumbnailUrl":"https:\/\/www.p31noticias.com.br\/wp-content\/uploads\/2021\/11\/fiocruz_20200316_raquel_portugal_02195.jpg","articleSection":["Brasil"],"inLanguage":"pt-BR","potentialAction":[{"@type":"CommentAction","name":"Comment","target":["https:\/\/www.p31noticias.com.br\/?p=24792#respond"]}],"copyrightYear":"2021","copyrightHolder":{"@id":"https:\/\/www.p31noticias.com.br\/#organization"}},{"@type":"WebPage","@id":"https:\/\/www.p31noticias.com.br\/?p=24792","url":"https:\/\/www.p31noticias.com.br\/?p=24792","name":"Covid-19: Brasil chega a 21,88 milh\u00f5es de casos e 609,5 mil mortes. - P31","isPartOf":{"@id":"https:\/\/www.p31noticias.com.br\/#website"},"primaryImageOfPage":{"@id":"https:\/\/www.p31noticias.com.br\/?p=24792#primaryimage"},"image":{"@id":"https:\/\/www.p31noticias.com.br\/?p=24792#primaryimage"},"thumbnailUrl":"https:\/\/www.p31noticias.com.br\/wp-content\/uploads\/2021\/11\/fiocruz_20200316_raquel_portugal_02195.jpg","datePublished":"2021-11-09T00:27:50+00:00","dateModified":"2022-02-17T18:17:36+00:00","author":{"@id":"https:\/\/www.p31noticias.com.br\/#\/schema\/person\/95f2ece30e3b4132065b915150cd0f94"},"breadcrumb":{"@id":"https:\/\/www.p31noticias.com.br\/?p=24792#breadcrumb"},"inLanguage":"pt-BR","potentialAction":[{"@type":"ReadAction","target":["https:\/\/www.p31noticias.com.br\/?p=24792"]}]},{"@type":"ImageObject","inLanguage":"pt-BR","@id":"https:\/\/www.p31noticias.com.br\/?p=24792#primaryimage","url":"https:\/\/www.p31noticias.com.br\/wp-content\/uploads\/2021\/11\/fiocruz_20200316_raquel_portugal_02195.jpg","contentUrl":"https:\/\/www.p31noticias.com.br\/wp-content\/uploads\/2021\/11\/fiocruz_20200316_raquel_portugal_02195.jpg","width":1170,"height":700,"caption":"Aplicativo Coronav\u00edrus."},{"@type":"BreadcrumbList","@id":"https:\/\/www.p31noticias.com.br\/?p=24792#breadcrumb","itemListElement":[{"@type":"ListItem","position":1,"name":"In\u00edcio","item":"https:\/\/www.p31noticias.com.br\/"},{"@type":"ListItem","position":2,"name":"Covid-19: Brasil chega a 21,88 milh\u00f5es de casos e 609,5 mil mortes."}]},{"@type":"WebSite","@id":"https:\/\/www.p31noticias.com.br\/#website","url":"https:\/\/www.p31noticias.com.br\/","name":"P31","description":"NOT\u00cdCIAS","potentialAction":[{"@type":"SearchAction","target":{"@type":"EntryPoint","urlTemplate":"https:\/\/www.p31noticias.com.br\/?s={search_term_string}"},"query-input":{"@type":"PropertyValueSpecification","valueRequired":true,"valueName":"search_term_string"}}],"inLanguage":"pt-BR"},{"@type":"Person","@id":"https:\/\/www.p31noticias.com.br\/#\/schema\/person\/95f2ece30e3b4132065b915150cd0f94","name":"Gon\u00e7alves Junior","image":{"@type":"ImageObject","inLanguage":"pt-BR","@id":"https:\/\/secure.gravatar.com\/avatar\/6711f350116a89762687a48d66f723c799e5438a5b7578508d4294cd7a5d0800?s=96&d=mm&r=g","url":"https:\/\/secure.gravatar.com\/avatar\/6711f350116a89762687a48d66f723c799e5438a5b7578508d4294cd7a5d0800?s=96&d=mm&r=g","contentUrl":"https:\/\/secure.gravatar.com\/avatar\/6711f350116a89762687a48d66f723c799e5438a5b7578508d4294cd7a5d0800?s=96&d=mm&r=g","caption":"Gon\u00e7alves Junior"},"url":"https:\/\/www.p31noticias.com.br\/?author=2"}]}},"amp_enabled":true,"_links":{"self":[{"href":"https:\/\/www.p31noticias.com.br\/index.php?rest_route=\/wp\/v2\/posts\/24792","targetHints":{"allow":["GET"]}}],"collection":[{"href":"https:\/\/www.p31noticias.com.br\/index.php?rest_route=\/wp\/v2\/posts"}],"about":[{"href":"https:\/\/www.p31noticias.com.br\/index.php?rest_route=\/wp\/v2\/types\/post"}],"author":[{"embeddable":true,"href":"https:\/\/www.p31noticias.com.br\/index.php?rest_route=\/wp\/v2\/users\/2"}],"replies":[{"embeddable":true,"href":"https:\/\/www.p31noticias.com.br\/index.php?rest_route=%2Fwp%2Fv2%2Fcomments&post=24792"}],"version-history":[{"count":1,"href":"https:\/\/www.p31noticias.com.br\/index.php?rest_route=\/wp\/v2\/posts\/24792\/revisions"}],"predecessor-version":[{"id":24794,"href":"https:\/\/www.p31noticias.com.br\/index.php?rest_route=\/wp\/v2\/posts\/24792\/revisions\/24794"}],"wp:featuredmedia":[{"embeddable":true,"href":"https:\/\/www.p31noticias.com.br\/index.php?rest_route=\/wp\/v2\/media\/24793"}],"wp:attachment":[{"href":"https:\/\/www.p31noticias.com.br\/index.php?rest_route=%2Fwp%2Fv2%2Fmedia&parent=24792"}],"wp:term":[{"taxonomy":"category","embeddable":true,"href":"https:\/\/www.p31noticias.com.br\/index.php?rest_route=%2Fwp%2Fv2%2Fcategories&post=24792"},{"taxonomy":"post_tag","embeddable":true,"href":"https:\/\/www.p31noticias.com.br\/index.php?rest_route=%2Fwp%2Fv2%2Ftags&post=24792"}],"curies":[{"name":"wp","href":"https:\/\/api.w.org\/{rel}","templated":true}]}}