{"id":24782,"date":"2021-11-02T11:32:43","date_gmt":"2021-11-02T14:32:43","guid":{"rendered":"https:\/\/p31noticias.com.br\/?p=24782"},"modified":"2022-02-17T15:17:36","modified_gmt":"2022-02-17T18:17:36","slug":"cemiterios-do-distrito-federal-devem-receber-meio-milhao-de-visitantes","status":"publish","type":"post","link":"https:\/\/www.p31noticias.com.br\/?p=24782","title":{"rendered":"Cemit\u00e9rios do Distrito Federal devem receber meio milh\u00e3o de visitantes."},"content":{"rendered":"<h3 class=\"col-10 offset-1 animated fadeInDown dealy-900 display-8 display-md-8 alt-font font-italic my-1 text-center\" style=\"text-align: justify;\"><em><strong>P\u00fablico esperado \u00e9 o dobro do registrado em 2020.<\/strong><\/em><\/h3>\n<p style=\"text-align: justify;\">Mesmo com a previs\u00e3o de um dia chuvoso, especialmente na parte da tarde, a expectativa \u00e9 que nesta ter\u00e7a-feira (2) a movimenta\u00e7\u00e3o seja grande nos seis cemit\u00e9rios do Distrito Federal, por onde devem passar cerca de 500 mil pessoas neste Dia de Finados.<img decoding=\"async\" src=\"https:\/\/agenciabrasil.ebc.com.br\/ebc.png?id=1426292&amp;o=node\" \/><img decoding=\"async\" src=\"https:\/\/agenciabrasil.ebc.com.br\/ebc.gif?id=1426292&amp;o=node\" \/><\/p>\n<p style=\"text-align: justify;\">O p\u00fablico esperado \u00e9 o dobro do registrado em 2020, afetado diretamente pelo impacto da pandemia da covid-19. Segundo a Secretaria de Justi\u00e7a e Cidadania (Sejus), que coordena a concess\u00e3o dos cemit\u00e9rios no Distrito Federal, os cemit\u00e9rios do DF v\u00e3o funcionar em hor\u00e1rio estendido hoje at\u00e9 as 18h30. O cumprimento dos protocolos sanit\u00e1rios como uso de m\u00e1scara em espa\u00e7os fechados e nas \u00e1reas externas, al\u00e9m da limita\u00e7\u00e3o de visitantes nas tendas onde ser\u00e3o celebradas as missas, a higieniza\u00e7\u00e3o com \u00e1lcool 70% e a aferi\u00e7\u00e3o de temperatura, tamb\u00e9m ser\u00e1 cobrado.<\/p>\n<h2 style=\"text-align: justify;\">Ajuda espiritual<\/h2>\n<p style=\"text-align: justify;\">Especialmente por causa da pandemia, a Sejus vai oferecer atendimento psicol\u00f3gico\u00a0 com assistentes sociais \u00e0s fam\u00edlias fragilizadas pelas perdas de pessoas pr\u00f3ximas. Apoio emocional e espiritual \u00e0s pessoas que forem aos cemit\u00e9rios tamb\u00e9m ser\u00e1 dado durante todo o dia por grupos organizados pela Arquidiocese de Bras\u00edlia. Al\u00e9m das missas, religiosos estar\u00e3o \u00e0 disposi\u00e7\u00e3o para rezar com as fam\u00edlias enlutadas.<\/p>\n<h2 style=\"text-align: justify;\">Tr\u00e2nsito<\/h2>\n<p style=\"text-align: justify;\">O tr\u00e2nsito nas imedia\u00e7\u00f5es dos cemit\u00e9rios tamb\u00e9m sofreu altera\u00e7\u00f5es. No Campo da Esperan\u00e7a, principal da capital federal, na Asa Sul, o acesso pela W5 ser\u00e1 permitido apenas pela via ao lado do Hospital Santa L\u00facia. Os motoristas que vierem pelo Setor Policial Sul precisar\u00e3o fazer o retorno no viaduto da W3 Sul e seguir por essa via. Os demais retornos estar\u00e3o fechados, incluindo o bal\u00e3o em frente ao cemit\u00e9rio.<\/p>\n<p style=\"text-align: justify;\">O tr\u00e1fego na W5 Sul ser\u00e1 em sentido \u00fanico a partir do cemit\u00e9rio at\u00e9 a Estrada Parque Pol\u00edcia Militar. No trecho entre o cemit\u00e9rio e a 714 Sul, o fluxo ser\u00e1 nos dois sentidos.<\/p>\n<p style=\"text-align: justify;\">O estacionamento do Templo da Legi\u00e3o da Boa Vontade (LBV) ser\u00e1 liberado somente para idosos, gestantes e pessoas com defici\u00eancia. Os ve\u00edculos dever\u00e3o estar com a credencial sobre o painel com a frente virada para cima. O estacionamento 6 do Parque da Cidade estar\u00e1 livre para o p\u00fablico geral. A altera\u00e7\u00e3o ocorrer\u00e1 entre 6h e 18h.<\/p>\n<p style=\"text-align: justify;\">Ag\u00eancia Brasil.<\/p>\n","protected":false},"excerpt":{"rendered":"<p>P\u00fablico esperado \u00e9 o dobro do registrado em 2020. Mesmo com a previs\u00e3o de um dia chuvoso, especialmente na parte da tarde, a expectativa \u00e9 que nesta ter\u00e7a-feira (2) a movimenta\u00e7\u00e3o seja grande nos seis cemit\u00e9rios do Distrito Federal, por onde devem passar cerca de 500 mil pessoas neste Dia de Finados. O p\u00fablico esperado [&hellip;]<\/p>\n","protected":false},"author":2,"featured_media":24783,"comment_status":"open","ping_status":"open","sticky":false,"template":"","format":"standard","meta":{"footnotes":""},"categories":[1],"tags":[],"class_list":{"0":"post-24782","1":"post","2":"type-post","3":"status-publish","4":"format-standard","5":"has-post-thumbnail","7":"category-outros"},"yoast_head":"<!-- This site is optimized with the Yoast SEO Premium plugin v24.5 (Yoast SEO v27.5) - https:\/\/yoast.com\/product\/yoast-seo-premium-wordpress\/ -->\n<title>Cemit\u00e9rios do Distrito Federal devem receber meio milh\u00e3o de visitantes. - P31<\/title>\n<meta name=\"robots\" content=\"index, follow, max-snippet:-1, max-image-preview:large, max-video-preview:-1\" \/>\n<link rel=\"canonical\" href=\"https:\/\/www.p31noticias.com.br\/?p=24782\" \/>\n<meta property=\"og:locale\" content=\"pt_BR\" \/>\n<meta property=\"og:type\" content=\"article\" \/>\n<meta property=\"og:title\" content=\"Cemit\u00e9rios do Distrito Federal devem receber meio milh\u00e3o de visitantes.\" \/>\n<meta property=\"og:description\" content=\"P\u00fablico esperado \u00e9 o dobro do registrado em 2020. Mesmo com a previs\u00e3o de um dia chuvoso, especialmente na parte da tarde, a expectativa \u00e9 que nesta ter\u00e7a-feira (2) a movimenta\u00e7\u00e3o seja grande nos seis cemit\u00e9rios do Distrito Federal, por onde devem passar cerca de 500 mil pessoas neste Dia de Finados. O p\u00fablico esperado [&hellip;]\" \/>\n<meta property=\"og:url\" content=\"https:\/\/www.p31noticias.com.br\/?p=24782\" \/>\n<meta property=\"og:site_name\" content=\"P31\" \/>\n<meta property=\"article:published_time\" content=\"2021-11-02T14:32:43+00:00\" \/>\n<meta property=\"article:modified_time\" content=\"2022-02-17T18:17:36+00:00\" \/>\n<meta property=\"og:image\" content=\"https:\/\/www.p31noticias.com.br\/wp-content\/uploads\/2021\/11\/vac_20181102_1943df.jpg\" \/>\n\t<meta property=\"og:image:width\" content=\"1170\" \/>\n\t<meta property=\"og:image:height\" content=\"700\" \/>\n\t<meta property=\"og:image:type\" content=\"image\/jpeg\" \/>\n<meta name=\"author\" content=\"Gon\u00e7alves Junior\" \/>\n<meta name=\"twitter:card\" content=\"summary_large_image\" \/>\n<meta name=\"twitter:label1\" content=\"Escrito por\" \/>\n\t<meta name=\"twitter:data1\" content=\"Gon\u00e7alves Junior\" \/>\n\t<meta name=\"twitter:label2\" content=\"Est. tempo de leitura\" \/>\n\t<meta name=\"twitter:data2\" content=\"2 minutos\" \/>\n<script type=\"application\/ld+json\" class=\"yoast-schema-graph\">{\"@context\":\"https:\\\/\\\/schema.org\",\"@graph\":[{\"@type\":\"Article\",\"@id\":\"https:\\\/\\\/www.p31noticias.com.br\\\/?p=24782#article\",\"isPartOf\":{\"@id\":\"https:\\\/\\\/www.p31noticias.com.br\\\/?p=24782\"},\"author\":{\"name\":\"Gon\u00e7alves Junior\",\"@id\":\"https:\\\/\\\/www.p31noticias.com.br\\\/#\\\/schema\\\/person\\\/95f2ece30e3b4132065b915150cd0f94\"},\"headline\":\"Cemit\u00e9rios do Distrito Federal devem receber meio milh\u00e3o de visitantes.\",\"datePublished\":\"2021-11-02T14:32:43+00:00\",\"dateModified\":\"2022-02-17T18:17:36+00:00\",\"mainEntityOfPage\":{\"@id\":\"https:\\\/\\\/www.p31noticias.com.br\\\/?p=24782\"},\"wordCount\":419,\"commentCount\":0,\"image\":{\"@id\":\"https:\\\/\\\/www.p31noticias.com.br\\\/?p=24782#primaryimage\"},\"thumbnailUrl\":\"https:\\\/\\\/www.p31noticias.com.br\\\/wp-content\\\/uploads\\\/2021\\\/11\\\/vac_20181102_1943df.jpg\",\"articleSection\":[\"Outros\"],\"inLanguage\":\"pt-BR\",\"potentialAction\":[{\"@type\":\"CommentAction\",\"name\":\"Comment\",\"target\":[\"https:\\\/\\\/www.p31noticias.com.br\\\/?p=24782#respond\"]}],\"copyrightYear\":\"2021\",\"copyrightHolder\":{\"@id\":\"https:\\\/\\\/www.p31noticias.com.br\\\/#organization\"}},{\"@type\":\"WebPage\",\"@id\":\"https:\\\/\\\/www.p31noticias.com.br\\\/?p=24782\",\"url\":\"https:\\\/\\\/www.p31noticias.com.br\\\/?p=24782\",\"name\":\"Cemit\u00e9rios do Distrito Federal devem receber meio milh\u00e3o de visitantes. - P31\",\"isPartOf\":{\"@id\":\"https:\\\/\\\/www.p31noticias.com.br\\\/#website\"},\"primaryImageOfPage\":{\"@id\":\"https:\\\/\\\/www.p31noticias.com.br\\\/?p=24782#primaryimage\"},\"image\":{\"@id\":\"https:\\\/\\\/www.p31noticias.com.br\\\/?p=24782#primaryimage\"},\"thumbnailUrl\":\"https:\\\/\\\/www.p31noticias.com.br\\\/wp-content\\\/uploads\\\/2021\\\/11\\\/vac_20181102_1943df.jpg\",\"datePublished\":\"2021-11-02T14:32:43+00:00\",\"dateModified\":\"2022-02-17T18:17:36+00:00\",\"author\":{\"@id\":\"https:\\\/\\\/www.p31noticias.com.br\\\/#\\\/schema\\\/person\\\/95f2ece30e3b4132065b915150cd0f94\"},\"breadcrumb\":{\"@id\":\"https:\\\/\\\/www.p31noticias.com.br\\\/?p=24782#breadcrumb\"},\"inLanguage\":\"pt-BR\",\"potentialAction\":[{\"@type\":\"ReadAction\",\"target\":[\"https:\\\/\\\/www.p31noticias.com.br\\\/?p=24782\"]}]},{\"@type\":\"ImageObject\",\"inLanguage\":\"pt-BR\",\"@id\":\"https:\\\/\\\/www.p31noticias.com.br\\\/?p=24782#primaryimage\",\"url\":\"https:\\\/\\\/www.p31noticias.com.br\\\/wp-content\\\/uploads\\\/2021\\\/11\\\/vac_20181102_1943df.jpg\",\"contentUrl\":\"https:\\\/\\\/www.p31noticias.com.br\\\/wp-content\\\/uploads\\\/2021\\\/11\\\/vac_20181102_1943df.jpg\",\"width\":1170,\"height\":700,\"caption\":\"Movimenta\u00e7\u00e3o no Cemit\u00e9rio Campo da Esperan\u00e7a no dia de Finados\"},{\"@type\":\"BreadcrumbList\",\"@id\":\"https:\\\/\\\/www.p31noticias.com.br\\\/?p=24782#breadcrumb\",\"itemListElement\":[{\"@type\":\"ListItem\",\"position\":1,\"name\":\"In\u00edcio\",\"item\":\"https:\\\/\\\/www.p31noticias.com.br\\\/\"},{\"@type\":\"ListItem\",\"position\":2,\"name\":\"Cemit\u00e9rios do Distrito Federal devem receber meio milh\u00e3o de visitantes.\"}]},{\"@type\":\"WebSite\",\"@id\":\"https:\\\/\\\/www.p31noticias.com.br\\\/#website\",\"url\":\"https:\\\/\\\/www.p31noticias.com.br\\\/\",\"name\":\"P31\",\"description\":\"NOT\u00cdCIAS\",\"potentialAction\":[{\"@type\":\"SearchAction\",\"target\":{\"@type\":\"EntryPoint\",\"urlTemplate\":\"https:\\\/\\\/www.p31noticias.com.br\\\/?s={search_term_string}\"},\"query-input\":{\"@type\":\"PropertyValueSpecification\",\"valueRequired\":true,\"valueName\":\"search_term_string\"}}],\"inLanguage\":\"pt-BR\"},{\"@type\":\"Person\",\"@id\":\"https:\\\/\\\/www.p31noticias.com.br\\\/#\\\/schema\\\/person\\\/95f2ece30e3b4132065b915150cd0f94\",\"name\":\"Gon\u00e7alves Junior\",\"image\":{\"@type\":\"ImageObject\",\"inLanguage\":\"pt-BR\",\"@id\":\"https:\\\/\\\/secure.gravatar.com\\\/avatar\\\/6711f350116a89762687a48d66f723c799e5438a5b7578508d4294cd7a5d0800?s=96&d=mm&r=g\",\"url\":\"https:\\\/\\\/secure.gravatar.com\\\/avatar\\\/6711f350116a89762687a48d66f723c799e5438a5b7578508d4294cd7a5d0800?s=96&d=mm&r=g\",\"contentUrl\":\"https:\\\/\\\/secure.gravatar.com\\\/avatar\\\/6711f350116a89762687a48d66f723c799e5438a5b7578508d4294cd7a5d0800?s=96&d=mm&r=g\",\"caption\":\"Gon\u00e7alves Junior\"},\"url\":\"https:\\\/\\\/www.p31noticias.com.br\\\/?author=2\"}]}<\/script>\n<!-- \/ Yoast SEO Premium plugin. -->","yoast_head_json":{"title":"Cemit\u00e9rios do Distrito Federal devem receber meio milh\u00e3o de visitantes. - P31","robots":{"index":"index","follow":"follow","max-snippet":"max-snippet:-1","max-image-preview":"max-image-preview:large","max-video-preview":"max-video-preview:-1"},"canonical":"https:\/\/www.p31noticias.com.br\/?p=24782","og_locale":"pt_BR","og_type":"article","og_title":"Cemit\u00e9rios do Distrito Federal devem receber meio milh\u00e3o de visitantes.","og_description":"P\u00fablico esperado \u00e9 o dobro do registrado em 2020. Mesmo com a previs\u00e3o de um dia chuvoso, especialmente na parte da tarde, a expectativa \u00e9 que nesta ter\u00e7a-feira (2) a movimenta\u00e7\u00e3o seja grande nos seis cemit\u00e9rios do Distrito Federal, por onde devem passar cerca de 500 mil pessoas neste Dia de Finados. O p\u00fablico esperado [&hellip;]","og_url":"https:\/\/www.p31noticias.com.br\/?p=24782","og_site_name":"P31","article_published_time":"2021-11-02T14:32:43+00:00","article_modified_time":"2022-02-17T18:17:36+00:00","og_image":[{"width":1170,"height":700,"url":"https:\/\/www.p31noticias.com.br\/wp-content\/uploads\/2021\/11\/vac_20181102_1943df.jpg","type":"image\/jpeg"}],"author":"Gon\u00e7alves Junior","twitter_card":"summary_large_image","twitter_misc":{"Escrito por":"Gon\u00e7alves Junior","Est. tempo de leitura":"2 minutos"},"schema":{"@context":"https:\/\/schema.org","@graph":[{"@type":"Article","@id":"https:\/\/www.p31noticias.com.br\/?p=24782#article","isPartOf":{"@id":"https:\/\/www.p31noticias.com.br\/?p=24782"},"author":{"name":"Gon\u00e7alves Junior","@id":"https:\/\/www.p31noticias.com.br\/#\/schema\/person\/95f2ece30e3b4132065b915150cd0f94"},"headline":"Cemit\u00e9rios do Distrito Federal devem receber meio milh\u00e3o de visitantes.","datePublished":"2021-11-02T14:32:43+00:00","dateModified":"2022-02-17T18:17:36+00:00","mainEntityOfPage":{"@id":"https:\/\/www.p31noticias.com.br\/?p=24782"},"wordCount":419,"commentCount":0,"image":{"@id":"https:\/\/www.p31noticias.com.br\/?p=24782#primaryimage"},"thumbnailUrl":"https:\/\/www.p31noticias.com.br\/wp-content\/uploads\/2021\/11\/vac_20181102_1943df.jpg","articleSection":["Outros"],"inLanguage":"pt-BR","potentialAction":[{"@type":"CommentAction","name":"Comment","target":["https:\/\/www.p31noticias.com.br\/?p=24782#respond"]}],"copyrightYear":"2021","copyrightHolder":{"@id":"https:\/\/www.p31noticias.com.br\/#organization"}},{"@type":"WebPage","@id":"https:\/\/www.p31noticias.com.br\/?p=24782","url":"https:\/\/www.p31noticias.com.br\/?p=24782","name":"Cemit\u00e9rios do Distrito Federal devem receber meio milh\u00e3o de visitantes. - P31","isPartOf":{"@id":"https:\/\/www.p31noticias.com.br\/#website"},"primaryImageOfPage":{"@id":"https:\/\/www.p31noticias.com.br\/?p=24782#primaryimage"},"image":{"@id":"https:\/\/www.p31noticias.com.br\/?p=24782#primaryimage"},"thumbnailUrl":"https:\/\/www.p31noticias.com.br\/wp-content\/uploads\/2021\/11\/vac_20181102_1943df.jpg","datePublished":"2021-11-02T14:32:43+00:00","dateModified":"2022-02-17T18:17:36+00:00","author":{"@id":"https:\/\/www.p31noticias.com.br\/#\/schema\/person\/95f2ece30e3b4132065b915150cd0f94"},"breadcrumb":{"@id":"https:\/\/www.p31noticias.com.br\/?p=24782#breadcrumb"},"inLanguage":"pt-BR","potentialAction":[{"@type":"ReadAction","target":["https:\/\/www.p31noticias.com.br\/?p=24782"]}]},{"@type":"ImageObject","inLanguage":"pt-BR","@id":"https:\/\/www.p31noticias.com.br\/?p=24782#primaryimage","url":"https:\/\/www.p31noticias.com.br\/wp-content\/uploads\/2021\/11\/vac_20181102_1943df.jpg","contentUrl":"https:\/\/www.p31noticias.com.br\/wp-content\/uploads\/2021\/11\/vac_20181102_1943df.jpg","width":1170,"height":700,"caption":"Movimenta\u00e7\u00e3o no Cemit\u00e9rio Campo da Esperan\u00e7a no dia de Finados"},{"@type":"BreadcrumbList","@id":"https:\/\/www.p31noticias.com.br\/?p=24782#breadcrumb","itemListElement":[{"@type":"ListItem","position":1,"name":"In\u00edcio","item":"https:\/\/www.p31noticias.com.br\/"},{"@type":"ListItem","position":2,"name":"Cemit\u00e9rios do Distrito Federal devem receber meio milh\u00e3o de visitantes."}]},{"@type":"WebSite","@id":"https:\/\/www.p31noticias.com.br\/#website","url":"https:\/\/www.p31noticias.com.br\/","name":"P31","description":"NOT\u00cdCIAS","potentialAction":[{"@type":"SearchAction","target":{"@type":"EntryPoint","urlTemplate":"https:\/\/www.p31noticias.com.br\/?s={search_term_string}"},"query-input":{"@type":"PropertyValueSpecification","valueRequired":true,"valueName":"search_term_string"}}],"inLanguage":"pt-BR"},{"@type":"Person","@id":"https:\/\/www.p31noticias.com.br\/#\/schema\/person\/95f2ece30e3b4132065b915150cd0f94","name":"Gon\u00e7alves Junior","image":{"@type":"ImageObject","inLanguage":"pt-BR","@id":"https:\/\/secure.gravatar.com\/avatar\/6711f350116a89762687a48d66f723c799e5438a5b7578508d4294cd7a5d0800?s=96&d=mm&r=g","url":"https:\/\/secure.gravatar.com\/avatar\/6711f350116a89762687a48d66f723c799e5438a5b7578508d4294cd7a5d0800?s=96&d=mm&r=g","contentUrl":"https:\/\/secure.gravatar.com\/avatar\/6711f350116a89762687a48d66f723c799e5438a5b7578508d4294cd7a5d0800?s=96&d=mm&r=g","caption":"Gon\u00e7alves Junior"},"url":"https:\/\/www.p31noticias.com.br\/?author=2"}]}},"amp_enabled":true,"_links":{"self":[{"href":"https:\/\/www.p31noticias.com.br\/index.php?rest_route=\/wp\/v2\/posts\/24782","targetHints":{"allow":["GET"]}}],"collection":[{"href":"https:\/\/www.p31noticias.com.br\/index.php?rest_route=\/wp\/v2\/posts"}],"about":[{"href":"https:\/\/www.p31noticias.com.br\/index.php?rest_route=\/wp\/v2\/types\/post"}],"author":[{"embeddable":true,"href":"https:\/\/www.p31noticias.com.br\/index.php?rest_route=\/wp\/v2\/users\/2"}],"replies":[{"embeddable":true,"href":"https:\/\/www.p31noticias.com.br\/index.php?rest_route=%2Fwp%2Fv2%2Fcomments&post=24782"}],"version-history":[{"count":1,"href":"https:\/\/www.p31noticias.com.br\/index.php?rest_route=\/wp\/v2\/posts\/24782\/revisions"}],"predecessor-version":[{"id":24784,"href":"https:\/\/www.p31noticias.com.br\/index.php?rest_route=\/wp\/v2\/posts\/24782\/revisions\/24784"}],"wp:featuredmedia":[{"embeddable":true,"href":"https:\/\/www.p31noticias.com.br\/index.php?rest_route=\/wp\/v2\/media\/24783"}],"wp:attachment":[{"href":"https:\/\/www.p31noticias.com.br\/index.php?rest_route=%2Fwp%2Fv2%2Fmedia&parent=24782"}],"wp:term":[{"taxonomy":"category","embeddable":true,"href":"https:\/\/www.p31noticias.com.br\/index.php?rest_route=%2Fwp%2Fv2%2Fcategories&post=24782"},{"taxonomy":"post_tag","embeddable":true,"href":"https:\/\/www.p31noticias.com.br\/index.php?rest_route=%2Fwp%2Fv2%2Ftags&post=24782"}],"curies":[{"name":"wp","href":"https:\/\/api.w.org\/{rel}","templated":true}]}}