{"id":24773,"date":"2021-10-30T22:10:00","date_gmt":"2021-10-31T01:10:00","guid":{"rendered":"https:\/\/p31noticias.com.br\/?p=24773"},"modified":"2022-02-17T15:17:36","modified_gmt":"2022-02-17T18:17:36","slug":"tecnologia-permite-identificar-a-variante-na-amostra-de-covid-19","status":"publish","type":"post","link":"https:\/\/www.p31noticias.com.br\/?p=24773","title":{"rendered":"Tecnologia permite identificar a variante na amostra de covid-19."},"content":{"rendered":"<p><em><strong>A t\u00e9cnica foi desenvolvida por pesquisadores do Hospital Universit\u00e1rio de Bras\u00edlia e da Faculdade de Ceil\u00e2ndia (FCE-UnB), com apoio da FAP-DF.<\/strong><\/em><\/p>\n<p style=\"text-align: justify;\">Uma nova tecnologia, desenvolvida no Laborat\u00f3rio de Diagn\u00f3stico Molecular do Hospital Universit\u00e1rio de Bras\u00edlia (HUB-UnB), permite identificar a variante presente na amostra de covid-19. A t\u00e9cnica, que est\u00e1 sendo testada desde maio de 2021, \u00e9 a mesma usada para detec\u00e7\u00e3o do coronav\u00edrus, chamada de RT-PCR ou PCR em tempo real. Participaram do estudo pesquisadores da Faculdade de Ceil\u00e2ndia (FCE-UnB) e do HUB, hospital vinculado \u00e0 Empresa Brasileira de Servi\u00e7os Hospitalares (Ebserh).<\/p>\n<p style=\"text-align: justify;\">A genotipagem por RT-PCR \u00e9 90% mais barata e mais r\u00e1pida que o m\u00e9todo mais comum para a detec\u00e7\u00e3o de variante, baseado no sequenciamento gen\u00e9tico, e pode ser feita em qualquer laborat\u00f3rio que possua uma m\u00e1quina de RT-PCR. Essas caracter\u00edsticas permitem a an\u00e1lise de uma quantidade maior de amostras, o que \u00e9 essencial para o acompanhamento da predomin\u00e2ncia das variantes e para fins epidemiol\u00f3gicos.<\/p>\n<p style=\"text-align: justify;\">\u201cFacilitar a identifica\u00e7\u00e3o das variantes de covid-19 pode trazer grande impacto no entendimento do comportamento da doen\u00e7a e no planejamento de a\u00e7\u00f5es para sua preven\u00e7\u00e3o. A Ebserh tem participado de forma ativa em pesquisas relacionadas \u00e0 covid desde o in\u00edcio da pandemia\u201d, explica o diretor de Ensino, Pesquisa e Aten\u00e7\u00e3o \u00e0 Sa\u00fade da Ebserh, Giuseppe Cesare Gatto.<\/p>\n<blockquote class=\"olho esquerda\"><p><span class=\"olho__numeralha clearfix no-margin bold block\">811<\/span><span class=\"olho__texto h2\">amostras passaram pela genotipagem, 264 de profissionais e pacientes do HUB e 547 de moradores da Cidade Estrutural<\/span><\/p><\/blockquote>\n<p style=\"text-align: justify;\"><strong>Pesquisa<\/strong><\/p>\n<p style=\"text-align: justify;\">Das 811 amostras que passaram pela genotipagem, 264 s\u00e3o de profissionais e pacientes do HUB e 547 de moradores da Cidade Estrutural. O projeto de pesquisa chamado Zaracs (Zica, Arbov\u00edrus and Other Infections Cohort Studies) est\u00e1 acompanhando os casos de covid-19 na Estrutural desde mar\u00e7o de 2020.<\/p>\n<p style=\"text-align: justify;\">O projeto \u00e9 coordenado pela FCE-UnB, em parceria com o HUB e a Secretaria de Sa\u00fade do Distrito Federal (SES-DF), e conta com o financiamento dos minist\u00e9rios da Educa\u00e7\u00e3o e da Sa\u00fade e da Funda\u00e7\u00e3o de Apoio \u00e0 Pesquisa e Inova\u00e7\u00e3o do DF (FAP-DF).<\/p>\n<p style=\"text-align: justify;\">Os moradores com sintomas de covid-19 s\u00e3o testados pelos pesquisadores e os casos positivos passam pela genotipagem no laborat\u00f3rio do HUB. Os resultados mostram as variantes predominantes na cidade desde mar\u00e7o de 2021.<\/p>\n<figure id=\"attachment_349299\" class=\"wp-caption alignright\" style=\"text-align: justify;\" aria-describedby=\"caption-attachment-349299\"><img loading=\"lazy\" decoding=\"async\" class=\" wp-image-349299\" src=\"http:\/\/agenciabrasilia.df.gov.br\/wp-conteudo\/uploads\/2021\/10\/HUB-Foto-SECOM-UNB.jpeg\" sizes=\"auto, (max-width: 529px) 100vw, 529px\" srcset=\"https:\/\/www.agenciabrasilia.df.gov.br\/wp-conteudo\/uploads\/2021\/10\/HUB-Foto-SECOM-UNB.jpeg 840w, https:\/\/www.agenciabrasilia.df.gov.br\/wp-conteudo\/uploads\/2021\/10\/HUB-Foto-SECOM-UNB-300x225.jpeg 300w, https:\/\/www.agenciabrasilia.df.gov.br\/wp-conteudo\/uploads\/2021\/10\/HUB-Foto-SECOM-UNB-768x576.jpeg 768w, https:\/\/www.agenciabrasilia.df.gov.br\/wp-conteudo\/uploads\/2021\/10\/HUB-Foto-SECOM-UNB-132x99.jpeg 132w, https:\/\/www.agenciabrasilia.df.gov.br\/wp-conteudo\/uploads\/2021\/10\/HUB-Foto-SECOM-UNB-160x120.jpeg 160w, https:\/\/www.agenciabrasilia.df.gov.br\/wp-conteudo\/uploads\/2021\/10\/HUB-Foto-SECOM-UNB-256x192.jpeg 256w\" alt=\"\" width=\"529\" height=\"397\" \/><figcaption id=\"caption-attachment-349299\" class=\"wp-caption-text\">O estudo foi desenvolvido no Laborat\u00f3rio de Diagn\u00f3stico Molecular do Hospital Universit\u00e1rio de Bras\u00edlia e envolveu pesquisadores do pr\u00f3prio hospital e da FCE-UnB<\/figcaption><\/figure>\n<p style=\"text-align: justify;\">No m\u00eas de julho, 79% dos casos eram da variante gama (P1). A variante delta come\u00e7ou a aparecer em agosto e, ao final do m\u00eas, j\u00e1 provocava 56% dos casos. Em setembro, a delta foi respons\u00e1vel por 88% das infec\u00e7\u00f5es, enquanto a gama (P1) foi identificada em apenas 2% das amostras.<\/p>\n<p style=\"text-align: justify;\">\u201cEssa parceria refor\u00e7a o apoio do HUB e da UnB no entendimento da din\u00e2mica de transmiss\u00e3o da covid-19. A variante delta est\u00e1 se expandindo cada vez mais e esses dados representam um sinal de alerta para o surgimento de poss\u00edveis novos casos graves da doen\u00e7a\u201d, afirma o professor da FCE-UnB e coordenador da pesquisa, Wildo Ara\u00fajo.<\/p>\n<p style=\"text-align: justify;\">\u201cEsses resultados corroboram o papel fundamental da ci\u00eancia na investiga\u00e7\u00e3o e compreens\u00e3o dos problemas em sa\u00fade que afligem a sociedade e na busca e constru\u00e7\u00e3o de solu\u00e7\u00f5es baseadas em evid\u00eancias s\u00f3lidas\u201d, acrescenta a gerente de Ensino e Pesquisa do HUB, Dayde Mendon\u00e7a.<\/p>\n<p style=\"text-align: justify;\">Os dados est\u00e3o sendo encaminhados para a Secret\u00e1ria de Sa\u00fade para contribuir no acompanhamento da dissemina\u00e7\u00e3o das variantes e no controle epidemiol\u00f3gico da doen\u00e7a.<\/p>\n<p style=\"text-align: justify;\">De acordo com o diretor de Vigil\u00e2ncia Epidemiol\u00f3gica em Sa\u00fade da secretaria, Fabiano Martins, a Estrutural \u00e9 local estrat\u00e9gico e reflete o cen\u00e1rio que vivemos hoje no DF. O estudo determina o comportamento do v\u00edrus na popula\u00e7\u00e3o e permite pensar em novas estrat\u00e9gias de vigil\u00e2ncia, visando \u00e0 otimiza\u00e7\u00e3o dos recursos p\u00fablicos.<\/p>\n<p style=\"text-align: justify;\">A FAP-DF destinou mais de R$ 30 milh\u00f5es para fomento de projetos e a\u00e7\u00f5es de pesquisa, inova\u00e7\u00e3o e extens\u00e3o destinadas ao combate do covid-19. S\u00e3o 18 projetos de pesquisa j\u00e1 apoiados e em diferentes fases de desenvolvimento e resultados. Todos os projetos podem ser acompanhados no\u00a0<a href=\"https:\/\/www.finatec.org.br\/transparencia-fapdf\/\" target=\"_blank\" rel=\"noopener noreferrer\">site da FAP-DF<\/a>.<\/p>\n<p style=\"text-align: justify;\"><em>*Com informa\u00e7\u00f5es da Funda\u00e7\u00e3o de Apoio \u00e0 Pesquisa e Inova\u00e7\u00e3o do DF<\/em><\/p>\n","protected":false},"excerpt":{"rendered":"<p>A t\u00e9cnica foi desenvolvida por pesquisadores do Hospital Universit\u00e1rio de Bras\u00edlia e da Faculdade de Ceil\u00e2ndia (FCE-UnB), com apoio da FAP-DF. Uma nova tecnologia, desenvolvida no Laborat\u00f3rio de Diagn\u00f3stico Molecular do Hospital Universit\u00e1rio de Bras\u00edlia (HUB-UnB), permite identificar a variante presente na amostra de covid-19. A t\u00e9cnica, que est\u00e1 sendo testada desde maio de 2021, [&hellip;]<\/p>\n","protected":false},"author":2,"featured_media":24774,"comment_status":"open","ping_status":"open","sticky":false,"template":"","format":"standard","meta":{"footnotes":""},"categories":[1],"tags":[],"class_list":{"0":"post-24773","1":"post","2":"type-post","3":"status-publish","4":"format-standard","5":"has-post-thumbnail","7":"category-outros"},"yoast_head":"<!-- This site is optimized with the Yoast SEO Premium plugin v24.5 (Yoast SEO v27.5) - https:\/\/yoast.com\/product\/yoast-seo-premium-wordpress\/ -->\n<title>Tecnologia permite identificar a variante na amostra de covid-19. - P31<\/title>\n<meta name=\"robots\" content=\"index, follow, max-snippet:-1, max-image-preview:large, max-video-preview:-1\" \/>\n<link rel=\"canonical\" href=\"https:\/\/www.p31noticias.com.br\/?p=24773\" \/>\n<meta property=\"og:locale\" content=\"pt_BR\" \/>\n<meta property=\"og:type\" content=\"article\" \/>\n<meta property=\"og:title\" content=\"Tecnologia permite identificar a variante na amostra de covid-19.\" \/>\n<meta property=\"og:description\" content=\"A t\u00e9cnica foi desenvolvida por pesquisadores do Hospital Universit\u00e1rio de Bras\u00edlia e da Faculdade de Ceil\u00e2ndia (FCE-UnB), com apoio da FAP-DF. Uma nova tecnologia, desenvolvida no Laborat\u00f3rio de Diagn\u00f3stico Molecular do Hospital Universit\u00e1rio de Bras\u00edlia (HUB-UnB), permite identificar a variante presente na amostra de covid-19. A t\u00e9cnica, que est\u00e1 sendo testada desde maio de 2021, [&hellip;]\" \/>\n<meta property=\"og:url\" content=\"https:\/\/www.p31noticias.com.br\/?p=24773\" \/>\n<meta property=\"og:site_name\" content=\"P31\" \/>\n<meta property=\"article:published_time\" content=\"2021-10-31T01:10:00+00:00\" \/>\n<meta property=\"article:modified_time\" content=\"2022-02-17T18:17:36+00:00\" \/>\n<meta property=\"og:image\" content=\"https:\/\/www.p31noticias.com.br\/wp-content\/uploads\/2021\/10\/WhatsApp-Image-2021-10-29-at-14.20.14.jpeg\" \/>\n\t<meta property=\"og:image:width\" content=\"840\" \/>\n\t<meta property=\"og:image:height\" content=\"559\" \/>\n\t<meta property=\"og:image:type\" content=\"image\/jpeg\" \/>\n<meta name=\"author\" content=\"Gon\u00e7alves Junior\" \/>\n<meta name=\"twitter:card\" content=\"summary_large_image\" \/>\n<meta name=\"twitter:label1\" content=\"Escrito por\" \/>\n\t<meta name=\"twitter:data1\" content=\"Gon\u00e7alves Junior\" \/>\n\t<meta name=\"twitter:label2\" content=\"Est. tempo de leitura\" \/>\n\t<meta name=\"twitter:data2\" content=\"4 minutos\" \/>\n<script type=\"application\/ld+json\" class=\"yoast-schema-graph\">{\"@context\":\"https:\\\/\\\/schema.org\",\"@graph\":[{\"@type\":\"Article\",\"@id\":\"https:\\\/\\\/www.p31noticias.com.br\\\/?p=24773#article\",\"isPartOf\":{\"@id\":\"https:\\\/\\\/www.p31noticias.com.br\\\/?p=24773\"},\"author\":{\"name\":\"Gon\u00e7alves Junior\",\"@id\":\"https:\\\/\\\/www.p31noticias.com.br\\\/#\\\/schema\\\/person\\\/95f2ece30e3b4132065b915150cd0f94\"},\"headline\":\"Tecnologia permite identificar a variante na amostra de covid-19.\",\"datePublished\":\"2021-10-31T01:10:00+00:00\",\"dateModified\":\"2022-02-17T18:17:36+00:00\",\"mainEntityOfPage\":{\"@id\":\"https:\\\/\\\/www.p31noticias.com.br\\\/?p=24773\"},\"wordCount\":739,\"commentCount\":0,\"image\":{\"@id\":\"https:\\\/\\\/www.p31noticias.com.br\\\/?p=24773#primaryimage\"},\"thumbnailUrl\":\"https:\\\/\\\/www.p31noticias.com.br\\\/wp-content\\\/uploads\\\/2021\\\/10\\\/WhatsApp-Image-2021-10-29-at-14.20.14.jpeg\",\"articleSection\":[\"Outros\"],\"inLanguage\":\"pt-BR\",\"potentialAction\":[{\"@type\":\"CommentAction\",\"name\":\"Comment\",\"target\":[\"https:\\\/\\\/www.p31noticias.com.br\\\/?p=24773#respond\"]}],\"copyrightYear\":\"2021\",\"copyrightHolder\":{\"@id\":\"https:\\\/\\\/www.p31noticias.com.br\\\/#organization\"}},{\"@type\":\"WebPage\",\"@id\":\"https:\\\/\\\/www.p31noticias.com.br\\\/?p=24773\",\"url\":\"https:\\\/\\\/www.p31noticias.com.br\\\/?p=24773\",\"name\":\"Tecnologia permite identificar a variante na amostra de covid-19. - P31\",\"isPartOf\":{\"@id\":\"https:\\\/\\\/www.p31noticias.com.br\\\/#website\"},\"primaryImageOfPage\":{\"@id\":\"https:\\\/\\\/www.p31noticias.com.br\\\/?p=24773#primaryimage\"},\"image\":{\"@id\":\"https:\\\/\\\/www.p31noticias.com.br\\\/?p=24773#primaryimage\"},\"thumbnailUrl\":\"https:\\\/\\\/www.p31noticias.com.br\\\/wp-content\\\/uploads\\\/2021\\\/10\\\/WhatsApp-Image-2021-10-29-at-14.20.14.jpeg\",\"datePublished\":\"2021-10-31T01:10:00+00:00\",\"dateModified\":\"2022-02-17T18:17:36+00:00\",\"author\":{\"@id\":\"https:\\\/\\\/www.p31noticias.com.br\\\/#\\\/schema\\\/person\\\/95f2ece30e3b4132065b915150cd0f94\"},\"breadcrumb\":{\"@id\":\"https:\\\/\\\/www.p31noticias.com.br\\\/?p=24773#breadcrumb\"},\"inLanguage\":\"pt-BR\",\"potentialAction\":[{\"@type\":\"ReadAction\",\"target\":[\"https:\\\/\\\/www.p31noticias.com.br\\\/?p=24773\"]}]},{\"@type\":\"ImageObject\",\"inLanguage\":\"pt-BR\",\"@id\":\"https:\\\/\\\/www.p31noticias.com.br\\\/?p=24773#primaryimage\",\"url\":\"https:\\\/\\\/www.p31noticias.com.br\\\/wp-content\\\/uploads\\\/2021\\\/10\\\/WhatsApp-Image-2021-10-29-at-14.20.14.jpeg\",\"contentUrl\":\"https:\\\/\\\/www.p31noticias.com.br\\\/wp-content\\\/uploads\\\/2021\\\/10\\\/WhatsApp-Image-2021-10-29-at-14.20.14.jpeg\",\"width\":840,\"height\":559},{\"@type\":\"BreadcrumbList\",\"@id\":\"https:\\\/\\\/www.p31noticias.com.br\\\/?p=24773#breadcrumb\",\"itemListElement\":[{\"@type\":\"ListItem\",\"position\":1,\"name\":\"In\u00edcio\",\"item\":\"https:\\\/\\\/www.p31noticias.com.br\\\/\"},{\"@type\":\"ListItem\",\"position\":2,\"name\":\"Tecnologia permite identificar a variante na amostra de covid-19.\"}]},{\"@type\":\"WebSite\",\"@id\":\"https:\\\/\\\/www.p31noticias.com.br\\\/#website\",\"url\":\"https:\\\/\\\/www.p31noticias.com.br\\\/\",\"name\":\"P31\",\"description\":\"NOT\u00cdCIAS\",\"potentialAction\":[{\"@type\":\"SearchAction\",\"target\":{\"@type\":\"EntryPoint\",\"urlTemplate\":\"https:\\\/\\\/www.p31noticias.com.br\\\/?s={search_term_string}\"},\"query-input\":{\"@type\":\"PropertyValueSpecification\",\"valueRequired\":true,\"valueName\":\"search_term_string\"}}],\"inLanguage\":\"pt-BR\"},{\"@type\":\"Person\",\"@id\":\"https:\\\/\\\/www.p31noticias.com.br\\\/#\\\/schema\\\/person\\\/95f2ece30e3b4132065b915150cd0f94\",\"name\":\"Gon\u00e7alves Junior\",\"image\":{\"@type\":\"ImageObject\",\"inLanguage\":\"pt-BR\",\"@id\":\"https:\\\/\\\/secure.gravatar.com\\\/avatar\\\/6711f350116a89762687a48d66f723c799e5438a5b7578508d4294cd7a5d0800?s=96&d=mm&r=g\",\"url\":\"https:\\\/\\\/secure.gravatar.com\\\/avatar\\\/6711f350116a89762687a48d66f723c799e5438a5b7578508d4294cd7a5d0800?s=96&d=mm&r=g\",\"contentUrl\":\"https:\\\/\\\/secure.gravatar.com\\\/avatar\\\/6711f350116a89762687a48d66f723c799e5438a5b7578508d4294cd7a5d0800?s=96&d=mm&r=g\",\"caption\":\"Gon\u00e7alves Junior\"},\"url\":\"https:\\\/\\\/www.p31noticias.com.br\\\/?author=2\"}]}<\/script>\n<!-- \/ Yoast SEO Premium plugin. -->","yoast_head_json":{"title":"Tecnologia permite identificar a variante na amostra de covid-19. - P31","robots":{"index":"index","follow":"follow","max-snippet":"max-snippet:-1","max-image-preview":"max-image-preview:large","max-video-preview":"max-video-preview:-1"},"canonical":"https:\/\/www.p31noticias.com.br\/?p=24773","og_locale":"pt_BR","og_type":"article","og_title":"Tecnologia permite identificar a variante na amostra de covid-19.","og_description":"A t\u00e9cnica foi desenvolvida por pesquisadores do Hospital Universit\u00e1rio de Bras\u00edlia e da Faculdade de Ceil\u00e2ndia (FCE-UnB), com apoio da FAP-DF. Uma nova tecnologia, desenvolvida no Laborat\u00f3rio de Diagn\u00f3stico Molecular do Hospital Universit\u00e1rio de Bras\u00edlia (HUB-UnB), permite identificar a variante presente na amostra de covid-19. A t\u00e9cnica, que est\u00e1 sendo testada desde maio de 2021, [&hellip;]","og_url":"https:\/\/www.p31noticias.com.br\/?p=24773","og_site_name":"P31","article_published_time":"2021-10-31T01:10:00+00:00","article_modified_time":"2022-02-17T18:17:36+00:00","og_image":[{"width":840,"height":559,"url":"https:\/\/www.p31noticias.com.br\/wp-content\/uploads\/2021\/10\/WhatsApp-Image-2021-10-29-at-14.20.14.jpeg","type":"image\/jpeg"}],"author":"Gon\u00e7alves Junior","twitter_card":"summary_large_image","twitter_misc":{"Escrito por":"Gon\u00e7alves Junior","Est. tempo de leitura":"4 minutos"},"schema":{"@context":"https:\/\/schema.org","@graph":[{"@type":"Article","@id":"https:\/\/www.p31noticias.com.br\/?p=24773#article","isPartOf":{"@id":"https:\/\/www.p31noticias.com.br\/?p=24773"},"author":{"name":"Gon\u00e7alves Junior","@id":"https:\/\/www.p31noticias.com.br\/#\/schema\/person\/95f2ece30e3b4132065b915150cd0f94"},"headline":"Tecnologia permite identificar a variante na amostra de covid-19.","datePublished":"2021-10-31T01:10:00+00:00","dateModified":"2022-02-17T18:17:36+00:00","mainEntityOfPage":{"@id":"https:\/\/www.p31noticias.com.br\/?p=24773"},"wordCount":739,"commentCount":0,"image":{"@id":"https:\/\/www.p31noticias.com.br\/?p=24773#primaryimage"},"thumbnailUrl":"https:\/\/www.p31noticias.com.br\/wp-content\/uploads\/2021\/10\/WhatsApp-Image-2021-10-29-at-14.20.14.jpeg","articleSection":["Outros"],"inLanguage":"pt-BR","potentialAction":[{"@type":"CommentAction","name":"Comment","target":["https:\/\/www.p31noticias.com.br\/?p=24773#respond"]}],"copyrightYear":"2021","copyrightHolder":{"@id":"https:\/\/www.p31noticias.com.br\/#organization"}},{"@type":"WebPage","@id":"https:\/\/www.p31noticias.com.br\/?p=24773","url":"https:\/\/www.p31noticias.com.br\/?p=24773","name":"Tecnologia permite identificar a variante na amostra de covid-19. - P31","isPartOf":{"@id":"https:\/\/www.p31noticias.com.br\/#website"},"primaryImageOfPage":{"@id":"https:\/\/www.p31noticias.com.br\/?p=24773#primaryimage"},"image":{"@id":"https:\/\/www.p31noticias.com.br\/?p=24773#primaryimage"},"thumbnailUrl":"https:\/\/www.p31noticias.com.br\/wp-content\/uploads\/2021\/10\/WhatsApp-Image-2021-10-29-at-14.20.14.jpeg","datePublished":"2021-10-31T01:10:00+00:00","dateModified":"2022-02-17T18:17:36+00:00","author":{"@id":"https:\/\/www.p31noticias.com.br\/#\/schema\/person\/95f2ece30e3b4132065b915150cd0f94"},"breadcrumb":{"@id":"https:\/\/www.p31noticias.com.br\/?p=24773#breadcrumb"},"inLanguage":"pt-BR","potentialAction":[{"@type":"ReadAction","target":["https:\/\/www.p31noticias.com.br\/?p=24773"]}]},{"@type":"ImageObject","inLanguage":"pt-BR","@id":"https:\/\/www.p31noticias.com.br\/?p=24773#primaryimage","url":"https:\/\/www.p31noticias.com.br\/wp-content\/uploads\/2021\/10\/WhatsApp-Image-2021-10-29-at-14.20.14.jpeg","contentUrl":"https:\/\/www.p31noticias.com.br\/wp-content\/uploads\/2021\/10\/WhatsApp-Image-2021-10-29-at-14.20.14.jpeg","width":840,"height":559},{"@type":"BreadcrumbList","@id":"https:\/\/www.p31noticias.com.br\/?p=24773#breadcrumb","itemListElement":[{"@type":"ListItem","position":1,"name":"In\u00edcio","item":"https:\/\/www.p31noticias.com.br\/"},{"@type":"ListItem","position":2,"name":"Tecnologia permite identificar a variante na amostra de covid-19."}]},{"@type":"WebSite","@id":"https:\/\/www.p31noticias.com.br\/#website","url":"https:\/\/www.p31noticias.com.br\/","name":"P31","description":"NOT\u00cdCIAS","potentialAction":[{"@type":"SearchAction","target":{"@type":"EntryPoint","urlTemplate":"https:\/\/www.p31noticias.com.br\/?s={search_term_string}"},"query-input":{"@type":"PropertyValueSpecification","valueRequired":true,"valueName":"search_term_string"}}],"inLanguage":"pt-BR"},{"@type":"Person","@id":"https:\/\/www.p31noticias.com.br\/#\/schema\/person\/95f2ece30e3b4132065b915150cd0f94","name":"Gon\u00e7alves Junior","image":{"@type":"ImageObject","inLanguage":"pt-BR","@id":"https:\/\/secure.gravatar.com\/avatar\/6711f350116a89762687a48d66f723c799e5438a5b7578508d4294cd7a5d0800?s=96&d=mm&r=g","url":"https:\/\/secure.gravatar.com\/avatar\/6711f350116a89762687a48d66f723c799e5438a5b7578508d4294cd7a5d0800?s=96&d=mm&r=g","contentUrl":"https:\/\/secure.gravatar.com\/avatar\/6711f350116a89762687a48d66f723c799e5438a5b7578508d4294cd7a5d0800?s=96&d=mm&r=g","caption":"Gon\u00e7alves Junior"},"url":"https:\/\/www.p31noticias.com.br\/?author=2"}]}},"amp_enabled":true,"_links":{"self":[{"href":"https:\/\/www.p31noticias.com.br\/index.php?rest_route=\/wp\/v2\/posts\/24773","targetHints":{"allow":["GET"]}}],"collection":[{"href":"https:\/\/www.p31noticias.com.br\/index.php?rest_route=\/wp\/v2\/posts"}],"about":[{"href":"https:\/\/www.p31noticias.com.br\/index.php?rest_route=\/wp\/v2\/types\/post"}],"author":[{"embeddable":true,"href":"https:\/\/www.p31noticias.com.br\/index.php?rest_route=\/wp\/v2\/users\/2"}],"replies":[{"embeddable":true,"href":"https:\/\/www.p31noticias.com.br\/index.php?rest_route=%2Fwp%2Fv2%2Fcomments&post=24773"}],"version-history":[{"count":1,"href":"https:\/\/www.p31noticias.com.br\/index.php?rest_route=\/wp\/v2\/posts\/24773\/revisions"}],"predecessor-version":[{"id":24775,"href":"https:\/\/www.p31noticias.com.br\/index.php?rest_route=\/wp\/v2\/posts\/24773\/revisions\/24775"}],"wp:featuredmedia":[{"embeddable":true,"href":"https:\/\/www.p31noticias.com.br\/index.php?rest_route=\/wp\/v2\/media\/24774"}],"wp:attachment":[{"href":"https:\/\/www.p31noticias.com.br\/index.php?rest_route=%2Fwp%2Fv2%2Fmedia&parent=24773"}],"wp:term":[{"taxonomy":"category","embeddable":true,"href":"https:\/\/www.p31noticias.com.br\/index.php?rest_route=%2Fwp%2Fv2%2Fcategories&post=24773"},{"taxonomy":"post_tag","embeddable":true,"href":"https:\/\/www.p31noticias.com.br\/index.php?rest_route=%2Fwp%2Fv2%2Ftags&post=24773"}],"curies":[{"name":"wp","href":"https:\/\/api.w.org\/{rel}","templated":true}]}}