{"id":24757,"date":"2021-10-29T08:31:31","date_gmt":"2021-10-29T11:31:31","guid":{"rendered":"https:\/\/p31noticias.com.br\/?p=24757"},"modified":"2022-02-17T15:17:37","modified_gmt":"2022-02-17T18:17:37","slug":"esquerdas-no-df-falam-em-uniao-apresentam-nome-para-a-disputa-do-buriti-em-2022","status":"publish","type":"post","link":"https:\/\/www.p31noticias.com.br\/?p=24757","title":{"rendered":"Esquerdas no DF falam em uni\u00e3o e apresentam nome para a disputa do Buriti em 2022."},"content":{"rendered":"<p><em><strong>Rosilene Corr\u00eaa aceita disputar o GDF, quer unir<\/strong><\/em><br \/>\n<em><strong>Esquerda e empolga milit\u00e2ncia do PT.<\/strong><\/em><\/p>\n<p>Por MILENA VALENTE<\/p>\n<p style=\"text-align: justify;\">\u00a0Ap\u00f3s muitos pedidos da milit\u00e2ncia e diversos debates e muita press\u00e3o das bases petistas o PT come\u00e7a a mostrar que nomes para candidaturas majorit\u00e1rias n\u00e3o \u00e9 problema. Pelo contr\u00e1rio, nomes tem muitos e bem aceitos pela popula\u00e7\u00e3o, seja na vida partid\u00e1ria como nos movimentos populares e sindical. \u00c9 o que mostra a rea\u00e7\u00e3o de setores que tomaram conhecimento hoje da resposta, com um sim, dado pela professora Rosilene Corr\u00eaa, presidente do SINPRO DF &#8211; Sindicato dos Professores do Distrito Federal, ao admitir, dentro dessa \u00f3tica e nascida das lutas populares que o Partido dos Trabalhadores tem mais uma pr\u00e9-candidata a governadora do Distrito Federal.<br \/>\nA decis\u00e3o de Rosilene Corr\u00eaa colocar seu nome a disposi\u00e7\u00e3o do PT DF para uma candidatura majorit\u00e1ria nesta quarta-feira a noite pegou a maioria da milit\u00e2ncia de surpresa, pois a mesma vinha esquivando-se e adiando qualquer decis\u00e3o nesse sentido para que outros candidatos ou candidatas surgisse, tanto para o governo como para o senado, por\u00e9m a vinda de Lula a Bras\u00edlia dias atr\u00e1s e articula\u00e7\u00f5es com diversos outros partidos precipitaram os acontecimentos e levaram a Rosilene a admitir uma candidatura majorit\u00e1ria como desejam diversos setores que comp\u00f5em o Partido dos Trabalhadores no Distrito Federal. V\u00e1rios dirigentes de partidos de oposi\u00e7\u00e3o no DF, mesmo com candidaturas j\u00e1 lan\u00e7adas parabenizaram Rosilene Corr\u00eaa por admitir a possibilidade de concorrer, que em menos de vinte e quatro horas j\u00e1 era uma possibilidade real e nas \u00faltimas horas j\u00e1 n\u00e3o era segredo para minguem de que a mesma dever\u00e1 ser a candidata a governadora do partido, bastando para isso um entendimento entre as diversas tend\u00eancias do PT, em especial com o outro pr\u00e9-candidato, ex-deputado Geraldo Magela, por quem Rosilene Corr\u00eaa demonstra grande admira\u00e7\u00e3o e respeito, admitiu um outro dirigente petista muito pr\u00f3ximo aos dois. Ao comunicar sua decis\u00e3o \u00e1 dire\u00e7\u00e3o local do PT no DF, Rosilene afirmou que: \u201cdepois de muitos anos como dirigente sindical e no movimento de massa e diante de uma necessidade premente de darmos um fim ao governo genocida de Bolsonaro aceito qualquer decis\u00e3o de meu partido, o PT, sobre meu nome para 2022 colocando-me a disposi\u00e7\u00e3o do partido para disputar qualquer cargo majorit\u00e1rio\u201d. Diante da rea\u00e7\u00e3o positiva de diversos dirigentes e militantes petistas al\u00e9m de outros hist\u00f3ricos dirigentes da esquerda a quem comunicou sua decis\u00e3o, e at\u00e9 pr\u00e9-candidatos de outros partidos de oposi\u00e7\u00e3o, Rosilene disse tamb\u00e9m que: \u201cSou uma militante de base e sigo como soldado de luta para cumprir qualquer miss\u00e3o que me for dada, em especial tentar unir as for\u00e7as progressistas que queiram construir uma cidade criativa e sustent\u00e1vel e um pa\u00eds onde todos tenham como se alimentar e onde morar\u201d. Indagada sobre a possibilidade de uma disputa com o ex-deputado federal Magela, que tem colocado seu nome a disposi\u00e7\u00e3o do PT tamb\u00e9m para uma candidatura majorit\u00e1ria, ela afirmou que \u201csou amiga pessoal e admiradora pol\u00edtica do deputado Magela, para mim um dos mais importantes l\u00edderes de nosso partido e que tem uma trajet\u00f3ria de luta admir\u00e1vel e dado uma hist\u00f3rica contribui\u00e7\u00e3o ao nosso partido, e com certeza n\u00e3o haver\u00e1 qualquer disputa dentro do PT, pelo contr\u00e1rio, teremos a uni\u00e3o de for\u00e7as para fortalecer o partido, a esquerda e trazer Bras\u00edlia de volta ao seu eixo de desenvolvimento e contribuir para a vit\u00f3ria de Lula\u201d. Finalizou. Rosilene deve se reunir com apoiadores de sua pr\u00e9-candidatura e a milit\u00e2ncia do PT em breve para tra\u00e7armetas e a organiza\u00e7\u00e3o da pr\u00e9-campanha, enquanto v\u00e1rios meios de comunica\u00e7\u00e3o solicitaram entrevistas ap\u00f3s tomarem conhecimento de sua decis\u00e3o.<br \/>\nPERFIL BIOGR\u00c1FICO: Rosilene Corr\u00eaa, 57 anos, Pedagoga; Diretora do SINPRO DF e membro da dire\u00e7\u00e3o executiva da CNTE \u2013 Confedera\u00e7\u00e3o Nacional dos Trabalhadores na Educa\u00e7\u00e3o, onde construiu uma combativa carreira de l\u00edder sindical ao liderar diversas manifesta\u00e7\u00f5es de massa liderando professores e professoras em defesa de seus direitos e que gerou v\u00e1rias conquistas para a categoria no Distrito Federal. Considerada uma habilidosa negociadora sempre conseguiu vencer as batalhas em prol da categoria; muito ligada aos movimentos sociais no DF esteve sempre presente nas lutas sociais nos \u00faltimos vinte anos e apoiado causas as mais diversas em defesa dos direitos humanos, do meio ambiente e sustentabilidade e das lutas por liberdades democr\u00e1ticas no apoio as pol\u00edticas p\u00fablicas que ampliem os direitos dos trabalhadores, contra a intoler\u00e2ncia religiosa. Sempre se manifestou em defesa dos direitos das minorias apoiando as causas ind\u00edgena, do movimento negro e LGBTQI+. Hoje \u00e9 Vice-Presidenta do PT DF onde \u00e9 considerada uma das mais respeitadas dirigentes no fortalecimento do Partido dos Trabalhadores ao dialogar com as mais diversas tend\u00eancias existentes dentro do partido.<\/p>\n<p><img decoding=\"async\" src=\"https:\/\/1.bp.blogspot.com\/-vGh9crYBVUI\/YXvD0j3hheI\/AAAAAAAAxVs\/r-COLXnVLOwOXuR21M3iuctiuaEPUgu0gCLcBGAsYHQ\/w343-h400\/prof%2B2.jpg\" \/><\/p>\n<p>&nbsp;<\/p>\n<p style=\"text-align: justify;\">AGNOT3M &#8211; 28.10.21 \u2013 MA.<\/p>\n","protected":false},"excerpt":{"rendered":"<p>Rosilene Corr\u00eaa aceita disputar o GDF, quer unir Esquerda e empolga milit\u00e2ncia do PT. Por MILENA VALENTE \u00a0Ap\u00f3s muitos pedidos da milit\u00e2ncia e diversos debates e muita press\u00e3o das bases petistas o PT come\u00e7a a mostrar que nomes para candidaturas majorit\u00e1rias n\u00e3o \u00e9 problema. Pelo contr\u00e1rio, nomes tem muitos e bem aceitos pela popula\u00e7\u00e3o, seja [&hellip;]<\/p>\n","protected":false},"author":2,"featured_media":24759,"comment_status":"open","ping_status":"open","sticky":false,"template":"","format":"standard","meta":{"footnotes":""},"categories":[57],"tags":[],"class_list":{"0":"post-24757","1":"post","2":"type-post","3":"status-publish","4":"format-standard","5":"has-post-thumbnail","7":"category-politica"},"yoast_head":"<!-- This site is optimized with the Yoast SEO Premium plugin v24.5 (Yoast SEO v27.5) - https:\/\/yoast.com\/product\/yoast-seo-premium-wordpress\/ -->\n<title>Esquerdas no DF falam em uni\u00e3o e apresentam nome para a disputa do Buriti em 2022. - P31<\/title>\n<meta name=\"robots\" content=\"index, follow, max-snippet:-1, max-image-preview:large, max-video-preview:-1\" \/>\n<link rel=\"canonical\" href=\"https:\/\/www.p31noticias.com.br\/?p=24757\" \/>\n<meta property=\"og:locale\" content=\"pt_BR\" \/>\n<meta property=\"og:type\" content=\"article\" \/>\n<meta property=\"og:title\" content=\"Esquerdas no DF falam em uni\u00e3o e apresentam nome para a disputa do Buriti em 2022.\" \/>\n<meta property=\"og:description\" content=\"Rosilene Corr\u00eaa aceita disputar o GDF, quer unir Esquerda e empolga milit\u00e2ncia do PT. Por MILENA VALENTE \u00a0Ap\u00f3s muitos pedidos da milit\u00e2ncia e diversos debates e muita press\u00e3o das bases petistas o PT come\u00e7a a mostrar que nomes para candidaturas majorit\u00e1rias n\u00e3o \u00e9 problema. Pelo contr\u00e1rio, nomes tem muitos e bem aceitos pela popula\u00e7\u00e3o, seja [&hellip;]\" \/>\n<meta property=\"og:url\" content=\"https:\/\/www.p31noticias.com.br\/?p=24757\" \/>\n<meta property=\"og:site_name\" content=\"P31\" \/>\n<meta property=\"article:published_time\" content=\"2021-10-29T11:31:31+00:00\" \/>\n<meta property=\"article:modified_time\" content=\"2022-02-17T18:17:37+00:00\" \/>\n<meta property=\"og:image\" content=\"https:\/\/www.p31noticias.com.br\/wp-content\/uploads\/2021\/10\/pproff-1o-1.jpg\" \/>\n\t<meta property=\"og:image:width\" content=\"587\" \/>\n\t<meta property=\"og:image:height\" content=\"548\" \/>\n\t<meta property=\"og:image:type\" content=\"image\/jpeg\" \/>\n<meta name=\"author\" content=\"Gon\u00e7alves Junior\" \/>\n<meta name=\"twitter:card\" content=\"summary_large_image\" \/>\n<meta name=\"twitter:label1\" content=\"Escrito por\" \/>\n\t<meta name=\"twitter:data1\" content=\"Gon\u00e7alves Junior\" \/>\n\t<meta name=\"twitter:label2\" content=\"Est. tempo de leitura\" \/>\n\t<meta name=\"twitter:data2\" content=\"4 minutos\" \/>\n<script type=\"application\/ld+json\" class=\"yoast-schema-graph\">{\"@context\":\"https:\\\/\\\/schema.org\",\"@graph\":[{\"@type\":\"Article\",\"@id\":\"https:\\\/\\\/www.p31noticias.com.br\\\/?p=24757#article\",\"isPartOf\":{\"@id\":\"https:\\\/\\\/www.p31noticias.com.br\\\/?p=24757\"},\"author\":{\"name\":\"Gon\u00e7alves Junior\",\"@id\":\"https:\\\/\\\/www.p31noticias.com.br\\\/#\\\/schema\\\/person\\\/95f2ece30e3b4132065b915150cd0f94\"},\"headline\":\"Esquerdas no DF falam em uni\u00e3o e apresentam nome para a disputa do Buriti em 2022.\",\"datePublished\":\"2021-10-29T11:31:31+00:00\",\"dateModified\":\"2022-02-17T18:17:37+00:00\",\"mainEntityOfPage\":{\"@id\":\"https:\\\/\\\/www.p31noticias.com.br\\\/?p=24757\"},\"wordCount\":873,\"commentCount\":0,\"image\":{\"@id\":\"https:\\\/\\\/www.p31noticias.com.br\\\/?p=24757#primaryimage\"},\"thumbnailUrl\":\"https:\\\/\\\/www.p31noticias.com.br\\\/wp-content\\\/uploads\\\/2021\\\/10\\\/pproff-1o-1.jpg\",\"articleSection\":[\"Pol\u00edtica\"],\"inLanguage\":\"pt-BR\",\"potentialAction\":[{\"@type\":\"CommentAction\",\"name\":\"Comment\",\"target\":[\"https:\\\/\\\/www.p31noticias.com.br\\\/?p=24757#respond\"]}],\"copyrightYear\":\"2021\",\"copyrightHolder\":{\"@id\":\"https:\\\/\\\/www.p31noticias.com.br\\\/#organization\"}},{\"@type\":\"WebPage\",\"@id\":\"https:\\\/\\\/www.p31noticias.com.br\\\/?p=24757\",\"url\":\"https:\\\/\\\/www.p31noticias.com.br\\\/?p=24757\",\"name\":\"Esquerdas no DF falam em uni\u00e3o e apresentam nome para a disputa do Buriti em 2022. - P31\",\"isPartOf\":{\"@id\":\"https:\\\/\\\/www.p31noticias.com.br\\\/#website\"},\"primaryImageOfPage\":{\"@id\":\"https:\\\/\\\/www.p31noticias.com.br\\\/?p=24757#primaryimage\"},\"image\":{\"@id\":\"https:\\\/\\\/www.p31noticias.com.br\\\/?p=24757#primaryimage\"},\"thumbnailUrl\":\"https:\\\/\\\/www.p31noticias.com.br\\\/wp-content\\\/uploads\\\/2021\\\/10\\\/pproff-1o-1.jpg\",\"datePublished\":\"2021-10-29T11:31:31+00:00\",\"dateModified\":\"2022-02-17T18:17:37+00:00\",\"author\":{\"@id\":\"https:\\\/\\\/www.p31noticias.com.br\\\/#\\\/schema\\\/person\\\/95f2ece30e3b4132065b915150cd0f94\"},\"breadcrumb\":{\"@id\":\"https:\\\/\\\/www.p31noticias.com.br\\\/?p=24757#breadcrumb\"},\"inLanguage\":\"pt-BR\",\"potentialAction\":[{\"@type\":\"ReadAction\",\"target\":[\"https:\\\/\\\/www.p31noticias.com.br\\\/?p=24757\"]}]},{\"@type\":\"ImageObject\",\"inLanguage\":\"pt-BR\",\"@id\":\"https:\\\/\\\/www.p31noticias.com.br\\\/?p=24757#primaryimage\",\"url\":\"https:\\\/\\\/www.p31noticias.com.br\\\/wp-content\\\/uploads\\\/2021\\\/10\\\/pproff-1o-1.jpg\",\"contentUrl\":\"https:\\\/\\\/www.p31noticias.com.br\\\/wp-content\\\/uploads\\\/2021\\\/10\\\/pproff-1o-1.jpg\",\"width\":587,\"height\":548},{\"@type\":\"BreadcrumbList\",\"@id\":\"https:\\\/\\\/www.p31noticias.com.br\\\/?p=24757#breadcrumb\",\"itemListElement\":[{\"@type\":\"ListItem\",\"position\":1,\"name\":\"In\u00edcio\",\"item\":\"https:\\\/\\\/www.p31noticias.com.br\\\/\"},{\"@type\":\"ListItem\",\"position\":2,\"name\":\"Esquerdas no DF falam em uni\u00e3o e apresentam nome para a disputa do Buriti em 2022.\"}]},{\"@type\":\"WebSite\",\"@id\":\"https:\\\/\\\/www.p31noticias.com.br\\\/#website\",\"url\":\"https:\\\/\\\/www.p31noticias.com.br\\\/\",\"name\":\"P31\",\"description\":\"NOT\u00cdCIAS\",\"potentialAction\":[{\"@type\":\"SearchAction\",\"target\":{\"@type\":\"EntryPoint\",\"urlTemplate\":\"https:\\\/\\\/www.p31noticias.com.br\\\/?s={search_term_string}\"},\"query-input\":{\"@type\":\"PropertyValueSpecification\",\"valueRequired\":true,\"valueName\":\"search_term_string\"}}],\"inLanguage\":\"pt-BR\"},{\"@type\":\"Person\",\"@id\":\"https:\\\/\\\/www.p31noticias.com.br\\\/#\\\/schema\\\/person\\\/95f2ece30e3b4132065b915150cd0f94\",\"name\":\"Gon\u00e7alves Junior\",\"image\":{\"@type\":\"ImageObject\",\"inLanguage\":\"pt-BR\",\"@id\":\"https:\\\/\\\/secure.gravatar.com\\\/avatar\\\/6711f350116a89762687a48d66f723c799e5438a5b7578508d4294cd7a5d0800?s=96&d=mm&r=g\",\"url\":\"https:\\\/\\\/secure.gravatar.com\\\/avatar\\\/6711f350116a89762687a48d66f723c799e5438a5b7578508d4294cd7a5d0800?s=96&d=mm&r=g\",\"contentUrl\":\"https:\\\/\\\/secure.gravatar.com\\\/avatar\\\/6711f350116a89762687a48d66f723c799e5438a5b7578508d4294cd7a5d0800?s=96&d=mm&r=g\",\"caption\":\"Gon\u00e7alves Junior\"},\"url\":\"https:\\\/\\\/www.p31noticias.com.br\\\/?author=2\"}]}<\/script>\n<!-- \/ Yoast SEO Premium plugin. -->","yoast_head_json":{"title":"Esquerdas no DF falam em uni\u00e3o e apresentam nome para a disputa do Buriti em 2022. - P31","robots":{"index":"index","follow":"follow","max-snippet":"max-snippet:-1","max-image-preview":"max-image-preview:large","max-video-preview":"max-video-preview:-1"},"canonical":"https:\/\/www.p31noticias.com.br\/?p=24757","og_locale":"pt_BR","og_type":"article","og_title":"Esquerdas no DF falam em uni\u00e3o e apresentam nome para a disputa do Buriti em 2022.","og_description":"Rosilene Corr\u00eaa aceita disputar o GDF, quer unir Esquerda e empolga milit\u00e2ncia do PT. Por MILENA VALENTE \u00a0Ap\u00f3s muitos pedidos da milit\u00e2ncia e diversos debates e muita press\u00e3o das bases petistas o PT come\u00e7a a mostrar que nomes para candidaturas majorit\u00e1rias n\u00e3o \u00e9 problema. Pelo contr\u00e1rio, nomes tem muitos e bem aceitos pela popula\u00e7\u00e3o, seja [&hellip;]","og_url":"https:\/\/www.p31noticias.com.br\/?p=24757","og_site_name":"P31","article_published_time":"2021-10-29T11:31:31+00:00","article_modified_time":"2022-02-17T18:17:37+00:00","og_image":[{"width":587,"height":548,"url":"https:\/\/www.p31noticias.com.br\/wp-content\/uploads\/2021\/10\/pproff-1o-1.jpg","type":"image\/jpeg"}],"author":"Gon\u00e7alves Junior","twitter_card":"summary_large_image","twitter_misc":{"Escrito por":"Gon\u00e7alves Junior","Est. tempo de leitura":"4 minutos"},"schema":{"@context":"https:\/\/schema.org","@graph":[{"@type":"Article","@id":"https:\/\/www.p31noticias.com.br\/?p=24757#article","isPartOf":{"@id":"https:\/\/www.p31noticias.com.br\/?p=24757"},"author":{"name":"Gon\u00e7alves Junior","@id":"https:\/\/www.p31noticias.com.br\/#\/schema\/person\/95f2ece30e3b4132065b915150cd0f94"},"headline":"Esquerdas no DF falam em uni\u00e3o e apresentam nome para a disputa do Buriti em 2022.","datePublished":"2021-10-29T11:31:31+00:00","dateModified":"2022-02-17T18:17:37+00:00","mainEntityOfPage":{"@id":"https:\/\/www.p31noticias.com.br\/?p=24757"},"wordCount":873,"commentCount":0,"image":{"@id":"https:\/\/www.p31noticias.com.br\/?p=24757#primaryimage"},"thumbnailUrl":"https:\/\/www.p31noticias.com.br\/wp-content\/uploads\/2021\/10\/pproff-1o-1.jpg","articleSection":["Pol\u00edtica"],"inLanguage":"pt-BR","potentialAction":[{"@type":"CommentAction","name":"Comment","target":["https:\/\/www.p31noticias.com.br\/?p=24757#respond"]}],"copyrightYear":"2021","copyrightHolder":{"@id":"https:\/\/www.p31noticias.com.br\/#organization"}},{"@type":"WebPage","@id":"https:\/\/www.p31noticias.com.br\/?p=24757","url":"https:\/\/www.p31noticias.com.br\/?p=24757","name":"Esquerdas no DF falam em uni\u00e3o e apresentam nome para a disputa do Buriti em 2022. - P31","isPartOf":{"@id":"https:\/\/www.p31noticias.com.br\/#website"},"primaryImageOfPage":{"@id":"https:\/\/www.p31noticias.com.br\/?p=24757#primaryimage"},"image":{"@id":"https:\/\/www.p31noticias.com.br\/?p=24757#primaryimage"},"thumbnailUrl":"https:\/\/www.p31noticias.com.br\/wp-content\/uploads\/2021\/10\/pproff-1o-1.jpg","datePublished":"2021-10-29T11:31:31+00:00","dateModified":"2022-02-17T18:17:37+00:00","author":{"@id":"https:\/\/www.p31noticias.com.br\/#\/schema\/person\/95f2ece30e3b4132065b915150cd0f94"},"breadcrumb":{"@id":"https:\/\/www.p31noticias.com.br\/?p=24757#breadcrumb"},"inLanguage":"pt-BR","potentialAction":[{"@type":"ReadAction","target":["https:\/\/www.p31noticias.com.br\/?p=24757"]}]},{"@type":"ImageObject","inLanguage":"pt-BR","@id":"https:\/\/www.p31noticias.com.br\/?p=24757#primaryimage","url":"https:\/\/www.p31noticias.com.br\/wp-content\/uploads\/2021\/10\/pproff-1o-1.jpg","contentUrl":"https:\/\/www.p31noticias.com.br\/wp-content\/uploads\/2021\/10\/pproff-1o-1.jpg","width":587,"height":548},{"@type":"BreadcrumbList","@id":"https:\/\/www.p31noticias.com.br\/?p=24757#breadcrumb","itemListElement":[{"@type":"ListItem","position":1,"name":"In\u00edcio","item":"https:\/\/www.p31noticias.com.br\/"},{"@type":"ListItem","position":2,"name":"Esquerdas no DF falam em uni\u00e3o e apresentam nome para a disputa do Buriti em 2022."}]},{"@type":"WebSite","@id":"https:\/\/www.p31noticias.com.br\/#website","url":"https:\/\/www.p31noticias.com.br\/","name":"P31","description":"NOT\u00cdCIAS","potentialAction":[{"@type":"SearchAction","target":{"@type":"EntryPoint","urlTemplate":"https:\/\/www.p31noticias.com.br\/?s={search_term_string}"},"query-input":{"@type":"PropertyValueSpecification","valueRequired":true,"valueName":"search_term_string"}}],"inLanguage":"pt-BR"},{"@type":"Person","@id":"https:\/\/www.p31noticias.com.br\/#\/schema\/person\/95f2ece30e3b4132065b915150cd0f94","name":"Gon\u00e7alves Junior","image":{"@type":"ImageObject","inLanguage":"pt-BR","@id":"https:\/\/secure.gravatar.com\/avatar\/6711f350116a89762687a48d66f723c799e5438a5b7578508d4294cd7a5d0800?s=96&d=mm&r=g","url":"https:\/\/secure.gravatar.com\/avatar\/6711f350116a89762687a48d66f723c799e5438a5b7578508d4294cd7a5d0800?s=96&d=mm&r=g","contentUrl":"https:\/\/secure.gravatar.com\/avatar\/6711f350116a89762687a48d66f723c799e5438a5b7578508d4294cd7a5d0800?s=96&d=mm&r=g","caption":"Gon\u00e7alves Junior"},"url":"https:\/\/www.p31noticias.com.br\/?author=2"}]}},"amp_enabled":true,"_links":{"self":[{"href":"https:\/\/www.p31noticias.com.br\/index.php?rest_route=\/wp\/v2\/posts\/24757","targetHints":{"allow":["GET"]}}],"collection":[{"href":"https:\/\/www.p31noticias.com.br\/index.php?rest_route=\/wp\/v2\/posts"}],"about":[{"href":"https:\/\/www.p31noticias.com.br\/index.php?rest_route=\/wp\/v2\/types\/post"}],"author":[{"embeddable":true,"href":"https:\/\/www.p31noticias.com.br\/index.php?rest_route=\/wp\/v2\/users\/2"}],"replies":[{"embeddable":true,"href":"https:\/\/www.p31noticias.com.br\/index.php?rest_route=%2Fwp%2Fv2%2Fcomments&post=24757"}],"version-history":[{"count":4,"href":"https:\/\/www.p31noticias.com.br\/index.php?rest_route=\/wp\/v2\/posts\/24757\/revisions"}],"predecessor-version":[{"id":24763,"href":"https:\/\/www.p31noticias.com.br\/index.php?rest_route=\/wp\/v2\/posts\/24757\/revisions\/24763"}],"wp:featuredmedia":[{"embeddable":true,"href":"https:\/\/www.p31noticias.com.br\/index.php?rest_route=\/wp\/v2\/media\/24759"}],"wp:attachment":[{"href":"https:\/\/www.p31noticias.com.br\/index.php?rest_route=%2Fwp%2Fv2%2Fmedia&parent=24757"}],"wp:term":[{"taxonomy":"category","embeddable":true,"href":"https:\/\/www.p31noticias.com.br\/index.php?rest_route=%2Fwp%2Fv2%2Fcategories&post=24757"},{"taxonomy":"post_tag","embeddable":true,"href":"https:\/\/www.p31noticias.com.br\/index.php?rest_route=%2Fwp%2Fv2%2Ftags&post=24757"}],"curies":[{"name":"wp","href":"https:\/\/api.w.org\/{rel}","templated":true}]}}