{"id":24753,"date":"2021-10-25T19:04:28","date_gmt":"2021-10-25T22:04:28","guid":{"rendered":"https:\/\/p31noticias.com.br\/?p=24753"},"modified":"2022-02-17T15:17:37","modified_gmt":"2022-02-17T18:17:37","slug":"saude-mais-perto-do-povo-com-nova-ubs-em-sobradinho-ii","status":"publish","type":"post","link":"https:\/\/www.p31noticias.com.br\/?p=24753","title":{"rendered":"Sa\u00fade mais perto do povo com nova UBS em Sobradinho II."},"content":{"rendered":"<p style=\"text-align: justify;\"><em><strong>Com investimentos de R$ 3,5 milh\u00f5es, unidade da Vila Buritizinho tem \u00e1rea de 870 metros quadrados e capacidade para atender at\u00e9 300 pessoas por dia.<\/strong><\/em><\/p>\n<p style=\"text-align: justify;\">O Governo do Distrito Federal (GDF) amplia a oferta de servi\u00e7os na aten\u00e7\u00e3o prim\u00e1ria ao abrir, nesta segunda-feira (25), a Unidade B\u00e1sica de Sa\u00fade (UBS) 7 em Sobradinho II, na Vila Buritizinho. Com o novo posto, inaugurado pelo governador Ibaneis Rocha, a comunidade de 6 mil habitantes passa a contar com servi\u00e7os m\u00e9dicos mais perto de casa. O investimento total na obra foi de R$ 3,5 milh\u00f5es, sendo R$ 1 milh\u00e3o de emenda parlamentar do deputado distrital Jorge Viana e o restante de recursos pr\u00f3prios da Secretaria de Sa\u00fade.<\/p>\n<p style=\"text-align: justify;\">Essa \u00e9 a oitava unidade entregue pelo GDF desde 2019, que fecha 2021 com mais duas at\u00e9 dezembro: a da QNR 2, em Ceil\u00e2ndia, e a do Vale do Amanhecer, em Planaltina. Em menos de dois meses, o governo entregou novas UBSs no Riacho Fundo II e no Parano\u00e1 Parque, e em quase tr\u00eas anos ampliou o atendimento em S\u00e3o Sebasti\u00e3o, Jardins Mangueiral, Samambaia, Planaltina, Santa Maria e Recanto das Emas.<\/p>\n<figure id=\"attachment_347290\" class=\"wp-caption aligncenter\" style=\"text-align: justify;\" aria-describedby=\"caption-attachment-347290\"><img loading=\"lazy\" decoding=\"async\" class=\" wp-image-347290\" src=\"http:\/\/agenciabrasilia.df.gov.br\/wp-conteudo\/uploads\/2021\/10\/25.10.-Inaugura%C3%A7%C3%A3o-da-UBS-7-de-Sobradinho-II.-Foto-Renato-Alves-Ag%C3%AAncia-Bras%C3%ADlia3.jpeg\" sizes=\"auto, (max-width: 682px) 100vw, 682px\" srcset=\"https:\/\/www.agenciabrasilia.df.gov.br\/wp-conteudo\/uploads\/2021\/10\/25.10.-Inaugura\u00e7\u00e3o-da-UBS-7-de-Sobradinho-II.-Foto-Renato-Alves-Ag\u00eancia-Bras\u00edlia3.jpeg 1280w, https:\/\/www.agenciabrasilia.df.gov.br\/wp-conteudo\/uploads\/2021\/10\/25.10.-Inaugura\u00e7\u00e3o-da-UBS-7-de-Sobradinho-II.-Foto-Renato-Alves-Ag\u00eancia-Bras\u00edlia3-300x200.jpeg 300w, https:\/\/www.agenciabrasilia.df.gov.br\/wp-conteudo\/uploads\/2021\/10\/25.10.-Inaugura\u00e7\u00e3o-da-UBS-7-de-Sobradinho-II.-Foto-Renato-Alves-Ag\u00eancia-Bras\u00edlia3-768x512.jpeg 768w, https:\/\/www.agenciabrasilia.df.gov.br\/wp-conteudo\/uploads\/2021\/10\/25.10.-Inaugura\u00e7\u00e3o-da-UBS-7-de-Sobradinho-II.-Foto-Renato-Alves-Ag\u00eancia-Bras\u00edlia3-1024x682.jpeg 1024w, https:\/\/www.agenciabrasilia.df.gov.br\/wp-conteudo\/uploads\/2021\/10\/25.10.-Inaugura\u00e7\u00e3o-da-UBS-7-de-Sobradinho-II.-Foto-Renato-Alves-Ag\u00eancia-Bras\u00edlia3-640x427.jpeg 640w, https:\/\/www.agenciabrasilia.df.gov.br\/wp-conteudo\/uploads\/2021\/10\/25.10.-Inaugura\u00e7\u00e3o-da-UBS-7-de-Sobradinho-II.-Foto-Renato-Alves-Ag\u00eancia-Bras\u00edlia3-256x171.jpeg 256w, https:\/\/www.agenciabrasilia.df.gov.br\/wp-conteudo\/uploads\/2021\/10\/25.10.-Inaugura\u00e7\u00e3o-da-UBS-7-de-Sobradinho-II.-Foto-Renato-Alves-Ag\u00eancia-Bras\u00edlia3-149x99.jpeg 149w, https:\/\/www.agenciabrasilia.df.gov.br\/wp-conteudo\/uploads\/2021\/10\/25.10.-Inaugura\u00e7\u00e3o-da-UBS-7-de-Sobradinho-II.-Foto-Renato-Alves-Ag\u00eancia-Bras\u00edlia3-160x107.jpeg 160w, https:\/\/www.agenciabrasilia.df.gov.br\/wp-conteudo\/uploads\/2021\/10\/25.10.-Inaugura\u00e7\u00e3o-da-UBS-7-de-Sobradinho-II.-Foto-Renato-Alves-Ag\u00eancia-Bras\u00edlia3-1200x800.jpeg 1200w\" alt=\"\" width=\"682\" height=\"454\" \/><figcaption id=\"caption-attachment-347290\" class=\"wp-caption-text\">A nova unidade abrange uma popula\u00e7\u00e3o estimada em 20 mil habitantes, referente \u00e0 regi\u00e3o de Sobradinho II | Fotos: Tony Oliveira\/Ag\u00eancia Bras\u00edlia<\/figcaption><\/figure>\n<p style=\"text-align: justify;\">A \u00e1rea de abrang\u00eancia da UBS 7 de Sobradinho II cobre uma popula\u00e7\u00e3o de aproximadamente 20 mil pessoas e tem capacidade de at\u00e9 300 atendimentos por dia, entre vacina\u00e7\u00f5es, consultas m\u00e9dicas e de enfermagem, procedimentos curativos, visitas domiciliares, atividades coletivas e pr\u00e1ticas integrativas com a comunidade.<\/p>\n<p style=\"text-align: justify;\">Para o governador Ibaneis Rocha, construir e abrir novas UBSs \u00e9 primordial, j\u00e1 que 85% dos problemas de sa\u00fade de quem procura o servi\u00e7o p\u00fablico s\u00e3o resolvidos nesses locais, fazendo com que grande parte da popula\u00e7\u00e3o n\u00e3o precise recorrer \u00e0s unidades de pronto atendimento (UPAs) ou aos hospitais. \u201cEstamos trabalhando o m\u00e1ximo poss\u00edvel em entregas como essa e na forma\u00e7\u00e3o de equipes de Sa\u00fade da Fam\u00edlia para que eles possam atender os pacientes em casa, diminuindo a incid\u00eancia de pessoas na rede hospitalar\u201d, afirma.<\/p>\n<p style=\"text-align: justify;\">Com a meta de facilitar esse atendimento, a Secretaria de Sa\u00fade (SES) vai remanejar para o novo posto cinco das nove equipes de Sa\u00fade da Fam\u00edlia que atuam na UBS 1. A redistribui\u00e7\u00e3o possibilitar\u00e1 maior proximidade com os moradores da Vila Buritizinho, facilitando o deslocamento desses especialistas e garantindo mais acesso aos servi\u00e7os oferecidos.<\/p>\n<p><strong>Instala\u00e7\u00f5es<\/strong><\/p>\n<figure id=\"attachment_347284\" class=\"wp-caption aligncenter\" aria-describedby=\"caption-attachment-347284\"><img loading=\"lazy\" decoding=\"async\" class=\"size-full wp-image-347284\" src=\"http:\/\/agenciabrasilia.df.gov.br\/wp-conteudo\/uploads\/2021\/10\/25.10.-Inaugura%C3%A7%C3%A3o-da-UBS-7-de-Sobradinho-II.-Foto-Renato-Alves-Ag%C3%AAncia-Bras%C3%ADlia2.jpeg\" sizes=\"auto, (max-width: 1280px) 100vw, 1280px\" srcset=\"https:\/\/www.agenciabrasilia.df.gov.br\/wp-conteudo\/uploads\/2021\/10\/25.10.-Inaugura\u00e7\u00e3o-da-UBS-7-de-Sobradinho-II.-Foto-Renato-Alves-Ag\u00eancia-Bras\u00edlia2.jpeg 1280w, https:\/\/www.agenciabrasilia.df.gov.br\/wp-conteudo\/uploads\/2021\/10\/25.10.-Inaugura\u00e7\u00e3o-da-UBS-7-de-Sobradinho-II.-Foto-Renato-Alves-Ag\u00eancia-Bras\u00edlia2-300x200.jpeg 300w, https:\/\/www.agenciabrasilia.df.gov.br\/wp-conteudo\/uploads\/2021\/10\/25.10.-Inaugura\u00e7\u00e3o-da-UBS-7-de-Sobradinho-II.-Foto-Renato-Alves-Ag\u00eancia-Bras\u00edlia2-768x512.jpeg 768w, https:\/\/www.agenciabrasilia.df.gov.br\/wp-conteudo\/uploads\/2021\/10\/25.10.-Inaugura\u00e7\u00e3o-da-UBS-7-de-Sobradinho-II.-Foto-Renato-Alves-Ag\u00eancia-Bras\u00edlia2-1024x682.jpeg 1024w, https:\/\/www.agenciabrasilia.df.gov.br\/wp-conteudo\/uploads\/2021\/10\/25.10.-Inaugura\u00e7\u00e3o-da-UBS-7-de-Sobradinho-II.-Foto-Renato-Alves-Ag\u00eancia-Bras\u00edlia2-640x427.jpeg 640w, https:\/\/www.agenciabrasilia.df.gov.br\/wp-conteudo\/uploads\/2021\/10\/25.10.-Inaugura\u00e7\u00e3o-da-UBS-7-de-Sobradinho-II.-Foto-Renato-Alves-Ag\u00eancia-Bras\u00edlia2-149x99.jpeg 149w, https:\/\/www.agenciabrasilia.df.gov.br\/wp-conteudo\/uploads\/2021\/10\/25.10.-Inaugura\u00e7\u00e3o-da-UBS-7-de-Sobradinho-II.-Foto-Renato-Alves-Ag\u00eancia-Bras\u00edlia2-160x107.jpeg 160w, https:\/\/www.agenciabrasilia.df.gov.br\/wp-conteudo\/uploads\/2021\/10\/25.10.-Inaugura\u00e7\u00e3o-da-UBS-7-de-Sobradinho-II.-Foto-Renato-Alves-Ag\u00eancia-Bras\u00edlia2-256x171.jpeg 256w, https:\/\/www.agenciabrasilia.df.gov.br\/wp-conteudo\/uploads\/2021\/10\/25.10.-Inaugura\u00e7\u00e3o-da-UBS-7-de-Sobradinho-II.-Foto-Renato-Alves-Ag\u00eancia-Bras\u00edlia2-1200x800.jpeg 1200w\" alt=\"\" width=\"1280\" height=\"853\" \/><figcaption id=\"caption-attachment-347284\" class=\"wp-caption-text\">A UBS 7 conta com salas de atendimento m\u00e9dico, odontol\u00f3gico e de enfermagem | Foto: Renato Alves\/Ag\u00eancia Bras\u00edlia<\/figcaption><\/figure>\n<p style=\"text-align: justify;\">A UBS Sobradinho II tem 870 m<sup>2<\/sup>\u00a0de \u00e1rea constru\u00edda com quatro consult\u00f3rios m\u00e9dicos, quatro de enfermagem e dois de odontologia. Conta tamb\u00e9m com salas de atividades coletivas, de vacinas, dos agentes comunit\u00e1rios de sa\u00fade, de coleta de exames e de curativos, al\u00e9m de sala de inala\u00e7\u00e3o coletiva, copa e um vesti\u00e1rio para funcion\u00e1rios.<\/p>\n<p style=\"text-align: justify;\">A auxiliar de servi\u00e7os gerais Jana\u00edna Rodrigues, 32 anos, mora bem em frente \u00e0 nova UBS. M\u00e3e de quatro filhos, ela se sente aliviada com o atendimento mais perto de casa. \u201cAntes, se acontecia alguma emerg\u00eancia ou mesmo em dias de chuva, eu dependia de carro para buscar atendimento\u201d, conta. \u201cAgora d\u00e1 um al\u00edvio pensar que \u00e9 s\u00f3 atravessar a rua\u201d.<\/p>\n<p style=\"text-align: justify;\">O secret\u00e1rio de Sa\u00fade, general Manoel Pafiadache, diz que a constru\u00e7\u00e3o de mais uma UBS em Sobradinho II demonstra o empenho do GDF em expandir o atendimento de sa\u00fade prim\u00e1ria a quem precisa. \u201c\u00c9 a preocupa\u00e7\u00e3o do governo em aproximar a sa\u00fade da popula\u00e7\u00e3o\u201d, resume.<\/p>\n<p style=\"text-align: justify;\">Participaram da solenidade de inaugura\u00e7\u00e3o, al\u00e9m do governador Ibaneis e do titular da SES, os secret\u00e1rios de Governo, Jos\u00e9 Humberto Pires, e de Justi\u00e7a e Cidadania, Marcela Passamani; os deputados federais Celina Le\u00e3o e J\u00falio C\u00e9sar e os distritais Agaciel Maia e Jorge Viana, entre outras autoridades pol\u00edticas.<\/p>\n<p style=\"text-align: justify;\">Confira\u00a0<a href=\"https:\/\/info.saude.df.gov.br\/saude-do-cidadao2\/cidadao-ubs-unidades-basicas-de-saude\/\" target=\"_blank\" rel=\"noopener noreferrer\">aqui\u00a0<\/a>os locais e hor\u00e1rios de atendimento de todas as unidades b\u00e1sicas de sa\u00fade do Distrito Federal.<\/p>\n<p style=\"text-align: justify;\">Ag\u00eancia Brasilia.<\/p>\n<div class=\"relacionadas text-uppercase esquerda\"><\/div>\n","protected":false},"excerpt":{"rendered":"<p>Com investimentos de R$ 3,5 milh\u00f5es, unidade da Vila Buritizinho tem \u00e1rea de 870 metros quadrados e capacidade para atender at\u00e9 300 pessoas por dia. O Governo do Distrito Federal (GDF) amplia a oferta de servi\u00e7os na aten\u00e7\u00e3o prim\u00e1ria ao abrir, nesta segunda-feira (25), a Unidade B\u00e1sica de Sa\u00fade (UBS) 7 em Sobradinho II, na [&hellip;]<\/p>\n","protected":false},"author":2,"featured_media":24754,"comment_status":"open","ping_status":"open","sticky":false,"template":"","format":"standard","meta":{"footnotes":""},"categories":[1],"tags":[],"class_list":{"0":"post-24753","1":"post","2":"type-post","3":"status-publish","4":"format-standard","5":"has-post-thumbnail","7":"category-outros"},"yoast_head":"<!-- This site is optimized with the Yoast SEO Premium plugin v24.5 (Yoast SEO v27.5) - https:\/\/yoast.com\/product\/yoast-seo-premium-wordpress\/ -->\n<title>Sa\u00fade mais perto do povo com nova UBS em Sobradinho II. - P31<\/title>\n<meta name=\"robots\" content=\"index, follow, max-snippet:-1, max-image-preview:large, max-video-preview:-1\" \/>\n<link rel=\"canonical\" href=\"https:\/\/www.p31noticias.com.br\/?p=24753\" \/>\n<meta property=\"og:locale\" content=\"pt_BR\" \/>\n<meta property=\"og:type\" content=\"article\" \/>\n<meta property=\"og:title\" content=\"Sa\u00fade mais perto do povo com nova UBS em Sobradinho II.\" \/>\n<meta property=\"og:description\" content=\"Com investimentos de R$ 3,5 milh\u00f5es, unidade da Vila Buritizinho tem \u00e1rea de 870 metros quadrados e capacidade para atender at\u00e9 300 pessoas por dia. O Governo do Distrito Federal (GDF) amplia a oferta de servi\u00e7os na aten\u00e7\u00e3o prim\u00e1ria ao abrir, nesta segunda-feira (25), a Unidade B\u00e1sica de Sa\u00fade (UBS) 7 em Sobradinho II, na [&hellip;]\" \/>\n<meta property=\"og:url\" content=\"https:\/\/www.p31noticias.com.br\/?p=24753\" \/>\n<meta property=\"og:site_name\" content=\"P31\" \/>\n<meta property=\"article:published_time\" content=\"2021-10-25T22:04:28+00:00\" \/>\n<meta property=\"article:modified_time\" content=\"2022-02-17T18:17:37+00:00\" \/>\n<meta property=\"og:image\" content=\"https:\/\/www.p31noticias.com.br\/wp-content\/uploads\/2021\/10\/25.10.-Inaugura\u00e7\u00e3o-da-UBS-7-de-Sobradinho-II.-Foto-Renato-Alves-Ag\u00eancia-Bras\u00edlia3-640x427-1.jpeg\" \/>\n\t<meta property=\"og:image:width\" content=\"640\" \/>\n\t<meta property=\"og:image:height\" content=\"427\" \/>\n\t<meta property=\"og:image:type\" content=\"image\/jpeg\" \/>\n<meta name=\"author\" content=\"Gon\u00e7alves Junior\" \/>\n<meta name=\"twitter:card\" content=\"summary_large_image\" \/>\n<meta name=\"twitter:label1\" content=\"Escrito por\" \/>\n\t<meta name=\"twitter:data1\" content=\"Gon\u00e7alves Junior\" \/>\n\t<meta name=\"twitter:label2\" content=\"Est. tempo de leitura\" \/>\n\t<meta name=\"twitter:data2\" content=\"3 minutos\" \/>\n<script type=\"application\/ld+json\" class=\"yoast-schema-graph\">{\"@context\":\"https:\\\/\\\/schema.org\",\"@graph\":[{\"@type\":\"Article\",\"@id\":\"https:\\\/\\\/www.p31noticias.com.br\\\/?p=24753#article\",\"isPartOf\":{\"@id\":\"https:\\\/\\\/www.p31noticias.com.br\\\/?p=24753\"},\"author\":{\"name\":\"Gon\u00e7alves Junior\",\"@id\":\"https:\\\/\\\/www.p31noticias.com.br\\\/#\\\/schema\\\/person\\\/95f2ece30e3b4132065b915150cd0f94\"},\"headline\":\"Sa\u00fade mais perto do povo com nova UBS em Sobradinho II.\",\"datePublished\":\"2021-10-25T22:04:28+00:00\",\"dateModified\":\"2022-02-17T18:17:37+00:00\",\"mainEntityOfPage\":{\"@id\":\"https:\\\/\\\/www.p31noticias.com.br\\\/?p=24753\"},\"wordCount\":706,\"commentCount\":0,\"image\":{\"@id\":\"https:\\\/\\\/www.p31noticias.com.br\\\/?p=24753#primaryimage\"},\"thumbnailUrl\":\"https:\\\/\\\/www.p31noticias.com.br\\\/wp-content\\\/uploads\\\/2021\\\/10\\\/25.10.-Inaugura\u00e7\u00e3o-da-UBS-7-de-Sobradinho-II.-Foto-Renato-Alves-Ag\u00eancia-Bras\u00edlia3-640x427-1.jpeg\",\"articleSection\":[\"Outros\"],\"inLanguage\":\"pt-BR\",\"potentialAction\":[{\"@type\":\"CommentAction\",\"name\":\"Comment\",\"target\":[\"https:\\\/\\\/www.p31noticias.com.br\\\/?p=24753#respond\"]}],\"copyrightYear\":\"2021\",\"copyrightHolder\":{\"@id\":\"https:\\\/\\\/www.p31noticias.com.br\\\/#organization\"}},{\"@type\":\"WebPage\",\"@id\":\"https:\\\/\\\/www.p31noticias.com.br\\\/?p=24753\",\"url\":\"https:\\\/\\\/www.p31noticias.com.br\\\/?p=24753\",\"name\":\"Sa\u00fade mais perto do povo com nova UBS em Sobradinho II. - P31\",\"isPartOf\":{\"@id\":\"https:\\\/\\\/www.p31noticias.com.br\\\/#website\"},\"primaryImageOfPage\":{\"@id\":\"https:\\\/\\\/www.p31noticias.com.br\\\/?p=24753#primaryimage\"},\"image\":{\"@id\":\"https:\\\/\\\/www.p31noticias.com.br\\\/?p=24753#primaryimage\"},\"thumbnailUrl\":\"https:\\\/\\\/www.p31noticias.com.br\\\/wp-content\\\/uploads\\\/2021\\\/10\\\/25.10.-Inaugura\u00e7\u00e3o-da-UBS-7-de-Sobradinho-II.-Foto-Renato-Alves-Ag\u00eancia-Bras\u00edlia3-640x427-1.jpeg\",\"datePublished\":\"2021-10-25T22:04:28+00:00\",\"dateModified\":\"2022-02-17T18:17:37+00:00\",\"author\":{\"@id\":\"https:\\\/\\\/www.p31noticias.com.br\\\/#\\\/schema\\\/person\\\/95f2ece30e3b4132065b915150cd0f94\"},\"breadcrumb\":{\"@id\":\"https:\\\/\\\/www.p31noticias.com.br\\\/?p=24753#breadcrumb\"},\"inLanguage\":\"pt-BR\",\"potentialAction\":[{\"@type\":\"ReadAction\",\"target\":[\"https:\\\/\\\/www.p31noticias.com.br\\\/?p=24753\"]}]},{\"@type\":\"ImageObject\",\"inLanguage\":\"pt-BR\",\"@id\":\"https:\\\/\\\/www.p31noticias.com.br\\\/?p=24753#primaryimage\",\"url\":\"https:\\\/\\\/www.p31noticias.com.br\\\/wp-content\\\/uploads\\\/2021\\\/10\\\/25.10.-Inaugura\u00e7\u00e3o-da-UBS-7-de-Sobradinho-II.-Foto-Renato-Alves-Ag\u00eancia-Bras\u00edlia3-640x427-1.jpeg\",\"contentUrl\":\"https:\\\/\\\/www.p31noticias.com.br\\\/wp-content\\\/uploads\\\/2021\\\/10\\\/25.10.-Inaugura\u00e7\u00e3o-da-UBS-7-de-Sobradinho-II.-Foto-Renato-Alves-Ag\u00eancia-Bras\u00edlia3-640x427-1.jpeg\",\"width\":640,\"height\":427},{\"@type\":\"BreadcrumbList\",\"@id\":\"https:\\\/\\\/www.p31noticias.com.br\\\/?p=24753#breadcrumb\",\"itemListElement\":[{\"@type\":\"ListItem\",\"position\":1,\"name\":\"In\u00edcio\",\"item\":\"https:\\\/\\\/www.p31noticias.com.br\\\/\"},{\"@type\":\"ListItem\",\"position\":2,\"name\":\"Sa\u00fade mais perto do povo com nova UBS em Sobradinho II.\"}]},{\"@type\":\"WebSite\",\"@id\":\"https:\\\/\\\/www.p31noticias.com.br\\\/#website\",\"url\":\"https:\\\/\\\/www.p31noticias.com.br\\\/\",\"name\":\"P31\",\"description\":\"NOT\u00cdCIAS\",\"potentialAction\":[{\"@type\":\"SearchAction\",\"target\":{\"@type\":\"EntryPoint\",\"urlTemplate\":\"https:\\\/\\\/www.p31noticias.com.br\\\/?s={search_term_string}\"},\"query-input\":{\"@type\":\"PropertyValueSpecification\",\"valueRequired\":true,\"valueName\":\"search_term_string\"}}],\"inLanguage\":\"pt-BR\"},{\"@type\":\"Person\",\"@id\":\"https:\\\/\\\/www.p31noticias.com.br\\\/#\\\/schema\\\/person\\\/95f2ece30e3b4132065b915150cd0f94\",\"name\":\"Gon\u00e7alves Junior\",\"image\":{\"@type\":\"ImageObject\",\"inLanguage\":\"pt-BR\",\"@id\":\"https:\\\/\\\/secure.gravatar.com\\\/avatar\\\/6711f350116a89762687a48d66f723c799e5438a5b7578508d4294cd7a5d0800?s=96&d=mm&r=g\",\"url\":\"https:\\\/\\\/secure.gravatar.com\\\/avatar\\\/6711f350116a89762687a48d66f723c799e5438a5b7578508d4294cd7a5d0800?s=96&d=mm&r=g\",\"contentUrl\":\"https:\\\/\\\/secure.gravatar.com\\\/avatar\\\/6711f350116a89762687a48d66f723c799e5438a5b7578508d4294cd7a5d0800?s=96&d=mm&r=g\",\"caption\":\"Gon\u00e7alves Junior\"},\"url\":\"https:\\\/\\\/www.p31noticias.com.br\\\/?author=2\"}]}<\/script>\n<!-- \/ Yoast SEO Premium plugin. -->","yoast_head_json":{"title":"Sa\u00fade mais perto do povo com nova UBS em Sobradinho II. - P31","robots":{"index":"index","follow":"follow","max-snippet":"max-snippet:-1","max-image-preview":"max-image-preview:large","max-video-preview":"max-video-preview:-1"},"canonical":"https:\/\/www.p31noticias.com.br\/?p=24753","og_locale":"pt_BR","og_type":"article","og_title":"Sa\u00fade mais perto do povo com nova UBS em Sobradinho II.","og_description":"Com investimentos de R$ 3,5 milh\u00f5es, unidade da Vila Buritizinho tem \u00e1rea de 870 metros quadrados e capacidade para atender at\u00e9 300 pessoas por dia. O Governo do Distrito Federal (GDF) amplia a oferta de servi\u00e7os na aten\u00e7\u00e3o prim\u00e1ria ao abrir, nesta segunda-feira (25), a Unidade B\u00e1sica de Sa\u00fade (UBS) 7 em Sobradinho II, na [&hellip;]","og_url":"https:\/\/www.p31noticias.com.br\/?p=24753","og_site_name":"P31","article_published_time":"2021-10-25T22:04:28+00:00","article_modified_time":"2022-02-17T18:17:37+00:00","og_image":[{"width":640,"height":427,"url":"https:\/\/www.p31noticias.com.br\/wp-content\/uploads\/2021\/10\/25.10.-Inaugura\u00e7\u00e3o-da-UBS-7-de-Sobradinho-II.-Foto-Renato-Alves-Ag\u00eancia-Bras\u00edlia3-640x427-1.jpeg","type":"image\/jpeg"}],"author":"Gon\u00e7alves Junior","twitter_card":"summary_large_image","twitter_misc":{"Escrito por":"Gon\u00e7alves Junior","Est. tempo de leitura":"3 minutos"},"schema":{"@context":"https:\/\/schema.org","@graph":[{"@type":"Article","@id":"https:\/\/www.p31noticias.com.br\/?p=24753#article","isPartOf":{"@id":"https:\/\/www.p31noticias.com.br\/?p=24753"},"author":{"name":"Gon\u00e7alves Junior","@id":"https:\/\/www.p31noticias.com.br\/#\/schema\/person\/95f2ece30e3b4132065b915150cd0f94"},"headline":"Sa\u00fade mais perto do povo com nova UBS em Sobradinho II.","datePublished":"2021-10-25T22:04:28+00:00","dateModified":"2022-02-17T18:17:37+00:00","mainEntityOfPage":{"@id":"https:\/\/www.p31noticias.com.br\/?p=24753"},"wordCount":706,"commentCount":0,"image":{"@id":"https:\/\/www.p31noticias.com.br\/?p=24753#primaryimage"},"thumbnailUrl":"https:\/\/www.p31noticias.com.br\/wp-content\/uploads\/2021\/10\/25.10.-Inaugura\u00e7\u00e3o-da-UBS-7-de-Sobradinho-II.-Foto-Renato-Alves-Ag\u00eancia-Bras\u00edlia3-640x427-1.jpeg","articleSection":["Outros"],"inLanguage":"pt-BR","potentialAction":[{"@type":"CommentAction","name":"Comment","target":["https:\/\/www.p31noticias.com.br\/?p=24753#respond"]}],"copyrightYear":"2021","copyrightHolder":{"@id":"https:\/\/www.p31noticias.com.br\/#organization"}},{"@type":"WebPage","@id":"https:\/\/www.p31noticias.com.br\/?p=24753","url":"https:\/\/www.p31noticias.com.br\/?p=24753","name":"Sa\u00fade mais perto do povo com nova UBS em Sobradinho II. - P31","isPartOf":{"@id":"https:\/\/www.p31noticias.com.br\/#website"},"primaryImageOfPage":{"@id":"https:\/\/www.p31noticias.com.br\/?p=24753#primaryimage"},"image":{"@id":"https:\/\/www.p31noticias.com.br\/?p=24753#primaryimage"},"thumbnailUrl":"https:\/\/www.p31noticias.com.br\/wp-content\/uploads\/2021\/10\/25.10.-Inaugura\u00e7\u00e3o-da-UBS-7-de-Sobradinho-II.-Foto-Renato-Alves-Ag\u00eancia-Bras\u00edlia3-640x427-1.jpeg","datePublished":"2021-10-25T22:04:28+00:00","dateModified":"2022-02-17T18:17:37+00:00","author":{"@id":"https:\/\/www.p31noticias.com.br\/#\/schema\/person\/95f2ece30e3b4132065b915150cd0f94"},"breadcrumb":{"@id":"https:\/\/www.p31noticias.com.br\/?p=24753#breadcrumb"},"inLanguage":"pt-BR","potentialAction":[{"@type":"ReadAction","target":["https:\/\/www.p31noticias.com.br\/?p=24753"]}]},{"@type":"ImageObject","inLanguage":"pt-BR","@id":"https:\/\/www.p31noticias.com.br\/?p=24753#primaryimage","url":"https:\/\/www.p31noticias.com.br\/wp-content\/uploads\/2021\/10\/25.10.-Inaugura\u00e7\u00e3o-da-UBS-7-de-Sobradinho-II.-Foto-Renato-Alves-Ag\u00eancia-Bras\u00edlia3-640x427-1.jpeg","contentUrl":"https:\/\/www.p31noticias.com.br\/wp-content\/uploads\/2021\/10\/25.10.-Inaugura\u00e7\u00e3o-da-UBS-7-de-Sobradinho-II.-Foto-Renato-Alves-Ag\u00eancia-Bras\u00edlia3-640x427-1.jpeg","width":640,"height":427},{"@type":"BreadcrumbList","@id":"https:\/\/www.p31noticias.com.br\/?p=24753#breadcrumb","itemListElement":[{"@type":"ListItem","position":1,"name":"In\u00edcio","item":"https:\/\/www.p31noticias.com.br\/"},{"@type":"ListItem","position":2,"name":"Sa\u00fade mais perto do povo com nova UBS em Sobradinho II."}]},{"@type":"WebSite","@id":"https:\/\/www.p31noticias.com.br\/#website","url":"https:\/\/www.p31noticias.com.br\/","name":"P31","description":"NOT\u00cdCIAS","potentialAction":[{"@type":"SearchAction","target":{"@type":"EntryPoint","urlTemplate":"https:\/\/www.p31noticias.com.br\/?s={search_term_string}"},"query-input":{"@type":"PropertyValueSpecification","valueRequired":true,"valueName":"search_term_string"}}],"inLanguage":"pt-BR"},{"@type":"Person","@id":"https:\/\/www.p31noticias.com.br\/#\/schema\/person\/95f2ece30e3b4132065b915150cd0f94","name":"Gon\u00e7alves Junior","image":{"@type":"ImageObject","inLanguage":"pt-BR","@id":"https:\/\/secure.gravatar.com\/avatar\/6711f350116a89762687a48d66f723c799e5438a5b7578508d4294cd7a5d0800?s=96&d=mm&r=g","url":"https:\/\/secure.gravatar.com\/avatar\/6711f350116a89762687a48d66f723c799e5438a5b7578508d4294cd7a5d0800?s=96&d=mm&r=g","contentUrl":"https:\/\/secure.gravatar.com\/avatar\/6711f350116a89762687a48d66f723c799e5438a5b7578508d4294cd7a5d0800?s=96&d=mm&r=g","caption":"Gon\u00e7alves Junior"},"url":"https:\/\/www.p31noticias.com.br\/?author=2"}]}},"amp_enabled":true,"_links":{"self":[{"href":"https:\/\/www.p31noticias.com.br\/index.php?rest_route=\/wp\/v2\/posts\/24753","targetHints":{"allow":["GET"]}}],"collection":[{"href":"https:\/\/www.p31noticias.com.br\/index.php?rest_route=\/wp\/v2\/posts"}],"about":[{"href":"https:\/\/www.p31noticias.com.br\/index.php?rest_route=\/wp\/v2\/types\/post"}],"author":[{"embeddable":true,"href":"https:\/\/www.p31noticias.com.br\/index.php?rest_route=\/wp\/v2\/users\/2"}],"replies":[{"embeddable":true,"href":"https:\/\/www.p31noticias.com.br\/index.php?rest_route=%2Fwp%2Fv2%2Fcomments&post=24753"}],"version-history":[{"count":1,"href":"https:\/\/www.p31noticias.com.br\/index.php?rest_route=\/wp\/v2\/posts\/24753\/revisions"}],"predecessor-version":[{"id":24755,"href":"https:\/\/www.p31noticias.com.br\/index.php?rest_route=\/wp\/v2\/posts\/24753\/revisions\/24755"}],"wp:featuredmedia":[{"embeddable":true,"href":"https:\/\/www.p31noticias.com.br\/index.php?rest_route=\/wp\/v2\/media\/24754"}],"wp:attachment":[{"href":"https:\/\/www.p31noticias.com.br\/index.php?rest_route=%2Fwp%2Fv2%2Fmedia&parent=24753"}],"wp:term":[{"taxonomy":"category","embeddable":true,"href":"https:\/\/www.p31noticias.com.br\/index.php?rest_route=%2Fwp%2Fv2%2Fcategories&post=24753"},{"taxonomy":"post_tag","embeddable":true,"href":"https:\/\/www.p31noticias.com.br\/index.php?rest_route=%2Fwp%2Fv2%2Ftags&post=24753"}],"curies":[{"name":"wp","href":"https:\/\/api.w.org\/{rel}","templated":true}]}}