{"id":24750,"date":"2021-10-25T18:59:13","date_gmt":"2021-10-25T21:59:13","guid":{"rendered":"https:\/\/p31noticias.com.br\/?p=24750"},"modified":"2022-02-17T15:17:37","modified_gmt":"2022-02-17T18:17:37","slug":"em-meio-a-leitura-de-pareceres-cpi-vota-amanha-relatorio-de-renan","status":"publish","type":"post","link":"https:\/\/www.p31noticias.com.br\/?p=24750","title":{"rendered":"Em meio \u00e0 leitura de pareceres, CPI vota amanh\u00e3 relat\u00f3rio de Renan."},"content":{"rendered":"<h3 class=\"col-10 offset-1 animated fadeInDown dealy-900 display-8 display-md-8 alt-font font-italic my-1 text-center\" style=\"text-align: justify;\"><em><strong>Vota\u00e7\u00e3o marca o fim dos trabalhos da comiss\u00e3o no Senado.<\/strong><\/em><\/h3>\n<p style=\"text-align: justify;\">Ap\u00f3s seis meses de funcionamento, a Comiss\u00e3o Parlamentar de Inqu\u00e9rito (CPI) da Pandemia do Senado encerra nesta ter\u00e7a-feira (26) os trabalhos com a vota\u00e7\u00e3o do relat\u00f3rio final do senador Renan Calheiros (MDB). De acordo com o rito anunciado na semana passada pelo presidente do colegiado, senador Omar Aziz (PSD- AM), a reuni\u00e3o come\u00e7ar\u00e1 com a leitura dos votos em separado, que s\u00e3o uma esp\u00e9cie de relat\u00f3rio alternativo ao de Renan. At\u00e9 o fechamento desta reportagem, tr\u00eas senadores j\u00e1 haviam protocolado seus textos: o governista Marcos Rog\u00e9rio (DEM-RO), o senador de oposi\u00e7\u00e3o Alessandro Vieira (Cidadania-SE) e Eduardo Gir\u00e3o (Podemos- CE), que se classifica como \u201cindependente\u201d.<img decoding=\"async\" src=\"https:\/\/agenciabrasil.ebc.com.br\/ebc.png?id=1425495&amp;o=node\" \/><img decoding=\"async\" src=\"https:\/\/agenciabrasil.ebc.com.br\/ebc.gif?id=1425495&amp;o=node\" \/><\/p>\n<p style=\"text-align: justify;\">Os parlamentares ter\u00e3o 15 minutos \u2013 com toler\u00e2ncia de mais cinco minutos\u00a0 \u2013 para a leitura desses documentos. Conclu\u00edda essa fase, a vota\u00e7\u00e3o do relat\u00f3rio final vai ser feita de forma nominal e ostensiva, ou seja, p\u00fablica. O qu\u00f3rum de vota\u00e7\u00e3o ser\u00e1 de maioria simples dos membros presentes. Caso o parecer do relator seja aprovado, os demais ser\u00e3o descartados.<\/p>\n<h2 style=\"text-align: justify;\">Argumentos<\/h2>\n<p style=\"text-align: justify;\">O relat\u00f3rio de Alessandro Vieira \u00e9 dividido em cinco eixos: defini\u00e7\u00e3o de pol\u00edticas p\u00fablicas de combate \u00e0 pandemia; mortes evit\u00e1veis; ind\u00edcios de mau uso de recursos p\u00fablicos; an\u00e1lise dos pareceres e notas t\u00e9cnicas e propostas legislativas. Assim como fez Renan Calheiros, entre outros nomes, Vieira prop\u00f5e o indiciamento do presidente Jair Bolsonaro, mas por menos crimes. Na lista constam crime de responsabilidade, de epidemia, infra\u00e7\u00e3o de medida sanit\u00e1ria preventiva, charlatanismo, incita\u00e7\u00e3o ao crime e crime contra a humanidade. No caso de prevarica\u00e7\u00e3o, o senador sugere mais investiga\u00e7\u00f5es.<\/p>\n<p style=\"text-align: justify;\">Em outro voto em separado, o vice-l\u00edder do Governo no Congresso, senador Marcos Rog\u00e9rio, faz uma ampla defesa da conduta do presidente Jair Bolsonaro na pandemia e pede a rejei\u00e7\u00e3o do texto de Renan Calheiros. \u201cO foco da maioria dos membros [do colegiado] sempre foi atacar o presidente da Rep\u00fablica, num claro jogo pol\u00edtico e eleitoral. Por\u00e9m, as narrativas criadas pela oposi\u00e7\u00e3o para enfraquecer e condenar o governo federal n\u00e3o foram sustentadas em provas, n\u00e3o restando comprovado em atos, ou omiss\u00f5es ilegais praticados por autoridades e servidores da Administra\u00e7\u00e3o P\u00fablica Federal no enfrentamento da pandemia do novo coronav\u00edrus\u201c, argumenta o governista que optou por n\u00e3o apontar nenhum indiciamento.<\/p>\n<p style=\"text-align: justify;\">Marcos Rog\u00e9rio rebate todos os pontos do relat\u00f3rio de Renan. Sobre as acusa\u00e7\u00f5es de incentivo do presidente ao \u201ctratamento precoce\u201d de pacientes da covid-19 com medicamentos ineficazes em detrimento do uso de m\u00e1scaras e do isolamento social e a demora na compra de vacinas, o senador ressalta que n\u00e3o h\u00e1 resultados \u201cconclusivos\u201d sobre a efic\u00e1cia de drogas como a hidroxicloroquina e a azitromicina e defende que a prescri\u00e7\u00e3o desses f\u00e1rmacos \u201cdeve ser avaliada caso a caso, \u00e0 luz da autonomia m\u00e9dica\u201d.<\/p>\n<p style=\"text-align: justify;\">Em seu voto em separado, o senador democrata defende ainda que se a c\u00fapula da CPI \u201crealmente considera que a cloroquina ou a hidroxicloroquina realmente causaram mortes de pacientes da covid-19, \u00e9 imperativo que se inclua no indiciamento todos os governadores e prefeitos que distribu\u00edram tais medicamentos para suas popula\u00e7\u00f5es, o que n\u00e3o ocorreu somente no in\u00edcio de 2020, como se alega\u201c.<\/p>\n<p style=\"text-align: justify;\">Nesta segunda-feira (25), tamb\u00e9m foi apresentado o voto em separado do senador Eduardo Gir\u00e3o. No texto, o foco principal \u00e9 o Cons\u00f3rcio Nordeste e a suposta compra superfaturada de mais de R$ 48,7 milh\u00f5es de 300 ventiladores pulmonares nos estados. Gir\u00e3o destaca que, apesar do pagamento, os equipamentos n\u00e3o foram entregues. O senador ressalta que a s\u00edntese dos fatos evidencia que o manejo dos recursos p\u00fablicos, inclusive federais, pelos estados e munic\u00edpios, acarretou preju\u00edzo ao er\u00e1rio da casa dos bilh\u00f5es de reais. O senador acrescenta que a negocia\u00e7\u00e3o feita no \u00e2mbito do Cons\u00f3rcio Nordeste com dispensa de licita\u00e7\u00e3o e sem a devida consigna\u00e7\u00e3o de garantias contraria a Lei de Licita\u00e7\u00f5es.<\/p>\n<p style=\"text-align: justify;\">O senador pede no documento o indiciamento do secret\u00e1rio executivo do Cons\u00f3rcio Nordeste, Carlos Gabas, por organiza\u00e7\u00e3o criminosa, improbidade administrativa, corrup\u00e7\u00e3o passiva, e fraude em licita\u00e7\u00e3o ou contrato dela decorrente.<\/p>\n<h2 style=\"text-align: justify;\">Destaques<\/h2>\n<p style=\"text-align: justify;\">Sob o argumento de n\u00e3o haver previs\u00e3o regimental para isso, o presidente da CPI j\u00e1 descartou a possibilidade de aprecia\u00e7\u00e3o de destaques ao relat\u00f3rio de Renan Calheiros. Apesar disso, at\u00e9 amanh\u00e3, ainda podem ser feitas modifica\u00e7\u00f5es no parecer caso Renan Calheiros se conven\u00e7a a acatar alguma sugest\u00e3o feita por membros do colegiado. Uma \u00faltima reuni\u00e3o sobre o assunto ser\u00e1 feita entre a c\u00fapula do colegiado hoje \u00e0 noite.<\/p>\n<h2 style=\"text-align: justify;\">Amazonas<\/h2>\n<p style=\"text-align: justify;\">Um ponto que est\u00e1 sendo bastante discutido \u00e9 o cap\u00edtulo que trata da crise sanit\u00e1ria do Amazonas. O trecho recebeu muitas cr\u00edticas do l\u00edder do MDB no Senado, Eduardo Braga (AM). Colega de partido de Renan, ele amea\u00e7a votar contra o texto caso o relator n\u00e3o inclua no documento final da CPI o indiciamento do governador do estado, Wilson Lima (PSC), e do ex-secret\u00e1rio de Sa\u00fade Marcellus Camp\u00ealo, pela crise da falta de oxig\u00eanio em Manaus no in\u00edcio deste ano. Braga chegou a elaborar um adendo ao relat\u00f3rio com essas sugest\u00f5es. Na semana passada, quando o relat\u00f3rio foi lido, Renan apresentou uma lista de 68 indiciados. https:\/\/agenciabrasil.ebc.com.br\/politica\/noticia\/2021-10\/cpi-da-pandemia-relatorio-de-renan-calheiros-pede-68-indiciamentos<\/p>\n<p style=\"text-align: justify;\">As considera\u00e7\u00f5es de Braga foram colocadas em um adendo elaborado por ele para ser apresentado \u00e0 c\u00fapula da comiss\u00e3o. No documento, ele avalia ser \u201cinaceit\u00e1vel\u201d que o relat\u00f3rio final n\u00e3o pe\u00e7a a puni\u00e7\u00e3o dos respons\u00e1veis pela crise no estado. \u201cNosso estado foi transformado em um verdadeiro campo de teste, com experimentos com reme\u0301dios ineficazes, falta de oxige\u0302nio, de leitos de internac\u0327a\u0303o e ate\u0301 de covas para enterrar os nossos conterra\u0302neos. Nenhum estado sofreu tanto quanto o Amazonas\u201d, destacou.<\/p>\n<p style=\"text-align: justify;\">Advers\u00e1rio pol\u00edtico de Lima, Braga acusa o governador de prevaricac\u0327a\u0303o; crimes de responsabilidade; crime contra a humanidade e improbidade administrativa. No caso do ex-secret\u00e1rio de Sa\u00fade, os crimes imputados a ele pelo emedebista s\u00e3o de falso testemunho, crime contra a humanidade e prevarica\u00e7\u00e3o.<\/p>\n<p style=\"text-align: justify;\">A secretaria da CPI tamb\u00e9m recebeu do senador Izalci Lucas (PSDB-DF) um adendo com foco no superfaturamento de compras e desvios de verbas ocorridos no Distrito Federal no combate \u00e0 pandemia.<\/p>\n<p>Ag\u00eancia Brasil.<\/p>\n","protected":false},"excerpt":{"rendered":"<p>Vota\u00e7\u00e3o marca o fim dos trabalhos da comiss\u00e3o no Senado. Ap\u00f3s seis meses de funcionamento, a Comiss\u00e3o Parlamentar de Inqu\u00e9rito (CPI) da Pandemia do Senado encerra nesta ter\u00e7a-feira (26) os trabalhos com a vota\u00e7\u00e3o do relat\u00f3rio final do senador Renan Calheiros (MDB). De acordo com o rito anunciado na semana passada pelo presidente do colegiado, [&hellip;]<\/p>\n","protected":false},"author":2,"featured_media":24751,"comment_status":"open","ping_status":"open","sticky":false,"template":"","format":"standard","meta":{"footnotes":""},"categories":[1],"tags":[],"class_list":{"0":"post-24750","1":"post","2":"type-post","3":"status-publish","4":"format-standard","5":"has-post-thumbnail","7":"category-outros"},"yoast_head":"<!-- This site is optimized with the Yoast SEO Premium plugin v24.5 (Yoast SEO v27.5) - https:\/\/yoast.com\/product\/yoast-seo-premium-wordpress\/ -->\n<title>Em meio \u00e0 leitura de pareceres, CPI vota amanh\u00e3 relat\u00f3rio de Renan. - P31<\/title>\n<meta name=\"robots\" content=\"index, follow, max-snippet:-1, max-image-preview:large, max-video-preview:-1\" \/>\n<link rel=\"canonical\" href=\"https:\/\/www.p31noticias.com.br\/?p=24750\" \/>\n<meta property=\"og:locale\" content=\"pt_BR\" \/>\n<meta property=\"og:type\" content=\"article\" \/>\n<meta property=\"og:title\" content=\"Em meio \u00e0 leitura de pareceres, CPI vota amanh\u00e3 relat\u00f3rio de Renan.\" \/>\n<meta property=\"og:description\" content=\"Vota\u00e7\u00e3o marca o fim dos trabalhos da comiss\u00e3o no Senado. Ap\u00f3s seis meses de funcionamento, a Comiss\u00e3o Parlamentar de Inqu\u00e9rito (CPI) da Pandemia do Senado encerra nesta ter\u00e7a-feira (26) os trabalhos com a vota\u00e7\u00e3o do relat\u00f3rio final do senador Renan Calheiros (MDB). De acordo com o rito anunciado na semana passada pelo presidente do colegiado, [&hellip;]\" \/>\n<meta property=\"og:url\" content=\"https:\/\/www.p31noticias.com.br\/?p=24750\" \/>\n<meta property=\"og:site_name\" content=\"P31\" \/>\n<meta property=\"article:published_time\" content=\"2021-10-25T21:59:13+00:00\" \/>\n<meta property=\"article:modified_time\" content=\"2022-02-17T18:17:37+00:00\" \/>\n<meta property=\"og:image\" content=\"https:\/\/www.p31noticias.com.br\/wp-content\/uploads\/2021\/10\/relatorio-cpi-da-pandemia_mcamgo_abr_201020211818-7.jpg\" \/>\n\t<meta property=\"og:image:width\" content=\"1170\" \/>\n\t<meta property=\"og:image:height\" content=\"700\" \/>\n\t<meta property=\"og:image:type\" content=\"image\/jpeg\" \/>\n<meta name=\"author\" content=\"Gon\u00e7alves Junior\" \/>\n<meta name=\"twitter:card\" content=\"summary_large_image\" \/>\n<meta name=\"twitter:label1\" content=\"Escrito por\" \/>\n\t<meta name=\"twitter:data1\" content=\"Gon\u00e7alves Junior\" \/>\n\t<meta name=\"twitter:label2\" content=\"Est. tempo de leitura\" \/>\n\t<meta name=\"twitter:data2\" content=\"6 minutos\" \/>\n<script type=\"application\/ld+json\" class=\"yoast-schema-graph\">{\"@context\":\"https:\\\/\\\/schema.org\",\"@graph\":[{\"@type\":\"Article\",\"@id\":\"https:\\\/\\\/www.p31noticias.com.br\\\/?p=24750#article\",\"isPartOf\":{\"@id\":\"https:\\\/\\\/www.p31noticias.com.br\\\/?p=24750\"},\"author\":{\"name\":\"Gon\u00e7alves Junior\",\"@id\":\"https:\\\/\\\/www.p31noticias.com.br\\\/#\\\/schema\\\/person\\\/95f2ece30e3b4132065b915150cd0f94\"},\"headline\":\"Em meio \u00e0 leitura de pareceres, CPI vota amanh\u00e3 relat\u00f3rio de Renan.\",\"datePublished\":\"2021-10-25T21:59:13+00:00\",\"dateModified\":\"2022-02-17T18:17:37+00:00\",\"mainEntityOfPage\":{\"@id\":\"https:\\\/\\\/www.p31noticias.com.br\\\/?p=24750\"},\"wordCount\":1124,\"commentCount\":0,\"image\":{\"@id\":\"https:\\\/\\\/www.p31noticias.com.br\\\/?p=24750#primaryimage\"},\"thumbnailUrl\":\"https:\\\/\\\/www.p31noticias.com.br\\\/wp-content\\\/uploads\\\/2021\\\/10\\\/relatorio-cpi-da-pandemia_mcamgo_abr_201020211818-7.jpg\",\"articleSection\":[\"Outros\"],\"inLanguage\":\"pt-BR\",\"potentialAction\":[{\"@type\":\"CommentAction\",\"name\":\"Comment\",\"target\":[\"https:\\\/\\\/www.p31noticias.com.br\\\/?p=24750#respond\"]}],\"copyrightYear\":\"2021\",\"copyrightHolder\":{\"@id\":\"https:\\\/\\\/www.p31noticias.com.br\\\/#organization\"}},{\"@type\":\"WebPage\",\"@id\":\"https:\\\/\\\/www.p31noticias.com.br\\\/?p=24750\",\"url\":\"https:\\\/\\\/www.p31noticias.com.br\\\/?p=24750\",\"name\":\"Em meio \u00e0 leitura de pareceres, CPI vota amanh\u00e3 relat\u00f3rio de Renan. - P31\",\"isPartOf\":{\"@id\":\"https:\\\/\\\/www.p31noticias.com.br\\\/#website\"},\"primaryImageOfPage\":{\"@id\":\"https:\\\/\\\/www.p31noticias.com.br\\\/?p=24750#primaryimage\"},\"image\":{\"@id\":\"https:\\\/\\\/www.p31noticias.com.br\\\/?p=24750#primaryimage\"},\"thumbnailUrl\":\"https:\\\/\\\/www.p31noticias.com.br\\\/wp-content\\\/uploads\\\/2021\\\/10\\\/relatorio-cpi-da-pandemia_mcamgo_abr_201020211818-7.jpg\",\"datePublished\":\"2021-10-25T21:59:13+00:00\",\"dateModified\":\"2022-02-17T18:17:37+00:00\",\"author\":{\"@id\":\"https:\\\/\\\/www.p31noticias.com.br\\\/#\\\/schema\\\/person\\\/95f2ece30e3b4132065b915150cd0f94\"},\"breadcrumb\":{\"@id\":\"https:\\\/\\\/www.p31noticias.com.br\\\/?p=24750#breadcrumb\"},\"inLanguage\":\"pt-BR\",\"potentialAction\":[{\"@type\":\"ReadAction\",\"target\":[\"https:\\\/\\\/www.p31noticias.com.br\\\/?p=24750\"]}]},{\"@type\":\"ImageObject\",\"inLanguage\":\"pt-BR\",\"@id\":\"https:\\\/\\\/www.p31noticias.com.br\\\/?p=24750#primaryimage\",\"url\":\"https:\\\/\\\/www.p31noticias.com.br\\\/wp-content\\\/uploads\\\/2021\\\/10\\\/relatorio-cpi-da-pandemia_mcamgo_abr_201020211818-7.jpg\",\"contentUrl\":\"https:\\\/\\\/www.p31noticias.com.br\\\/wp-content\\\/uploads\\\/2021\\\/10\\\/relatorio-cpi-da-pandemia_mcamgo_abr_201020211818-7.jpg\",\"width\":1170,\"height\":700,\"caption\":\"Sess\u00e3o para leitura do relat\u00f3rio da CPI da Pandemia.\"},{\"@type\":\"BreadcrumbList\",\"@id\":\"https:\\\/\\\/www.p31noticias.com.br\\\/?p=24750#breadcrumb\",\"itemListElement\":[{\"@type\":\"ListItem\",\"position\":1,\"name\":\"In\u00edcio\",\"item\":\"https:\\\/\\\/www.p31noticias.com.br\\\/\"},{\"@type\":\"ListItem\",\"position\":2,\"name\":\"Em meio \u00e0 leitura de pareceres, CPI vota amanh\u00e3 relat\u00f3rio de Renan.\"}]},{\"@type\":\"WebSite\",\"@id\":\"https:\\\/\\\/www.p31noticias.com.br\\\/#website\",\"url\":\"https:\\\/\\\/www.p31noticias.com.br\\\/\",\"name\":\"P31\",\"description\":\"NOT\u00cdCIAS\",\"potentialAction\":[{\"@type\":\"SearchAction\",\"target\":{\"@type\":\"EntryPoint\",\"urlTemplate\":\"https:\\\/\\\/www.p31noticias.com.br\\\/?s={search_term_string}\"},\"query-input\":{\"@type\":\"PropertyValueSpecification\",\"valueRequired\":true,\"valueName\":\"search_term_string\"}}],\"inLanguage\":\"pt-BR\"},{\"@type\":\"Person\",\"@id\":\"https:\\\/\\\/www.p31noticias.com.br\\\/#\\\/schema\\\/person\\\/95f2ece30e3b4132065b915150cd0f94\",\"name\":\"Gon\u00e7alves Junior\",\"image\":{\"@type\":\"ImageObject\",\"inLanguage\":\"pt-BR\",\"@id\":\"https:\\\/\\\/secure.gravatar.com\\\/avatar\\\/6711f350116a89762687a48d66f723c799e5438a5b7578508d4294cd7a5d0800?s=96&d=mm&r=g\",\"url\":\"https:\\\/\\\/secure.gravatar.com\\\/avatar\\\/6711f350116a89762687a48d66f723c799e5438a5b7578508d4294cd7a5d0800?s=96&d=mm&r=g\",\"contentUrl\":\"https:\\\/\\\/secure.gravatar.com\\\/avatar\\\/6711f350116a89762687a48d66f723c799e5438a5b7578508d4294cd7a5d0800?s=96&d=mm&r=g\",\"caption\":\"Gon\u00e7alves Junior\"},\"url\":\"https:\\\/\\\/www.p31noticias.com.br\\\/?author=2\"}]}<\/script>\n<!-- \/ Yoast SEO Premium plugin. -->","yoast_head_json":{"title":"Em meio \u00e0 leitura de pareceres, CPI vota amanh\u00e3 relat\u00f3rio de Renan. - P31","robots":{"index":"index","follow":"follow","max-snippet":"max-snippet:-1","max-image-preview":"max-image-preview:large","max-video-preview":"max-video-preview:-1"},"canonical":"https:\/\/www.p31noticias.com.br\/?p=24750","og_locale":"pt_BR","og_type":"article","og_title":"Em meio \u00e0 leitura de pareceres, CPI vota amanh\u00e3 relat\u00f3rio de Renan.","og_description":"Vota\u00e7\u00e3o marca o fim dos trabalhos da comiss\u00e3o no Senado. Ap\u00f3s seis meses de funcionamento, a Comiss\u00e3o Parlamentar de Inqu\u00e9rito (CPI) da Pandemia do Senado encerra nesta ter\u00e7a-feira (26) os trabalhos com a vota\u00e7\u00e3o do relat\u00f3rio final do senador Renan Calheiros (MDB). De acordo com o rito anunciado na semana passada pelo presidente do colegiado, [&hellip;]","og_url":"https:\/\/www.p31noticias.com.br\/?p=24750","og_site_name":"P31","article_published_time":"2021-10-25T21:59:13+00:00","article_modified_time":"2022-02-17T18:17:37+00:00","og_image":[{"width":1170,"height":700,"url":"https:\/\/www.p31noticias.com.br\/wp-content\/uploads\/2021\/10\/relatorio-cpi-da-pandemia_mcamgo_abr_201020211818-7.jpg","type":"image\/jpeg"}],"author":"Gon\u00e7alves Junior","twitter_card":"summary_large_image","twitter_misc":{"Escrito por":"Gon\u00e7alves Junior","Est. tempo de leitura":"6 minutos"},"schema":{"@context":"https:\/\/schema.org","@graph":[{"@type":"Article","@id":"https:\/\/www.p31noticias.com.br\/?p=24750#article","isPartOf":{"@id":"https:\/\/www.p31noticias.com.br\/?p=24750"},"author":{"name":"Gon\u00e7alves Junior","@id":"https:\/\/www.p31noticias.com.br\/#\/schema\/person\/95f2ece30e3b4132065b915150cd0f94"},"headline":"Em meio \u00e0 leitura de pareceres, CPI vota amanh\u00e3 relat\u00f3rio de Renan.","datePublished":"2021-10-25T21:59:13+00:00","dateModified":"2022-02-17T18:17:37+00:00","mainEntityOfPage":{"@id":"https:\/\/www.p31noticias.com.br\/?p=24750"},"wordCount":1124,"commentCount":0,"image":{"@id":"https:\/\/www.p31noticias.com.br\/?p=24750#primaryimage"},"thumbnailUrl":"https:\/\/www.p31noticias.com.br\/wp-content\/uploads\/2021\/10\/relatorio-cpi-da-pandemia_mcamgo_abr_201020211818-7.jpg","articleSection":["Outros"],"inLanguage":"pt-BR","potentialAction":[{"@type":"CommentAction","name":"Comment","target":["https:\/\/www.p31noticias.com.br\/?p=24750#respond"]}],"copyrightYear":"2021","copyrightHolder":{"@id":"https:\/\/www.p31noticias.com.br\/#organization"}},{"@type":"WebPage","@id":"https:\/\/www.p31noticias.com.br\/?p=24750","url":"https:\/\/www.p31noticias.com.br\/?p=24750","name":"Em meio \u00e0 leitura de pareceres, CPI vota amanh\u00e3 relat\u00f3rio de Renan. - P31","isPartOf":{"@id":"https:\/\/www.p31noticias.com.br\/#website"},"primaryImageOfPage":{"@id":"https:\/\/www.p31noticias.com.br\/?p=24750#primaryimage"},"image":{"@id":"https:\/\/www.p31noticias.com.br\/?p=24750#primaryimage"},"thumbnailUrl":"https:\/\/www.p31noticias.com.br\/wp-content\/uploads\/2021\/10\/relatorio-cpi-da-pandemia_mcamgo_abr_201020211818-7.jpg","datePublished":"2021-10-25T21:59:13+00:00","dateModified":"2022-02-17T18:17:37+00:00","author":{"@id":"https:\/\/www.p31noticias.com.br\/#\/schema\/person\/95f2ece30e3b4132065b915150cd0f94"},"breadcrumb":{"@id":"https:\/\/www.p31noticias.com.br\/?p=24750#breadcrumb"},"inLanguage":"pt-BR","potentialAction":[{"@type":"ReadAction","target":["https:\/\/www.p31noticias.com.br\/?p=24750"]}]},{"@type":"ImageObject","inLanguage":"pt-BR","@id":"https:\/\/www.p31noticias.com.br\/?p=24750#primaryimage","url":"https:\/\/www.p31noticias.com.br\/wp-content\/uploads\/2021\/10\/relatorio-cpi-da-pandemia_mcamgo_abr_201020211818-7.jpg","contentUrl":"https:\/\/www.p31noticias.com.br\/wp-content\/uploads\/2021\/10\/relatorio-cpi-da-pandemia_mcamgo_abr_201020211818-7.jpg","width":1170,"height":700,"caption":"Sess\u00e3o para leitura do relat\u00f3rio da CPI da Pandemia."},{"@type":"BreadcrumbList","@id":"https:\/\/www.p31noticias.com.br\/?p=24750#breadcrumb","itemListElement":[{"@type":"ListItem","position":1,"name":"In\u00edcio","item":"https:\/\/www.p31noticias.com.br\/"},{"@type":"ListItem","position":2,"name":"Em meio \u00e0 leitura de pareceres, CPI vota amanh\u00e3 relat\u00f3rio de Renan."}]},{"@type":"WebSite","@id":"https:\/\/www.p31noticias.com.br\/#website","url":"https:\/\/www.p31noticias.com.br\/","name":"P31","description":"NOT\u00cdCIAS","potentialAction":[{"@type":"SearchAction","target":{"@type":"EntryPoint","urlTemplate":"https:\/\/www.p31noticias.com.br\/?s={search_term_string}"},"query-input":{"@type":"PropertyValueSpecification","valueRequired":true,"valueName":"search_term_string"}}],"inLanguage":"pt-BR"},{"@type":"Person","@id":"https:\/\/www.p31noticias.com.br\/#\/schema\/person\/95f2ece30e3b4132065b915150cd0f94","name":"Gon\u00e7alves Junior","image":{"@type":"ImageObject","inLanguage":"pt-BR","@id":"https:\/\/secure.gravatar.com\/avatar\/6711f350116a89762687a48d66f723c799e5438a5b7578508d4294cd7a5d0800?s=96&d=mm&r=g","url":"https:\/\/secure.gravatar.com\/avatar\/6711f350116a89762687a48d66f723c799e5438a5b7578508d4294cd7a5d0800?s=96&d=mm&r=g","contentUrl":"https:\/\/secure.gravatar.com\/avatar\/6711f350116a89762687a48d66f723c799e5438a5b7578508d4294cd7a5d0800?s=96&d=mm&r=g","caption":"Gon\u00e7alves Junior"},"url":"https:\/\/www.p31noticias.com.br\/?author=2"}]}},"amp_enabled":true,"_links":{"self":[{"href":"https:\/\/www.p31noticias.com.br\/index.php?rest_route=\/wp\/v2\/posts\/24750","targetHints":{"allow":["GET"]}}],"collection":[{"href":"https:\/\/www.p31noticias.com.br\/index.php?rest_route=\/wp\/v2\/posts"}],"about":[{"href":"https:\/\/www.p31noticias.com.br\/index.php?rest_route=\/wp\/v2\/types\/post"}],"author":[{"embeddable":true,"href":"https:\/\/www.p31noticias.com.br\/index.php?rest_route=\/wp\/v2\/users\/2"}],"replies":[{"embeddable":true,"href":"https:\/\/www.p31noticias.com.br\/index.php?rest_route=%2Fwp%2Fv2%2Fcomments&post=24750"}],"version-history":[{"count":1,"href":"https:\/\/www.p31noticias.com.br\/index.php?rest_route=\/wp\/v2\/posts\/24750\/revisions"}],"predecessor-version":[{"id":24752,"href":"https:\/\/www.p31noticias.com.br\/index.php?rest_route=\/wp\/v2\/posts\/24750\/revisions\/24752"}],"wp:featuredmedia":[{"embeddable":true,"href":"https:\/\/www.p31noticias.com.br\/index.php?rest_route=\/wp\/v2\/media\/24751"}],"wp:attachment":[{"href":"https:\/\/www.p31noticias.com.br\/index.php?rest_route=%2Fwp%2Fv2%2Fmedia&parent=24750"}],"wp:term":[{"taxonomy":"category","embeddable":true,"href":"https:\/\/www.p31noticias.com.br\/index.php?rest_route=%2Fwp%2Fv2%2Fcategories&post=24750"},{"taxonomy":"post_tag","embeddable":true,"href":"https:\/\/www.p31noticias.com.br\/index.php?rest_route=%2Fwp%2Fv2%2Ftags&post=24750"}],"curies":[{"name":"wp","href":"https:\/\/api.w.org\/{rel}","templated":true}]}}