{"id":24736,"date":"2021-10-19T19:11:19","date_gmt":"2021-10-19T22:11:19","guid":{"rendered":"https:\/\/p31noticias.com.br\/?p=24736"},"modified":"2022-02-17T15:17:37","modified_gmt":"2022-02-17T18:17:37","slug":"procon-pede-mais-transparencia-nos-reajustes-de-planos-de-saude","status":"publish","type":"post","link":"https:\/\/www.p31noticias.com.br\/?p=24736","title":{"rendered":"Procon pede mais transpar\u00eancia nos reajustes de planos de sa\u00fade."},"content":{"rendered":"<div class=\"row\">\n<h3 class=\"col-10 offset-1 animated fadeInDown dealy-900 display-8 display-md-8 alt-font font-italic my-1 text-center\"><em><strong>\u00d3rg\u00e3o de defesa do consumidor enviou pedido \u00e0 ANS.<\/strong><\/em><\/h3>\n<\/div>\n<p style=\"text-align: justify;\">O Procon de S\u00e3o Paulo encaminhou um pedido \u00e0 Ag\u00eancia Nacional de Sa\u00fade Suplementar (ANS) para que os planos de sa\u00fade aumentem a transpar\u00eancia com rela\u00e7\u00e3o \u00e0s cobran\u00e7as e valores de reajustes. O \u00f3rg\u00e3o de defesa do consumidor quer que as empresas divulguem os c\u00e1lculos para se chegar aos percentuais de aumento dos planos.<img decoding=\"async\" src=\"https:\/\/agenciabrasil.ebc.com.br\/ebc.png?id=1424923&amp;o=node\" \/><img decoding=\"async\" src=\"https:\/\/agenciabrasil.ebc.com.br\/ebc.gif?id=1424923&amp;o=node\" \/><\/p>\n<p style=\"text-align: justify;\">Essas informa\u00e7\u00f5es ficariam dispon\u00edveis nas p\u00e1ginas das operadoras e da ANS. Al\u00e9m disso, o Procon pede que\u00a0as empresas discriminem nos boletos mensais as cobran\u00e7as feitas dos usu\u00e1rios.<\/p>\n<p style=\"text-align: justify;\">\u201cO consumidor deve\u00a0ter\u00a0a no\u00e7\u00e3o do que ele est\u00e1 pagando \u2013 o que \u00e9 seguro sa\u00fade, o que \u00e9 taxa de administra\u00e7\u00e3o, de corretagem etc. Essa informa\u00e7\u00e3o deve ser fornecida de forma transparente pelas operadoras\u201d, defende o diretor do Procon, Fernando Capez.<\/p>\n<p style=\"text-align: justify;\">O pedido se baseia, de acordo com o Procon, em uma resolu\u00e7\u00e3o do Conselho Nacional de Sa\u00fade Suplementar publicada em setembro.<\/p>\n<p style=\"text-align: justify;\">Em abril, o \u00f3rg\u00e3o de defesa do consumidor entrou com uma a\u00e7\u00e3o civil p\u00fablica para questionar os aumentos de cinco operadoras de planos de sa\u00fade. As empresas j\u00e1 haviam sido multadas pelo Procon pelos reajustes.<\/p>\n<p style=\"text-align: justify;\">A\u00a0<strong>Ag\u00eancia Brasil\u00a0<\/strong>entrou em contato com a ANS, mas at\u00e9 o momento n\u00e3o obteve resposta sobre o pedido do Procon.<\/p>\n<p style=\"text-align: justify;\">Fonte :\u00a0 Agencia Brasil<\/p>\n<p>&nbsp;<\/p>\n<ul class=\"divider social-icons si-border round si-colored-bg-on-hover my-3\"><\/ul>\n<p>.<\/p>\n","protected":false},"excerpt":{"rendered":"<p>\u00d3rg\u00e3o de defesa do consumidor enviou pedido \u00e0 ANS. O Procon de S\u00e3o Paulo encaminhou um pedido \u00e0 Ag\u00eancia Nacional de Sa\u00fade Suplementar (ANS) para que os planos de sa\u00fade aumentem a transpar\u00eancia com rela\u00e7\u00e3o \u00e0s cobran\u00e7as e valores de reajustes. O \u00f3rg\u00e3o de defesa do consumidor quer que as empresas divulguem os c\u00e1lculos para [&hellip;]<\/p>\n","protected":false},"author":2,"featured_media":24737,"comment_status":"open","ping_status":"open","sticky":false,"template":"","format":"standard","meta":{"footnotes":""},"categories":[68],"tags":[],"class_list":{"0":"post-24736","1":"post","2":"type-post","3":"status-publish","4":"format-standard","5":"has-post-thumbnail","7":"category-brasil"},"yoast_head":"<!-- This site is optimized with the Yoast SEO Premium plugin v24.5 (Yoast SEO v27.5) - https:\/\/yoast.com\/product\/yoast-seo-premium-wordpress\/ -->\n<title>Procon pede mais transpar\u00eancia nos reajustes de planos de sa\u00fade. - P31<\/title>\n<meta name=\"robots\" content=\"index, follow, max-snippet:-1, max-image-preview:large, max-video-preview:-1\" \/>\n<link rel=\"canonical\" href=\"https:\/\/www.p31noticias.com.br\/?p=24736\" \/>\n<meta property=\"og:locale\" content=\"pt_BR\" \/>\n<meta property=\"og:type\" content=\"article\" \/>\n<meta property=\"og:title\" content=\"Procon pede mais transpar\u00eancia nos reajustes de planos de sa\u00fade.\" \/>\n<meta property=\"og:description\" content=\"\u00d3rg\u00e3o de defesa do consumidor enviou pedido \u00e0 ANS. O Procon de S\u00e3o Paulo encaminhou um pedido \u00e0 Ag\u00eancia Nacional de Sa\u00fade Suplementar (ANS) para que os planos de sa\u00fade aumentem a transpar\u00eancia com rela\u00e7\u00e3o \u00e0s cobran\u00e7as e valores de reajustes. O \u00f3rg\u00e3o de defesa do consumidor quer que as empresas divulguem os c\u00e1lculos para [&hellip;]\" \/>\n<meta property=\"og:url\" content=\"https:\/\/www.p31noticias.com.br\/?p=24736\" \/>\n<meta property=\"og:site_name\" content=\"P31\" \/>\n<meta property=\"article:published_time\" content=\"2021-10-19T22:11:19+00:00\" \/>\n<meta property=\"article:modified_time\" content=\"2022-02-17T18:17:37+00:00\" \/>\n<meta property=\"og:image\" content=\"https:\/\/www.p31noticias.com.br\/wp-content\/uploads\/2021\/10\/trbr2414-1.jpg\" \/>\n\t<meta property=\"og:image:width\" content=\"1170\" \/>\n\t<meta property=\"og:image:height\" content=\"700\" \/>\n\t<meta property=\"og:image:type\" content=\"image\/jpeg\" \/>\n<meta name=\"author\" content=\"Gon\u00e7alves Junior\" \/>\n<meta name=\"twitter:card\" content=\"summary_large_image\" \/>\n<meta name=\"twitter:label1\" content=\"Escrito por\" \/>\n\t<meta name=\"twitter:data1\" content=\"Gon\u00e7alves Junior\" \/>\n\t<meta name=\"twitter:label2\" content=\"Est. tempo de leitura\" \/>\n\t<meta name=\"twitter:data2\" content=\"1 minuto\" \/>\n<script type=\"application\/ld+json\" class=\"yoast-schema-graph\">{\"@context\":\"https:\\\/\\\/schema.org\",\"@graph\":[{\"@type\":\"Article\",\"@id\":\"https:\\\/\\\/www.p31noticias.com.br\\\/?p=24736#article\",\"isPartOf\":{\"@id\":\"https:\\\/\\\/www.p31noticias.com.br\\\/?p=24736\"},\"author\":{\"name\":\"Gon\u00e7alves Junior\",\"@id\":\"https:\\\/\\\/www.p31noticias.com.br\\\/#\\\/schema\\\/person\\\/95f2ece30e3b4132065b915150cd0f94\"},\"headline\":\"Procon pede mais transpar\u00eancia nos reajustes de planos de sa\u00fade.\",\"datePublished\":\"2021-10-19T22:11:19+00:00\",\"dateModified\":\"2022-02-17T18:17:37+00:00\",\"mainEntityOfPage\":{\"@id\":\"https:\\\/\\\/www.p31noticias.com.br\\\/?p=24736\"},\"wordCount\":250,\"commentCount\":0,\"image\":{\"@id\":\"https:\\\/\\\/www.p31noticias.com.br\\\/?p=24736#primaryimage\"},\"thumbnailUrl\":\"https:\\\/\\\/www.p31noticias.com.br\\\/wp-content\\\/uploads\\\/2021\\\/10\\\/trbr2414-1.jpg\",\"articleSection\":[\"Brasil\"],\"inLanguage\":\"pt-BR\",\"potentialAction\":[{\"@type\":\"CommentAction\",\"name\":\"Comment\",\"target\":[\"https:\\\/\\\/www.p31noticias.com.br\\\/?p=24736#respond\"]}],\"copyrightYear\":\"2021\",\"copyrightHolder\":{\"@id\":\"https:\\\/\\\/www.p31noticias.com.br\\\/#organization\"}},{\"@type\":\"WebPage\",\"@id\":\"https:\\\/\\\/www.p31noticias.com.br\\\/?p=24736\",\"url\":\"https:\\\/\\\/www.p31noticias.com.br\\\/?p=24736\",\"name\":\"Procon pede mais transpar\u00eancia nos reajustes de planos de sa\u00fade. - P31\",\"isPartOf\":{\"@id\":\"https:\\\/\\\/www.p31noticias.com.br\\\/#website\"},\"primaryImageOfPage\":{\"@id\":\"https:\\\/\\\/www.p31noticias.com.br\\\/?p=24736#primaryimage\"},\"image\":{\"@id\":\"https:\\\/\\\/www.p31noticias.com.br\\\/?p=24736#primaryimage\"},\"thumbnailUrl\":\"https:\\\/\\\/www.p31noticias.com.br\\\/wp-content\\\/uploads\\\/2021\\\/10\\\/trbr2414-1.jpg\",\"datePublished\":\"2021-10-19T22:11:19+00:00\",\"dateModified\":\"2022-02-17T18:17:37+00:00\",\"author\":{\"@id\":\"https:\\\/\\\/www.p31noticias.com.br\\\/#\\\/schema\\\/person\\\/95f2ece30e3b4132065b915150cd0f94\"},\"breadcrumb\":{\"@id\":\"https:\\\/\\\/www.p31noticias.com.br\\\/?p=24736#breadcrumb\"},\"inLanguage\":\"pt-BR\",\"potentialAction\":[{\"@type\":\"ReadAction\",\"target\":[\"https:\\\/\\\/www.p31noticias.com.br\\\/?p=24736\"]}]},{\"@type\":\"ImageObject\",\"inLanguage\":\"pt-BR\",\"@id\":\"https:\\\/\\\/www.p31noticias.com.br\\\/?p=24736#primaryimage\",\"url\":\"https:\\\/\\\/www.p31noticias.com.br\\\/wp-content\\\/uploads\\\/2021\\\/10\\\/trbr2414-1.jpg\",\"contentUrl\":\"https:\\\/\\\/www.p31noticias.com.br\\\/wp-content\\\/uploads\\\/2021\\\/10\\\/trbr2414-1.jpg\",\"width\":1170,\"height\":700},{\"@type\":\"BreadcrumbList\",\"@id\":\"https:\\\/\\\/www.p31noticias.com.br\\\/?p=24736#breadcrumb\",\"itemListElement\":[{\"@type\":\"ListItem\",\"position\":1,\"name\":\"In\u00edcio\",\"item\":\"https:\\\/\\\/www.p31noticias.com.br\\\/\"},{\"@type\":\"ListItem\",\"position\":2,\"name\":\"Procon pede mais transpar\u00eancia nos reajustes de planos de sa\u00fade.\"}]},{\"@type\":\"WebSite\",\"@id\":\"https:\\\/\\\/www.p31noticias.com.br\\\/#website\",\"url\":\"https:\\\/\\\/www.p31noticias.com.br\\\/\",\"name\":\"P31\",\"description\":\"NOT\u00cdCIAS\",\"potentialAction\":[{\"@type\":\"SearchAction\",\"target\":{\"@type\":\"EntryPoint\",\"urlTemplate\":\"https:\\\/\\\/www.p31noticias.com.br\\\/?s={search_term_string}\"},\"query-input\":{\"@type\":\"PropertyValueSpecification\",\"valueRequired\":true,\"valueName\":\"search_term_string\"}}],\"inLanguage\":\"pt-BR\"},{\"@type\":\"Person\",\"@id\":\"https:\\\/\\\/www.p31noticias.com.br\\\/#\\\/schema\\\/person\\\/95f2ece30e3b4132065b915150cd0f94\",\"name\":\"Gon\u00e7alves Junior\",\"image\":{\"@type\":\"ImageObject\",\"inLanguage\":\"pt-BR\",\"@id\":\"https:\\\/\\\/secure.gravatar.com\\\/avatar\\\/6711f350116a89762687a48d66f723c799e5438a5b7578508d4294cd7a5d0800?s=96&d=mm&r=g\",\"url\":\"https:\\\/\\\/secure.gravatar.com\\\/avatar\\\/6711f350116a89762687a48d66f723c799e5438a5b7578508d4294cd7a5d0800?s=96&d=mm&r=g\",\"contentUrl\":\"https:\\\/\\\/secure.gravatar.com\\\/avatar\\\/6711f350116a89762687a48d66f723c799e5438a5b7578508d4294cd7a5d0800?s=96&d=mm&r=g\",\"caption\":\"Gon\u00e7alves Junior\"},\"url\":\"https:\\\/\\\/www.p31noticias.com.br\\\/?author=2\"}]}<\/script>\n<!-- \/ Yoast SEO Premium plugin. -->","yoast_head_json":{"title":"Procon pede mais transpar\u00eancia nos reajustes de planos de sa\u00fade. - P31","robots":{"index":"index","follow":"follow","max-snippet":"max-snippet:-1","max-image-preview":"max-image-preview:large","max-video-preview":"max-video-preview:-1"},"canonical":"https:\/\/www.p31noticias.com.br\/?p=24736","og_locale":"pt_BR","og_type":"article","og_title":"Procon pede mais transpar\u00eancia nos reajustes de planos de sa\u00fade.","og_description":"\u00d3rg\u00e3o de defesa do consumidor enviou pedido \u00e0 ANS. O Procon de S\u00e3o Paulo encaminhou um pedido \u00e0 Ag\u00eancia Nacional de Sa\u00fade Suplementar (ANS) para que os planos de sa\u00fade aumentem a transpar\u00eancia com rela\u00e7\u00e3o \u00e0s cobran\u00e7as e valores de reajustes. O \u00f3rg\u00e3o de defesa do consumidor quer que as empresas divulguem os c\u00e1lculos para [&hellip;]","og_url":"https:\/\/www.p31noticias.com.br\/?p=24736","og_site_name":"P31","article_published_time":"2021-10-19T22:11:19+00:00","article_modified_time":"2022-02-17T18:17:37+00:00","og_image":[{"width":1170,"height":700,"url":"https:\/\/www.p31noticias.com.br\/wp-content\/uploads\/2021\/10\/trbr2414-1.jpg","type":"image\/jpeg"}],"author":"Gon\u00e7alves Junior","twitter_card":"summary_large_image","twitter_misc":{"Escrito por":"Gon\u00e7alves Junior","Est. tempo de leitura":"1 minuto"},"schema":{"@context":"https:\/\/schema.org","@graph":[{"@type":"Article","@id":"https:\/\/www.p31noticias.com.br\/?p=24736#article","isPartOf":{"@id":"https:\/\/www.p31noticias.com.br\/?p=24736"},"author":{"name":"Gon\u00e7alves Junior","@id":"https:\/\/www.p31noticias.com.br\/#\/schema\/person\/95f2ece30e3b4132065b915150cd0f94"},"headline":"Procon pede mais transpar\u00eancia nos reajustes de planos de sa\u00fade.","datePublished":"2021-10-19T22:11:19+00:00","dateModified":"2022-02-17T18:17:37+00:00","mainEntityOfPage":{"@id":"https:\/\/www.p31noticias.com.br\/?p=24736"},"wordCount":250,"commentCount":0,"image":{"@id":"https:\/\/www.p31noticias.com.br\/?p=24736#primaryimage"},"thumbnailUrl":"https:\/\/www.p31noticias.com.br\/wp-content\/uploads\/2021\/10\/trbr2414-1.jpg","articleSection":["Brasil"],"inLanguage":"pt-BR","potentialAction":[{"@type":"CommentAction","name":"Comment","target":["https:\/\/www.p31noticias.com.br\/?p=24736#respond"]}],"copyrightYear":"2021","copyrightHolder":{"@id":"https:\/\/www.p31noticias.com.br\/#organization"}},{"@type":"WebPage","@id":"https:\/\/www.p31noticias.com.br\/?p=24736","url":"https:\/\/www.p31noticias.com.br\/?p=24736","name":"Procon pede mais transpar\u00eancia nos reajustes de planos de sa\u00fade. - P31","isPartOf":{"@id":"https:\/\/www.p31noticias.com.br\/#website"},"primaryImageOfPage":{"@id":"https:\/\/www.p31noticias.com.br\/?p=24736#primaryimage"},"image":{"@id":"https:\/\/www.p31noticias.com.br\/?p=24736#primaryimage"},"thumbnailUrl":"https:\/\/www.p31noticias.com.br\/wp-content\/uploads\/2021\/10\/trbr2414-1.jpg","datePublished":"2021-10-19T22:11:19+00:00","dateModified":"2022-02-17T18:17:37+00:00","author":{"@id":"https:\/\/www.p31noticias.com.br\/#\/schema\/person\/95f2ece30e3b4132065b915150cd0f94"},"breadcrumb":{"@id":"https:\/\/www.p31noticias.com.br\/?p=24736#breadcrumb"},"inLanguage":"pt-BR","potentialAction":[{"@type":"ReadAction","target":["https:\/\/www.p31noticias.com.br\/?p=24736"]}]},{"@type":"ImageObject","inLanguage":"pt-BR","@id":"https:\/\/www.p31noticias.com.br\/?p=24736#primaryimage","url":"https:\/\/www.p31noticias.com.br\/wp-content\/uploads\/2021\/10\/trbr2414-1.jpg","contentUrl":"https:\/\/www.p31noticias.com.br\/wp-content\/uploads\/2021\/10\/trbr2414-1.jpg","width":1170,"height":700},{"@type":"BreadcrumbList","@id":"https:\/\/www.p31noticias.com.br\/?p=24736#breadcrumb","itemListElement":[{"@type":"ListItem","position":1,"name":"In\u00edcio","item":"https:\/\/www.p31noticias.com.br\/"},{"@type":"ListItem","position":2,"name":"Procon pede mais transpar\u00eancia nos reajustes de planos de sa\u00fade."}]},{"@type":"WebSite","@id":"https:\/\/www.p31noticias.com.br\/#website","url":"https:\/\/www.p31noticias.com.br\/","name":"P31","description":"NOT\u00cdCIAS","potentialAction":[{"@type":"SearchAction","target":{"@type":"EntryPoint","urlTemplate":"https:\/\/www.p31noticias.com.br\/?s={search_term_string}"},"query-input":{"@type":"PropertyValueSpecification","valueRequired":true,"valueName":"search_term_string"}}],"inLanguage":"pt-BR"},{"@type":"Person","@id":"https:\/\/www.p31noticias.com.br\/#\/schema\/person\/95f2ece30e3b4132065b915150cd0f94","name":"Gon\u00e7alves Junior","image":{"@type":"ImageObject","inLanguage":"pt-BR","@id":"https:\/\/secure.gravatar.com\/avatar\/6711f350116a89762687a48d66f723c799e5438a5b7578508d4294cd7a5d0800?s=96&d=mm&r=g","url":"https:\/\/secure.gravatar.com\/avatar\/6711f350116a89762687a48d66f723c799e5438a5b7578508d4294cd7a5d0800?s=96&d=mm&r=g","contentUrl":"https:\/\/secure.gravatar.com\/avatar\/6711f350116a89762687a48d66f723c799e5438a5b7578508d4294cd7a5d0800?s=96&d=mm&r=g","caption":"Gon\u00e7alves Junior"},"url":"https:\/\/www.p31noticias.com.br\/?author=2"}]}},"amp_enabled":true,"_links":{"self":[{"href":"https:\/\/www.p31noticias.com.br\/index.php?rest_route=\/wp\/v2\/posts\/24736","targetHints":{"allow":["GET"]}}],"collection":[{"href":"https:\/\/www.p31noticias.com.br\/index.php?rest_route=\/wp\/v2\/posts"}],"about":[{"href":"https:\/\/www.p31noticias.com.br\/index.php?rest_route=\/wp\/v2\/types\/post"}],"author":[{"embeddable":true,"href":"https:\/\/www.p31noticias.com.br\/index.php?rest_route=\/wp\/v2\/users\/2"}],"replies":[{"embeddable":true,"href":"https:\/\/www.p31noticias.com.br\/index.php?rest_route=%2Fwp%2Fv2%2Fcomments&post=24736"}],"version-history":[{"count":2,"href":"https:\/\/www.p31noticias.com.br\/index.php?rest_route=\/wp\/v2\/posts\/24736\/revisions"}],"predecessor-version":[{"id":24739,"href":"https:\/\/www.p31noticias.com.br\/index.php?rest_route=\/wp\/v2\/posts\/24736\/revisions\/24739"}],"wp:featuredmedia":[{"embeddable":true,"href":"https:\/\/www.p31noticias.com.br\/index.php?rest_route=\/wp\/v2\/media\/24737"}],"wp:attachment":[{"href":"https:\/\/www.p31noticias.com.br\/index.php?rest_route=%2Fwp%2Fv2%2Fmedia&parent=24736"}],"wp:term":[{"taxonomy":"category","embeddable":true,"href":"https:\/\/www.p31noticias.com.br\/index.php?rest_route=%2Fwp%2Fv2%2Fcategories&post=24736"},{"taxonomy":"post_tag","embeddable":true,"href":"https:\/\/www.p31noticias.com.br\/index.php?rest_route=%2Fwp%2Fv2%2Ftags&post=24736"}],"curies":[{"name":"wp","href":"https:\/\/api.w.org\/{rel}","templated":true}]}}