{"id":24733,"date":"2021-10-15T12:05:58","date_gmt":"2021-10-15T15:05:58","guid":{"rendered":"https:\/\/p31noticias.com.br\/?p=24733"},"modified":"2022-02-17T15:17:37","modified_gmt":"2022-02-17T18:17:37","slug":"homem-que-matou-ex-companheira-com-mais-de-30-facadas-e-condenado-a-26-anos-de-prisao-no-df","status":"publish","type":"post","link":"https:\/\/www.p31noticias.com.br\/?p=24733","title":{"rendered":"Homem que matou ex-companheira com mais de 30 facadas \u00e9 condenado a 26 anos de pris\u00e3o no DF"},"content":{"rendered":"<p>O Tribunal do J\u00fari de Taguatinga condenou, nesta quinta-feira (14), Diego Nunes Freitas pelo assassinato da ex-companheira, Rosileia Pereira Freitas, de 36 anos. O crime ocorreu em fevereiro deste ano, e foi gravado por c\u00e2meras de seguran\u00e7a.<\/p>\n<p>A v\u00edtima foi atingida por mais de 30 facadas, na frente da pr\u00f3pria m\u00e3e. A pena do acusado foi fixada em 26 anos de pris\u00e3o, pelo homic\u00eddio, com as seguintes qualificadoras:<\/p>\n<div class=\"mc-column content-text active-extra-styles\" data-block-type=\"raw\" data-block-weight=\"7\" data-block-id=\"6\">\n<ul class=\"content-unordered-list\">\n<li>Motivo f\u00fatil;<\/li>\n<li>Uso de meio cruel;<\/li>\n<li>Feminic\u00eddio.<\/li>\n<\/ul>\n<\/div>\n<div class=\"mc-column content-text active-extra-styles \" data-block-type=\"unstyled\" data-block-weight=\"37\" data-block-id=\"7\">\n<p class=\"content-text__container \" data-track-category=\"Link no Texto\" data-track-links=\"\">O acusado, que est\u00e1 preso desde o crime, n\u00e3o poder\u00e1 recorrer em liberdade.<\/p>\n<div class=\"mc-column content-text active-extra-styles\" data-block-type=\"raw\" data-block-weight=\"2\" data-block-id=\"8\">\n<div class=\"content-intertitle\">\n<h2>O crime<\/h2>\n<\/div>\n<\/div>\n<div class=\"row medium-uncollapsed content-media content-photo\" data-block-type=\"backstage-photo\" data-block-id=\"9\">\n<div class=\"mc-column content-media__container\">\n<div class=\"content-media-container glb-skeleton-box\">\n<div class=\"mc-column content-text active-extra-styles \" data-block-type=\"unstyled\" data-block-weight=\"35\" data-block-id=\"11\">\n<p class=\"content-text__container \" data-track-category=\"Link no Texto\" data-track-links=\"\">O assassinato ocorreu no s\u00e1bado de carnaval (13), por volta das 16h30, na QND 52 de Taguatinga. Rosileia tinha ido buscar a m\u00e3e na rodovi\u00e1ria e acabava de voltar para casa quando foi atacada.<\/p>\n<\/div>\n<div class=\"mc-column content-text active-extra-styles \" data-block-type=\"unstyled\" data-block-weight=\"50\" data-block-id=\"12\">\n<p class=\"content-text__container \" data-track-category=\"Link no Texto\" data-track-links=\"\">As imagens de c\u00e2meras de seguran\u00e7a mostram que Diego chegou por tr\u00e1s, j\u00e1 agredindo a ex. Ele a derrubou e esfaqueou por mais de dois minutos. A m\u00e3e dela ainda tentou impedir o crime usando um guarda-chuva, mas sem sucesso. Os golpes foram na regi\u00e3o do pesco\u00e7o e das costas.<\/p>\n<\/div>\n<div class=\"mc-column content-text active-extra-styles \" data-block-type=\"unstyled\" data-block-weight=\"37\" data-block-id=\"13\">\n<p class=\"content-text__container \" data-track-category=\"Link no Texto\" data-track-links=\"\">Diego s\u00f3 cessou os ataques quando percebeu que Rosileia estava morta. Um vizinho chegou a se aproximar dele com uma barra de ferro e chamou a pol\u00edcia. O acusado ficou no local e foi preso em flagrante.<\/p>\n<\/div>\n<div class=\"mc-column content-text active-extra-styles \" data-block-type=\"unstyled\" data-block-weight=\"33\" data-block-id=\"14\">\n<p class=\"content-text__container \" data-track-category=\"Link no Texto\" data-track-links=\"\">Segundo a Pol\u00edcia Civil, ele n\u00e3o aceitava o fim do relacionamento. As investiga\u00e7\u00f5es indicaram que a mulher j\u00e1 tinha sido agredida por ele, mas n\u00e3o chegou a registrar ocorr\u00eancia. Ela deixou dois filhos.<\/p>\n<p data-track-category=\"Link no Texto\" data-track-links=\"\">Fonte: G1.<\/p>\n<\/div>\n<\/div>\n<\/div>\n<\/div>\n<\/div>\n","protected":false},"excerpt":{"rendered":"<p>O Tribunal do J\u00fari de Taguatinga condenou, nesta quinta-feira (14), Diego Nunes Freitas pelo assassinato da ex-companheira, Rosileia Pereira Freitas, de 36 anos. O crime ocorreu em fevereiro deste ano, e foi gravado por c\u00e2meras de seguran\u00e7a. A v\u00edtima foi atingida por mais de 30 facadas, na frente da pr\u00f3pria m\u00e3e. A pena do acusado [&hellip;]<\/p>\n","protected":false},"author":5,"featured_media":24734,"comment_status":"open","ping_status":"open","sticky":false,"template":"","format":"standard","meta":{"footnotes":""},"categories":[1],"tags":[],"class_list":{"0":"post-24733","1":"post","2":"type-post","3":"status-publish","4":"format-standard","5":"has-post-thumbnail","7":"category-outros"},"yoast_head":"<!-- This site is optimized with the Yoast SEO Premium plugin v24.5 (Yoast SEO v27.5) - https:\/\/yoast.com\/product\/yoast-seo-premium-wordpress\/ -->\n<title>Homem que matou ex-companheira com mais de 30 facadas \u00e9 condenado a 26 anos de pris\u00e3o no DF - P31<\/title>\n<meta name=\"robots\" content=\"index, follow, max-snippet:-1, max-image-preview:large, max-video-preview:-1\" \/>\n<link rel=\"canonical\" href=\"https:\/\/www.p31noticias.com.br\/?p=24733\" \/>\n<meta property=\"og:locale\" content=\"pt_BR\" \/>\n<meta property=\"og:type\" content=\"article\" \/>\n<meta property=\"og:title\" content=\"Homem que matou ex-companheira com mais de 30 facadas \u00e9 condenado a 26 anos de pris\u00e3o no DF\" \/>\n<meta property=\"og:description\" content=\"O Tribunal do J\u00fari de Taguatinga condenou, nesta quinta-feira (14), Diego Nunes Freitas pelo assassinato da ex-companheira, Rosileia Pereira Freitas, de 36 anos. O crime ocorreu em fevereiro deste ano, e foi gravado por c\u00e2meras de seguran\u00e7a. A v\u00edtima foi atingida por mais de 30 facadas, na frente da pr\u00f3pria m\u00e3e. A pena do acusado [&hellip;]\" \/>\n<meta property=\"og:url\" content=\"https:\/\/www.p31noticias.com.br\/?p=24733\" \/>\n<meta property=\"og:site_name\" content=\"P31\" \/>\n<meta property=\"article:published_time\" content=\"2021-10-15T15:05:58+00:00\" \/>\n<meta property=\"article:modified_time\" content=\"2022-02-17T18:17:37+00:00\" \/>\n<meta property=\"og:image\" content=\"https:\/\/www.p31noticias.com.br\/wp-content\/uploads\/2021\/10\/fundo-g1-frame-0-1-3-2.jpg\" \/>\n\t<meta property=\"og:image:width\" content=\"1000\" \/>\n\t<meta property=\"og:image:height\" content=\"563\" \/>\n\t<meta property=\"og:image:type\" content=\"image\/jpeg\" \/>\n<meta name=\"author\" content=\"Camilly Scheffer\" \/>\n<meta name=\"twitter:card\" content=\"summary_large_image\" \/>\n<meta name=\"twitter:label1\" content=\"Escrito por\" \/>\n\t<meta name=\"twitter:data1\" content=\"Camilly Scheffer\" \/>\n\t<meta name=\"twitter:label2\" content=\"Est. tempo de leitura\" \/>\n\t<meta name=\"twitter:data2\" content=\"1 minuto\" \/>\n<script type=\"application\/ld+json\" class=\"yoast-schema-graph\">{\"@context\":\"https:\\\/\\\/schema.org\",\"@graph\":[{\"@type\":\"Article\",\"@id\":\"https:\\\/\\\/www.p31noticias.com.br\\\/?p=24733#article\",\"isPartOf\":{\"@id\":\"https:\\\/\\\/www.p31noticias.com.br\\\/?p=24733\"},\"author\":{\"name\":\"Camilly Scheffer\",\"@id\":\"https:\\\/\\\/www.p31noticias.com.br\\\/#\\\/schema\\\/person\\\/d1bb0ccbf62b27e19ea4e75696908d43\"},\"headline\":\"Homem que matou ex-companheira com mais de 30 facadas \u00e9 condenado a 26 anos de pris\u00e3o no DF\",\"datePublished\":\"2021-10-15T15:05:58+00:00\",\"dateModified\":\"2022-02-17T18:17:37+00:00\",\"mainEntityOfPage\":{\"@id\":\"https:\\\/\\\/www.p31noticias.com.br\\\/?p=24733\"},\"wordCount\":282,\"commentCount\":0,\"image\":{\"@id\":\"https:\\\/\\\/www.p31noticias.com.br\\\/?p=24733#primaryimage\"},\"thumbnailUrl\":\"https:\\\/\\\/www.p31noticias.com.br\\\/wp-content\\\/uploads\\\/2021\\\/10\\\/fundo-g1-frame-0-1-3-2.jpg\",\"articleSection\":[\"Outros\"],\"inLanguage\":\"pt-BR\",\"potentialAction\":[{\"@type\":\"CommentAction\",\"name\":\"Comment\",\"target\":[\"https:\\\/\\\/www.p31noticias.com.br\\\/?p=24733#respond\"]}],\"copyrightYear\":\"2021\",\"copyrightHolder\":{\"@id\":\"https:\\\/\\\/www.p31noticias.com.br\\\/#organization\"}},{\"@type\":\"WebPage\",\"@id\":\"https:\\\/\\\/www.p31noticias.com.br\\\/?p=24733\",\"url\":\"https:\\\/\\\/www.p31noticias.com.br\\\/?p=24733\",\"name\":\"Homem que matou ex-companheira com mais de 30 facadas \u00e9 condenado a 26 anos de pris\u00e3o no DF - P31\",\"isPartOf\":{\"@id\":\"https:\\\/\\\/www.p31noticias.com.br\\\/#website\"},\"primaryImageOfPage\":{\"@id\":\"https:\\\/\\\/www.p31noticias.com.br\\\/?p=24733#primaryimage\"},\"image\":{\"@id\":\"https:\\\/\\\/www.p31noticias.com.br\\\/?p=24733#primaryimage\"},\"thumbnailUrl\":\"https:\\\/\\\/www.p31noticias.com.br\\\/wp-content\\\/uploads\\\/2021\\\/10\\\/fundo-g1-frame-0-1-3-2.jpg\",\"datePublished\":\"2021-10-15T15:05:58+00:00\",\"dateModified\":\"2022-02-17T18:17:37+00:00\",\"author\":{\"@id\":\"https:\\\/\\\/www.p31noticias.com.br\\\/#\\\/schema\\\/person\\\/d1bb0ccbf62b27e19ea4e75696908d43\"},\"breadcrumb\":{\"@id\":\"https:\\\/\\\/www.p31noticias.com.br\\\/?p=24733#breadcrumb\"},\"inLanguage\":\"pt-BR\",\"potentialAction\":[{\"@type\":\"ReadAction\",\"target\":[\"https:\\\/\\\/www.p31noticias.com.br\\\/?p=24733\"]}]},{\"@type\":\"ImageObject\",\"inLanguage\":\"pt-BR\",\"@id\":\"https:\\\/\\\/www.p31noticias.com.br\\\/?p=24733#primaryimage\",\"url\":\"https:\\\/\\\/www.p31noticias.com.br\\\/wp-content\\\/uploads\\\/2021\\\/10\\\/fundo-g1-frame-0-1-3-2.jpg\",\"contentUrl\":\"https:\\\/\\\/www.p31noticias.com.br\\\/wp-content\\\/uploads\\\/2021\\\/10\\\/fundo-g1-frame-0-1-3-2.jpg\",\"width\":1000,\"height\":563},{\"@type\":\"BreadcrumbList\",\"@id\":\"https:\\\/\\\/www.p31noticias.com.br\\\/?p=24733#breadcrumb\",\"itemListElement\":[{\"@type\":\"ListItem\",\"position\":1,\"name\":\"In\u00edcio\",\"item\":\"https:\\\/\\\/www.p31noticias.com.br\\\/\"},{\"@type\":\"ListItem\",\"position\":2,\"name\":\"Homem que matou ex-companheira com mais de 30 facadas \u00e9 condenado a 26 anos de pris\u00e3o no DF\"}]},{\"@type\":\"WebSite\",\"@id\":\"https:\\\/\\\/www.p31noticias.com.br\\\/#website\",\"url\":\"https:\\\/\\\/www.p31noticias.com.br\\\/\",\"name\":\"P31\",\"description\":\"NOT\u00cdCIAS\",\"potentialAction\":[{\"@type\":\"SearchAction\",\"target\":{\"@type\":\"EntryPoint\",\"urlTemplate\":\"https:\\\/\\\/www.p31noticias.com.br\\\/?s={search_term_string}\"},\"query-input\":{\"@type\":\"PropertyValueSpecification\",\"valueRequired\":true,\"valueName\":\"search_term_string\"}}],\"inLanguage\":\"pt-BR\"},{\"@type\":\"Person\",\"@id\":\"https:\\\/\\\/www.p31noticias.com.br\\\/#\\\/schema\\\/person\\\/d1bb0ccbf62b27e19ea4e75696908d43\",\"name\":\"Camilly Scheffer\",\"image\":{\"@type\":\"ImageObject\",\"inLanguage\":\"pt-BR\",\"@id\":\"https:\\\/\\\/secure.gravatar.com\\\/avatar\\\/06f4704b382d241ec2670712618fccea085b2db24d7b2d3b8691d904bbc1d557?s=96&d=mm&r=g\",\"url\":\"https:\\\/\\\/secure.gravatar.com\\\/avatar\\\/06f4704b382d241ec2670712618fccea085b2db24d7b2d3b8691d904bbc1d557?s=96&d=mm&r=g\",\"contentUrl\":\"https:\\\/\\\/secure.gravatar.com\\\/avatar\\\/06f4704b382d241ec2670712618fccea085b2db24d7b2d3b8691d904bbc1d557?s=96&d=mm&r=g\",\"caption\":\"Camilly Scheffer\"},\"url\":\"https:\\\/\\\/www.p31noticias.com.br\\\/?author=5\"}]}<\/script>\n<!-- \/ Yoast SEO Premium plugin. -->","yoast_head_json":{"title":"Homem que matou ex-companheira com mais de 30 facadas \u00e9 condenado a 26 anos de pris\u00e3o no DF - P31","robots":{"index":"index","follow":"follow","max-snippet":"max-snippet:-1","max-image-preview":"max-image-preview:large","max-video-preview":"max-video-preview:-1"},"canonical":"https:\/\/www.p31noticias.com.br\/?p=24733","og_locale":"pt_BR","og_type":"article","og_title":"Homem que matou ex-companheira com mais de 30 facadas \u00e9 condenado a 26 anos de pris\u00e3o no DF","og_description":"O Tribunal do J\u00fari de Taguatinga condenou, nesta quinta-feira (14), Diego Nunes Freitas pelo assassinato da ex-companheira, Rosileia Pereira Freitas, de 36 anos. O crime ocorreu em fevereiro deste ano, e foi gravado por c\u00e2meras de seguran\u00e7a. A v\u00edtima foi atingida por mais de 30 facadas, na frente da pr\u00f3pria m\u00e3e. A pena do acusado [&hellip;]","og_url":"https:\/\/www.p31noticias.com.br\/?p=24733","og_site_name":"P31","article_published_time":"2021-10-15T15:05:58+00:00","article_modified_time":"2022-02-17T18:17:37+00:00","og_image":[{"width":1000,"height":563,"url":"https:\/\/www.p31noticias.com.br\/wp-content\/uploads\/2021\/10\/fundo-g1-frame-0-1-3-2.jpg","type":"image\/jpeg"}],"author":"Camilly Scheffer","twitter_card":"summary_large_image","twitter_misc":{"Escrito por":"Camilly Scheffer","Est. tempo de leitura":"1 minuto"},"schema":{"@context":"https:\/\/schema.org","@graph":[{"@type":"Article","@id":"https:\/\/www.p31noticias.com.br\/?p=24733#article","isPartOf":{"@id":"https:\/\/www.p31noticias.com.br\/?p=24733"},"author":{"name":"Camilly Scheffer","@id":"https:\/\/www.p31noticias.com.br\/#\/schema\/person\/d1bb0ccbf62b27e19ea4e75696908d43"},"headline":"Homem que matou ex-companheira com mais de 30 facadas \u00e9 condenado a 26 anos de pris\u00e3o no DF","datePublished":"2021-10-15T15:05:58+00:00","dateModified":"2022-02-17T18:17:37+00:00","mainEntityOfPage":{"@id":"https:\/\/www.p31noticias.com.br\/?p=24733"},"wordCount":282,"commentCount":0,"image":{"@id":"https:\/\/www.p31noticias.com.br\/?p=24733#primaryimage"},"thumbnailUrl":"https:\/\/www.p31noticias.com.br\/wp-content\/uploads\/2021\/10\/fundo-g1-frame-0-1-3-2.jpg","articleSection":["Outros"],"inLanguage":"pt-BR","potentialAction":[{"@type":"CommentAction","name":"Comment","target":["https:\/\/www.p31noticias.com.br\/?p=24733#respond"]}],"copyrightYear":"2021","copyrightHolder":{"@id":"https:\/\/www.p31noticias.com.br\/#organization"}},{"@type":"WebPage","@id":"https:\/\/www.p31noticias.com.br\/?p=24733","url":"https:\/\/www.p31noticias.com.br\/?p=24733","name":"Homem que matou ex-companheira com mais de 30 facadas \u00e9 condenado a 26 anos de pris\u00e3o no DF - P31","isPartOf":{"@id":"https:\/\/www.p31noticias.com.br\/#website"},"primaryImageOfPage":{"@id":"https:\/\/www.p31noticias.com.br\/?p=24733#primaryimage"},"image":{"@id":"https:\/\/www.p31noticias.com.br\/?p=24733#primaryimage"},"thumbnailUrl":"https:\/\/www.p31noticias.com.br\/wp-content\/uploads\/2021\/10\/fundo-g1-frame-0-1-3-2.jpg","datePublished":"2021-10-15T15:05:58+00:00","dateModified":"2022-02-17T18:17:37+00:00","author":{"@id":"https:\/\/www.p31noticias.com.br\/#\/schema\/person\/d1bb0ccbf62b27e19ea4e75696908d43"},"breadcrumb":{"@id":"https:\/\/www.p31noticias.com.br\/?p=24733#breadcrumb"},"inLanguage":"pt-BR","potentialAction":[{"@type":"ReadAction","target":["https:\/\/www.p31noticias.com.br\/?p=24733"]}]},{"@type":"ImageObject","inLanguage":"pt-BR","@id":"https:\/\/www.p31noticias.com.br\/?p=24733#primaryimage","url":"https:\/\/www.p31noticias.com.br\/wp-content\/uploads\/2021\/10\/fundo-g1-frame-0-1-3-2.jpg","contentUrl":"https:\/\/www.p31noticias.com.br\/wp-content\/uploads\/2021\/10\/fundo-g1-frame-0-1-3-2.jpg","width":1000,"height":563},{"@type":"BreadcrumbList","@id":"https:\/\/www.p31noticias.com.br\/?p=24733#breadcrumb","itemListElement":[{"@type":"ListItem","position":1,"name":"In\u00edcio","item":"https:\/\/www.p31noticias.com.br\/"},{"@type":"ListItem","position":2,"name":"Homem que matou ex-companheira com mais de 30 facadas \u00e9 condenado a 26 anos de pris\u00e3o no DF"}]},{"@type":"WebSite","@id":"https:\/\/www.p31noticias.com.br\/#website","url":"https:\/\/www.p31noticias.com.br\/","name":"P31","description":"NOT\u00cdCIAS","potentialAction":[{"@type":"SearchAction","target":{"@type":"EntryPoint","urlTemplate":"https:\/\/www.p31noticias.com.br\/?s={search_term_string}"},"query-input":{"@type":"PropertyValueSpecification","valueRequired":true,"valueName":"search_term_string"}}],"inLanguage":"pt-BR"},{"@type":"Person","@id":"https:\/\/www.p31noticias.com.br\/#\/schema\/person\/d1bb0ccbf62b27e19ea4e75696908d43","name":"Camilly Scheffer","image":{"@type":"ImageObject","inLanguage":"pt-BR","@id":"https:\/\/secure.gravatar.com\/avatar\/06f4704b382d241ec2670712618fccea085b2db24d7b2d3b8691d904bbc1d557?s=96&d=mm&r=g","url":"https:\/\/secure.gravatar.com\/avatar\/06f4704b382d241ec2670712618fccea085b2db24d7b2d3b8691d904bbc1d557?s=96&d=mm&r=g","contentUrl":"https:\/\/secure.gravatar.com\/avatar\/06f4704b382d241ec2670712618fccea085b2db24d7b2d3b8691d904bbc1d557?s=96&d=mm&r=g","caption":"Camilly Scheffer"},"url":"https:\/\/www.p31noticias.com.br\/?author=5"}]}},"amp_enabled":true,"_links":{"self":[{"href":"https:\/\/www.p31noticias.com.br\/index.php?rest_route=\/wp\/v2\/posts\/24733","targetHints":{"allow":["GET"]}}],"collection":[{"href":"https:\/\/www.p31noticias.com.br\/index.php?rest_route=\/wp\/v2\/posts"}],"about":[{"href":"https:\/\/www.p31noticias.com.br\/index.php?rest_route=\/wp\/v2\/types\/post"}],"author":[{"embeddable":true,"href":"https:\/\/www.p31noticias.com.br\/index.php?rest_route=\/wp\/v2\/users\/5"}],"replies":[{"embeddable":true,"href":"https:\/\/www.p31noticias.com.br\/index.php?rest_route=%2Fwp%2Fv2%2Fcomments&post=24733"}],"version-history":[{"count":1,"href":"https:\/\/www.p31noticias.com.br\/index.php?rest_route=\/wp\/v2\/posts\/24733\/revisions"}],"predecessor-version":[{"id":24735,"href":"https:\/\/www.p31noticias.com.br\/index.php?rest_route=\/wp\/v2\/posts\/24733\/revisions\/24735"}],"wp:featuredmedia":[{"embeddable":true,"href":"https:\/\/www.p31noticias.com.br\/index.php?rest_route=\/wp\/v2\/media\/24734"}],"wp:attachment":[{"href":"https:\/\/www.p31noticias.com.br\/index.php?rest_route=%2Fwp%2Fv2%2Fmedia&parent=24733"}],"wp:term":[{"taxonomy":"category","embeddable":true,"href":"https:\/\/www.p31noticias.com.br\/index.php?rest_route=%2Fwp%2Fv2%2Fcategories&post=24733"},{"taxonomy":"post_tag","embeddable":true,"href":"https:\/\/www.p31noticias.com.br\/index.php?rest_route=%2Fwp%2Fv2%2Ftags&post=24733"}],"curies":[{"name":"wp","href":"https:\/\/api.w.org\/{rel}","templated":true}]}}