{"id":24730,"date":"2021-10-15T12:02:57","date_gmt":"2021-10-15T15:02:57","guid":{"rendered":"https:\/\/p31noticias.com.br\/?p=24730"},"modified":"2022-02-17T15:17:37","modified_gmt":"2022-02-17T18:17:37","slug":"pai-e-indiciado-apos-filho-de-2-anos-matar-mae-a-tiros-durante-chamada-de-zoom","status":"publish","type":"post","link":"https:\/\/www.p31noticias.com.br\/?p=24730","title":{"rendered":"Pai \u00e9 indiciado ap\u00f3s filho de 2 anos matar m\u00e3e a tiros durante chamada de Zoom"},"content":{"rendered":"<p>Um americano foi preso e acusado pela morte de sua namorada com um tiro disparado pelo filho de dois anos do casal durante uma videochamada por Zoom em agosto deste ano.<\/p>\n<p>A crian\u00e7a encontrou a arma carregada de Veondre Avery dentro de uma mochila infantil enquanto a m\u00e3e Shamaya Lynn estava em uma videochamada de trabalho, informou a pol\u00edcia da Fl\u00f3rida.<\/p>\n<p>Avery, de 22 anos, \u00e9 acusado de homic\u00eddio culposo e de n\u00e3o manter uma arma de fogo em casa sob seguran\u00e7a.<\/p>\n<div class=\"mc-column content-text active-extra-styles\" data-block-type=\"raw\" data-block-weight=\"18\" data-block-id=\"6\">\n<blockquote class=\"content-blockquote theme-border-color-primary-before\"><p>Os registros do tribunal mostram que ele ainda n\u00e3o tem um advogado e n\u00e3o fez admiss\u00e3o de culpa.<\/p><\/blockquote>\n<\/div>\n<div class=\"content-ads content-ads--reveal\" data-block-type=\"ads\" data-block-id=\"7\">\n<div id=\"banner_materia2\" class=\"tag-manager-publicidade-container mc-has-reveal mc-has-ad-lazyload tag-manager-publicidade-banner_materia2 tag-manager-publicidade-container--carregado tag-manager-publicidade-container--visivel\" data-id=\"banner_materia2\" data-req=\"true\" data-cid=\"null\" data-lid=\"null\" data-google-query-id=\"CNLjocPXzPMCFei6lQIdbfMGIw\">\n<div class=\"mc-column content-text active-extra-styles \" data-block-type=\"unstyled\" data-block-weight=\"34\" data-block-id=\"10\">\n<p class=\"content-text__container \" data-track-category=\"Link no Texto\" data-track-links=\"\">Na Fl\u00f3rida, homic\u00eddio culposo \u00e9 crime pun\u00edvel com at\u00e9 15 anos de pris\u00e3o. Avery tamb\u00e9m pode enfrentar 15 anos de liberdade condicional e uma multa de US$ 10 mil (cerca de R$ 55 mil).<\/p>\n<\/div>\n<div class=\"mc-column content-text active-extra-styles\" data-block-type=\"raw\" data-block-weight=\"25\" data-block-id=\"11\">\n<blockquote class=\"content-blockquote theme-border-color-primary-before\"><p>A arma foi mantida desprotegida dentro de uma mochila infantil que foi deixada no ch\u00e3o do quarto do casal, segundo a pol\u00edcia de Altamonte Springs.<\/p><\/blockquote>\n<p>Os policiais disseram que a crian\u00e7a pegou a arma, foi para tr\u00e1s da m\u00e3e e disparou um \u00fanico tiro.<\/p>\n<p>Uma das colegas de trabalho de Lynn que participava da videochamada no aplicativo Zoom telefonou em 11 de agosto para equipes de emerg\u00eancia. Ela relatou ter ouvido um barulho alto e visto Lynn cair para tr\u00e1s.<\/p>\n<p>&#8220;Uma das meninas desmaiou&#8230; Ela est\u00e1 com a c\u00e2mera ligada. Seu beb\u00ea est\u00e1 chorando ao fundo&#8221;, disse a colega de trabalho em uma liga\u00e7\u00e3o divulgada pela pol\u00edcia \u00e0 imprensa local.<\/p>\n<p>Quando Avery voltou para casa, encontrou sua namorada sangrando no ch\u00e3o. Ele chamou a pol\u00edcia e pediu aos param\u00e9dicos &#8220;por favor, se apressem&#8221;, segundo o jornal &#8220;Orlando Sentinel&#8221;.<\/p>\n<p>Durante o telefonema, ele disse que tinha acabado de voltar para casa e n\u00e3o sabia o que havia acontecido. Ele podia ser ouvido realizando reanima\u00e7\u00e3o cardiorrespirat\u00f3ria enquanto esperava a ajuda chegar.<\/p>\n<p>Os param\u00e9dicos chegaram a prestar os primeiros socorros na jovem de 21 anos, mas ela foi declarada morta no local.<\/p>\n<p>&#8220;Decis\u00f5es geram consequ\u00eancias&#8221;, disse o policial de Altamonte Springs, Roberto Ruiz, em entrevista a jornalistas na ter\u00e7a-feira (12).<\/p>\n<p>&#8220;Como propriet\u00e1rio de uma arma, voc\u00ea tem a responsabilidade de cuidar dessas armas.&#8221;<\/p>\n<div class=\"mc-column content-text active-extra-styles \" data-block-type=\"unstyled\" data-block-weight=\"26\" data-block-id=\"21\">\n<p class=\"content-text__container \" data-track-category=\"Link no Texto\" data-track-links=\"\">Nenhum dos dois filhos do casal, que estavam em casa durante o incidente, ficou ferido. Ambos agora est\u00e3o sob os cuidados de outros membros da fam\u00edlia.<\/p>\n<\/div>\n<div class=\"mc-column content-text active-extra-styles \" data-block-type=\"unstyled\" data-block-weight=\"13\" data-block-id=\"22\">\n<p class=\"content-text__container \" data-track-category=\"Link no Texto\" data-track-links=\"\">Avery deve comparecer a uma nova audi\u00eancia no tribunal em 23 de novembro.<\/p>\n<p data-track-category=\"Link no Texto\" data-track-links=\"\">Fonte: G1.<\/p>\n<\/div>\n<\/div>\n<\/div>\n<\/div>\n","protected":false},"excerpt":{"rendered":"<p>Um americano foi preso e acusado pela morte de sua namorada com um tiro disparado pelo filho de dois anos do casal durante uma videochamada por Zoom em agosto deste ano. A crian\u00e7a encontrou a arma carregada de Veondre Avery dentro de uma mochila infantil enquanto a m\u00e3e Shamaya Lynn estava em uma videochamada de [&hellip;]<\/p>\n","protected":false},"author":5,"featured_media":24731,"comment_status":"open","ping_status":"open","sticky":false,"template":"","format":"standard","meta":{"footnotes":""},"categories":[1],"tags":[],"class_list":{"0":"post-24730","1":"post","2":"type-post","3":"status-publish","4":"format-standard","5":"has-post-thumbnail","7":"category-outros"},"yoast_head":"<!-- This site is optimized with the Yoast SEO Premium plugin v24.5 (Yoast SEO v27.5) - https:\/\/yoast.com\/product\/yoast-seo-premium-wordpress\/ -->\n<title>Pai \u00e9 indiciado ap\u00f3s filho de 2 anos matar m\u00e3e a tiros durante chamada de Zoom - P31<\/title>\n<meta name=\"robots\" content=\"index, follow, max-snippet:-1, max-image-preview:large, max-video-preview:-1\" \/>\n<link rel=\"canonical\" href=\"https:\/\/www.p31noticias.com.br\/?p=24730\" \/>\n<meta property=\"og:locale\" content=\"pt_BR\" \/>\n<meta property=\"og:type\" content=\"article\" \/>\n<meta property=\"og:title\" content=\"Pai \u00e9 indiciado ap\u00f3s filho de 2 anos matar m\u00e3e a tiros durante chamada de Zoom\" \/>\n<meta property=\"og:description\" content=\"Um americano foi preso e acusado pela morte de sua namorada com um tiro disparado pelo filho de dois anos do casal durante uma videochamada por Zoom em agosto deste ano. A crian\u00e7a encontrou a arma carregada de Veondre Avery dentro de uma mochila infantil enquanto a m\u00e3e Shamaya Lynn estava em uma videochamada de [&hellip;]\" \/>\n<meta property=\"og:url\" content=\"https:\/\/www.p31noticias.com.br\/?p=24730\" \/>\n<meta property=\"og:site_name\" content=\"P31\" \/>\n<meta property=\"article:published_time\" content=\"2021-10-15T15:02:57+00:00\" \/>\n<meta property=\"article:modified_time\" content=\"2022-02-17T18:17:37+00:00\" \/>\n<meta property=\"og:image\" content=\"https:\/\/www.p31noticias.com.br\/wp-content\/uploads\/2021\/10\/image001-3-1.jpg\" \/>\n\t<meta property=\"og:image:width\" content=\"1000\" \/>\n\t<meta property=\"og:image:height\" content=\"563\" \/>\n\t<meta property=\"og:image:type\" content=\"image\/jpeg\" \/>\n<meta name=\"author\" content=\"Camilly Scheffer\" \/>\n<meta name=\"twitter:card\" content=\"summary_large_image\" \/>\n<meta name=\"twitter:label1\" content=\"Escrito por\" \/>\n\t<meta name=\"twitter:data1\" content=\"Camilly Scheffer\" \/>\n\t<meta name=\"twitter:label2\" content=\"Est. tempo de leitura\" \/>\n\t<meta name=\"twitter:data2\" content=\"2 minutos\" \/>\n<script type=\"application\/ld+json\" class=\"yoast-schema-graph\">{\"@context\":\"https:\\\/\\\/schema.org\",\"@graph\":[{\"@type\":\"Article\",\"@id\":\"https:\\\/\\\/www.p31noticias.com.br\\\/?p=24730#article\",\"isPartOf\":{\"@id\":\"https:\\\/\\\/www.p31noticias.com.br\\\/?p=24730\"},\"author\":{\"name\":\"Camilly Scheffer\",\"@id\":\"https:\\\/\\\/www.p31noticias.com.br\\\/#\\\/schema\\\/person\\\/d1bb0ccbf62b27e19ea4e75696908d43\"},\"headline\":\"Pai \u00e9 indiciado ap\u00f3s filho de 2 anos matar m\u00e3e a tiros durante chamada de Zoom\",\"datePublished\":\"2021-10-15T15:02:57+00:00\",\"dateModified\":\"2022-02-17T18:17:37+00:00\",\"mainEntityOfPage\":{\"@id\":\"https:\\\/\\\/www.p31noticias.com.br\\\/?p=24730\"},\"wordCount\":438,\"commentCount\":0,\"image\":{\"@id\":\"https:\\\/\\\/www.p31noticias.com.br\\\/?p=24730#primaryimage\"},\"thumbnailUrl\":\"https:\\\/\\\/www.p31noticias.com.br\\\/wp-content\\\/uploads\\\/2021\\\/10\\\/image001-3-1.jpg\",\"articleSection\":[\"Outros\"],\"inLanguage\":\"pt-BR\",\"potentialAction\":[{\"@type\":\"CommentAction\",\"name\":\"Comment\",\"target\":[\"https:\\\/\\\/www.p31noticias.com.br\\\/?p=24730#respond\"]}],\"copyrightYear\":\"2021\",\"copyrightHolder\":{\"@id\":\"https:\\\/\\\/www.p31noticias.com.br\\\/#organization\"}},{\"@type\":\"WebPage\",\"@id\":\"https:\\\/\\\/www.p31noticias.com.br\\\/?p=24730\",\"url\":\"https:\\\/\\\/www.p31noticias.com.br\\\/?p=24730\",\"name\":\"Pai \u00e9 indiciado ap\u00f3s filho de 2 anos matar m\u00e3e a tiros durante chamada de Zoom - P31\",\"isPartOf\":{\"@id\":\"https:\\\/\\\/www.p31noticias.com.br\\\/#website\"},\"primaryImageOfPage\":{\"@id\":\"https:\\\/\\\/www.p31noticias.com.br\\\/?p=24730#primaryimage\"},\"image\":{\"@id\":\"https:\\\/\\\/www.p31noticias.com.br\\\/?p=24730#primaryimage\"},\"thumbnailUrl\":\"https:\\\/\\\/www.p31noticias.com.br\\\/wp-content\\\/uploads\\\/2021\\\/10\\\/image001-3-1.jpg\",\"datePublished\":\"2021-10-15T15:02:57+00:00\",\"dateModified\":\"2022-02-17T18:17:37+00:00\",\"author\":{\"@id\":\"https:\\\/\\\/www.p31noticias.com.br\\\/#\\\/schema\\\/person\\\/d1bb0ccbf62b27e19ea4e75696908d43\"},\"breadcrumb\":{\"@id\":\"https:\\\/\\\/www.p31noticias.com.br\\\/?p=24730#breadcrumb\"},\"inLanguage\":\"pt-BR\",\"potentialAction\":[{\"@type\":\"ReadAction\",\"target\":[\"https:\\\/\\\/www.p31noticias.com.br\\\/?p=24730\"]}]},{\"@type\":\"ImageObject\",\"inLanguage\":\"pt-BR\",\"@id\":\"https:\\\/\\\/www.p31noticias.com.br\\\/?p=24730#primaryimage\",\"url\":\"https:\\\/\\\/www.p31noticias.com.br\\\/wp-content\\\/uploads\\\/2021\\\/10\\\/image001-3-1.jpg\",\"contentUrl\":\"https:\\\/\\\/www.p31noticias.com.br\\\/wp-content\\\/uploads\\\/2021\\\/10\\\/image001-3-1.jpg\",\"width\":1000,\"height\":563},{\"@type\":\"BreadcrumbList\",\"@id\":\"https:\\\/\\\/www.p31noticias.com.br\\\/?p=24730#breadcrumb\",\"itemListElement\":[{\"@type\":\"ListItem\",\"position\":1,\"name\":\"In\u00edcio\",\"item\":\"https:\\\/\\\/www.p31noticias.com.br\\\/\"},{\"@type\":\"ListItem\",\"position\":2,\"name\":\"Pai \u00e9 indiciado ap\u00f3s filho de 2 anos matar m\u00e3e a tiros durante chamada de Zoom\"}]},{\"@type\":\"WebSite\",\"@id\":\"https:\\\/\\\/www.p31noticias.com.br\\\/#website\",\"url\":\"https:\\\/\\\/www.p31noticias.com.br\\\/\",\"name\":\"P31\",\"description\":\"NOT\u00cdCIAS\",\"potentialAction\":[{\"@type\":\"SearchAction\",\"target\":{\"@type\":\"EntryPoint\",\"urlTemplate\":\"https:\\\/\\\/www.p31noticias.com.br\\\/?s={search_term_string}\"},\"query-input\":{\"@type\":\"PropertyValueSpecification\",\"valueRequired\":true,\"valueName\":\"search_term_string\"}}],\"inLanguage\":\"pt-BR\"},{\"@type\":\"Person\",\"@id\":\"https:\\\/\\\/www.p31noticias.com.br\\\/#\\\/schema\\\/person\\\/d1bb0ccbf62b27e19ea4e75696908d43\",\"name\":\"Camilly Scheffer\",\"image\":{\"@type\":\"ImageObject\",\"inLanguage\":\"pt-BR\",\"@id\":\"https:\\\/\\\/secure.gravatar.com\\\/avatar\\\/06f4704b382d241ec2670712618fccea085b2db24d7b2d3b8691d904bbc1d557?s=96&d=mm&r=g\",\"url\":\"https:\\\/\\\/secure.gravatar.com\\\/avatar\\\/06f4704b382d241ec2670712618fccea085b2db24d7b2d3b8691d904bbc1d557?s=96&d=mm&r=g\",\"contentUrl\":\"https:\\\/\\\/secure.gravatar.com\\\/avatar\\\/06f4704b382d241ec2670712618fccea085b2db24d7b2d3b8691d904bbc1d557?s=96&d=mm&r=g\",\"caption\":\"Camilly Scheffer\"},\"url\":\"https:\\\/\\\/www.p31noticias.com.br\\\/?author=5\"}]}<\/script>\n<!-- \/ Yoast SEO Premium plugin. -->","yoast_head_json":{"title":"Pai \u00e9 indiciado ap\u00f3s filho de 2 anos matar m\u00e3e a tiros durante chamada de Zoom - P31","robots":{"index":"index","follow":"follow","max-snippet":"max-snippet:-1","max-image-preview":"max-image-preview:large","max-video-preview":"max-video-preview:-1"},"canonical":"https:\/\/www.p31noticias.com.br\/?p=24730","og_locale":"pt_BR","og_type":"article","og_title":"Pai \u00e9 indiciado ap\u00f3s filho de 2 anos matar m\u00e3e a tiros durante chamada de Zoom","og_description":"Um americano foi preso e acusado pela morte de sua namorada com um tiro disparado pelo filho de dois anos do casal durante uma videochamada por Zoom em agosto deste ano. A crian\u00e7a encontrou a arma carregada de Veondre Avery dentro de uma mochila infantil enquanto a m\u00e3e Shamaya Lynn estava em uma videochamada de [&hellip;]","og_url":"https:\/\/www.p31noticias.com.br\/?p=24730","og_site_name":"P31","article_published_time":"2021-10-15T15:02:57+00:00","article_modified_time":"2022-02-17T18:17:37+00:00","og_image":[{"width":1000,"height":563,"url":"https:\/\/www.p31noticias.com.br\/wp-content\/uploads\/2021\/10\/image001-3-1.jpg","type":"image\/jpeg"}],"author":"Camilly Scheffer","twitter_card":"summary_large_image","twitter_misc":{"Escrito por":"Camilly Scheffer","Est. tempo de leitura":"2 minutos"},"schema":{"@context":"https:\/\/schema.org","@graph":[{"@type":"Article","@id":"https:\/\/www.p31noticias.com.br\/?p=24730#article","isPartOf":{"@id":"https:\/\/www.p31noticias.com.br\/?p=24730"},"author":{"name":"Camilly Scheffer","@id":"https:\/\/www.p31noticias.com.br\/#\/schema\/person\/d1bb0ccbf62b27e19ea4e75696908d43"},"headline":"Pai \u00e9 indiciado ap\u00f3s filho de 2 anos matar m\u00e3e a tiros durante chamada de Zoom","datePublished":"2021-10-15T15:02:57+00:00","dateModified":"2022-02-17T18:17:37+00:00","mainEntityOfPage":{"@id":"https:\/\/www.p31noticias.com.br\/?p=24730"},"wordCount":438,"commentCount":0,"image":{"@id":"https:\/\/www.p31noticias.com.br\/?p=24730#primaryimage"},"thumbnailUrl":"https:\/\/www.p31noticias.com.br\/wp-content\/uploads\/2021\/10\/image001-3-1.jpg","articleSection":["Outros"],"inLanguage":"pt-BR","potentialAction":[{"@type":"CommentAction","name":"Comment","target":["https:\/\/www.p31noticias.com.br\/?p=24730#respond"]}],"copyrightYear":"2021","copyrightHolder":{"@id":"https:\/\/www.p31noticias.com.br\/#organization"}},{"@type":"WebPage","@id":"https:\/\/www.p31noticias.com.br\/?p=24730","url":"https:\/\/www.p31noticias.com.br\/?p=24730","name":"Pai \u00e9 indiciado ap\u00f3s filho de 2 anos matar m\u00e3e a tiros durante chamada de Zoom - P31","isPartOf":{"@id":"https:\/\/www.p31noticias.com.br\/#website"},"primaryImageOfPage":{"@id":"https:\/\/www.p31noticias.com.br\/?p=24730#primaryimage"},"image":{"@id":"https:\/\/www.p31noticias.com.br\/?p=24730#primaryimage"},"thumbnailUrl":"https:\/\/www.p31noticias.com.br\/wp-content\/uploads\/2021\/10\/image001-3-1.jpg","datePublished":"2021-10-15T15:02:57+00:00","dateModified":"2022-02-17T18:17:37+00:00","author":{"@id":"https:\/\/www.p31noticias.com.br\/#\/schema\/person\/d1bb0ccbf62b27e19ea4e75696908d43"},"breadcrumb":{"@id":"https:\/\/www.p31noticias.com.br\/?p=24730#breadcrumb"},"inLanguage":"pt-BR","potentialAction":[{"@type":"ReadAction","target":["https:\/\/www.p31noticias.com.br\/?p=24730"]}]},{"@type":"ImageObject","inLanguage":"pt-BR","@id":"https:\/\/www.p31noticias.com.br\/?p=24730#primaryimage","url":"https:\/\/www.p31noticias.com.br\/wp-content\/uploads\/2021\/10\/image001-3-1.jpg","contentUrl":"https:\/\/www.p31noticias.com.br\/wp-content\/uploads\/2021\/10\/image001-3-1.jpg","width":1000,"height":563},{"@type":"BreadcrumbList","@id":"https:\/\/www.p31noticias.com.br\/?p=24730#breadcrumb","itemListElement":[{"@type":"ListItem","position":1,"name":"In\u00edcio","item":"https:\/\/www.p31noticias.com.br\/"},{"@type":"ListItem","position":2,"name":"Pai \u00e9 indiciado ap\u00f3s filho de 2 anos matar m\u00e3e a tiros durante chamada de Zoom"}]},{"@type":"WebSite","@id":"https:\/\/www.p31noticias.com.br\/#website","url":"https:\/\/www.p31noticias.com.br\/","name":"P31","description":"NOT\u00cdCIAS","potentialAction":[{"@type":"SearchAction","target":{"@type":"EntryPoint","urlTemplate":"https:\/\/www.p31noticias.com.br\/?s={search_term_string}"},"query-input":{"@type":"PropertyValueSpecification","valueRequired":true,"valueName":"search_term_string"}}],"inLanguage":"pt-BR"},{"@type":"Person","@id":"https:\/\/www.p31noticias.com.br\/#\/schema\/person\/d1bb0ccbf62b27e19ea4e75696908d43","name":"Camilly Scheffer","image":{"@type":"ImageObject","inLanguage":"pt-BR","@id":"https:\/\/secure.gravatar.com\/avatar\/06f4704b382d241ec2670712618fccea085b2db24d7b2d3b8691d904bbc1d557?s=96&d=mm&r=g","url":"https:\/\/secure.gravatar.com\/avatar\/06f4704b382d241ec2670712618fccea085b2db24d7b2d3b8691d904bbc1d557?s=96&d=mm&r=g","contentUrl":"https:\/\/secure.gravatar.com\/avatar\/06f4704b382d241ec2670712618fccea085b2db24d7b2d3b8691d904bbc1d557?s=96&d=mm&r=g","caption":"Camilly Scheffer"},"url":"https:\/\/www.p31noticias.com.br\/?author=5"}]}},"amp_enabled":true,"_links":{"self":[{"href":"https:\/\/www.p31noticias.com.br\/index.php?rest_route=\/wp\/v2\/posts\/24730","targetHints":{"allow":["GET"]}}],"collection":[{"href":"https:\/\/www.p31noticias.com.br\/index.php?rest_route=\/wp\/v2\/posts"}],"about":[{"href":"https:\/\/www.p31noticias.com.br\/index.php?rest_route=\/wp\/v2\/types\/post"}],"author":[{"embeddable":true,"href":"https:\/\/www.p31noticias.com.br\/index.php?rest_route=\/wp\/v2\/users\/5"}],"replies":[{"embeddable":true,"href":"https:\/\/www.p31noticias.com.br\/index.php?rest_route=%2Fwp%2Fv2%2Fcomments&post=24730"}],"version-history":[{"count":1,"href":"https:\/\/www.p31noticias.com.br\/index.php?rest_route=\/wp\/v2\/posts\/24730\/revisions"}],"predecessor-version":[{"id":24732,"href":"https:\/\/www.p31noticias.com.br\/index.php?rest_route=\/wp\/v2\/posts\/24730\/revisions\/24732"}],"wp:featuredmedia":[{"embeddable":true,"href":"https:\/\/www.p31noticias.com.br\/index.php?rest_route=\/wp\/v2\/media\/24731"}],"wp:attachment":[{"href":"https:\/\/www.p31noticias.com.br\/index.php?rest_route=%2Fwp%2Fv2%2Fmedia&parent=24730"}],"wp:term":[{"taxonomy":"category","embeddable":true,"href":"https:\/\/www.p31noticias.com.br\/index.php?rest_route=%2Fwp%2Fv2%2Fcategories&post=24730"},{"taxonomy":"post_tag","embeddable":true,"href":"https:\/\/www.p31noticias.com.br\/index.php?rest_route=%2Fwp%2Fv2%2Ftags&post=24730"}],"curies":[{"name":"wp","href":"https:\/\/api.w.org\/{rel}","templated":true}]}}