{"id":24714,"date":"2021-10-14T11:22:04","date_gmt":"2021-10-14T14:22:04","guid":{"rendered":"https:\/\/p31noticias.com.br\/?p=24714"},"modified":"2022-02-17T15:17:37","modified_gmt":"2022-02-17T18:17:37","slug":"fotografo-americano-flagra-sucuri-lutando-contra-jacare-no-pantanal-em-mt","status":"publish","type":"post","link":"https:\/\/www.p31noticias.com.br\/?p=24714","title":{"rendered":"Fot\u00f3grafo americano flagra sucuri lutando contra jacar\u00e9 no Pantanal em MT"},"content":{"rendered":"<div class=\"mc-column content-text active-extra-styles \" data-block-type=\"unstyled\" data-block-weight=\"45\" data-block-id=\"2\">\n<p class=\"content-text__container \" data-track-category=\"Link no Texto\" data-track-links=\"\">O fot\u00f3grafo americano Kim Sullivan publicou imagens nas redes sociais de sua passagem pelo Pantanal mato-grossense. Em uma das postagens, ele mostra a luta de uma sucuri com um jacar\u00e9, na regi\u00e3o do Porto Jofre, no munic\u00edpio de Pocon\u00e9, a 251 km de Cuiab\u00e1.<\/p>\n<\/div>\n<div class=\"wall protected-content\">\n<div class=\"mc-column content-text active-extra-styles \" data-block-type=\"unstyled\" data-block-weight=\"36\" data-block-id=\"3\">\n<p class=\"content-text__container \" data-track-category=\"Link no Texto\" data-track-links=\"\">Kim chamou o golpe da cobra no jacar\u00e9 de &#8216;<em>neckbreaker&#8217;<\/em>\u00a0(golpe em que o lutador bate no pesco\u00e7o do advers\u00e1rio), e contou que depois de um longo per\u00edodo de briga, ambos nadaram e foram embora.<\/p>\n<p data-track-category=\"Link no Texto\" data-track-links=\"\">O registro foi feito em setembro deste ano e publicado h\u00e1 duas semanas no Instagram.<\/p>\n<div class=\"mc-column content-text active-extra-styles \" data-block-type=\"unstyled\" data-block-weight=\"42\" data-block-id=\"7\">\n<p class=\"content-text__container \" data-track-category=\"Link no Texto\" data-track-links=\"\">Kim \u00e9 um fot\u00f3grafo da vida selvagem h\u00e1 21 anos. Em conversa, ele revelou que visita o Pantanal continuamente desde 2015. Em cada vez, passa 10 dias andando de barco na regi\u00e3o em busca de retratar a vida selvagem.<\/p>\n<\/div>\n<div class=\"mc-column content-text active-extra-styles \" data-block-type=\"unstyled\" data-block-weight=\"33\" data-block-id=\"8\">\n<p class=\"content-text__container \" data-track-category=\"Link no Texto\" data-track-links=\"\">Sobre o registro do jacar\u00e9 com a sucuri, Kim disse\u00a0que estava navegando ao longo do rio em busca de on\u00e7as e que o piloto do barco encontrou a cena \u00e9pica.<\/p>\n<\/div>\n<div class=\"mc-column content-text active-extra-styles \" data-block-type=\"unstyled\" data-block-weight=\"34\" data-block-id=\"9\">\n<p class=\"content-text__container \" data-track-category=\"Link no Texto\" data-track-links=\"\">Kim conta que nunca, em 21 anos fotografando a vida selvagem, havia registrado uma imagem como a da luta. E destaca que se perguntou como uma sucuri conseguiu se enrolar em um jacar\u00e9.<\/p>\n<\/div>\n<div class=\"content-ads content-ads--reveal\" data-block-type=\"ads\" data-block-id=\"10\">\n<div id=\"banner_materia2\" class=\"tag-manager-publicidade-container mc-has-reveal mc-has-ad-lazyload tag-manager-publicidade-banner_materia2 tag-manager-publicidade-container--carregado tag-manager-publicidade-container--visivel\" data-id=\"banner_materia2\" data-req=\"true\" data-cid=\"138366742443\" data-lid=\"5804206789\" data-google-query-id=\"CK3K05OMyvMCFZu_lQIdOhoBWA\">\n<div class=\"mc-column content-text active-extra-styles\" data-block-type=\"raw\" data-block-weight=\"25\" data-block-id=\"11\">\n<blockquote class=\"content-blockquote theme-border-color-primary-before\"><p>&#8220;Me perguntei se era uma sucuri jovem que n\u00e3o sabia ca\u00e7ar corretamente ou se realmente poderia se contrair e ingerir um jacar\u00e9 t\u00e3o grande&#8221;, disse.<\/p><\/blockquote>\n<\/div>\n<div class=\"mc-column content-text active-extra-styles \" data-block-type=\"unstyled\" data-block-weight=\"47\" data-block-id=\"12\">\n<p class=\"content-text__container \" data-track-category=\"Link no Texto\" data-track-links=\"\">O fot\u00f3grafo afirma que foi uma luta muito valente, para ambos os predadores. Conta que durante a batalha, n\u00e3o conseguia prever quem iria prevalecer e que ficou aliviado quando a luta terminou em empate, com um jacar\u00e9 indo para um lado e a cobra tomando seu rumo.<\/p>\n<\/div>\n<div class=\"mc-column content-text active-extra-styles \" data-block-type=\"unstyled\" data-block-weight=\"13\" data-block-id=\"13\">\n<p class=\"content-text__container \" data-track-category=\"Link no Texto\" data-track-links=\"\">Kim revelou sua paix\u00e3o por felinos selvagens e seu amor pelo Brasil.<\/p>\n<\/div>\n<div class=\"mc-column content-text active-extra-styles\" data-block-type=\"raw\" data-block-weight=\"40\" data-block-id=\"14\">\n<blockquote class=\"content-blockquote theme-border-color-primary-before\"><p>&#8220;Venho para o Pantanal porque \u00e9 o melhor ecossistema para fotografar on\u00e7as em seu habitat natural. Eu amo o Brasil. Fiquei muito feliz por voltar depois da melhora da pandemia de Covid-19, este foi o primeiro lugar que vim&#8221;, afirma.<\/p><\/blockquote>\n<\/div>\n<div class=\"mc-column content-text active-extra-styles \" data-block-type=\"unstyled\" data-block-weight=\"28\" data-block-id=\"15\">\n<p class=\"content-text__container \" data-track-category=\"Link no Texto\" data-track-links=\"\">Kim tamb\u00e9m fez outros registros da viagem dele pelo bioma. Um deles mostra uma on\u00e7a capturando um jacar\u00e9 para se alimentar e levar para os seus filhotes.<\/p>\n<div class=\"mc-column content-text active-extra-styles \" data-block-type=\"unstyled\" data-block-weight=\"11\" data-block-id=\"17\">\n<p class=\"content-text__container \" data-track-category=\"Link no Texto\" data-track-links=\"\">Na legenda da foto ele destacou o trabalho da on\u00e7a.<\/p>\n<\/div>\n<div class=\"mc-column content-text active-extra-styles\" data-block-type=\"raw\" data-block-weight=\"19\" data-block-id=\"18\">\n<blockquote class=\"content-blockquote theme-border-color-primary-before\"><p>\u201cEla tem que fazer isso a cada poucos dias para manter esses filhotes em crescimento e famintos alimentados\u201d, comentou.<\/p><\/blockquote>\n<p>Fonte: G1.<\/p><\/div>\n<\/div>\n<\/div>\n<\/div>\n<\/div>\n<\/div>\n","protected":false},"excerpt":{"rendered":"<p>O fot\u00f3grafo americano Kim Sullivan publicou imagens nas redes sociais de sua passagem pelo Pantanal mato-grossense. Em uma das postagens, ele mostra a luta de uma sucuri com um jacar\u00e9, na regi\u00e3o do Porto Jofre, no munic\u00edpio de Pocon\u00e9, a 251 km de Cuiab\u00e1. Kim chamou o golpe da cobra no jacar\u00e9 de &#8216;neckbreaker&#8217;\u00a0(golpe em [&hellip;]<\/p>\n","protected":false},"author":5,"featured_media":24715,"comment_status":"open","ping_status":"open","sticky":false,"template":"","format":"standard","meta":{"footnotes":""},"categories":[1],"tags":[],"class_list":{"0":"post-24714","1":"post","2":"type-post","3":"status-publish","4":"format-standard","5":"has-post-thumbnail","7":"category-outros"},"yoast_head":"<!-- This site is optimized with the Yoast SEO Premium plugin v24.5 (Yoast SEO v27.5) - https:\/\/yoast.com\/product\/yoast-seo-premium-wordpress\/ -->\n<title>Fot\u00f3grafo americano flagra sucuri lutando contra jacar\u00e9 no Pantanal em MT - P31<\/title>\n<meta name=\"robots\" content=\"index, follow, max-snippet:-1, max-image-preview:large, max-video-preview:-1\" \/>\n<link rel=\"canonical\" href=\"https:\/\/www.p31noticias.com.br\/?p=24714\" \/>\n<meta property=\"og:locale\" content=\"pt_BR\" \/>\n<meta property=\"og:type\" content=\"article\" \/>\n<meta property=\"og:title\" content=\"Fot\u00f3grafo americano flagra sucuri lutando contra jacar\u00e9 no Pantanal em MT\" \/>\n<meta property=\"og:description\" content=\"O fot\u00f3grafo americano Kim Sullivan publicou imagens nas redes sociais de sua passagem pelo Pantanal mato-grossense. Em uma das postagens, ele mostra a luta de uma sucuri com um jacar\u00e9, na regi\u00e3o do Porto Jofre, no munic\u00edpio de Pocon\u00e9, a 251 km de Cuiab\u00e1. Kim chamou o golpe da cobra no jacar\u00e9 de &#8216;neckbreaker&#8217;\u00a0(golpe em [&hellip;]\" \/>\n<meta property=\"og:url\" content=\"https:\/\/www.p31noticias.com.br\/?p=24714\" \/>\n<meta property=\"og:site_name\" content=\"P31\" \/>\n<meta property=\"article:published_time\" content=\"2021-10-14T14:22:04+00:00\" \/>\n<meta property=\"article:modified_time\" content=\"2022-02-17T18:17:37+00:00\" \/>\n<meta property=\"og:image\" content=\"https:\/\/www.p31noticias.com.br\/wp-content\/uploads\/2021\/10\/whatsapp-image-2021-10-13-at-18.13.44-2.jpeg\" \/>\n\t<meta property=\"og:image:width\" content=\"1008\" \/>\n\t<meta property=\"og:image:height\" content=\"756\" \/>\n\t<meta property=\"og:image:type\" content=\"image\/jpeg\" \/>\n<meta name=\"author\" content=\"Camilly Scheffer\" \/>\n<meta name=\"twitter:card\" content=\"summary_large_image\" \/>\n<meta name=\"twitter:label1\" content=\"Escrito por\" \/>\n\t<meta name=\"twitter:data1\" content=\"Camilly Scheffer\" \/>\n\t<meta name=\"twitter:label2\" content=\"Est. tempo de leitura\" \/>\n\t<meta name=\"twitter:data2\" content=\"2 minutos\" \/>\n<script type=\"application\/ld+json\" class=\"yoast-schema-graph\">{\"@context\":\"https:\\\/\\\/schema.org\",\"@graph\":[{\"@type\":\"Article\",\"@id\":\"https:\\\/\\\/www.p31noticias.com.br\\\/?p=24714#article\",\"isPartOf\":{\"@id\":\"https:\\\/\\\/www.p31noticias.com.br\\\/?p=24714\"},\"author\":{\"name\":\"Camilly Scheffer\",\"@id\":\"https:\\\/\\\/www.p31noticias.com.br\\\/#\\\/schema\\\/person\\\/d1bb0ccbf62b27e19ea4e75696908d43\"},\"headline\":\"Fot\u00f3grafo americano flagra sucuri lutando contra jacar\u00e9 no Pantanal em MT\",\"datePublished\":\"2021-10-14T14:22:04+00:00\",\"dateModified\":\"2022-02-17T18:17:37+00:00\",\"mainEntityOfPage\":{\"@id\":\"https:\\\/\\\/www.p31noticias.com.br\\\/?p=24714\"},\"wordCount\":403,\"commentCount\":0,\"image\":{\"@id\":\"https:\\\/\\\/www.p31noticias.com.br\\\/?p=24714#primaryimage\"},\"thumbnailUrl\":\"https:\\\/\\\/www.p31noticias.com.br\\\/wp-content\\\/uploads\\\/2021\\\/10\\\/whatsapp-image-2021-10-13-at-18.13.44-2.jpeg\",\"articleSection\":[\"Outros\"],\"inLanguage\":\"pt-BR\",\"potentialAction\":[{\"@type\":\"CommentAction\",\"name\":\"Comment\",\"target\":[\"https:\\\/\\\/www.p31noticias.com.br\\\/?p=24714#respond\"]}],\"copyrightYear\":\"2021\",\"copyrightHolder\":{\"@id\":\"https:\\\/\\\/www.p31noticias.com.br\\\/#organization\"}},{\"@type\":\"WebPage\",\"@id\":\"https:\\\/\\\/www.p31noticias.com.br\\\/?p=24714\",\"url\":\"https:\\\/\\\/www.p31noticias.com.br\\\/?p=24714\",\"name\":\"Fot\u00f3grafo americano flagra sucuri lutando contra jacar\u00e9 no Pantanal em MT - P31\",\"isPartOf\":{\"@id\":\"https:\\\/\\\/www.p31noticias.com.br\\\/#website\"},\"primaryImageOfPage\":{\"@id\":\"https:\\\/\\\/www.p31noticias.com.br\\\/?p=24714#primaryimage\"},\"image\":{\"@id\":\"https:\\\/\\\/www.p31noticias.com.br\\\/?p=24714#primaryimage\"},\"thumbnailUrl\":\"https:\\\/\\\/www.p31noticias.com.br\\\/wp-content\\\/uploads\\\/2021\\\/10\\\/whatsapp-image-2021-10-13-at-18.13.44-2.jpeg\",\"datePublished\":\"2021-10-14T14:22:04+00:00\",\"dateModified\":\"2022-02-17T18:17:37+00:00\",\"author\":{\"@id\":\"https:\\\/\\\/www.p31noticias.com.br\\\/#\\\/schema\\\/person\\\/d1bb0ccbf62b27e19ea4e75696908d43\"},\"breadcrumb\":{\"@id\":\"https:\\\/\\\/www.p31noticias.com.br\\\/?p=24714#breadcrumb\"},\"inLanguage\":\"pt-BR\",\"potentialAction\":[{\"@type\":\"ReadAction\",\"target\":[\"https:\\\/\\\/www.p31noticias.com.br\\\/?p=24714\"]}]},{\"@type\":\"ImageObject\",\"inLanguage\":\"pt-BR\",\"@id\":\"https:\\\/\\\/www.p31noticias.com.br\\\/?p=24714#primaryimage\",\"url\":\"https:\\\/\\\/www.p31noticias.com.br\\\/wp-content\\\/uploads\\\/2021\\\/10\\\/whatsapp-image-2021-10-13-at-18.13.44-2.jpeg\",\"contentUrl\":\"https:\\\/\\\/www.p31noticias.com.br\\\/wp-content\\\/uploads\\\/2021\\\/10\\\/whatsapp-image-2021-10-13-at-18.13.44-2.jpeg\",\"width\":1008,\"height\":756},{\"@type\":\"BreadcrumbList\",\"@id\":\"https:\\\/\\\/www.p31noticias.com.br\\\/?p=24714#breadcrumb\",\"itemListElement\":[{\"@type\":\"ListItem\",\"position\":1,\"name\":\"In\u00edcio\",\"item\":\"https:\\\/\\\/www.p31noticias.com.br\\\/\"},{\"@type\":\"ListItem\",\"position\":2,\"name\":\"Fot\u00f3grafo americano flagra sucuri lutando contra jacar\u00e9 no Pantanal em MT\"}]},{\"@type\":\"WebSite\",\"@id\":\"https:\\\/\\\/www.p31noticias.com.br\\\/#website\",\"url\":\"https:\\\/\\\/www.p31noticias.com.br\\\/\",\"name\":\"P31\",\"description\":\"NOT\u00cdCIAS\",\"potentialAction\":[{\"@type\":\"SearchAction\",\"target\":{\"@type\":\"EntryPoint\",\"urlTemplate\":\"https:\\\/\\\/www.p31noticias.com.br\\\/?s={search_term_string}\"},\"query-input\":{\"@type\":\"PropertyValueSpecification\",\"valueRequired\":true,\"valueName\":\"search_term_string\"}}],\"inLanguage\":\"pt-BR\"},{\"@type\":\"Person\",\"@id\":\"https:\\\/\\\/www.p31noticias.com.br\\\/#\\\/schema\\\/person\\\/d1bb0ccbf62b27e19ea4e75696908d43\",\"name\":\"Camilly Scheffer\",\"image\":{\"@type\":\"ImageObject\",\"inLanguage\":\"pt-BR\",\"@id\":\"https:\\\/\\\/secure.gravatar.com\\\/avatar\\\/06f4704b382d241ec2670712618fccea085b2db24d7b2d3b8691d904bbc1d557?s=96&d=mm&r=g\",\"url\":\"https:\\\/\\\/secure.gravatar.com\\\/avatar\\\/06f4704b382d241ec2670712618fccea085b2db24d7b2d3b8691d904bbc1d557?s=96&d=mm&r=g\",\"contentUrl\":\"https:\\\/\\\/secure.gravatar.com\\\/avatar\\\/06f4704b382d241ec2670712618fccea085b2db24d7b2d3b8691d904bbc1d557?s=96&d=mm&r=g\",\"caption\":\"Camilly Scheffer\"},\"url\":\"https:\\\/\\\/www.p31noticias.com.br\\\/?author=5\"}]}<\/script>\n<!-- \/ Yoast SEO Premium plugin. -->","yoast_head_json":{"title":"Fot\u00f3grafo americano flagra sucuri lutando contra jacar\u00e9 no Pantanal em MT - P31","robots":{"index":"index","follow":"follow","max-snippet":"max-snippet:-1","max-image-preview":"max-image-preview:large","max-video-preview":"max-video-preview:-1"},"canonical":"https:\/\/www.p31noticias.com.br\/?p=24714","og_locale":"pt_BR","og_type":"article","og_title":"Fot\u00f3grafo americano flagra sucuri lutando contra jacar\u00e9 no Pantanal em MT","og_description":"O fot\u00f3grafo americano Kim Sullivan publicou imagens nas redes sociais de sua passagem pelo Pantanal mato-grossense. Em uma das postagens, ele mostra a luta de uma sucuri com um jacar\u00e9, na regi\u00e3o do Porto Jofre, no munic\u00edpio de Pocon\u00e9, a 251 km de Cuiab\u00e1. Kim chamou o golpe da cobra no jacar\u00e9 de &#8216;neckbreaker&#8217;\u00a0(golpe em [&hellip;]","og_url":"https:\/\/www.p31noticias.com.br\/?p=24714","og_site_name":"P31","article_published_time":"2021-10-14T14:22:04+00:00","article_modified_time":"2022-02-17T18:17:37+00:00","og_image":[{"width":1008,"height":756,"url":"https:\/\/www.p31noticias.com.br\/wp-content\/uploads\/2021\/10\/whatsapp-image-2021-10-13-at-18.13.44-2.jpeg","type":"image\/jpeg"}],"author":"Camilly Scheffer","twitter_card":"summary_large_image","twitter_misc":{"Escrito por":"Camilly Scheffer","Est. tempo de leitura":"2 minutos"},"schema":{"@context":"https:\/\/schema.org","@graph":[{"@type":"Article","@id":"https:\/\/www.p31noticias.com.br\/?p=24714#article","isPartOf":{"@id":"https:\/\/www.p31noticias.com.br\/?p=24714"},"author":{"name":"Camilly Scheffer","@id":"https:\/\/www.p31noticias.com.br\/#\/schema\/person\/d1bb0ccbf62b27e19ea4e75696908d43"},"headline":"Fot\u00f3grafo americano flagra sucuri lutando contra jacar\u00e9 no Pantanal em MT","datePublished":"2021-10-14T14:22:04+00:00","dateModified":"2022-02-17T18:17:37+00:00","mainEntityOfPage":{"@id":"https:\/\/www.p31noticias.com.br\/?p=24714"},"wordCount":403,"commentCount":0,"image":{"@id":"https:\/\/www.p31noticias.com.br\/?p=24714#primaryimage"},"thumbnailUrl":"https:\/\/www.p31noticias.com.br\/wp-content\/uploads\/2021\/10\/whatsapp-image-2021-10-13-at-18.13.44-2.jpeg","articleSection":["Outros"],"inLanguage":"pt-BR","potentialAction":[{"@type":"CommentAction","name":"Comment","target":["https:\/\/www.p31noticias.com.br\/?p=24714#respond"]}],"copyrightYear":"2021","copyrightHolder":{"@id":"https:\/\/www.p31noticias.com.br\/#organization"}},{"@type":"WebPage","@id":"https:\/\/www.p31noticias.com.br\/?p=24714","url":"https:\/\/www.p31noticias.com.br\/?p=24714","name":"Fot\u00f3grafo americano flagra sucuri lutando contra jacar\u00e9 no Pantanal em MT - P31","isPartOf":{"@id":"https:\/\/www.p31noticias.com.br\/#website"},"primaryImageOfPage":{"@id":"https:\/\/www.p31noticias.com.br\/?p=24714#primaryimage"},"image":{"@id":"https:\/\/www.p31noticias.com.br\/?p=24714#primaryimage"},"thumbnailUrl":"https:\/\/www.p31noticias.com.br\/wp-content\/uploads\/2021\/10\/whatsapp-image-2021-10-13-at-18.13.44-2.jpeg","datePublished":"2021-10-14T14:22:04+00:00","dateModified":"2022-02-17T18:17:37+00:00","author":{"@id":"https:\/\/www.p31noticias.com.br\/#\/schema\/person\/d1bb0ccbf62b27e19ea4e75696908d43"},"breadcrumb":{"@id":"https:\/\/www.p31noticias.com.br\/?p=24714#breadcrumb"},"inLanguage":"pt-BR","potentialAction":[{"@type":"ReadAction","target":["https:\/\/www.p31noticias.com.br\/?p=24714"]}]},{"@type":"ImageObject","inLanguage":"pt-BR","@id":"https:\/\/www.p31noticias.com.br\/?p=24714#primaryimage","url":"https:\/\/www.p31noticias.com.br\/wp-content\/uploads\/2021\/10\/whatsapp-image-2021-10-13-at-18.13.44-2.jpeg","contentUrl":"https:\/\/www.p31noticias.com.br\/wp-content\/uploads\/2021\/10\/whatsapp-image-2021-10-13-at-18.13.44-2.jpeg","width":1008,"height":756},{"@type":"BreadcrumbList","@id":"https:\/\/www.p31noticias.com.br\/?p=24714#breadcrumb","itemListElement":[{"@type":"ListItem","position":1,"name":"In\u00edcio","item":"https:\/\/www.p31noticias.com.br\/"},{"@type":"ListItem","position":2,"name":"Fot\u00f3grafo americano flagra sucuri lutando contra jacar\u00e9 no Pantanal em MT"}]},{"@type":"WebSite","@id":"https:\/\/www.p31noticias.com.br\/#website","url":"https:\/\/www.p31noticias.com.br\/","name":"P31","description":"NOT\u00cdCIAS","potentialAction":[{"@type":"SearchAction","target":{"@type":"EntryPoint","urlTemplate":"https:\/\/www.p31noticias.com.br\/?s={search_term_string}"},"query-input":{"@type":"PropertyValueSpecification","valueRequired":true,"valueName":"search_term_string"}}],"inLanguage":"pt-BR"},{"@type":"Person","@id":"https:\/\/www.p31noticias.com.br\/#\/schema\/person\/d1bb0ccbf62b27e19ea4e75696908d43","name":"Camilly Scheffer","image":{"@type":"ImageObject","inLanguage":"pt-BR","@id":"https:\/\/secure.gravatar.com\/avatar\/06f4704b382d241ec2670712618fccea085b2db24d7b2d3b8691d904bbc1d557?s=96&d=mm&r=g","url":"https:\/\/secure.gravatar.com\/avatar\/06f4704b382d241ec2670712618fccea085b2db24d7b2d3b8691d904bbc1d557?s=96&d=mm&r=g","contentUrl":"https:\/\/secure.gravatar.com\/avatar\/06f4704b382d241ec2670712618fccea085b2db24d7b2d3b8691d904bbc1d557?s=96&d=mm&r=g","caption":"Camilly Scheffer"},"url":"https:\/\/www.p31noticias.com.br\/?author=5"}]}},"amp_enabled":true,"_links":{"self":[{"href":"https:\/\/www.p31noticias.com.br\/index.php?rest_route=\/wp\/v2\/posts\/24714","targetHints":{"allow":["GET"]}}],"collection":[{"href":"https:\/\/www.p31noticias.com.br\/index.php?rest_route=\/wp\/v2\/posts"}],"about":[{"href":"https:\/\/www.p31noticias.com.br\/index.php?rest_route=\/wp\/v2\/types\/post"}],"author":[{"embeddable":true,"href":"https:\/\/www.p31noticias.com.br\/index.php?rest_route=\/wp\/v2\/users\/5"}],"replies":[{"embeddable":true,"href":"https:\/\/www.p31noticias.com.br\/index.php?rest_route=%2Fwp%2Fv2%2Fcomments&post=24714"}],"version-history":[{"count":2,"href":"https:\/\/www.p31noticias.com.br\/index.php?rest_route=\/wp\/v2\/posts\/24714\/revisions"}],"predecessor-version":[{"id":24717,"href":"https:\/\/www.p31noticias.com.br\/index.php?rest_route=\/wp\/v2\/posts\/24714\/revisions\/24717"}],"wp:featuredmedia":[{"embeddable":true,"href":"https:\/\/www.p31noticias.com.br\/index.php?rest_route=\/wp\/v2\/media\/24715"}],"wp:attachment":[{"href":"https:\/\/www.p31noticias.com.br\/index.php?rest_route=%2Fwp%2Fv2%2Fmedia&parent=24714"}],"wp:term":[{"taxonomy":"category","embeddable":true,"href":"https:\/\/www.p31noticias.com.br\/index.php?rest_route=%2Fwp%2Fv2%2Fcategories&post=24714"},{"taxonomy":"post_tag","embeddable":true,"href":"https:\/\/www.p31noticias.com.br\/index.php?rest_route=%2Fwp%2Fv2%2Ftags&post=24714"}],"curies":[{"name":"wp","href":"https:\/\/api.w.org\/{rel}","templated":true}]}}