{"id":24539,"date":"2021-09-29T09:53:36","date_gmt":"2021-09-29T12:53:36","guid":{"rendered":"https:\/\/p31noticias.com.br\/?p=24539"},"modified":"2021-09-29T09:53:36","modified_gmt":"2021-09-29T12:53:36","slug":"vacina-contra-covid-df-antecipa-segunda-dose-da-astrazeneca-a-partir-desta-quarta-veja-postos","status":"publish","type":"post","link":"https:\/\/www.p31noticias.com.br\/?p=24539","title":{"rendered":"Vacina contra Covid: DF antecipa segunda dose da AstraZeneca a partir desta quarta; veja postos"},"content":{"rendered":"<p>Come\u00e7a nesta quarta-feira (29), no Distrito Federal, a antecipa\u00e7\u00e3o da segunda dose da vacina da AstraZeneca contra Covid-19, para quem deveria receber a etapa final at\u00e9 8 de outubro. Na pr\u00e1tica, a antecipa\u00e7\u00e3o \u00e9 de cerca de um m\u00eas.<\/p>\n<p>A campanha tamb\u00e9m continua para aplica\u00e7\u00e3o de primeira dose em pessoas com 12 anos ou mais, e com a administra\u00e7\u00e3o da dose de refor\u00e7o para idosos a partir de 80 anos, desde que tenham recebido a segunda aplica\u00e7\u00e3o h\u00e1 pelo menos seis meses, e para imunossuprimidos graves, com pelo menos 28 dias desde a \u00faltima vacina.<\/p>\n<p>Al\u00e9m disso, tamb\u00e9m podem ir aos postos pessoas que deveriam tomar a segunda dose do imunizante da Pfizer at\u00e9 27 de outubro. A antecipa\u00e7\u00e3o para esse p\u00fablico come\u00e7ou no \u00faltimo dia 23.<\/p>\n<p>O p\u00fablico de 12 a 17 anos \u00e9 atendido em postos espec\u00edficos, assim como aqueles que procuram a dose de refor\u00e7o, porque s\u00f3 recebem doses da Pfizer. Quem vai tomar a primeira e a segunda dose n\u00e3o precisa agendar a imuniza\u00e7\u00e3o, assim como idosos que v\u00e3o tomar o refor\u00e7o.<\/p>\n<p>J\u00e1 os imunossuprimidos devem agendar a data e hor\u00e1rio. A marca\u00e7\u00e3o pode ser feita pelo site da Secretaria de Sa\u00fade, ou em qualquer Unidade B\u00e1sica de Sa\u00fade (UBS).<\/p>\n<p>Os postos para pedestres funcionam das 8h \u00e0s 17h e as unidades drive-thru, das 9h \u00e0s 17h. H\u00e1 ainda op\u00e7\u00f5es noturnas, com atendimento at\u00e9 22h.<\/p>\n<div class=\"mc-column content-text active-extra-styles\" data-block-type=\"raw\" data-block-weight=\"6\" data-block-id=\"12\">\n<div class=\"content-intertitle\">\n<h2>Onde se vacinar nesta quarta-feira (29)<\/h2>\n<\/div>\n<\/div>\n<div class=\"mc-column content-text active-extra-styles\" data-block-type=\"raw\" data-block-weight=\"9\" data-block-id=\"13\">\n<ul class=\"content-unordered-list\">\n<li><strong>Primeira dose para adolescentes de 12 a 17 anos<\/strong><\/li>\n<\/ul>\n<div style=\"width: 600px;\" class=\"wp-video\"><video class=\"wp-video-shortcode\" id=\"video-24539-1\" width=\"600\" height=\"780\" preload=\"metadata\" controls=\"controls\"><source type=\"video\/mp4\" src=\"https:\/\/p31noticias.com.br\/wp-content\/uploads\/2021\/09\/pontos-vac-d1-12a17.mp4?_=1\" \/><a href=\"https:\/\/p31noticias.com.br\/wp-content\/uploads\/2021\/09\/pontos-vac-d1-12a17.mp4\">https:\/\/p31noticias.com.br\/wp-content\/uploads\/2021\/09\/pontos-vac-d1-12a17.mp4<\/a><\/video><\/div>\n<ul class=\"content-unordered-list\">\n<li><strong>Dose de refor\u00e7o para 80 anos ou mais<\/strong><\/li>\n<\/ul>\n<div style=\"width: 600px;\" class=\"wp-video\"><video class=\"wp-video-shortcode\" id=\"video-24539-2\" width=\"600\" height=\"632\" preload=\"metadata\" controls=\"controls\"><source type=\"video\/mp4\" src=\"https:\/\/p31noticias.com.br\/wp-content\/uploads\/2021\/09\/pontos-vac-dr80-1.mp4?_=2\" \/><a href=\"https:\/\/p31noticias.com.br\/wp-content\/uploads\/2021\/09\/pontos-vac-dr80-1.mp4\">https:\/\/p31noticias.com.br\/wp-content\/uploads\/2021\/09\/pontos-vac-dr80-1.mp4<\/a><\/video><\/div>\n<ul class=\"content-unordered-list\">\n<li><strong>Primeira dose para pessoas com 18 anos ou mais<\/strong><\/li>\n<\/ul>\n<div style=\"width: 600px;\" class=\"wp-video\"><video class=\"wp-video-shortcode\" id=\"video-24539-3\" width=\"600\" height=\"632\" preload=\"metadata\" controls=\"controls\"><source type=\"video\/mp4\" src=\"https:\/\/p31noticias.com.br\/wp-content\/uploads\/2021\/09\/pontos-vac-d118-1.mp4?_=3\" \/><a href=\"https:\/\/p31noticias.com.br\/wp-content\/uploads\/2021\/09\/pontos-vac-d118-1.mp4\">https:\/\/p31noticias.com.br\/wp-content\/uploads\/2021\/09\/pontos-vac-d118-1.mp4<\/a><\/video><\/div>\n<ul class=\"content-unordered-list\">\n<li><strong>Segunda dose com vacina Pfizer<\/strong><\/li>\n<\/ul>\n<div style=\"width: 600px;\" class=\"wp-video\"><video class=\"wp-video-shortcode\" id=\"video-24539-4\" width=\"600\" height=\"506\" preload=\"metadata\" controls=\"controls\"><source type=\"video\/mp4\" src=\"https:\/\/p31noticias.com.br\/wp-content\/uploads\/2021\/09\/d2-vac-pfb.mp4?_=4\" \/><a href=\"https:\/\/p31noticias.com.br\/wp-content\/uploads\/2021\/09\/d2-vac-pfb.mp4\">https:\/\/p31noticias.com.br\/wp-content\/uploads\/2021\/09\/d2-vac-pfb.mp4<\/a><\/video><\/div>\n<ul class=\"content-unordered-list\">\n<li><strong>Segunda dose com vacina Coronavac<\/strong><\/li>\n<\/ul>\n<div style=\"width: 600px;\" class=\"wp-video\"><video class=\"wp-video-shortcode\" id=\"video-24539-5\" width=\"600\" height=\"506\" preload=\"metadata\" controls=\"controls\"><source type=\"video\/mp4\" src=\"https:\/\/p31noticias.com.br\/wp-content\/uploads\/2021\/09\/d2-vac-coronavac-1.mp4?_=5\" \/><a href=\"https:\/\/p31noticias.com.br\/wp-content\/uploads\/2021\/09\/d2-vac-coronavac-1.mp4\">https:\/\/p31noticias.com.br\/wp-content\/uploads\/2021\/09\/d2-vac-coronavac-1.mp4<\/a><\/video><\/div>\n<ul class=\"content-unordered-list\">\n<li><strong>Segunda dose com vacina AstraZeneca<\/strong><\/li>\n<\/ul>\n<div style=\"width: 600px;\" class=\"wp-video\"><video class=\"wp-video-shortcode\" id=\"video-24539-6\" width=\"600\" height=\"506\" preload=\"metadata\" controls=\"controls\"><source type=\"video\/mp4\" src=\"https:\/\/p31noticias.com.br\/wp-content\/uploads\/2021\/09\/d2-vac-az.mp4?_=6\" \/><a href=\"https:\/\/p31noticias.com.br\/wp-content\/uploads\/2021\/09\/d2-vac-az.mp4\">https:\/\/p31noticias.com.br\/wp-content\/uploads\/2021\/09\/d2-vac-az.mp4<\/a><\/video><\/div>\n<p>Fonte: G1.<\/p>\n<\/div>\n","protected":false},"excerpt":{"rendered":"<p>Come\u00e7a nesta quarta-feira (29), no Distrito Federal, a antecipa\u00e7\u00e3o da segunda dose da vacina da AstraZeneca contra Covid-19, para quem deveria receber a etapa final at\u00e9 8 de outubro. Na pr\u00e1tica, a antecipa\u00e7\u00e3o \u00e9 de cerca de um m\u00eas. A campanha tamb\u00e9m continua para aplica\u00e7\u00e3o de primeira dose em pessoas com 12 anos ou mais, [&hellip;]<\/p>\n","protected":false},"author":5,"featured_media":24540,"comment_status":"open","ping_status":"open","sticky":false,"template":"","format":"standard","meta":{"footnotes":""},"categories":[1],"tags":[],"class_list":{"0":"post-24539","1":"post","2":"type-post","3":"status-publish","4":"format-standard","5":"has-post-thumbnail","7":"category-outros"},"yoast_head":"<!-- This site is optimized with the Yoast SEO Premium plugin v24.5 (Yoast SEO v27.5) - https:\/\/yoast.com\/product\/yoast-seo-premium-wordpress\/ -->\n<title>Vacina contra Covid: DF antecipa segunda dose da AstraZeneca a partir desta quarta; veja postos - P31<\/title>\n<meta name=\"robots\" content=\"index, follow, max-snippet:-1, max-image-preview:large, max-video-preview:-1\" \/>\n<link rel=\"canonical\" href=\"https:\/\/www.p31noticias.com.br\/?p=24539\" \/>\n<meta property=\"og:locale\" content=\"pt_BR\" \/>\n<meta property=\"og:type\" content=\"article\" \/>\n<meta property=\"og:title\" content=\"Vacina contra Covid: DF antecipa segunda dose da AstraZeneca a partir desta quarta; veja postos\" \/>\n<meta property=\"og:description\" content=\"Come\u00e7a nesta quarta-feira (29), no Distrito Federal, a antecipa\u00e7\u00e3o da segunda dose da vacina da AstraZeneca contra Covid-19, para quem deveria receber a etapa final at\u00e9 8 de outubro. Na pr\u00e1tica, a antecipa\u00e7\u00e3o \u00e9 de cerca de um m\u00eas. A campanha tamb\u00e9m continua para aplica\u00e7\u00e3o de primeira dose em pessoas com 12 anos ou mais, [&hellip;]\" \/>\n<meta property=\"og:url\" content=\"https:\/\/www.p31noticias.com.br\/?p=24539\" \/>\n<meta property=\"og:site_name\" content=\"P31\" \/>\n<meta property=\"article:published_time\" content=\"2021-09-29T12:53:36+00:00\" \/>\n<meta property=\"og:image\" content=\"https:\/\/www.p31noticias.com.br\/wp-content\/uploads\/2021\/09\/a1200-df1-limpo-24092021-frame-90472.jpeg\" \/>\n\t<meta property=\"og:image:width\" content=\"984\" \/>\n\t<meta property=\"og:image:height\" content=\"554\" \/>\n\t<meta property=\"og:image:type\" content=\"image\/jpeg\" \/>\n<meta name=\"author\" content=\"Camilly Scheffer\" \/>\n<meta name=\"twitter:card\" content=\"summary_large_image\" \/>\n<meta name=\"twitter:label1\" content=\"Escrito por\" \/>\n\t<meta name=\"twitter:data1\" content=\"Camilly Scheffer\" \/>\n\t<meta name=\"twitter:label2\" content=\"Est. tempo de leitura\" \/>\n\t<meta name=\"twitter:data2\" content=\"2 minutos\" \/>\n<script type=\"application\/ld+json\" class=\"yoast-schema-graph\">{\"@context\":\"https:\\\/\\\/schema.org\",\"@graph\":[{\"@type\":\"Article\",\"@id\":\"https:\\\/\\\/www.p31noticias.com.br\\\/?p=24539#article\",\"isPartOf\":{\"@id\":\"https:\\\/\\\/www.p31noticias.com.br\\\/?p=24539\"},\"author\":{\"name\":\"Camilly Scheffer\",\"@id\":\"https:\\\/\\\/www.p31noticias.com.br\\\/#\\\/schema\\\/person\\\/d1bb0ccbf62b27e19ea4e75696908d43\"},\"headline\":\"Vacina contra Covid: DF antecipa segunda dose da AstraZeneca a partir desta quarta; veja postos\",\"datePublished\":\"2021-09-29T12:53:36+00:00\",\"mainEntityOfPage\":{\"@id\":\"https:\\\/\\\/www.p31noticias.com.br\\\/?p=24539\"},\"wordCount\":397,\"commentCount\":0,\"image\":{\"@id\":\"https:\\\/\\\/www.p31noticias.com.br\\\/?p=24539#primaryimage\"},\"thumbnailUrl\":\"https:\\\/\\\/www.p31noticias.com.br\\\/wp-content\\\/uploads\\\/2021\\\/09\\\/a1200-df1-limpo-24092021-frame-90472.jpeg\",\"articleSection\":[\"Outros\"],\"inLanguage\":\"pt-BR\",\"potentialAction\":[{\"@type\":\"CommentAction\",\"name\":\"Comment\",\"target\":[\"https:\\\/\\\/www.p31noticias.com.br\\\/?p=24539#respond\"]}],\"copyrightYear\":\"2021\",\"copyrightHolder\":{\"@id\":\"https:\\\/\\\/www.p31noticias.com.br\\\/#organization\"}},{\"@type\":\"WebPage\",\"@id\":\"https:\\\/\\\/www.p31noticias.com.br\\\/?p=24539\",\"url\":\"https:\\\/\\\/www.p31noticias.com.br\\\/?p=24539\",\"name\":\"Vacina contra Covid: DF antecipa segunda dose da AstraZeneca a partir desta quarta; veja postos - P31\",\"isPartOf\":{\"@id\":\"https:\\\/\\\/www.p31noticias.com.br\\\/#website\"},\"primaryImageOfPage\":{\"@id\":\"https:\\\/\\\/www.p31noticias.com.br\\\/?p=24539#primaryimage\"},\"image\":{\"@id\":\"https:\\\/\\\/www.p31noticias.com.br\\\/?p=24539#primaryimage\"},\"thumbnailUrl\":\"https:\\\/\\\/www.p31noticias.com.br\\\/wp-content\\\/uploads\\\/2021\\\/09\\\/a1200-df1-limpo-24092021-frame-90472.jpeg\",\"datePublished\":\"2021-09-29T12:53:36+00:00\",\"author\":{\"@id\":\"https:\\\/\\\/www.p31noticias.com.br\\\/#\\\/schema\\\/person\\\/d1bb0ccbf62b27e19ea4e75696908d43\"},\"breadcrumb\":{\"@id\":\"https:\\\/\\\/www.p31noticias.com.br\\\/?p=24539#breadcrumb\"},\"inLanguage\":\"pt-BR\",\"potentialAction\":[{\"@type\":\"ReadAction\",\"target\":[\"https:\\\/\\\/www.p31noticias.com.br\\\/?p=24539\"]}]},{\"@type\":\"ImageObject\",\"inLanguage\":\"pt-BR\",\"@id\":\"https:\\\/\\\/www.p31noticias.com.br\\\/?p=24539#primaryimage\",\"url\":\"https:\\\/\\\/www.p31noticias.com.br\\\/wp-content\\\/uploads\\\/2021\\\/09\\\/a1200-df1-limpo-24092021-frame-90472.jpeg\",\"contentUrl\":\"https:\\\/\\\/www.p31noticias.com.br\\\/wp-content\\\/uploads\\\/2021\\\/09\\\/a1200-df1-limpo-24092021-frame-90472.jpeg\",\"width\":984,\"height\":554},{\"@type\":\"BreadcrumbList\",\"@id\":\"https:\\\/\\\/www.p31noticias.com.br\\\/?p=24539#breadcrumb\",\"itemListElement\":[{\"@type\":\"ListItem\",\"position\":1,\"name\":\"In\u00edcio\",\"item\":\"https:\\\/\\\/www.p31noticias.com.br\\\/\"},{\"@type\":\"ListItem\",\"position\":2,\"name\":\"Vacina contra Covid: DF antecipa segunda dose da AstraZeneca a partir desta quarta; veja postos\"}]},{\"@type\":\"WebSite\",\"@id\":\"https:\\\/\\\/www.p31noticias.com.br\\\/#website\",\"url\":\"https:\\\/\\\/www.p31noticias.com.br\\\/\",\"name\":\"P31\",\"description\":\"NOT\u00cdCIAS\",\"potentialAction\":[{\"@type\":\"SearchAction\",\"target\":{\"@type\":\"EntryPoint\",\"urlTemplate\":\"https:\\\/\\\/www.p31noticias.com.br\\\/?s={search_term_string}\"},\"query-input\":{\"@type\":\"PropertyValueSpecification\",\"valueRequired\":true,\"valueName\":\"search_term_string\"}}],\"inLanguage\":\"pt-BR\"},{\"@type\":\"Person\",\"@id\":\"https:\\\/\\\/www.p31noticias.com.br\\\/#\\\/schema\\\/person\\\/d1bb0ccbf62b27e19ea4e75696908d43\",\"name\":\"Camilly Scheffer\",\"image\":{\"@type\":\"ImageObject\",\"inLanguage\":\"pt-BR\",\"@id\":\"https:\\\/\\\/secure.gravatar.com\\\/avatar\\\/06f4704b382d241ec2670712618fccea085b2db24d7b2d3b8691d904bbc1d557?s=96&d=mm&r=g\",\"url\":\"https:\\\/\\\/secure.gravatar.com\\\/avatar\\\/06f4704b382d241ec2670712618fccea085b2db24d7b2d3b8691d904bbc1d557?s=96&d=mm&r=g\",\"contentUrl\":\"https:\\\/\\\/secure.gravatar.com\\\/avatar\\\/06f4704b382d241ec2670712618fccea085b2db24d7b2d3b8691d904bbc1d557?s=96&d=mm&r=g\",\"caption\":\"Camilly Scheffer\"},\"url\":\"https:\\\/\\\/www.p31noticias.com.br\\\/?author=5\"}]}<\/script>\n<!-- \/ Yoast SEO Premium plugin. -->","yoast_head_json":{"title":"Vacina contra Covid: DF antecipa segunda dose da AstraZeneca a partir desta quarta; veja postos - P31","robots":{"index":"index","follow":"follow","max-snippet":"max-snippet:-1","max-image-preview":"max-image-preview:large","max-video-preview":"max-video-preview:-1"},"canonical":"https:\/\/www.p31noticias.com.br\/?p=24539","og_locale":"pt_BR","og_type":"article","og_title":"Vacina contra Covid: DF antecipa segunda dose da AstraZeneca a partir desta quarta; veja postos","og_description":"Come\u00e7a nesta quarta-feira (29), no Distrito Federal, a antecipa\u00e7\u00e3o da segunda dose da vacina da AstraZeneca contra Covid-19, para quem deveria receber a etapa final at\u00e9 8 de outubro. Na pr\u00e1tica, a antecipa\u00e7\u00e3o \u00e9 de cerca de um m\u00eas. A campanha tamb\u00e9m continua para aplica\u00e7\u00e3o de primeira dose em pessoas com 12 anos ou mais, [&hellip;]","og_url":"https:\/\/www.p31noticias.com.br\/?p=24539","og_site_name":"P31","article_published_time":"2021-09-29T12:53:36+00:00","og_image":[{"width":984,"height":554,"url":"https:\/\/www.p31noticias.com.br\/wp-content\/uploads\/2021\/09\/a1200-df1-limpo-24092021-frame-90472.jpeg","type":"image\/jpeg"}],"author":"Camilly Scheffer","twitter_card":"summary_large_image","twitter_misc":{"Escrito por":"Camilly Scheffer","Est. tempo de leitura":"2 minutos"},"schema":{"@context":"https:\/\/schema.org","@graph":[{"@type":"Article","@id":"https:\/\/www.p31noticias.com.br\/?p=24539#article","isPartOf":{"@id":"https:\/\/www.p31noticias.com.br\/?p=24539"},"author":{"name":"Camilly Scheffer","@id":"https:\/\/www.p31noticias.com.br\/#\/schema\/person\/d1bb0ccbf62b27e19ea4e75696908d43"},"headline":"Vacina contra Covid: DF antecipa segunda dose da AstraZeneca a partir desta quarta; veja postos","datePublished":"2021-09-29T12:53:36+00:00","mainEntityOfPage":{"@id":"https:\/\/www.p31noticias.com.br\/?p=24539"},"wordCount":397,"commentCount":0,"image":{"@id":"https:\/\/www.p31noticias.com.br\/?p=24539#primaryimage"},"thumbnailUrl":"https:\/\/www.p31noticias.com.br\/wp-content\/uploads\/2021\/09\/a1200-df1-limpo-24092021-frame-90472.jpeg","articleSection":["Outros"],"inLanguage":"pt-BR","potentialAction":[{"@type":"CommentAction","name":"Comment","target":["https:\/\/www.p31noticias.com.br\/?p=24539#respond"]}],"copyrightYear":"2021","copyrightHolder":{"@id":"https:\/\/www.p31noticias.com.br\/#organization"}},{"@type":"WebPage","@id":"https:\/\/www.p31noticias.com.br\/?p=24539","url":"https:\/\/www.p31noticias.com.br\/?p=24539","name":"Vacina contra Covid: DF antecipa segunda dose da AstraZeneca a partir desta quarta; veja postos - P31","isPartOf":{"@id":"https:\/\/www.p31noticias.com.br\/#website"},"primaryImageOfPage":{"@id":"https:\/\/www.p31noticias.com.br\/?p=24539#primaryimage"},"image":{"@id":"https:\/\/www.p31noticias.com.br\/?p=24539#primaryimage"},"thumbnailUrl":"https:\/\/www.p31noticias.com.br\/wp-content\/uploads\/2021\/09\/a1200-df1-limpo-24092021-frame-90472.jpeg","datePublished":"2021-09-29T12:53:36+00:00","author":{"@id":"https:\/\/www.p31noticias.com.br\/#\/schema\/person\/d1bb0ccbf62b27e19ea4e75696908d43"},"breadcrumb":{"@id":"https:\/\/www.p31noticias.com.br\/?p=24539#breadcrumb"},"inLanguage":"pt-BR","potentialAction":[{"@type":"ReadAction","target":["https:\/\/www.p31noticias.com.br\/?p=24539"]}]},{"@type":"ImageObject","inLanguage":"pt-BR","@id":"https:\/\/www.p31noticias.com.br\/?p=24539#primaryimage","url":"https:\/\/www.p31noticias.com.br\/wp-content\/uploads\/2021\/09\/a1200-df1-limpo-24092021-frame-90472.jpeg","contentUrl":"https:\/\/www.p31noticias.com.br\/wp-content\/uploads\/2021\/09\/a1200-df1-limpo-24092021-frame-90472.jpeg","width":984,"height":554},{"@type":"BreadcrumbList","@id":"https:\/\/www.p31noticias.com.br\/?p=24539#breadcrumb","itemListElement":[{"@type":"ListItem","position":1,"name":"In\u00edcio","item":"https:\/\/www.p31noticias.com.br\/"},{"@type":"ListItem","position":2,"name":"Vacina contra Covid: DF antecipa segunda dose da AstraZeneca a partir desta quarta; veja postos"}]},{"@type":"WebSite","@id":"https:\/\/www.p31noticias.com.br\/#website","url":"https:\/\/www.p31noticias.com.br\/","name":"P31","description":"NOT\u00cdCIAS","potentialAction":[{"@type":"SearchAction","target":{"@type":"EntryPoint","urlTemplate":"https:\/\/www.p31noticias.com.br\/?s={search_term_string}"},"query-input":{"@type":"PropertyValueSpecification","valueRequired":true,"valueName":"search_term_string"}}],"inLanguage":"pt-BR"},{"@type":"Person","@id":"https:\/\/www.p31noticias.com.br\/#\/schema\/person\/d1bb0ccbf62b27e19ea4e75696908d43","name":"Camilly Scheffer","image":{"@type":"ImageObject","inLanguage":"pt-BR","@id":"https:\/\/secure.gravatar.com\/avatar\/06f4704b382d241ec2670712618fccea085b2db24d7b2d3b8691d904bbc1d557?s=96&d=mm&r=g","url":"https:\/\/secure.gravatar.com\/avatar\/06f4704b382d241ec2670712618fccea085b2db24d7b2d3b8691d904bbc1d557?s=96&d=mm&r=g","contentUrl":"https:\/\/secure.gravatar.com\/avatar\/06f4704b382d241ec2670712618fccea085b2db24d7b2d3b8691d904bbc1d557?s=96&d=mm&r=g","caption":"Camilly Scheffer"},"url":"https:\/\/www.p31noticias.com.br\/?author=5"}]}},"amp_enabled":true,"_links":{"self":[{"href":"https:\/\/www.p31noticias.com.br\/index.php?rest_route=\/wp\/v2\/posts\/24539","targetHints":{"allow":["GET"]}}],"collection":[{"href":"https:\/\/www.p31noticias.com.br\/index.php?rest_route=\/wp\/v2\/posts"}],"about":[{"href":"https:\/\/www.p31noticias.com.br\/index.php?rest_route=\/wp\/v2\/types\/post"}],"author":[{"embeddable":true,"href":"https:\/\/www.p31noticias.com.br\/index.php?rest_route=\/wp\/v2\/users\/5"}],"replies":[{"embeddable":true,"href":"https:\/\/www.p31noticias.com.br\/index.php?rest_route=%2Fwp%2Fv2%2Fcomments&post=24539"}],"version-history":[{"count":1,"href":"https:\/\/www.p31noticias.com.br\/index.php?rest_route=\/wp\/v2\/posts\/24539\/revisions"}],"predecessor-version":[{"id":24547,"href":"https:\/\/www.p31noticias.com.br\/index.php?rest_route=\/wp\/v2\/posts\/24539\/revisions\/24547"}],"wp:featuredmedia":[{"embeddable":true,"href":"https:\/\/www.p31noticias.com.br\/index.php?rest_route=\/wp\/v2\/media\/24540"}],"wp:attachment":[{"href":"https:\/\/www.p31noticias.com.br\/index.php?rest_route=%2Fwp%2Fv2%2Fmedia&parent=24539"}],"wp:term":[{"taxonomy":"category","embeddable":true,"href":"https:\/\/www.p31noticias.com.br\/index.php?rest_route=%2Fwp%2Fv2%2Fcategories&post=24539"},{"taxonomy":"post_tag","embeddable":true,"href":"https:\/\/www.p31noticias.com.br\/index.php?rest_route=%2Fwp%2Fv2%2Ftags&post=24539"}],"curies":[{"name":"wp","href":"https:\/\/api.w.org\/{rel}","templated":true}]}}