{"id":24536,"date":"2021-09-28T11:15:04","date_gmt":"2021-09-28T14:15:04","guid":{"rendered":"https:\/\/p31noticias.com.br\/?p=24536"},"modified":"2021-09-28T11:15:04","modified_gmt":"2021-09-28T14:15:04","slug":"funcionario-do-carrefour-desaparecido-e-achado-quase-2-dias-depois-preso-em-elevador-de-supermercado-sem-comer-nem-beber","status":"publish","type":"post","link":"https:\/\/www.p31noticias.com.br\/?p=24536","title":{"rendered":"Funcion\u00e1rio do Carrefour desaparecido \u00e9 achado quase 2 dias depois preso em elevador de supermercado, sem comer nem beber"},"content":{"rendered":"<p>Um funcion\u00e1rio da rede Carrefour que estava desaparecido desde o \u00faltimo s\u00e1bado (25), ao encerrar o expediente, foi encontrado preso dentro do elevador do supermercado na manh\u00e3 desta segunda-feira (27). O supermercado funcionou no domingo (26) mas, mesmo assim, ningu\u00e9m notou que ele estava preso dentro do equipamento. O rapaz ficou sem comer e sem beber durante todo o per\u00edodo.<\/p>\n<p>Segundo apurado, o funcion\u00e1rio, que trabalha h\u00e1 cerca de sete anos na unidade do Carrefour da Avenida Conselheiro N\u00e9bias, em Santos, no litoral de S\u00e3o Paulo, estava desaparecido desde s\u00e1bado (25), quando deveria ter voltado para casa ap\u00f3s o trabalho.<\/p>\n<p>No entanto, ele n\u00e3o deu not\u00edcias, e os familiares passaram a divulgar imagens dele pedindo por informa\u00e7\u00f5es de poss\u00edveis paradeiros por diversas p\u00e1ginas nas redes sociais. A m\u00e3e divulgou que o filho era usu\u00e1rio de rem\u00e9dios controlados e que nunca havia ficado fora de casa sem dar not\u00edcia antes.<\/p>\n<p>O supermercado funcionou no domingo (26). Mesmo assim, o funcion\u00e1rio s\u00f3 foi localizado na manh\u00e3 desta segunda-feira, no in\u00edcio do expediente dos funcion\u00e1rios do primeiro turno. Ele estava preso dentro do elevador, onde passou cerca de 36 horas aguardando para ser libertado.<\/p>\n<p>A m\u00e3e n\u00e3o chegou a registrar boletim de ocorr\u00eancia sobre o desaparecimento porque foi orientada a aguardar 24 horas do desaparecimento, j\u00e1 que o filho \u00e9 maior de idade. Procurada pelo g1, ela preferiu n\u00e3o se manifestar sobre o assunto.<\/p>\n<p>Fonte: G1.<\/p>\n","protected":false},"excerpt":{"rendered":"<p>Um funcion\u00e1rio da rede Carrefour que estava desaparecido desde o \u00faltimo s\u00e1bado (25), ao encerrar o expediente, foi encontrado preso dentro do elevador do supermercado na manh\u00e3 desta segunda-feira (27). O supermercado funcionou no domingo (26) mas, mesmo assim, ningu\u00e9m notou que ele estava preso dentro do equipamento. O rapaz ficou sem comer e sem [&hellip;]<\/p>\n","protected":false},"author":5,"featured_media":24537,"comment_status":"open","ping_status":"open","sticky":false,"template":"","format":"standard","meta":{"footnotes":""},"categories":[1],"tags":[],"class_list":{"0":"post-24536","1":"post","2":"type-post","3":"status-publish","4":"format-standard","5":"has-post-thumbnail","7":"category-outros"},"yoast_head":"<!-- This site is optimized with the Yoast SEO Premium plugin v24.5 (Yoast SEO v27.5) - https:\/\/yoast.com\/product\/yoast-seo-premium-wordpress\/ -->\n<title>Funcion\u00e1rio do Carrefour desaparecido \u00e9 achado quase 2 dias depois preso em elevador de supermercado, sem comer nem beber - P31<\/title>\n<meta name=\"robots\" content=\"index, follow, max-snippet:-1, max-image-preview:large, max-video-preview:-1\" \/>\n<link rel=\"canonical\" href=\"https:\/\/www.p31noticias.com.br\/?p=24536\" \/>\n<meta property=\"og:locale\" content=\"pt_BR\" \/>\n<meta property=\"og:type\" content=\"article\" \/>\n<meta property=\"og:title\" content=\"Funcion\u00e1rio do Carrefour desaparecido \u00e9 achado quase 2 dias depois preso em elevador de supermercado, sem comer nem beber\" \/>\n<meta property=\"og:description\" content=\"Um funcion\u00e1rio da rede Carrefour que estava desaparecido desde o \u00faltimo s\u00e1bado (25), ao encerrar o expediente, foi encontrado preso dentro do elevador do supermercado na manh\u00e3 desta segunda-feira (27). O supermercado funcionou no domingo (26) mas, mesmo assim, ningu\u00e9m notou que ele estava preso dentro do equipamento. O rapaz ficou sem comer e sem [&hellip;]\" \/>\n<meta property=\"og:url\" content=\"https:\/\/www.p31noticias.com.br\/?p=24536\" \/>\n<meta property=\"og:site_name\" content=\"P31\" \/>\n<meta property=\"article:published_time\" content=\"2021-09-28T14:15:04+00:00\" \/>\n<meta property=\"og:image\" content=\"https:\/\/www.p31noticias.com.br\/wp-content\/uploads\/2021\/09\/desaparecido3-2.jpeg\" \/>\n\t<meta property=\"og:image:width\" content=\"984\" \/>\n\t<meta property=\"og:image:height\" content=\"1644\" \/>\n\t<meta property=\"og:image:type\" content=\"image\/jpeg\" \/>\n<meta name=\"author\" content=\"Camilly Scheffer\" \/>\n<meta name=\"twitter:card\" content=\"summary_large_image\" \/>\n<meta name=\"twitter:label1\" content=\"Escrito por\" \/>\n\t<meta name=\"twitter:data1\" content=\"Camilly Scheffer\" \/>\n\t<meta name=\"twitter:label2\" content=\"Est. tempo de leitura\" \/>\n\t<meta name=\"twitter:data2\" content=\"1 minuto\" \/>\n<script type=\"application\/ld+json\" class=\"yoast-schema-graph\">{\"@context\":\"https:\\\/\\\/schema.org\",\"@graph\":[{\"@type\":\"Article\",\"@id\":\"https:\\\/\\\/www.p31noticias.com.br\\\/?p=24536#article\",\"isPartOf\":{\"@id\":\"https:\\\/\\\/www.p31noticias.com.br\\\/?p=24536\"},\"author\":{\"name\":\"Camilly Scheffer\",\"@id\":\"https:\\\/\\\/www.p31noticias.com.br\\\/#\\\/schema\\\/person\\\/d1bb0ccbf62b27e19ea4e75696908d43\"},\"headline\":\"Funcion\u00e1rio do Carrefour desaparecido \u00e9 achado quase 2 dias depois preso em elevador de supermercado, sem comer nem beber\",\"datePublished\":\"2021-09-28T14:15:04+00:00\",\"mainEntityOfPage\":{\"@id\":\"https:\\\/\\\/www.p31noticias.com.br\\\/?p=24536\"},\"wordCount\":268,\"commentCount\":0,\"image\":{\"@id\":\"https:\\\/\\\/www.p31noticias.com.br\\\/?p=24536#primaryimage\"},\"thumbnailUrl\":\"https:\\\/\\\/www.p31noticias.com.br\\\/wp-content\\\/uploads\\\/2021\\\/09\\\/desaparecido3-2.jpeg\",\"articleSection\":[\"Outros\"],\"inLanguage\":\"pt-BR\",\"potentialAction\":[{\"@type\":\"CommentAction\",\"name\":\"Comment\",\"target\":[\"https:\\\/\\\/www.p31noticias.com.br\\\/?p=24536#respond\"]}],\"copyrightYear\":\"2021\",\"copyrightHolder\":{\"@id\":\"https:\\\/\\\/www.p31noticias.com.br\\\/#organization\"}},{\"@type\":\"WebPage\",\"@id\":\"https:\\\/\\\/www.p31noticias.com.br\\\/?p=24536\",\"url\":\"https:\\\/\\\/www.p31noticias.com.br\\\/?p=24536\",\"name\":\"Funcion\u00e1rio do Carrefour desaparecido \u00e9 achado quase 2 dias depois preso em elevador de supermercado, sem comer nem beber - P31\",\"isPartOf\":{\"@id\":\"https:\\\/\\\/www.p31noticias.com.br\\\/#website\"},\"primaryImageOfPage\":{\"@id\":\"https:\\\/\\\/www.p31noticias.com.br\\\/?p=24536#primaryimage\"},\"image\":{\"@id\":\"https:\\\/\\\/www.p31noticias.com.br\\\/?p=24536#primaryimage\"},\"thumbnailUrl\":\"https:\\\/\\\/www.p31noticias.com.br\\\/wp-content\\\/uploads\\\/2021\\\/09\\\/desaparecido3-2.jpeg\",\"datePublished\":\"2021-09-28T14:15:04+00:00\",\"author\":{\"@id\":\"https:\\\/\\\/www.p31noticias.com.br\\\/#\\\/schema\\\/person\\\/d1bb0ccbf62b27e19ea4e75696908d43\"},\"breadcrumb\":{\"@id\":\"https:\\\/\\\/www.p31noticias.com.br\\\/?p=24536#breadcrumb\"},\"inLanguage\":\"pt-BR\",\"potentialAction\":[{\"@type\":\"ReadAction\",\"target\":[\"https:\\\/\\\/www.p31noticias.com.br\\\/?p=24536\"]}]},{\"@type\":\"ImageObject\",\"inLanguage\":\"pt-BR\",\"@id\":\"https:\\\/\\\/www.p31noticias.com.br\\\/?p=24536#primaryimage\",\"url\":\"https:\\\/\\\/www.p31noticias.com.br\\\/wp-content\\\/uploads\\\/2021\\\/09\\\/desaparecido3-2.jpeg\",\"contentUrl\":\"https:\\\/\\\/www.p31noticias.com.br\\\/wp-content\\\/uploads\\\/2021\\\/09\\\/desaparecido3-2.jpeg\",\"width\":984,\"height\":1644},{\"@type\":\"BreadcrumbList\",\"@id\":\"https:\\\/\\\/www.p31noticias.com.br\\\/?p=24536#breadcrumb\",\"itemListElement\":[{\"@type\":\"ListItem\",\"position\":1,\"name\":\"In\u00edcio\",\"item\":\"https:\\\/\\\/www.p31noticias.com.br\\\/\"},{\"@type\":\"ListItem\",\"position\":2,\"name\":\"Funcion\u00e1rio do Carrefour desaparecido \u00e9 achado quase 2 dias depois preso em elevador de supermercado, sem comer nem beber\"}]},{\"@type\":\"WebSite\",\"@id\":\"https:\\\/\\\/www.p31noticias.com.br\\\/#website\",\"url\":\"https:\\\/\\\/www.p31noticias.com.br\\\/\",\"name\":\"P31\",\"description\":\"NOT\u00cdCIAS\",\"potentialAction\":[{\"@type\":\"SearchAction\",\"target\":{\"@type\":\"EntryPoint\",\"urlTemplate\":\"https:\\\/\\\/www.p31noticias.com.br\\\/?s={search_term_string}\"},\"query-input\":{\"@type\":\"PropertyValueSpecification\",\"valueRequired\":true,\"valueName\":\"search_term_string\"}}],\"inLanguage\":\"pt-BR\"},{\"@type\":\"Person\",\"@id\":\"https:\\\/\\\/www.p31noticias.com.br\\\/#\\\/schema\\\/person\\\/d1bb0ccbf62b27e19ea4e75696908d43\",\"name\":\"Camilly Scheffer\",\"image\":{\"@type\":\"ImageObject\",\"inLanguage\":\"pt-BR\",\"@id\":\"https:\\\/\\\/secure.gravatar.com\\\/avatar\\\/06f4704b382d241ec2670712618fccea085b2db24d7b2d3b8691d904bbc1d557?s=96&d=mm&r=g\",\"url\":\"https:\\\/\\\/secure.gravatar.com\\\/avatar\\\/06f4704b382d241ec2670712618fccea085b2db24d7b2d3b8691d904bbc1d557?s=96&d=mm&r=g\",\"contentUrl\":\"https:\\\/\\\/secure.gravatar.com\\\/avatar\\\/06f4704b382d241ec2670712618fccea085b2db24d7b2d3b8691d904bbc1d557?s=96&d=mm&r=g\",\"caption\":\"Camilly Scheffer\"},\"url\":\"https:\\\/\\\/www.p31noticias.com.br\\\/?author=5\"}]}<\/script>\n<!-- \/ Yoast SEO Premium plugin. -->","yoast_head_json":{"title":"Funcion\u00e1rio do Carrefour desaparecido \u00e9 achado quase 2 dias depois preso em elevador de supermercado, sem comer nem beber - P31","robots":{"index":"index","follow":"follow","max-snippet":"max-snippet:-1","max-image-preview":"max-image-preview:large","max-video-preview":"max-video-preview:-1"},"canonical":"https:\/\/www.p31noticias.com.br\/?p=24536","og_locale":"pt_BR","og_type":"article","og_title":"Funcion\u00e1rio do Carrefour desaparecido \u00e9 achado quase 2 dias depois preso em elevador de supermercado, sem comer nem beber","og_description":"Um funcion\u00e1rio da rede Carrefour que estava desaparecido desde o \u00faltimo s\u00e1bado (25), ao encerrar o expediente, foi encontrado preso dentro do elevador do supermercado na manh\u00e3 desta segunda-feira (27). O supermercado funcionou no domingo (26) mas, mesmo assim, ningu\u00e9m notou que ele estava preso dentro do equipamento. O rapaz ficou sem comer e sem [&hellip;]","og_url":"https:\/\/www.p31noticias.com.br\/?p=24536","og_site_name":"P31","article_published_time":"2021-09-28T14:15:04+00:00","og_image":[{"width":984,"height":1644,"url":"https:\/\/www.p31noticias.com.br\/wp-content\/uploads\/2021\/09\/desaparecido3-2.jpeg","type":"image\/jpeg"}],"author":"Camilly Scheffer","twitter_card":"summary_large_image","twitter_misc":{"Escrito por":"Camilly Scheffer","Est. tempo de leitura":"1 minuto"},"schema":{"@context":"https:\/\/schema.org","@graph":[{"@type":"Article","@id":"https:\/\/www.p31noticias.com.br\/?p=24536#article","isPartOf":{"@id":"https:\/\/www.p31noticias.com.br\/?p=24536"},"author":{"name":"Camilly Scheffer","@id":"https:\/\/www.p31noticias.com.br\/#\/schema\/person\/d1bb0ccbf62b27e19ea4e75696908d43"},"headline":"Funcion\u00e1rio do Carrefour desaparecido \u00e9 achado quase 2 dias depois preso em elevador de supermercado, sem comer nem beber","datePublished":"2021-09-28T14:15:04+00:00","mainEntityOfPage":{"@id":"https:\/\/www.p31noticias.com.br\/?p=24536"},"wordCount":268,"commentCount":0,"image":{"@id":"https:\/\/www.p31noticias.com.br\/?p=24536#primaryimage"},"thumbnailUrl":"https:\/\/www.p31noticias.com.br\/wp-content\/uploads\/2021\/09\/desaparecido3-2.jpeg","articleSection":["Outros"],"inLanguage":"pt-BR","potentialAction":[{"@type":"CommentAction","name":"Comment","target":["https:\/\/www.p31noticias.com.br\/?p=24536#respond"]}],"copyrightYear":"2021","copyrightHolder":{"@id":"https:\/\/www.p31noticias.com.br\/#organization"}},{"@type":"WebPage","@id":"https:\/\/www.p31noticias.com.br\/?p=24536","url":"https:\/\/www.p31noticias.com.br\/?p=24536","name":"Funcion\u00e1rio do Carrefour desaparecido \u00e9 achado quase 2 dias depois preso em elevador de supermercado, sem comer nem beber - P31","isPartOf":{"@id":"https:\/\/www.p31noticias.com.br\/#website"},"primaryImageOfPage":{"@id":"https:\/\/www.p31noticias.com.br\/?p=24536#primaryimage"},"image":{"@id":"https:\/\/www.p31noticias.com.br\/?p=24536#primaryimage"},"thumbnailUrl":"https:\/\/www.p31noticias.com.br\/wp-content\/uploads\/2021\/09\/desaparecido3-2.jpeg","datePublished":"2021-09-28T14:15:04+00:00","author":{"@id":"https:\/\/www.p31noticias.com.br\/#\/schema\/person\/d1bb0ccbf62b27e19ea4e75696908d43"},"breadcrumb":{"@id":"https:\/\/www.p31noticias.com.br\/?p=24536#breadcrumb"},"inLanguage":"pt-BR","potentialAction":[{"@type":"ReadAction","target":["https:\/\/www.p31noticias.com.br\/?p=24536"]}]},{"@type":"ImageObject","inLanguage":"pt-BR","@id":"https:\/\/www.p31noticias.com.br\/?p=24536#primaryimage","url":"https:\/\/www.p31noticias.com.br\/wp-content\/uploads\/2021\/09\/desaparecido3-2.jpeg","contentUrl":"https:\/\/www.p31noticias.com.br\/wp-content\/uploads\/2021\/09\/desaparecido3-2.jpeg","width":984,"height":1644},{"@type":"BreadcrumbList","@id":"https:\/\/www.p31noticias.com.br\/?p=24536#breadcrumb","itemListElement":[{"@type":"ListItem","position":1,"name":"In\u00edcio","item":"https:\/\/www.p31noticias.com.br\/"},{"@type":"ListItem","position":2,"name":"Funcion\u00e1rio do Carrefour desaparecido \u00e9 achado quase 2 dias depois preso em elevador de supermercado, sem comer nem beber"}]},{"@type":"WebSite","@id":"https:\/\/www.p31noticias.com.br\/#website","url":"https:\/\/www.p31noticias.com.br\/","name":"P31","description":"NOT\u00cdCIAS","potentialAction":[{"@type":"SearchAction","target":{"@type":"EntryPoint","urlTemplate":"https:\/\/www.p31noticias.com.br\/?s={search_term_string}"},"query-input":{"@type":"PropertyValueSpecification","valueRequired":true,"valueName":"search_term_string"}}],"inLanguage":"pt-BR"},{"@type":"Person","@id":"https:\/\/www.p31noticias.com.br\/#\/schema\/person\/d1bb0ccbf62b27e19ea4e75696908d43","name":"Camilly Scheffer","image":{"@type":"ImageObject","inLanguage":"pt-BR","@id":"https:\/\/secure.gravatar.com\/avatar\/06f4704b382d241ec2670712618fccea085b2db24d7b2d3b8691d904bbc1d557?s=96&d=mm&r=g","url":"https:\/\/secure.gravatar.com\/avatar\/06f4704b382d241ec2670712618fccea085b2db24d7b2d3b8691d904bbc1d557?s=96&d=mm&r=g","contentUrl":"https:\/\/secure.gravatar.com\/avatar\/06f4704b382d241ec2670712618fccea085b2db24d7b2d3b8691d904bbc1d557?s=96&d=mm&r=g","caption":"Camilly Scheffer"},"url":"https:\/\/www.p31noticias.com.br\/?author=5"}]}},"amp_enabled":true,"_links":{"self":[{"href":"https:\/\/www.p31noticias.com.br\/index.php?rest_route=\/wp\/v2\/posts\/24536","targetHints":{"allow":["GET"]}}],"collection":[{"href":"https:\/\/www.p31noticias.com.br\/index.php?rest_route=\/wp\/v2\/posts"}],"about":[{"href":"https:\/\/www.p31noticias.com.br\/index.php?rest_route=\/wp\/v2\/types\/post"}],"author":[{"embeddable":true,"href":"https:\/\/www.p31noticias.com.br\/index.php?rest_route=\/wp\/v2\/users\/5"}],"replies":[{"embeddable":true,"href":"https:\/\/www.p31noticias.com.br\/index.php?rest_route=%2Fwp%2Fv2%2Fcomments&post=24536"}],"version-history":[{"count":1,"href":"https:\/\/www.p31noticias.com.br\/index.php?rest_route=\/wp\/v2\/posts\/24536\/revisions"}],"predecessor-version":[{"id":24538,"href":"https:\/\/www.p31noticias.com.br\/index.php?rest_route=\/wp\/v2\/posts\/24536\/revisions\/24538"}],"wp:featuredmedia":[{"embeddable":true,"href":"https:\/\/www.p31noticias.com.br\/index.php?rest_route=\/wp\/v2\/media\/24537"}],"wp:attachment":[{"href":"https:\/\/www.p31noticias.com.br\/index.php?rest_route=%2Fwp%2Fv2%2Fmedia&parent=24536"}],"wp:term":[{"taxonomy":"category","embeddable":true,"href":"https:\/\/www.p31noticias.com.br\/index.php?rest_route=%2Fwp%2Fv2%2Fcategories&post=24536"},{"taxonomy":"post_tag","embeddable":true,"href":"https:\/\/www.p31noticias.com.br\/index.php?rest_route=%2Fwp%2Fv2%2Ftags&post=24536"}],"curies":[{"name":"wp","href":"https:\/\/api.w.org\/{rel}","templated":true}]}}