{"id":24532,"date":"2021-09-28T11:13:15","date_gmt":"2021-09-28T14:13:15","guid":{"rendered":"https:\/\/p31noticias.com.br\/?p=24532"},"modified":"2021-09-28T11:13:15","modified_gmt":"2021-09-28T14:13:15","slug":"detran-faz-leilao-de-veiculos-em-outubro-entre-ofertas-duas-bmw-a-r-9-mil-e-r-6-mil","status":"publish","type":"post","link":"https:\/\/www.p31noticias.com.br\/?p=24532","title":{"rendered":"Detran faz leil\u00e3o de ve\u00edculos em outubro; entre ofertas, duas BMW a R$ 9 mil e R$ 6 mil"},"content":{"rendered":"<p>O Detran-DF vai leiloar 1,1 mil ve\u00edculos nos dias 4, 5 e 6 de outubro. S\u00e3o 809 sucatas e 291 conservados, como dois carros da marca BMW com lances iniciais de R$ 9 mil e R$ 6 mil.<\/p>\n<p>O leil\u00e3o ser\u00e1 online e o prazo para visita\u00e7\u00e3o termina nesta sexta-feira (1\u00ba). Tamb\u00e9m h\u00e1 motocicletas \u00e0 venda.<\/p>\n<p>O pagamento deve ser \u00e0 vista, por meio de boleto ou transfer\u00eancia banc\u00e1ria (Pix ou TED). A entrega dos bens arrematados ser\u00e1 dividida em dois momentos: de 13 a 22 de outubro ser\u00e3o entregues as sucatas e de 8 a 19 de novembro os ve\u00edculos conservados.<\/p>\n<p>As regras do leil\u00e3o determinam que os compradores de sucatas se comprometem a n\u00e3o fazer circular esses ve\u00edculos, &#8220;em hip\u00f3tese alguma, conforme disposto no Art. 328 \u00a74\u00ba do C\u00f3digo de Tr\u00e2nsito Brasileiro&#8221;, aponta o leiloeiro. A compra s\u00f3 pode ser feita por empresas do ramo de pe\u00e7as usadas.<\/p>\n<p>Os ve\u00edculos conservados, podem ser adquiridos por Pessoas F\u00edsicas ou Jur\u00eddicas.<\/p>\n<div class=\"mc-column content-text active-extra-styles\" data-block-type=\"raw\" data-block-weight=\"3\" data-block-id=\"9\">\n<div class=\"content-intertitle\">\n<h2>Carros mais valorizados<\/h2>\n<\/div>\n<\/div>\n<div class=\"mc-column content-text active-extra-styles \" data-block-type=\"unstyled\" data-block-weight=\"11\" data-block-id=\"10\">\n<p class=\"content-text__container \" data-track-category=\"Link no Texto\" data-track-links=\"\">Entre os 291 ve\u00edculos em bom estado, alguns chamam a aten\u00e7\u00e3o:<\/p>\n<ul class=\"content-unordered-list\">\n<li>MMC\/ASX 2.0 CVT FLEX, ano 2018, lance m\u00ednimo R$ 10 mil<\/li>\n<li>BMW 3201 ACTIVE FLEX, ano 2013, lance m\u00ednimo R$ 9 mil<\/li>\n<li>NISSAN\/VERSA 16 SV, ano 2018, lance m\u00ednimo R$ 6 mil<\/li>\n<li>BMW\/S1000 XR, ano 2015, lance m\u00ednimo R$ 6 mil<\/li>\n<li>NISSAN SENTRA 20SL CVT, ano 2014, lance m\u00ednimo R$ 5,5 mil<\/li>\n<\/ul>\n<div class=\"mc-column content-text active-extra-styles\" data-block-type=\"raw\" data-block-weight=\"1\" data-block-id=\"13\">\n<div class=\"content-intertitle\">\n<h2>Visita\u00e7\u00e3o<\/h2>\n<\/div>\n<\/div>\n<div class=\"row medium-uncollapsed content-media content-photo\" data-block-type=\"backstage-photo\" data-block-id=\"14\">\n<div class=\"mc-column content-media__container\">\n<div class=\"content-media-container glb-skeleton-box\">\n<div class=\"mc-column content-text active-extra-styles \" data-block-type=\"unstyled\" data-block-weight=\"25\" data-block-id=\"15\">\n<p class=\"content-text__container \" data-track-category=\"Link no Texto\" data-track-links=\"\">A visita\u00e7\u00e3o pode ser feita no p\u00e1tio da Flexleil\u00f5es e nos p\u00e1tios da Pol\u00edcia Rodovi\u00e1ria Federal (PRF), na BR 040. Os interessados devem agendar previamente.<\/p>\n<\/div>\n<div class=\"mc-column content-text active-extra-styles \" data-block-type=\"unstyled\" data-block-weight=\"1\" data-block-id=\"16\">\n<p class=\"content-text__container \" data-track-category=\"Link no Texto\" data-track-links=\"\"><strong>Agendamento<\/strong><\/p>\n<\/div>\n<div class=\"mc-column content-text active-extra-styles\" data-block-type=\"raw\" data-block-weight=\"8\" data-block-id=\"17\">\n<ul class=\"content-unordered-list\">\n<li>Telefones: (61) 4063-8301 ou (61) 99625-0219<\/li>\n<li>E-mail: contato@flexleiloes.com.br<\/li>\n<\/ul>\n<\/div>\n<div class=\"mc-column content-text active-extra-styles \" data-block-type=\"unstyled\" data-block-weight=\"23\" data-block-id=\"18\">\n<p class=\"content-text__container \" data-track-category=\"Link no Texto\" data-track-links=\"\">A visita pode ser de segunda a sexta-feira, das 8h30 \u00e0s 17h30. &#8220;N\u00e3o ser\u00e3o aceitas visitas nos dias dos leil\u00f5es&#8221;, apontam os organizadores.<\/p>\n<p data-track-category=\"Link no Texto\" data-track-links=\"\">Fonte: G1.<\/p>\n<\/div>\n<\/div>\n<\/div>\n<\/div>\n<\/div>\n","protected":false},"excerpt":{"rendered":"<p>O Detran-DF vai leiloar 1,1 mil ve\u00edculos nos dias 4, 5 e 6 de outubro. S\u00e3o 809 sucatas e 291 conservados, como dois carros da marca BMW com lances iniciais de R$ 9 mil e R$ 6 mil. O leil\u00e3o ser\u00e1 online e o prazo para visita\u00e7\u00e3o termina nesta sexta-feira (1\u00ba). Tamb\u00e9m h\u00e1 motocicletas \u00e0 [&hellip;]<\/p>\n","protected":false},"author":5,"featured_media":24533,"comment_status":"open","ping_status":"open","sticky":false,"template":"","format":"standard","meta":{"footnotes":""},"categories":[1],"tags":[],"class_list":{"0":"post-24532","1":"post","2":"type-post","3":"status-publish","4":"format-standard","5":"has-post-thumbnail","7":"category-outros"},"yoast_head":"<!-- This site is optimized with the Yoast SEO Premium plugin v24.5 (Yoast SEO v27.5) - https:\/\/yoast.com\/product\/yoast-seo-premium-wordpress\/ -->\n<title>Detran faz leil\u00e3o de ve\u00edculos em outubro; entre ofertas, duas BMW a R$ 9 mil e R$ 6 mil - P31<\/title>\n<meta name=\"robots\" content=\"index, follow, max-snippet:-1, max-image-preview:large, max-video-preview:-1\" \/>\n<link rel=\"canonical\" href=\"https:\/\/www.p31noticias.com.br\/?p=24532\" \/>\n<meta property=\"og:locale\" content=\"pt_BR\" \/>\n<meta property=\"og:type\" content=\"article\" \/>\n<meta property=\"og:title\" content=\"Detran faz leil\u00e3o de ve\u00edculos em outubro; entre ofertas, duas BMW a R$ 9 mil e R$ 6 mil\" \/>\n<meta property=\"og:description\" content=\"O Detran-DF vai leiloar 1,1 mil ve\u00edculos nos dias 4, 5 e 6 de outubro. S\u00e3o 809 sucatas e 291 conservados, como dois carros da marca BMW com lances iniciais de R$ 9 mil e R$ 6 mil. O leil\u00e3o ser\u00e1 online e o prazo para visita\u00e7\u00e3o termina nesta sexta-feira (1\u00ba). Tamb\u00e9m h\u00e1 motocicletas \u00e0 [&hellip;]\" \/>\n<meta property=\"og:url\" content=\"https:\/\/www.p31noticias.com.br\/?p=24532\" \/>\n<meta property=\"og:site_name\" content=\"P31\" \/>\n<meta property=\"article:published_time\" content=\"2021-09-28T14:13:15+00:00\" \/>\n<meta property=\"og:image\" content=\"https:\/\/www.p31noticias.com.br\/wp-content\/uploads\/2021\/09\/leilao-detran-bmw-2.jpg\" \/>\n\t<meta property=\"og:image:width\" content=\"984\" \/>\n\t<meta property=\"og:image:height\" content=\"738\" \/>\n\t<meta property=\"og:image:type\" content=\"image\/jpeg\" \/>\n<meta name=\"author\" content=\"Camilly Scheffer\" \/>\n<meta name=\"twitter:card\" content=\"summary_large_image\" \/>\n<meta name=\"twitter:label1\" content=\"Escrito por\" \/>\n\t<meta name=\"twitter:data1\" content=\"Camilly Scheffer\" \/>\n\t<meta name=\"twitter:label2\" content=\"Est. tempo de leitura\" \/>\n\t<meta name=\"twitter:data2\" content=\"1 minuto\" \/>\n<script type=\"application\/ld+json\" class=\"yoast-schema-graph\">{\"@context\":\"https:\\\/\\\/schema.org\",\"@graph\":[{\"@type\":\"Article\",\"@id\":\"https:\\\/\\\/www.p31noticias.com.br\\\/?p=24532#article\",\"isPartOf\":{\"@id\":\"https:\\\/\\\/www.p31noticias.com.br\\\/?p=24532\"},\"author\":{\"name\":\"Camilly Scheffer\",\"@id\":\"https:\\\/\\\/www.p31noticias.com.br\\\/#\\\/schema\\\/person\\\/d1bb0ccbf62b27e19ea4e75696908d43\"},\"headline\":\"Detran faz leil\u00e3o de ve\u00edculos em outubro; entre ofertas, duas BMW a R$ 9 mil e R$ 6 mil\",\"datePublished\":\"2021-09-28T14:13:15+00:00\",\"mainEntityOfPage\":{\"@id\":\"https:\\\/\\\/www.p31noticias.com.br\\\/?p=24532\"},\"wordCount\":314,\"commentCount\":0,\"image\":{\"@id\":\"https:\\\/\\\/www.p31noticias.com.br\\\/?p=24532#primaryimage\"},\"thumbnailUrl\":\"https:\\\/\\\/www.p31noticias.com.br\\\/wp-content\\\/uploads\\\/2021\\\/09\\\/leilao-detran-bmw-2.jpg\",\"articleSection\":[\"Outros\"],\"inLanguage\":\"pt-BR\",\"potentialAction\":[{\"@type\":\"CommentAction\",\"name\":\"Comment\",\"target\":[\"https:\\\/\\\/www.p31noticias.com.br\\\/?p=24532#respond\"]}],\"copyrightYear\":\"2021\",\"copyrightHolder\":{\"@id\":\"https:\\\/\\\/www.p31noticias.com.br\\\/#organization\"}},{\"@type\":\"WebPage\",\"@id\":\"https:\\\/\\\/www.p31noticias.com.br\\\/?p=24532\",\"url\":\"https:\\\/\\\/www.p31noticias.com.br\\\/?p=24532\",\"name\":\"Detran faz leil\u00e3o de ve\u00edculos em outubro; entre ofertas, duas BMW a R$ 9 mil e R$ 6 mil - P31\",\"isPartOf\":{\"@id\":\"https:\\\/\\\/www.p31noticias.com.br\\\/#website\"},\"primaryImageOfPage\":{\"@id\":\"https:\\\/\\\/www.p31noticias.com.br\\\/?p=24532#primaryimage\"},\"image\":{\"@id\":\"https:\\\/\\\/www.p31noticias.com.br\\\/?p=24532#primaryimage\"},\"thumbnailUrl\":\"https:\\\/\\\/www.p31noticias.com.br\\\/wp-content\\\/uploads\\\/2021\\\/09\\\/leilao-detran-bmw-2.jpg\",\"datePublished\":\"2021-09-28T14:13:15+00:00\",\"author\":{\"@id\":\"https:\\\/\\\/www.p31noticias.com.br\\\/#\\\/schema\\\/person\\\/d1bb0ccbf62b27e19ea4e75696908d43\"},\"breadcrumb\":{\"@id\":\"https:\\\/\\\/www.p31noticias.com.br\\\/?p=24532#breadcrumb\"},\"inLanguage\":\"pt-BR\",\"potentialAction\":[{\"@type\":\"ReadAction\",\"target\":[\"https:\\\/\\\/www.p31noticias.com.br\\\/?p=24532\"]}]},{\"@type\":\"ImageObject\",\"inLanguage\":\"pt-BR\",\"@id\":\"https:\\\/\\\/www.p31noticias.com.br\\\/?p=24532#primaryimage\",\"url\":\"https:\\\/\\\/www.p31noticias.com.br\\\/wp-content\\\/uploads\\\/2021\\\/09\\\/leilao-detran-bmw-2.jpg\",\"contentUrl\":\"https:\\\/\\\/www.p31noticias.com.br\\\/wp-content\\\/uploads\\\/2021\\\/09\\\/leilao-detran-bmw-2.jpg\",\"width\":984,\"height\":738},{\"@type\":\"BreadcrumbList\",\"@id\":\"https:\\\/\\\/www.p31noticias.com.br\\\/?p=24532#breadcrumb\",\"itemListElement\":[{\"@type\":\"ListItem\",\"position\":1,\"name\":\"In\u00edcio\",\"item\":\"https:\\\/\\\/www.p31noticias.com.br\\\/\"},{\"@type\":\"ListItem\",\"position\":2,\"name\":\"Detran faz leil\u00e3o de ve\u00edculos em outubro; entre ofertas, duas BMW a R$ 9 mil e R$ 6 mil\"}]},{\"@type\":\"WebSite\",\"@id\":\"https:\\\/\\\/www.p31noticias.com.br\\\/#website\",\"url\":\"https:\\\/\\\/www.p31noticias.com.br\\\/\",\"name\":\"P31\",\"description\":\"NOT\u00cdCIAS\",\"potentialAction\":[{\"@type\":\"SearchAction\",\"target\":{\"@type\":\"EntryPoint\",\"urlTemplate\":\"https:\\\/\\\/www.p31noticias.com.br\\\/?s={search_term_string}\"},\"query-input\":{\"@type\":\"PropertyValueSpecification\",\"valueRequired\":true,\"valueName\":\"search_term_string\"}}],\"inLanguage\":\"pt-BR\"},{\"@type\":\"Person\",\"@id\":\"https:\\\/\\\/www.p31noticias.com.br\\\/#\\\/schema\\\/person\\\/d1bb0ccbf62b27e19ea4e75696908d43\",\"name\":\"Camilly Scheffer\",\"image\":{\"@type\":\"ImageObject\",\"inLanguage\":\"pt-BR\",\"@id\":\"https:\\\/\\\/secure.gravatar.com\\\/avatar\\\/06f4704b382d241ec2670712618fccea085b2db24d7b2d3b8691d904bbc1d557?s=96&d=mm&r=g\",\"url\":\"https:\\\/\\\/secure.gravatar.com\\\/avatar\\\/06f4704b382d241ec2670712618fccea085b2db24d7b2d3b8691d904bbc1d557?s=96&d=mm&r=g\",\"contentUrl\":\"https:\\\/\\\/secure.gravatar.com\\\/avatar\\\/06f4704b382d241ec2670712618fccea085b2db24d7b2d3b8691d904bbc1d557?s=96&d=mm&r=g\",\"caption\":\"Camilly Scheffer\"},\"url\":\"https:\\\/\\\/www.p31noticias.com.br\\\/?author=5\"}]}<\/script>\n<!-- \/ Yoast SEO Premium plugin. -->","yoast_head_json":{"title":"Detran faz leil\u00e3o de ve\u00edculos em outubro; entre ofertas, duas BMW a R$ 9 mil e R$ 6 mil - P31","robots":{"index":"index","follow":"follow","max-snippet":"max-snippet:-1","max-image-preview":"max-image-preview:large","max-video-preview":"max-video-preview:-1"},"canonical":"https:\/\/www.p31noticias.com.br\/?p=24532","og_locale":"pt_BR","og_type":"article","og_title":"Detran faz leil\u00e3o de ve\u00edculos em outubro; entre ofertas, duas BMW a R$ 9 mil e R$ 6 mil","og_description":"O Detran-DF vai leiloar 1,1 mil ve\u00edculos nos dias 4, 5 e 6 de outubro. S\u00e3o 809 sucatas e 291 conservados, como dois carros da marca BMW com lances iniciais de R$ 9 mil e R$ 6 mil. O leil\u00e3o ser\u00e1 online e o prazo para visita\u00e7\u00e3o termina nesta sexta-feira (1\u00ba). Tamb\u00e9m h\u00e1 motocicletas \u00e0 [&hellip;]","og_url":"https:\/\/www.p31noticias.com.br\/?p=24532","og_site_name":"P31","article_published_time":"2021-09-28T14:13:15+00:00","og_image":[{"width":984,"height":738,"url":"https:\/\/www.p31noticias.com.br\/wp-content\/uploads\/2021\/09\/leilao-detran-bmw-2.jpg","type":"image\/jpeg"}],"author":"Camilly Scheffer","twitter_card":"summary_large_image","twitter_misc":{"Escrito por":"Camilly Scheffer","Est. tempo de leitura":"1 minuto"},"schema":{"@context":"https:\/\/schema.org","@graph":[{"@type":"Article","@id":"https:\/\/www.p31noticias.com.br\/?p=24532#article","isPartOf":{"@id":"https:\/\/www.p31noticias.com.br\/?p=24532"},"author":{"name":"Camilly Scheffer","@id":"https:\/\/www.p31noticias.com.br\/#\/schema\/person\/d1bb0ccbf62b27e19ea4e75696908d43"},"headline":"Detran faz leil\u00e3o de ve\u00edculos em outubro; entre ofertas, duas BMW a R$ 9 mil e R$ 6 mil","datePublished":"2021-09-28T14:13:15+00:00","mainEntityOfPage":{"@id":"https:\/\/www.p31noticias.com.br\/?p=24532"},"wordCount":314,"commentCount":0,"image":{"@id":"https:\/\/www.p31noticias.com.br\/?p=24532#primaryimage"},"thumbnailUrl":"https:\/\/www.p31noticias.com.br\/wp-content\/uploads\/2021\/09\/leilao-detran-bmw-2.jpg","articleSection":["Outros"],"inLanguage":"pt-BR","potentialAction":[{"@type":"CommentAction","name":"Comment","target":["https:\/\/www.p31noticias.com.br\/?p=24532#respond"]}],"copyrightYear":"2021","copyrightHolder":{"@id":"https:\/\/www.p31noticias.com.br\/#organization"}},{"@type":"WebPage","@id":"https:\/\/www.p31noticias.com.br\/?p=24532","url":"https:\/\/www.p31noticias.com.br\/?p=24532","name":"Detran faz leil\u00e3o de ve\u00edculos em outubro; entre ofertas, duas BMW a R$ 9 mil e R$ 6 mil - P31","isPartOf":{"@id":"https:\/\/www.p31noticias.com.br\/#website"},"primaryImageOfPage":{"@id":"https:\/\/www.p31noticias.com.br\/?p=24532#primaryimage"},"image":{"@id":"https:\/\/www.p31noticias.com.br\/?p=24532#primaryimage"},"thumbnailUrl":"https:\/\/www.p31noticias.com.br\/wp-content\/uploads\/2021\/09\/leilao-detran-bmw-2.jpg","datePublished":"2021-09-28T14:13:15+00:00","author":{"@id":"https:\/\/www.p31noticias.com.br\/#\/schema\/person\/d1bb0ccbf62b27e19ea4e75696908d43"},"breadcrumb":{"@id":"https:\/\/www.p31noticias.com.br\/?p=24532#breadcrumb"},"inLanguage":"pt-BR","potentialAction":[{"@type":"ReadAction","target":["https:\/\/www.p31noticias.com.br\/?p=24532"]}]},{"@type":"ImageObject","inLanguage":"pt-BR","@id":"https:\/\/www.p31noticias.com.br\/?p=24532#primaryimage","url":"https:\/\/www.p31noticias.com.br\/wp-content\/uploads\/2021\/09\/leilao-detran-bmw-2.jpg","contentUrl":"https:\/\/www.p31noticias.com.br\/wp-content\/uploads\/2021\/09\/leilao-detran-bmw-2.jpg","width":984,"height":738},{"@type":"BreadcrumbList","@id":"https:\/\/www.p31noticias.com.br\/?p=24532#breadcrumb","itemListElement":[{"@type":"ListItem","position":1,"name":"In\u00edcio","item":"https:\/\/www.p31noticias.com.br\/"},{"@type":"ListItem","position":2,"name":"Detran faz leil\u00e3o de ve\u00edculos em outubro; entre ofertas, duas BMW a R$ 9 mil e R$ 6 mil"}]},{"@type":"WebSite","@id":"https:\/\/www.p31noticias.com.br\/#website","url":"https:\/\/www.p31noticias.com.br\/","name":"P31","description":"NOT\u00cdCIAS","potentialAction":[{"@type":"SearchAction","target":{"@type":"EntryPoint","urlTemplate":"https:\/\/www.p31noticias.com.br\/?s={search_term_string}"},"query-input":{"@type":"PropertyValueSpecification","valueRequired":true,"valueName":"search_term_string"}}],"inLanguage":"pt-BR"},{"@type":"Person","@id":"https:\/\/www.p31noticias.com.br\/#\/schema\/person\/d1bb0ccbf62b27e19ea4e75696908d43","name":"Camilly Scheffer","image":{"@type":"ImageObject","inLanguage":"pt-BR","@id":"https:\/\/secure.gravatar.com\/avatar\/06f4704b382d241ec2670712618fccea085b2db24d7b2d3b8691d904bbc1d557?s=96&d=mm&r=g","url":"https:\/\/secure.gravatar.com\/avatar\/06f4704b382d241ec2670712618fccea085b2db24d7b2d3b8691d904bbc1d557?s=96&d=mm&r=g","contentUrl":"https:\/\/secure.gravatar.com\/avatar\/06f4704b382d241ec2670712618fccea085b2db24d7b2d3b8691d904bbc1d557?s=96&d=mm&r=g","caption":"Camilly Scheffer"},"url":"https:\/\/www.p31noticias.com.br\/?author=5"}]}},"amp_enabled":true,"_links":{"self":[{"href":"https:\/\/www.p31noticias.com.br\/index.php?rest_route=\/wp\/v2\/posts\/24532","targetHints":{"allow":["GET"]}}],"collection":[{"href":"https:\/\/www.p31noticias.com.br\/index.php?rest_route=\/wp\/v2\/posts"}],"about":[{"href":"https:\/\/www.p31noticias.com.br\/index.php?rest_route=\/wp\/v2\/types\/post"}],"author":[{"embeddable":true,"href":"https:\/\/www.p31noticias.com.br\/index.php?rest_route=\/wp\/v2\/users\/5"}],"replies":[{"embeddable":true,"href":"https:\/\/www.p31noticias.com.br\/index.php?rest_route=%2Fwp%2Fv2%2Fcomments&post=24532"}],"version-history":[{"count":2,"href":"https:\/\/www.p31noticias.com.br\/index.php?rest_route=\/wp\/v2\/posts\/24532\/revisions"}],"predecessor-version":[{"id":24535,"href":"https:\/\/www.p31noticias.com.br\/index.php?rest_route=\/wp\/v2\/posts\/24532\/revisions\/24535"}],"wp:featuredmedia":[{"embeddable":true,"href":"https:\/\/www.p31noticias.com.br\/index.php?rest_route=\/wp\/v2\/media\/24533"}],"wp:attachment":[{"href":"https:\/\/www.p31noticias.com.br\/index.php?rest_route=%2Fwp%2Fv2%2Fmedia&parent=24532"}],"wp:term":[{"taxonomy":"category","embeddable":true,"href":"https:\/\/www.p31noticias.com.br\/index.php?rest_route=%2Fwp%2Fv2%2Fcategories&post=24532"},{"taxonomy":"post_tag","embeddable":true,"href":"https:\/\/www.p31noticias.com.br\/index.php?rest_route=%2Fwp%2Fv2%2Ftags&post=24532"}],"curies":[{"name":"wp","href":"https:\/\/api.w.org\/{rel}","templated":true}]}}