{"id":24523,"date":"2021-09-28T11:03:50","date_gmt":"2021-09-28T14:03:50","guid":{"rendered":"https:\/\/p31noticias.com.br\/?p=24523"},"modified":"2021-09-28T11:03:50","modified_gmt":"2021-09-28T14:03:50","slug":"termina-prazo-para-medicos-e-enfermeiros-de-ny-se-vacinarem-para-nao-perderem-emprego","status":"publish","type":"post","link":"https:\/\/www.p31noticias.com.br\/?p=24523","title":{"rendered":"Termina prazo para m\u00e9dicos e enfermeiros de NY se vacinarem para n\u00e3o perderem emprego"},"content":{"rendered":"<p>Nos Estados Unidos, Nova York adotou uma medida radical pela vacina\u00e7\u00e3o contra a Covid.<\/p>\n<p>Num dos pa\u00edses que mais adquiriram doses da vacina contra a Covid no mundo era de se esperar que praticamente toda a popula\u00e7\u00e3o j\u00e1 estivesse imunizada. Mas apenas 55% dos americanos est\u00e3o totalmente vacinados.<\/p>\n<p>O governo federal e alguns estados tentam virar esse jogo. Nesta segunda-feira (27), o presidente Joe Biden deu o exemplo mais uma vez tomando a dose de refor\u00e7o.<\/p>\n<p>No estado de Nova York, onde mais de 60% j\u00e1 tomaram as duas doses, a press\u00e3o come\u00e7ou pelos profissionais da sa\u00fade. 84% deles j\u00e1 se vacinaram.<\/p>\n<div class=\"mc-column content-text active-extra-styles \" data-block-type=\"unstyled\" data-block-weight=\"29\" data-block-id=\"6\">\n<p class=\"content-text__container \" data-track-category=\"Link no Texto\" data-track-links=\"\">A partir desta segunda, m\u00e9dicos, enfermeiros e funcion\u00e1rios de cl\u00ednicas, hospitais e asilos que se recusem a tomar a vacina ser\u00e3o demitidos e n\u00e3o ter\u00e3o direito nem ao seguro-desemprego.<\/p>\n<\/div>\n<div class=\"mc-column content-text active-extra-styles \" data-block-type=\"unstyled\" data-block-weight=\"61\" data-block-id=\"7\">\n<p class=\"content-text__container \" data-track-category=\"Link no Texto\" data-track-links=\"\">A vacina\u00e7\u00e3o virou uma quest\u00e3o pol\u00edtica que op\u00f5em os governistas, do Partido Democrata, e a oposi\u00e7\u00e3o republicana. Uma pesquisa do instituto Pew mostrou que, entre os democratas, 86% dos adultos tinham tomado pelo menos uma dose da vacina at\u00e9 agosto. Entre os republicanos, eram 60%. E o n\u00famero de casos e de mortes est\u00e3o em alta exatamente nos estados mais republicanos.<\/p>\n<\/div>\n<div class=\"mc-column content-text active-extra-styles \" data-block-type=\"unstyled\" data-block-weight=\"21\" data-block-id=\"8\">\n<p class=\"content-text__container \" data-track-category=\"Link no Texto\" data-track-links=\"\">\u00c9 o caso da Virg\u00ednia Ocidental, a menor taxa de vacina\u00e7\u00e3o do pa\u00eds e o mais alto \u00edndice de hospitaliza\u00e7\u00f5es.<\/p>\n<div class=\"mc-column content-text active-extra-styles \" data-block-type=\"unstyled\" data-block-weight=\"29\" data-block-id=\"10\">\n<p class=\"content-text__container \" data-track-category=\"Link no Texto\" data-track-links=\"\">Em Connecticut, de maioria democrata, a vacina j\u00e1 chegou aos bra\u00e7os de quase oito em cada dez adultos. O n\u00famero de hospitaliza\u00e7\u00f5es \u00e9 um dos menores dos Estados Unidos.<\/p>\n<\/div>\n<div data-track-category=\"multicontent\" data-track-action=\"ultimo chunk conteudo\" data-track-noninteraction=\"false\" data-track-scroll=\"view\">\n<div class=\"block-podcast\">Fonte: G1.<\/div>\n<\/div>\n<\/div>\n","protected":false},"excerpt":{"rendered":"<p>Nos Estados Unidos, Nova York adotou uma medida radical pela vacina\u00e7\u00e3o contra a Covid. Num dos pa\u00edses que mais adquiriram doses da vacina contra a Covid no mundo era de se esperar que praticamente toda a popula\u00e7\u00e3o j\u00e1 estivesse imunizada. Mas apenas 55% dos americanos est\u00e3o totalmente vacinados. O governo federal e alguns estados tentam [&hellip;]<\/p>\n","protected":false},"author":5,"featured_media":24524,"comment_status":"open","ping_status":"open","sticky":false,"template":"","format":"standard","meta":{"footnotes":""},"categories":[1],"tags":[],"class_list":{"0":"post-24523","1":"post","2":"type-post","3":"status-publish","4":"format-standard","5":"has-post-thumbnail","7":"category-outros"},"yoast_head":"<!-- This site is optimized with the Yoast SEO Premium plugin v24.5 (Yoast SEO v27.5) - https:\/\/yoast.com\/product\/yoast-seo-premium-wordpress\/ -->\n<title>Termina prazo para m\u00e9dicos e enfermeiros de NY se vacinarem para n\u00e3o perderem emprego - P31<\/title>\n<meta name=\"robots\" content=\"index, follow, max-snippet:-1, max-image-preview:large, max-video-preview:-1\" \/>\n<link rel=\"canonical\" href=\"https:\/\/www.p31noticias.com.br\/?p=24523\" \/>\n<meta property=\"og:locale\" content=\"pt_BR\" \/>\n<meta property=\"og:type\" content=\"article\" \/>\n<meta property=\"og:title\" content=\"Termina prazo para m\u00e9dicos e enfermeiros de NY se vacinarem para n\u00e3o perderem emprego\" \/>\n<meta property=\"og:description\" content=\"Nos Estados Unidos, Nova York adotou uma medida radical pela vacina\u00e7\u00e3o contra a Covid. Num dos pa\u00edses que mais adquiriram doses da vacina contra a Covid no mundo era de se esperar que praticamente toda a popula\u00e7\u00e3o j\u00e1 estivesse imunizada. Mas apenas 55% dos americanos est\u00e3o totalmente vacinados. O governo federal e alguns estados tentam [&hellip;]\" \/>\n<meta property=\"og:url\" content=\"https:\/\/www.p31noticias.com.br\/?p=24523\" \/>\n<meta property=\"og:site_name\" content=\"P31\" \/>\n<meta property=\"article:published_time\" content=\"2021-09-28T14:03:50+00:00\" \/>\n<meta property=\"og:image\" content=\"https:\/\/www.p31noticias.com.br\/wp-content\/uploads\/2021\/09\/download-1.jpg\" \/>\n\t<meta property=\"og:image:width\" content=\"275\" \/>\n\t<meta property=\"og:image:height\" content=\"183\" \/>\n\t<meta property=\"og:image:type\" content=\"image\/jpeg\" \/>\n<meta name=\"author\" content=\"Camilly Scheffer\" \/>\n<meta name=\"twitter:card\" content=\"summary_large_image\" \/>\n<meta name=\"twitter:label1\" content=\"Escrito por\" \/>\n\t<meta name=\"twitter:data1\" content=\"Camilly Scheffer\" \/>\n\t<meta name=\"twitter:label2\" content=\"Est. tempo de leitura\" \/>\n\t<meta name=\"twitter:data2\" content=\"1 minuto\" \/>\n<script type=\"application\/ld+json\" class=\"yoast-schema-graph\">{\"@context\":\"https:\\\/\\\/schema.org\",\"@graph\":[{\"@type\":\"Article\",\"@id\":\"https:\\\/\\\/www.p31noticias.com.br\\\/?p=24523#article\",\"isPartOf\":{\"@id\":\"https:\\\/\\\/www.p31noticias.com.br\\\/?p=24523\"},\"author\":{\"name\":\"Camilly Scheffer\",\"@id\":\"https:\\\/\\\/www.p31noticias.com.br\\\/#\\\/schema\\\/person\\\/d1bb0ccbf62b27e19ea4e75696908d43\"},\"headline\":\"Termina prazo para m\u00e9dicos e enfermeiros de NY se vacinarem para n\u00e3o perderem emprego\",\"datePublished\":\"2021-09-28T14:03:50+00:00\",\"mainEntityOfPage\":{\"@id\":\"https:\\\/\\\/www.p31noticias.com.br\\\/?p=24523\"},\"wordCount\":279,\"commentCount\":0,\"image\":{\"@id\":\"https:\\\/\\\/www.p31noticias.com.br\\\/?p=24523#primaryimage\"},\"thumbnailUrl\":\"https:\\\/\\\/www.p31noticias.com.br\\\/wp-content\\\/uploads\\\/2021\\\/09\\\/download-1.jpg\",\"articleSection\":[\"Outros\"],\"inLanguage\":\"pt-BR\",\"potentialAction\":[{\"@type\":\"CommentAction\",\"name\":\"Comment\",\"target\":[\"https:\\\/\\\/www.p31noticias.com.br\\\/?p=24523#respond\"]}],\"copyrightYear\":\"2021\",\"copyrightHolder\":{\"@id\":\"https:\\\/\\\/www.p31noticias.com.br\\\/#organization\"}},{\"@type\":\"WebPage\",\"@id\":\"https:\\\/\\\/www.p31noticias.com.br\\\/?p=24523\",\"url\":\"https:\\\/\\\/www.p31noticias.com.br\\\/?p=24523\",\"name\":\"Termina prazo para m\u00e9dicos e enfermeiros de NY se vacinarem para n\u00e3o perderem emprego - P31\",\"isPartOf\":{\"@id\":\"https:\\\/\\\/www.p31noticias.com.br\\\/#website\"},\"primaryImageOfPage\":{\"@id\":\"https:\\\/\\\/www.p31noticias.com.br\\\/?p=24523#primaryimage\"},\"image\":{\"@id\":\"https:\\\/\\\/www.p31noticias.com.br\\\/?p=24523#primaryimage\"},\"thumbnailUrl\":\"https:\\\/\\\/www.p31noticias.com.br\\\/wp-content\\\/uploads\\\/2021\\\/09\\\/download-1.jpg\",\"datePublished\":\"2021-09-28T14:03:50+00:00\",\"author\":{\"@id\":\"https:\\\/\\\/www.p31noticias.com.br\\\/#\\\/schema\\\/person\\\/d1bb0ccbf62b27e19ea4e75696908d43\"},\"breadcrumb\":{\"@id\":\"https:\\\/\\\/www.p31noticias.com.br\\\/?p=24523#breadcrumb\"},\"inLanguage\":\"pt-BR\",\"potentialAction\":[{\"@type\":\"ReadAction\",\"target\":[\"https:\\\/\\\/www.p31noticias.com.br\\\/?p=24523\"]}]},{\"@type\":\"ImageObject\",\"inLanguage\":\"pt-BR\",\"@id\":\"https:\\\/\\\/www.p31noticias.com.br\\\/?p=24523#primaryimage\",\"url\":\"https:\\\/\\\/www.p31noticias.com.br\\\/wp-content\\\/uploads\\\/2021\\\/09\\\/download-1.jpg\",\"contentUrl\":\"https:\\\/\\\/www.p31noticias.com.br\\\/wp-content\\\/uploads\\\/2021\\\/09\\\/download-1.jpg\",\"width\":275,\"height\":183},{\"@type\":\"BreadcrumbList\",\"@id\":\"https:\\\/\\\/www.p31noticias.com.br\\\/?p=24523#breadcrumb\",\"itemListElement\":[{\"@type\":\"ListItem\",\"position\":1,\"name\":\"In\u00edcio\",\"item\":\"https:\\\/\\\/www.p31noticias.com.br\\\/\"},{\"@type\":\"ListItem\",\"position\":2,\"name\":\"Termina prazo para m\u00e9dicos e enfermeiros de NY se vacinarem para n\u00e3o perderem emprego\"}]},{\"@type\":\"WebSite\",\"@id\":\"https:\\\/\\\/www.p31noticias.com.br\\\/#website\",\"url\":\"https:\\\/\\\/www.p31noticias.com.br\\\/\",\"name\":\"P31\",\"description\":\"NOT\u00cdCIAS\",\"potentialAction\":[{\"@type\":\"SearchAction\",\"target\":{\"@type\":\"EntryPoint\",\"urlTemplate\":\"https:\\\/\\\/www.p31noticias.com.br\\\/?s={search_term_string}\"},\"query-input\":{\"@type\":\"PropertyValueSpecification\",\"valueRequired\":true,\"valueName\":\"search_term_string\"}}],\"inLanguage\":\"pt-BR\"},{\"@type\":\"Person\",\"@id\":\"https:\\\/\\\/www.p31noticias.com.br\\\/#\\\/schema\\\/person\\\/d1bb0ccbf62b27e19ea4e75696908d43\",\"name\":\"Camilly Scheffer\",\"image\":{\"@type\":\"ImageObject\",\"inLanguage\":\"pt-BR\",\"@id\":\"https:\\\/\\\/secure.gravatar.com\\\/avatar\\\/06f4704b382d241ec2670712618fccea085b2db24d7b2d3b8691d904bbc1d557?s=96&d=mm&r=g\",\"url\":\"https:\\\/\\\/secure.gravatar.com\\\/avatar\\\/06f4704b382d241ec2670712618fccea085b2db24d7b2d3b8691d904bbc1d557?s=96&d=mm&r=g\",\"contentUrl\":\"https:\\\/\\\/secure.gravatar.com\\\/avatar\\\/06f4704b382d241ec2670712618fccea085b2db24d7b2d3b8691d904bbc1d557?s=96&d=mm&r=g\",\"caption\":\"Camilly Scheffer\"},\"url\":\"https:\\\/\\\/www.p31noticias.com.br\\\/?author=5\"}]}<\/script>\n<!-- \/ Yoast SEO Premium plugin. -->","yoast_head_json":{"title":"Termina prazo para m\u00e9dicos e enfermeiros de NY se vacinarem para n\u00e3o perderem emprego - P31","robots":{"index":"index","follow":"follow","max-snippet":"max-snippet:-1","max-image-preview":"max-image-preview:large","max-video-preview":"max-video-preview:-1"},"canonical":"https:\/\/www.p31noticias.com.br\/?p=24523","og_locale":"pt_BR","og_type":"article","og_title":"Termina prazo para m\u00e9dicos e enfermeiros de NY se vacinarem para n\u00e3o perderem emprego","og_description":"Nos Estados Unidos, Nova York adotou uma medida radical pela vacina\u00e7\u00e3o contra a Covid. Num dos pa\u00edses que mais adquiriram doses da vacina contra a Covid no mundo era de se esperar que praticamente toda a popula\u00e7\u00e3o j\u00e1 estivesse imunizada. Mas apenas 55% dos americanos est\u00e3o totalmente vacinados. O governo federal e alguns estados tentam [&hellip;]","og_url":"https:\/\/www.p31noticias.com.br\/?p=24523","og_site_name":"P31","article_published_time":"2021-09-28T14:03:50+00:00","og_image":[{"width":275,"height":183,"url":"https:\/\/www.p31noticias.com.br\/wp-content\/uploads\/2021\/09\/download-1.jpg","type":"image\/jpeg"}],"author":"Camilly Scheffer","twitter_card":"summary_large_image","twitter_misc":{"Escrito por":"Camilly Scheffer","Est. tempo de leitura":"1 minuto"},"schema":{"@context":"https:\/\/schema.org","@graph":[{"@type":"Article","@id":"https:\/\/www.p31noticias.com.br\/?p=24523#article","isPartOf":{"@id":"https:\/\/www.p31noticias.com.br\/?p=24523"},"author":{"name":"Camilly Scheffer","@id":"https:\/\/www.p31noticias.com.br\/#\/schema\/person\/d1bb0ccbf62b27e19ea4e75696908d43"},"headline":"Termina prazo para m\u00e9dicos e enfermeiros de NY se vacinarem para n\u00e3o perderem emprego","datePublished":"2021-09-28T14:03:50+00:00","mainEntityOfPage":{"@id":"https:\/\/www.p31noticias.com.br\/?p=24523"},"wordCount":279,"commentCount":0,"image":{"@id":"https:\/\/www.p31noticias.com.br\/?p=24523#primaryimage"},"thumbnailUrl":"https:\/\/www.p31noticias.com.br\/wp-content\/uploads\/2021\/09\/download-1.jpg","articleSection":["Outros"],"inLanguage":"pt-BR","potentialAction":[{"@type":"CommentAction","name":"Comment","target":["https:\/\/www.p31noticias.com.br\/?p=24523#respond"]}],"copyrightYear":"2021","copyrightHolder":{"@id":"https:\/\/www.p31noticias.com.br\/#organization"}},{"@type":"WebPage","@id":"https:\/\/www.p31noticias.com.br\/?p=24523","url":"https:\/\/www.p31noticias.com.br\/?p=24523","name":"Termina prazo para m\u00e9dicos e enfermeiros de NY se vacinarem para n\u00e3o perderem emprego - P31","isPartOf":{"@id":"https:\/\/www.p31noticias.com.br\/#website"},"primaryImageOfPage":{"@id":"https:\/\/www.p31noticias.com.br\/?p=24523#primaryimage"},"image":{"@id":"https:\/\/www.p31noticias.com.br\/?p=24523#primaryimage"},"thumbnailUrl":"https:\/\/www.p31noticias.com.br\/wp-content\/uploads\/2021\/09\/download-1.jpg","datePublished":"2021-09-28T14:03:50+00:00","author":{"@id":"https:\/\/www.p31noticias.com.br\/#\/schema\/person\/d1bb0ccbf62b27e19ea4e75696908d43"},"breadcrumb":{"@id":"https:\/\/www.p31noticias.com.br\/?p=24523#breadcrumb"},"inLanguage":"pt-BR","potentialAction":[{"@type":"ReadAction","target":["https:\/\/www.p31noticias.com.br\/?p=24523"]}]},{"@type":"ImageObject","inLanguage":"pt-BR","@id":"https:\/\/www.p31noticias.com.br\/?p=24523#primaryimage","url":"https:\/\/www.p31noticias.com.br\/wp-content\/uploads\/2021\/09\/download-1.jpg","contentUrl":"https:\/\/www.p31noticias.com.br\/wp-content\/uploads\/2021\/09\/download-1.jpg","width":275,"height":183},{"@type":"BreadcrumbList","@id":"https:\/\/www.p31noticias.com.br\/?p=24523#breadcrumb","itemListElement":[{"@type":"ListItem","position":1,"name":"In\u00edcio","item":"https:\/\/www.p31noticias.com.br\/"},{"@type":"ListItem","position":2,"name":"Termina prazo para m\u00e9dicos e enfermeiros de NY se vacinarem para n\u00e3o perderem emprego"}]},{"@type":"WebSite","@id":"https:\/\/www.p31noticias.com.br\/#website","url":"https:\/\/www.p31noticias.com.br\/","name":"P31","description":"NOT\u00cdCIAS","potentialAction":[{"@type":"SearchAction","target":{"@type":"EntryPoint","urlTemplate":"https:\/\/www.p31noticias.com.br\/?s={search_term_string}"},"query-input":{"@type":"PropertyValueSpecification","valueRequired":true,"valueName":"search_term_string"}}],"inLanguage":"pt-BR"},{"@type":"Person","@id":"https:\/\/www.p31noticias.com.br\/#\/schema\/person\/d1bb0ccbf62b27e19ea4e75696908d43","name":"Camilly Scheffer","image":{"@type":"ImageObject","inLanguage":"pt-BR","@id":"https:\/\/secure.gravatar.com\/avatar\/06f4704b382d241ec2670712618fccea085b2db24d7b2d3b8691d904bbc1d557?s=96&d=mm&r=g","url":"https:\/\/secure.gravatar.com\/avatar\/06f4704b382d241ec2670712618fccea085b2db24d7b2d3b8691d904bbc1d557?s=96&d=mm&r=g","contentUrl":"https:\/\/secure.gravatar.com\/avatar\/06f4704b382d241ec2670712618fccea085b2db24d7b2d3b8691d904bbc1d557?s=96&d=mm&r=g","caption":"Camilly Scheffer"},"url":"https:\/\/www.p31noticias.com.br\/?author=5"}]}},"amp_enabled":true,"_links":{"self":[{"href":"https:\/\/www.p31noticias.com.br\/index.php?rest_route=\/wp\/v2\/posts\/24523","targetHints":{"allow":["GET"]}}],"collection":[{"href":"https:\/\/www.p31noticias.com.br\/index.php?rest_route=\/wp\/v2\/posts"}],"about":[{"href":"https:\/\/www.p31noticias.com.br\/index.php?rest_route=\/wp\/v2\/types\/post"}],"author":[{"embeddable":true,"href":"https:\/\/www.p31noticias.com.br\/index.php?rest_route=\/wp\/v2\/users\/5"}],"replies":[{"embeddable":true,"href":"https:\/\/www.p31noticias.com.br\/index.php?rest_route=%2Fwp%2Fv2%2Fcomments&post=24523"}],"version-history":[{"count":1,"href":"https:\/\/www.p31noticias.com.br\/index.php?rest_route=\/wp\/v2\/posts\/24523\/revisions"}],"predecessor-version":[{"id":24525,"href":"https:\/\/www.p31noticias.com.br\/index.php?rest_route=\/wp\/v2\/posts\/24523\/revisions\/24525"}],"wp:featuredmedia":[{"embeddable":true,"href":"https:\/\/www.p31noticias.com.br\/index.php?rest_route=\/wp\/v2\/media\/24524"}],"wp:attachment":[{"href":"https:\/\/www.p31noticias.com.br\/index.php?rest_route=%2Fwp%2Fv2%2Fmedia&parent=24523"}],"wp:term":[{"taxonomy":"category","embeddable":true,"href":"https:\/\/www.p31noticias.com.br\/index.php?rest_route=%2Fwp%2Fv2%2Fcategories&post=24523"},{"taxonomy":"post_tag","embeddable":true,"href":"https:\/\/www.p31noticias.com.br\/index.php?rest_route=%2Fwp%2Fv2%2Ftags&post=24523"}],"curies":[{"name":"wp","href":"https:\/\/api.w.org\/{rel}","templated":true}]}}