{"id":24519,"date":"2021-09-27T11:18:07","date_gmt":"2021-09-27T14:18:07","guid":{"rendered":"https:\/\/p31noticias.com.br\/?p=24519"},"modified":"2021-09-27T11:18:07","modified_gmt":"2021-09-27T14:18:07","slug":"por-unanimidade-tcdf-libera-licitacao-de-publicidade-do-gdf-e-condena-empresas-que-contestavam-o-resultado","status":"publish","type":"post","link":"https:\/\/www.p31noticias.com.br\/?p=24519","title":{"rendered":"Por unanimidade, TCDF libera licita\u00e7\u00e3o de publicidade do GDF e condena empresas que contestavam o resultado"},"content":{"rendered":"<p>Na sess\u00e3o virtual ocorrida no \u00faltimo dia 22, o \u00a0Tribunal de Contas do Distrito Federal (TCDF) julgou improcedente tr\u00eas representa\u00e7\u00f5es que pretendiam anular o edital de licita\u00e7\u00e3o para um contrato de publicidade com o governo local. As ag\u00eancias que contestavam o resultado foram condenadas\u00a0pelo TJDF a pagarem as custas do processo.<\/p>\n<p>Por unanimidade, os conselheiros consideraram que as supostas irregularidades apontadas sobre favorecimento de concorrentes n\u00e3o ocorreram. \u201cO propalado direcionamento do certame n\u00e3o se revelou materializado em atos praticados pelo \u00f3rg\u00e3o licitante, ao menos \u00e0 vista do que consta destes autos. A mera publica\u00e7\u00e3o em portal de not\u00edcia de poss\u00edvel resultado de licita\u00e7\u00e3o n\u00e3o configura de per si prova de exist\u00eancia de direcionamento da licita\u00e7\u00e3o\u201d, escreveu o conselheiro Renato Rainha em seu voto.<\/p>\n<p>Em fevereiro, a Secretaria de Comunica\u00e7\u00e3o do GDF abriu o processo de licita\u00e7\u00e3o, no valor de R$ 160 milh\u00f5es, para escolher quatro empresas para prestar servi\u00e7os de publicidade ao governo, e que iriam atender a todos os \u00f3rg\u00e3os da administra\u00e7\u00e3o direta do GDF.<\/p>\n<p>Em junho, os envelopes com a pontua\u00e7\u00e3o das empresas concorrentes foram abertos. As quatro primeiras colocadas foram a Nova SB Comunica\u00e7\u00e3o, a Propeg Comunica\u00e7\u00e3o, Babel Publicidade e a Calia|Y2 Propaganda e Marketing.<\/p>\n<p>A licita\u00e7\u00e3o foi alvo de den\u00fancias feitas por concorrentes que ficaram nas \u00faltimas posi\u00e7\u00f5es da disputa. No processo, a Secom sustentou que todo o certame foi realizado dentro da legalidade e a Secretaria de Fiscaliza\u00e7\u00e3o Especializada n\u00e3o identificou elementos que respaldassem as alega\u00e7\u00f5es apresentadas.<\/p>\n<p>Fonte: DonnySilva.<\/p>\n","protected":false},"excerpt":{"rendered":"<p>Na sess\u00e3o virtual ocorrida no \u00faltimo dia 22, o \u00a0Tribunal de Contas do Distrito Federal (TCDF) julgou improcedente tr\u00eas representa\u00e7\u00f5es que pretendiam anular o edital de licita\u00e7\u00e3o para um contrato de publicidade com o governo local. As ag\u00eancias que contestavam o resultado foram condenadas\u00a0pelo TJDF a pagarem as custas do processo. Por unanimidade, os conselheiros [&hellip;]<\/p>\n","protected":false},"author":5,"featured_media":24520,"comment_status":"open","ping_status":"open","sticky":false,"template":"","format":"standard","meta":{"footnotes":""},"categories":[57],"tags":[],"class_list":{"0":"post-24519","1":"post","2":"type-post","3":"status-publish","4":"format-standard","5":"has-post-thumbnail","7":"category-politica"},"yoast_head":"<!-- This site is optimized with the Yoast SEO Premium plugin v24.5 (Yoast SEO v27.5) - https:\/\/yoast.com\/product\/yoast-seo-premium-wordpress\/ -->\n<title>Por unanimidade, TCDF libera licita\u00e7\u00e3o de publicidade do GDF e condena empresas que contestavam o resultado - P31<\/title>\n<meta name=\"robots\" content=\"index, follow, max-snippet:-1, max-image-preview:large, max-video-preview:-1\" \/>\n<link rel=\"canonical\" href=\"https:\/\/www.p31noticias.com.br\/?p=24519\" \/>\n<meta property=\"og:locale\" content=\"pt_BR\" \/>\n<meta property=\"og:type\" content=\"article\" \/>\n<meta property=\"og:title\" content=\"Por unanimidade, TCDF libera licita\u00e7\u00e3o de publicidade do GDF e condena empresas que contestavam o resultado\" \/>\n<meta property=\"og:description\" content=\"Na sess\u00e3o virtual ocorrida no \u00faltimo dia 22, o \u00a0Tribunal de Contas do Distrito Federal (TCDF) julgou improcedente tr\u00eas representa\u00e7\u00f5es que pretendiam anular o edital de licita\u00e7\u00e3o para um contrato de publicidade com o governo local. As ag\u00eancias que contestavam o resultado foram condenadas\u00a0pelo TJDF a pagarem as custas do processo. Por unanimidade, os conselheiros [&hellip;]\" \/>\n<meta property=\"og:url\" content=\"https:\/\/www.p31noticias.com.br\/?p=24519\" \/>\n<meta property=\"og:site_name\" content=\"P31\" \/>\n<meta property=\"article:published_time\" content=\"2021-09-27T14:18:07+00:00\" \/>\n<meta property=\"og:image\" content=\"https:\/\/www.p31noticias.com.br\/wp-content\/uploads\/2021\/09\/TCDF-696x464-1.jpg\" \/>\n\t<meta property=\"og:image:width\" content=\"696\" \/>\n\t<meta property=\"og:image:height\" content=\"464\" \/>\n\t<meta property=\"og:image:type\" content=\"image\/jpeg\" \/>\n<meta name=\"author\" content=\"Camilly Scheffer\" \/>\n<meta name=\"twitter:card\" content=\"summary_large_image\" \/>\n<meta name=\"twitter:label1\" content=\"Escrito por\" \/>\n\t<meta name=\"twitter:data1\" content=\"Camilly Scheffer\" \/>\n\t<meta name=\"twitter:label2\" content=\"Est. tempo de leitura\" \/>\n\t<meta name=\"twitter:data2\" content=\"1 minuto\" \/>\n<script type=\"application\/ld+json\" class=\"yoast-schema-graph\">{\"@context\":\"https:\\\/\\\/schema.org\",\"@graph\":[{\"@type\":\"Article\",\"@id\":\"https:\\\/\\\/www.p31noticias.com.br\\\/?p=24519#article\",\"isPartOf\":{\"@id\":\"https:\\\/\\\/www.p31noticias.com.br\\\/?p=24519\"},\"author\":{\"name\":\"Camilly Scheffer\",\"@id\":\"https:\\\/\\\/www.p31noticias.com.br\\\/#\\\/schema\\\/person\\\/d1bb0ccbf62b27e19ea4e75696908d43\"},\"headline\":\"Por unanimidade, TCDF libera licita\u00e7\u00e3o de publicidade do GDF e condena empresas que contestavam o resultado\",\"datePublished\":\"2021-09-27T14:18:07+00:00\",\"mainEntityOfPage\":{\"@id\":\"https:\\\/\\\/www.p31noticias.com.br\\\/?p=24519\"},\"wordCount\":290,\"commentCount\":0,\"image\":{\"@id\":\"https:\\\/\\\/www.p31noticias.com.br\\\/?p=24519#primaryimage\"},\"thumbnailUrl\":\"https:\\\/\\\/www.p31noticias.com.br\\\/wp-content\\\/uploads\\\/2021\\\/09\\\/TCDF-696x464-1.jpg\",\"articleSection\":[\"Pol\u00edtica\"],\"inLanguage\":\"pt-BR\",\"potentialAction\":[{\"@type\":\"CommentAction\",\"name\":\"Comment\",\"target\":[\"https:\\\/\\\/www.p31noticias.com.br\\\/?p=24519#respond\"]}],\"copyrightYear\":\"2021\",\"copyrightHolder\":{\"@id\":\"https:\\\/\\\/www.p31noticias.com.br\\\/#organization\"}},{\"@type\":\"WebPage\",\"@id\":\"https:\\\/\\\/www.p31noticias.com.br\\\/?p=24519\",\"url\":\"https:\\\/\\\/www.p31noticias.com.br\\\/?p=24519\",\"name\":\"Por unanimidade, TCDF libera licita\u00e7\u00e3o de publicidade do GDF e condena empresas que contestavam o resultado - P31\",\"isPartOf\":{\"@id\":\"https:\\\/\\\/www.p31noticias.com.br\\\/#website\"},\"primaryImageOfPage\":{\"@id\":\"https:\\\/\\\/www.p31noticias.com.br\\\/?p=24519#primaryimage\"},\"image\":{\"@id\":\"https:\\\/\\\/www.p31noticias.com.br\\\/?p=24519#primaryimage\"},\"thumbnailUrl\":\"https:\\\/\\\/www.p31noticias.com.br\\\/wp-content\\\/uploads\\\/2021\\\/09\\\/TCDF-696x464-1.jpg\",\"datePublished\":\"2021-09-27T14:18:07+00:00\",\"author\":{\"@id\":\"https:\\\/\\\/www.p31noticias.com.br\\\/#\\\/schema\\\/person\\\/d1bb0ccbf62b27e19ea4e75696908d43\"},\"breadcrumb\":{\"@id\":\"https:\\\/\\\/www.p31noticias.com.br\\\/?p=24519#breadcrumb\"},\"inLanguage\":\"pt-BR\",\"potentialAction\":[{\"@type\":\"ReadAction\",\"target\":[\"https:\\\/\\\/www.p31noticias.com.br\\\/?p=24519\"]}]},{\"@type\":\"ImageObject\",\"inLanguage\":\"pt-BR\",\"@id\":\"https:\\\/\\\/www.p31noticias.com.br\\\/?p=24519#primaryimage\",\"url\":\"https:\\\/\\\/www.p31noticias.com.br\\\/wp-content\\\/uploads\\\/2021\\\/09\\\/TCDF-696x464-1.jpg\",\"contentUrl\":\"https:\\\/\\\/www.p31noticias.com.br\\\/wp-content\\\/uploads\\\/2021\\\/09\\\/TCDF-696x464-1.jpg\",\"width\":696,\"height\":464,\"caption\":\"Bras\u00edlia (DF), 18\\\/11\\\/2016 - Tribunal de Contas do Distrito Federal em diferente angulos com e sem movimenta\u00e7\u00e3o de pessoas Local: Eixo Monumental Foto: Giovanna Bembom\\\/Metr\u00f3poles\"},{\"@type\":\"BreadcrumbList\",\"@id\":\"https:\\\/\\\/www.p31noticias.com.br\\\/?p=24519#breadcrumb\",\"itemListElement\":[{\"@type\":\"ListItem\",\"position\":1,\"name\":\"In\u00edcio\",\"item\":\"https:\\\/\\\/www.p31noticias.com.br\\\/\"},{\"@type\":\"ListItem\",\"position\":2,\"name\":\"Por unanimidade, TCDF libera licita\u00e7\u00e3o de publicidade do GDF e condena empresas que contestavam o resultado\"}]},{\"@type\":\"WebSite\",\"@id\":\"https:\\\/\\\/www.p31noticias.com.br\\\/#website\",\"url\":\"https:\\\/\\\/www.p31noticias.com.br\\\/\",\"name\":\"P31\",\"description\":\"NOT\u00cdCIAS\",\"potentialAction\":[{\"@type\":\"SearchAction\",\"target\":{\"@type\":\"EntryPoint\",\"urlTemplate\":\"https:\\\/\\\/www.p31noticias.com.br\\\/?s={search_term_string}\"},\"query-input\":{\"@type\":\"PropertyValueSpecification\",\"valueRequired\":true,\"valueName\":\"search_term_string\"}}],\"inLanguage\":\"pt-BR\"},{\"@type\":\"Person\",\"@id\":\"https:\\\/\\\/www.p31noticias.com.br\\\/#\\\/schema\\\/person\\\/d1bb0ccbf62b27e19ea4e75696908d43\",\"name\":\"Camilly Scheffer\",\"image\":{\"@type\":\"ImageObject\",\"inLanguage\":\"pt-BR\",\"@id\":\"https:\\\/\\\/secure.gravatar.com\\\/avatar\\\/06f4704b382d241ec2670712618fccea085b2db24d7b2d3b8691d904bbc1d557?s=96&d=mm&r=g\",\"url\":\"https:\\\/\\\/secure.gravatar.com\\\/avatar\\\/06f4704b382d241ec2670712618fccea085b2db24d7b2d3b8691d904bbc1d557?s=96&d=mm&r=g\",\"contentUrl\":\"https:\\\/\\\/secure.gravatar.com\\\/avatar\\\/06f4704b382d241ec2670712618fccea085b2db24d7b2d3b8691d904bbc1d557?s=96&d=mm&r=g\",\"caption\":\"Camilly Scheffer\"},\"url\":\"https:\\\/\\\/www.p31noticias.com.br\\\/?author=5\"}]}<\/script>\n<!-- \/ Yoast SEO Premium plugin. -->","yoast_head_json":{"title":"Por unanimidade, TCDF libera licita\u00e7\u00e3o de publicidade do GDF e condena empresas que contestavam o resultado - P31","robots":{"index":"index","follow":"follow","max-snippet":"max-snippet:-1","max-image-preview":"max-image-preview:large","max-video-preview":"max-video-preview:-1"},"canonical":"https:\/\/www.p31noticias.com.br\/?p=24519","og_locale":"pt_BR","og_type":"article","og_title":"Por unanimidade, TCDF libera licita\u00e7\u00e3o de publicidade do GDF e condena empresas que contestavam o resultado","og_description":"Na sess\u00e3o virtual ocorrida no \u00faltimo dia 22, o \u00a0Tribunal de Contas do Distrito Federal (TCDF) julgou improcedente tr\u00eas representa\u00e7\u00f5es que pretendiam anular o edital de licita\u00e7\u00e3o para um contrato de publicidade com o governo local. As ag\u00eancias que contestavam o resultado foram condenadas\u00a0pelo TJDF a pagarem as custas do processo. Por unanimidade, os conselheiros [&hellip;]","og_url":"https:\/\/www.p31noticias.com.br\/?p=24519","og_site_name":"P31","article_published_time":"2021-09-27T14:18:07+00:00","og_image":[{"width":696,"height":464,"url":"https:\/\/www.p31noticias.com.br\/wp-content\/uploads\/2021\/09\/TCDF-696x464-1.jpg","type":"image\/jpeg"}],"author":"Camilly Scheffer","twitter_card":"summary_large_image","twitter_misc":{"Escrito por":"Camilly Scheffer","Est. tempo de leitura":"1 minuto"},"schema":{"@context":"https:\/\/schema.org","@graph":[{"@type":"Article","@id":"https:\/\/www.p31noticias.com.br\/?p=24519#article","isPartOf":{"@id":"https:\/\/www.p31noticias.com.br\/?p=24519"},"author":{"name":"Camilly Scheffer","@id":"https:\/\/www.p31noticias.com.br\/#\/schema\/person\/d1bb0ccbf62b27e19ea4e75696908d43"},"headline":"Por unanimidade, TCDF libera licita\u00e7\u00e3o de publicidade do GDF e condena empresas que contestavam o resultado","datePublished":"2021-09-27T14:18:07+00:00","mainEntityOfPage":{"@id":"https:\/\/www.p31noticias.com.br\/?p=24519"},"wordCount":290,"commentCount":0,"image":{"@id":"https:\/\/www.p31noticias.com.br\/?p=24519#primaryimage"},"thumbnailUrl":"https:\/\/www.p31noticias.com.br\/wp-content\/uploads\/2021\/09\/TCDF-696x464-1.jpg","articleSection":["Pol\u00edtica"],"inLanguage":"pt-BR","potentialAction":[{"@type":"CommentAction","name":"Comment","target":["https:\/\/www.p31noticias.com.br\/?p=24519#respond"]}],"copyrightYear":"2021","copyrightHolder":{"@id":"https:\/\/www.p31noticias.com.br\/#organization"}},{"@type":"WebPage","@id":"https:\/\/www.p31noticias.com.br\/?p=24519","url":"https:\/\/www.p31noticias.com.br\/?p=24519","name":"Por unanimidade, TCDF libera licita\u00e7\u00e3o de publicidade do GDF e condena empresas que contestavam o resultado - P31","isPartOf":{"@id":"https:\/\/www.p31noticias.com.br\/#website"},"primaryImageOfPage":{"@id":"https:\/\/www.p31noticias.com.br\/?p=24519#primaryimage"},"image":{"@id":"https:\/\/www.p31noticias.com.br\/?p=24519#primaryimage"},"thumbnailUrl":"https:\/\/www.p31noticias.com.br\/wp-content\/uploads\/2021\/09\/TCDF-696x464-1.jpg","datePublished":"2021-09-27T14:18:07+00:00","author":{"@id":"https:\/\/www.p31noticias.com.br\/#\/schema\/person\/d1bb0ccbf62b27e19ea4e75696908d43"},"breadcrumb":{"@id":"https:\/\/www.p31noticias.com.br\/?p=24519#breadcrumb"},"inLanguage":"pt-BR","potentialAction":[{"@type":"ReadAction","target":["https:\/\/www.p31noticias.com.br\/?p=24519"]}]},{"@type":"ImageObject","inLanguage":"pt-BR","@id":"https:\/\/www.p31noticias.com.br\/?p=24519#primaryimage","url":"https:\/\/www.p31noticias.com.br\/wp-content\/uploads\/2021\/09\/TCDF-696x464-1.jpg","contentUrl":"https:\/\/www.p31noticias.com.br\/wp-content\/uploads\/2021\/09\/TCDF-696x464-1.jpg","width":696,"height":464,"caption":"Bras\u00edlia (DF), 18\/11\/2016 - Tribunal de Contas do Distrito Federal em diferente angulos com e sem movimenta\u00e7\u00e3o de pessoas Local: Eixo Monumental Foto: Giovanna Bembom\/Metr\u00f3poles"},{"@type":"BreadcrumbList","@id":"https:\/\/www.p31noticias.com.br\/?p=24519#breadcrumb","itemListElement":[{"@type":"ListItem","position":1,"name":"In\u00edcio","item":"https:\/\/www.p31noticias.com.br\/"},{"@type":"ListItem","position":2,"name":"Por unanimidade, TCDF libera licita\u00e7\u00e3o de publicidade do GDF e condena empresas que contestavam o resultado"}]},{"@type":"WebSite","@id":"https:\/\/www.p31noticias.com.br\/#website","url":"https:\/\/www.p31noticias.com.br\/","name":"P31","description":"NOT\u00cdCIAS","potentialAction":[{"@type":"SearchAction","target":{"@type":"EntryPoint","urlTemplate":"https:\/\/www.p31noticias.com.br\/?s={search_term_string}"},"query-input":{"@type":"PropertyValueSpecification","valueRequired":true,"valueName":"search_term_string"}}],"inLanguage":"pt-BR"},{"@type":"Person","@id":"https:\/\/www.p31noticias.com.br\/#\/schema\/person\/d1bb0ccbf62b27e19ea4e75696908d43","name":"Camilly Scheffer","image":{"@type":"ImageObject","inLanguage":"pt-BR","@id":"https:\/\/secure.gravatar.com\/avatar\/06f4704b382d241ec2670712618fccea085b2db24d7b2d3b8691d904bbc1d557?s=96&d=mm&r=g","url":"https:\/\/secure.gravatar.com\/avatar\/06f4704b382d241ec2670712618fccea085b2db24d7b2d3b8691d904bbc1d557?s=96&d=mm&r=g","contentUrl":"https:\/\/secure.gravatar.com\/avatar\/06f4704b382d241ec2670712618fccea085b2db24d7b2d3b8691d904bbc1d557?s=96&d=mm&r=g","caption":"Camilly Scheffer"},"url":"https:\/\/www.p31noticias.com.br\/?author=5"}]}},"amp_enabled":true,"_links":{"self":[{"href":"https:\/\/www.p31noticias.com.br\/index.php?rest_route=\/wp\/v2\/posts\/24519","targetHints":{"allow":["GET"]}}],"collection":[{"href":"https:\/\/www.p31noticias.com.br\/index.php?rest_route=\/wp\/v2\/posts"}],"about":[{"href":"https:\/\/www.p31noticias.com.br\/index.php?rest_route=\/wp\/v2\/types\/post"}],"author":[{"embeddable":true,"href":"https:\/\/www.p31noticias.com.br\/index.php?rest_route=\/wp\/v2\/users\/5"}],"replies":[{"embeddable":true,"href":"https:\/\/www.p31noticias.com.br\/index.php?rest_route=%2Fwp%2Fv2%2Fcomments&post=24519"}],"version-history":[{"count":1,"href":"https:\/\/www.p31noticias.com.br\/index.php?rest_route=\/wp\/v2\/posts\/24519\/revisions"}],"predecessor-version":[{"id":24521,"href":"https:\/\/www.p31noticias.com.br\/index.php?rest_route=\/wp\/v2\/posts\/24519\/revisions\/24521"}],"wp:featuredmedia":[{"embeddable":true,"href":"https:\/\/www.p31noticias.com.br\/index.php?rest_route=\/wp\/v2\/media\/24520"}],"wp:attachment":[{"href":"https:\/\/www.p31noticias.com.br\/index.php?rest_route=%2Fwp%2Fv2%2Fmedia&parent=24519"}],"wp:term":[{"taxonomy":"category","embeddable":true,"href":"https:\/\/www.p31noticias.com.br\/index.php?rest_route=%2Fwp%2Fv2%2Fcategories&post=24519"},{"taxonomy":"post_tag","embeddable":true,"href":"https:\/\/www.p31noticias.com.br\/index.php?rest_route=%2Fwp%2Fv2%2Ftags&post=24519"}],"curies":[{"name":"wp","href":"https:\/\/api.w.org\/{rel}","templated":true}]}}