{"id":24507,"date":"2021-09-27T10:44:18","date_gmt":"2021-09-27T13:44:18","guid":{"rendered":"https:\/\/p31noticias.com.br\/?p=24507"},"modified":"2021-09-27T10:44:50","modified_gmt":"2021-09-27T13:44:50","slug":"moradora-de-franca-sp-registra-nuvem-gigante-de-poeira-ao-lado-do-apartamento-nunca-tinha-visto-isso","status":"publish","type":"post","link":"https:\/\/www.p31noticias.com.br\/?p=24507","title":{"rendered":"Moradora de Franca, SP, registra nuvem gigante de poeira ao lado do apartamento: &#8216;nunca tinha visto isso&#8217;"},"content":{"rendered":"<div class=\"mc-column content-text active-extra-styles \" data-block-type=\"unstyled\" data-block-weight=\"26\" data-block-id=\"2\">\n<p class=\"content-text__container \" data-track-category=\"Link no Texto\" data-track-links=\"\">Da janela do apartamento onde mora, a nutricionista Tha\u00edsa Vilas Boas registrou uma nuvem gigante de poeira na tarde deste domingo (26) em Franca (SP).<\/p>\n<\/div>\n<div class=\"wall protected-content\">\n<div class=\"mc-column content-text active-extra-styles \" data-block-type=\"unstyled\" data-block-weight=\"34\" data-block-id=\"3\">\n<p class=\"content-text__container \" data-track-category=\"Link no Texto\" data-track-links=\"\">\u201cEu nunca tinha visto isso. N\u00e3o estava esperando. Foi aquela olhadinha na janela e eu vi a nuvem de poeira. Rapidinho ela se espalhou. Est\u00e1 a cidade inteira coberta de Franca, muito vento.\u201d<\/p>\n<div class=\"mc-column content-text active-extra-styles \" data-block-type=\"unstyled\" data-block-weight=\"39\" data-block-id=\"7\">\n<p class=\"content-text__container \" data-track-category=\"Link no Texto\" data-track-links=\"\">Tha\u00edsa mora no bairro Residencial Amazonas. As imagens, feitas por volta das 17h, mostram a forma\u00e7\u00e3o gigantesca ao lado da casa dela. De outros bairros, moradores registraram a poeira carregada pelo vento e que parecia &#8216;engolir&#8217; a cidade.<\/p>\n<\/div>\n<div class=\"content-ads content-ads--reveal\" data-block-type=\"ads\" data-block-id=\"8\">\n<div id=\"banner_materia2\" class=\"tag-manager-publicidade-container mc-has-reveal mc-has-ad-lazyload tag-manager-publicidade-banner_materia2 tag-manager-publicidade-container--carregado tag-manager-publicidade-container--visivel\" data-id=\"banner_materia2\" data-req=\"true\" data-google-query-id=\"CKW1tqmQn_MCFfEmuQYdnzkJxA\" data-cid=\"138362640267\" data-lid=\"5783752784\">Cerca de duas horas antes, moradores de Ribeir\u00e3o Preto (SP) e de Jardin\u00f3polis (SP) registraram uma nuvem vermelha de poeira cobrindo as cidades. A terra suspensa antecedeu a chegada da chuva. S\u00f3 em Ribeir\u00e3o, em duas horas, foram registrados 24,4 mil\u00edmetros.<\/div>\n<div data-id=\"banner_materia2\" data-req=\"true\" data-google-query-id=\"CKW1tqmQn_MCFfEmuQYdnzkJxA\" data-cid=\"138362640267\" data-lid=\"5783752784\">\n<div class=\"mc-column content-text active-extra-styles\" data-block-type=\"raw\" data-block-weight=\"2\" data-block-id=\"12\">\n<div class=\"content-intertitle\">\n<h2>Chuva esperada<\/h2>\n<\/div>\n<\/div>\n<div class=\"mc-column content-text active-extra-styles \" data-block-type=\"unstyled\" data-block-weight=\"35\" data-block-id=\"13\">\n<p class=\"content-text__container \" data-track-category=\"Link no Texto\" data-track-links=\"\">Em Franca, a chuva tamb\u00e9m \u00e9 aguardada com expectativa neste domingo. Por causa da estiagem severa que j\u00e1 dura tr\u00eas meses, os moradores enfrentam um racionamento de \u00e1gua desde o dia 2 de setembro.<\/p>\n<\/div>\n<div class=\"mc-column content-text active-extra-styles \" data-block-type=\"unstyled\" data-block-weight=\"28\" data-block-id=\"14\">\n<p class=\"content-text__container \" data-track-category=\"Link no Texto\" data-track-links=\"\">Segundo a Companhia de Saneamento B\u00e1sico do Estado de S\u00e3o Paulo (Sabesp), a seca afetou drasticamente a capta\u00e7\u00e3o no Rio Canoas e no C\u00f3rrego Pouso Alegre.<\/p>\n<p>A partir desta segunda-feira (27), os bairros divididos em tr\u00eas blocos ser\u00e3o abastecidos por 36 horas e permanecer\u00e3o outras 36 horas com as torneiras secas.<\/p>\n<p>De acordo com Tha\u00edsa, Franca havia registrado pancadas de chuva pela manh\u00e3 deste domingo. Por volta das 17h, come\u00e7ou a chover fraco na cidade.<\/p>\n<p>\u201cEst\u00e1 complicado o abastecimento. Essa semana vamos ficar 36 horas sem \u00e1gua e 36 horas com. Precisa muito chover. Agora, eu n\u00e3o tenho nem como limpar o apartamento [depois da tempestade de poeira] porque nem \u00e1gua tem.\u201d<\/p>\n<p>Em nota emitida no in\u00edcio da noite deste domingo, a Sabesp pediu a colabora\u00e7\u00e3o dos moradores para evitarem o uso indiscrimado da \u00e1gua para limpeza das casas ap\u00f3s a nuvem de poeira.<\/p>\n<p>&#8220;N\u00e3o desperdicem \u00e1gua na limpeza de casas, quintais, cal\u00e7adas e outras finalidades do tipo. Sabemos que o evento at\u00edpico de hoje trouxe uma grande quantidade de poeira e fuligem para dentro das casas. Mas o munic\u00edpio passa por um per\u00edodo de severa estiagem, com rod\u00edzio no abastecimento de \u00e1gua. \u00c9 preciso que todos usem a \u00e1gua de forma consciente, sem desperd\u00edcios.&#8221;<\/p>\n<p>Fonte: G1.<\/p>\n<\/div>\n<\/div>\n<\/div>\n<\/div>\n<\/div>\n","protected":false},"excerpt":{"rendered":"<p>Da janela do apartamento onde mora, a nutricionista Tha\u00edsa Vilas Boas registrou uma nuvem gigante de poeira na tarde deste domingo (26) em Franca (SP). \u201cEu nunca tinha visto isso. N\u00e3o estava esperando. Foi aquela olhadinha na janela e eu vi a nuvem de poeira. Rapidinho ela se espalhou. Est\u00e1 a cidade inteira coberta de [&hellip;]<\/p>\n","protected":false},"author":5,"featured_media":24509,"comment_status":"open","ping_status":"open","sticky":false,"template":"","format":"standard","meta":{"footnotes":""},"categories":[1],"tags":[],"class_list":{"0":"post-24507","1":"post","2":"type-post","3":"status-publish","4":"format-standard","5":"has-post-thumbnail","7":"category-outros"},"yoast_head":"<!-- This site is optimized with the Yoast SEO Premium plugin v24.5 (Yoast SEO v27.5) - https:\/\/yoast.com\/product\/yoast-seo-premium-wordpress\/ -->\n<title>Moradora de Franca, SP, registra nuvem gigante de poeira ao lado do apartamento: &#039;nunca tinha visto isso&#039; - P31<\/title>\n<meta name=\"robots\" content=\"index, follow, max-snippet:-1, max-image-preview:large, max-video-preview:-1\" \/>\n<link rel=\"canonical\" href=\"https:\/\/www.p31noticias.com.br\/?p=24507\" \/>\n<meta property=\"og:locale\" content=\"pt_BR\" \/>\n<meta property=\"og:type\" content=\"article\" \/>\n<meta property=\"og:title\" content=\"Moradora de Franca, SP, registra nuvem gigante de poeira ao lado do apartamento: &#039;nunca tinha visto isso&#039;\" \/>\n<meta property=\"og:description\" content=\"Da janela do apartamento onde mora, a nutricionista Tha\u00edsa Vilas Boas registrou uma nuvem gigante de poeira na tarde deste domingo (26) em Franca (SP). \u201cEu nunca tinha visto isso. N\u00e3o estava esperando. Foi aquela olhadinha na janela e eu vi a nuvem de poeira. Rapidinho ela se espalhou. Est\u00e1 a cidade inteira coberta de [&hellip;]\" \/>\n<meta property=\"og:url\" content=\"https:\/\/www.p31noticias.com.br\/?p=24507\" \/>\n<meta property=\"og:site_name\" content=\"P31\" \/>\n<meta property=\"article:published_time\" content=\"2021-09-27T13:44:18+00:00\" \/>\n<meta property=\"article:modified_time\" content=\"2021-09-27T13:44:50+00:00\" \/>\n<meta property=\"og:image\" content=\"https:\/\/www.p31noticias.com.br\/wp-content\/uploads\/2021\/09\/age20210926011-3.jpg\" \/>\n\t<meta property=\"og:image:width\" content=\"984\" \/>\n\t<meta property=\"og:image:height\" content=\"656\" \/>\n\t<meta property=\"og:image:type\" content=\"image\/jpeg\" \/>\n<meta name=\"author\" content=\"Camilly Scheffer\" \/>\n<meta name=\"twitter:card\" content=\"summary_large_image\" \/>\n<meta name=\"twitter:label1\" content=\"Escrito por\" \/>\n\t<meta name=\"twitter:data1\" content=\"Camilly Scheffer\" \/>\n\t<meta name=\"twitter:label2\" content=\"Est. tempo de leitura\" \/>\n\t<meta name=\"twitter:data2\" content=\"2 minutos\" \/>\n<script type=\"application\/ld+json\" class=\"yoast-schema-graph\">{\"@context\":\"https:\\\/\\\/schema.org\",\"@graph\":[{\"@type\":\"Article\",\"@id\":\"https:\\\/\\\/www.p31noticias.com.br\\\/?p=24507#article\",\"isPartOf\":{\"@id\":\"https:\\\/\\\/www.p31noticias.com.br\\\/?p=24507\"},\"author\":{\"name\":\"Camilly Scheffer\",\"@id\":\"https:\\\/\\\/www.p31noticias.com.br\\\/#\\\/schema\\\/person\\\/d1bb0ccbf62b27e19ea4e75696908d43\"},\"headline\":\"Moradora de Franca, SP, registra nuvem gigante de poeira ao lado do apartamento: &#8216;nunca tinha visto isso&#8217;\",\"datePublished\":\"2021-09-27T13:44:18+00:00\",\"dateModified\":\"2021-09-27T13:44:50+00:00\",\"mainEntityOfPage\":{\"@id\":\"https:\\\/\\\/www.p31noticias.com.br\\\/?p=24507\"},\"wordCount\":417,\"commentCount\":0,\"image\":{\"@id\":\"https:\\\/\\\/www.p31noticias.com.br\\\/?p=24507#primaryimage\"},\"thumbnailUrl\":\"https:\\\/\\\/www.p31noticias.com.br\\\/wp-content\\\/uploads\\\/2021\\\/09\\\/age20210926011-3.jpg\",\"articleSection\":[\"Outros\"],\"inLanguage\":\"pt-BR\",\"potentialAction\":[{\"@type\":\"CommentAction\",\"name\":\"Comment\",\"target\":[\"https:\\\/\\\/www.p31noticias.com.br\\\/?p=24507#respond\"]}],\"copyrightYear\":\"2021\",\"copyrightHolder\":{\"@id\":\"https:\\\/\\\/www.p31noticias.com.br\\\/#organization\"}},{\"@type\":\"WebPage\",\"@id\":\"https:\\\/\\\/www.p31noticias.com.br\\\/?p=24507\",\"url\":\"https:\\\/\\\/www.p31noticias.com.br\\\/?p=24507\",\"name\":\"Moradora de Franca, SP, registra nuvem gigante de poeira ao lado do apartamento: 'nunca tinha visto isso' - P31\",\"isPartOf\":{\"@id\":\"https:\\\/\\\/www.p31noticias.com.br\\\/#website\"},\"primaryImageOfPage\":{\"@id\":\"https:\\\/\\\/www.p31noticias.com.br\\\/?p=24507#primaryimage\"},\"image\":{\"@id\":\"https:\\\/\\\/www.p31noticias.com.br\\\/?p=24507#primaryimage\"},\"thumbnailUrl\":\"https:\\\/\\\/www.p31noticias.com.br\\\/wp-content\\\/uploads\\\/2021\\\/09\\\/age20210926011-3.jpg\",\"datePublished\":\"2021-09-27T13:44:18+00:00\",\"dateModified\":\"2021-09-27T13:44:50+00:00\",\"author\":{\"@id\":\"https:\\\/\\\/www.p31noticias.com.br\\\/#\\\/schema\\\/person\\\/d1bb0ccbf62b27e19ea4e75696908d43\"},\"breadcrumb\":{\"@id\":\"https:\\\/\\\/www.p31noticias.com.br\\\/?p=24507#breadcrumb\"},\"inLanguage\":\"pt-BR\",\"potentialAction\":[{\"@type\":\"ReadAction\",\"target\":[\"https:\\\/\\\/www.p31noticias.com.br\\\/?p=24507\"]}]},{\"@type\":\"ImageObject\",\"inLanguage\":\"pt-BR\",\"@id\":\"https:\\\/\\\/www.p31noticias.com.br\\\/?p=24507#primaryimage\",\"url\":\"https:\\\/\\\/www.p31noticias.com.br\\\/wp-content\\\/uploads\\\/2021\\\/09\\\/age20210926011-3.jpg\",\"contentUrl\":\"https:\\\/\\\/www.p31noticias.com.br\\\/wp-content\\\/uploads\\\/2021\\\/09\\\/age20210926011-3.jpg\",\"width\":984,\"height\":656},{\"@type\":\"BreadcrumbList\",\"@id\":\"https:\\\/\\\/www.p31noticias.com.br\\\/?p=24507#breadcrumb\",\"itemListElement\":[{\"@type\":\"ListItem\",\"position\":1,\"name\":\"In\u00edcio\",\"item\":\"https:\\\/\\\/www.p31noticias.com.br\\\/\"},{\"@type\":\"ListItem\",\"position\":2,\"name\":\"Moradora de Franca, SP, registra nuvem gigante de poeira ao lado do apartamento: &#8216;nunca tinha visto isso&#8217;\"}]},{\"@type\":\"WebSite\",\"@id\":\"https:\\\/\\\/www.p31noticias.com.br\\\/#website\",\"url\":\"https:\\\/\\\/www.p31noticias.com.br\\\/\",\"name\":\"P31\",\"description\":\"NOT\u00cdCIAS\",\"potentialAction\":[{\"@type\":\"SearchAction\",\"target\":{\"@type\":\"EntryPoint\",\"urlTemplate\":\"https:\\\/\\\/www.p31noticias.com.br\\\/?s={search_term_string}\"},\"query-input\":{\"@type\":\"PropertyValueSpecification\",\"valueRequired\":true,\"valueName\":\"search_term_string\"}}],\"inLanguage\":\"pt-BR\"},{\"@type\":\"Person\",\"@id\":\"https:\\\/\\\/www.p31noticias.com.br\\\/#\\\/schema\\\/person\\\/d1bb0ccbf62b27e19ea4e75696908d43\",\"name\":\"Camilly Scheffer\",\"image\":{\"@type\":\"ImageObject\",\"inLanguage\":\"pt-BR\",\"@id\":\"https:\\\/\\\/secure.gravatar.com\\\/avatar\\\/06f4704b382d241ec2670712618fccea085b2db24d7b2d3b8691d904bbc1d557?s=96&d=mm&r=g\",\"url\":\"https:\\\/\\\/secure.gravatar.com\\\/avatar\\\/06f4704b382d241ec2670712618fccea085b2db24d7b2d3b8691d904bbc1d557?s=96&d=mm&r=g\",\"contentUrl\":\"https:\\\/\\\/secure.gravatar.com\\\/avatar\\\/06f4704b382d241ec2670712618fccea085b2db24d7b2d3b8691d904bbc1d557?s=96&d=mm&r=g\",\"caption\":\"Camilly Scheffer\"},\"url\":\"https:\\\/\\\/www.p31noticias.com.br\\\/?author=5\"}]}<\/script>\n<!-- \/ Yoast SEO Premium plugin. -->","yoast_head_json":{"title":"Moradora de Franca, SP, registra nuvem gigante de poeira ao lado do apartamento: 'nunca tinha visto isso' - P31","robots":{"index":"index","follow":"follow","max-snippet":"max-snippet:-1","max-image-preview":"max-image-preview:large","max-video-preview":"max-video-preview:-1"},"canonical":"https:\/\/www.p31noticias.com.br\/?p=24507","og_locale":"pt_BR","og_type":"article","og_title":"Moradora de Franca, SP, registra nuvem gigante de poeira ao lado do apartamento: 'nunca tinha visto isso'","og_description":"Da janela do apartamento onde mora, a nutricionista Tha\u00edsa Vilas Boas registrou uma nuvem gigante de poeira na tarde deste domingo (26) em Franca (SP). \u201cEu nunca tinha visto isso. N\u00e3o estava esperando. Foi aquela olhadinha na janela e eu vi a nuvem de poeira. Rapidinho ela se espalhou. Est\u00e1 a cidade inteira coberta de [&hellip;]","og_url":"https:\/\/www.p31noticias.com.br\/?p=24507","og_site_name":"P31","article_published_time":"2021-09-27T13:44:18+00:00","article_modified_time":"2021-09-27T13:44:50+00:00","og_image":[{"width":984,"height":656,"url":"https:\/\/www.p31noticias.com.br\/wp-content\/uploads\/2021\/09\/age20210926011-3.jpg","type":"image\/jpeg"}],"author":"Camilly Scheffer","twitter_card":"summary_large_image","twitter_misc":{"Escrito por":"Camilly Scheffer","Est. tempo de leitura":"2 minutos"},"schema":{"@context":"https:\/\/schema.org","@graph":[{"@type":"Article","@id":"https:\/\/www.p31noticias.com.br\/?p=24507#article","isPartOf":{"@id":"https:\/\/www.p31noticias.com.br\/?p=24507"},"author":{"name":"Camilly Scheffer","@id":"https:\/\/www.p31noticias.com.br\/#\/schema\/person\/d1bb0ccbf62b27e19ea4e75696908d43"},"headline":"Moradora de Franca, SP, registra nuvem gigante de poeira ao lado do apartamento: &#8216;nunca tinha visto isso&#8217;","datePublished":"2021-09-27T13:44:18+00:00","dateModified":"2021-09-27T13:44:50+00:00","mainEntityOfPage":{"@id":"https:\/\/www.p31noticias.com.br\/?p=24507"},"wordCount":417,"commentCount":0,"image":{"@id":"https:\/\/www.p31noticias.com.br\/?p=24507#primaryimage"},"thumbnailUrl":"https:\/\/www.p31noticias.com.br\/wp-content\/uploads\/2021\/09\/age20210926011-3.jpg","articleSection":["Outros"],"inLanguage":"pt-BR","potentialAction":[{"@type":"CommentAction","name":"Comment","target":["https:\/\/www.p31noticias.com.br\/?p=24507#respond"]}],"copyrightYear":"2021","copyrightHolder":{"@id":"https:\/\/www.p31noticias.com.br\/#organization"}},{"@type":"WebPage","@id":"https:\/\/www.p31noticias.com.br\/?p=24507","url":"https:\/\/www.p31noticias.com.br\/?p=24507","name":"Moradora de Franca, SP, registra nuvem gigante de poeira ao lado do apartamento: 'nunca tinha visto isso' - P31","isPartOf":{"@id":"https:\/\/www.p31noticias.com.br\/#website"},"primaryImageOfPage":{"@id":"https:\/\/www.p31noticias.com.br\/?p=24507#primaryimage"},"image":{"@id":"https:\/\/www.p31noticias.com.br\/?p=24507#primaryimage"},"thumbnailUrl":"https:\/\/www.p31noticias.com.br\/wp-content\/uploads\/2021\/09\/age20210926011-3.jpg","datePublished":"2021-09-27T13:44:18+00:00","dateModified":"2021-09-27T13:44:50+00:00","author":{"@id":"https:\/\/www.p31noticias.com.br\/#\/schema\/person\/d1bb0ccbf62b27e19ea4e75696908d43"},"breadcrumb":{"@id":"https:\/\/www.p31noticias.com.br\/?p=24507#breadcrumb"},"inLanguage":"pt-BR","potentialAction":[{"@type":"ReadAction","target":["https:\/\/www.p31noticias.com.br\/?p=24507"]}]},{"@type":"ImageObject","inLanguage":"pt-BR","@id":"https:\/\/www.p31noticias.com.br\/?p=24507#primaryimage","url":"https:\/\/www.p31noticias.com.br\/wp-content\/uploads\/2021\/09\/age20210926011-3.jpg","contentUrl":"https:\/\/www.p31noticias.com.br\/wp-content\/uploads\/2021\/09\/age20210926011-3.jpg","width":984,"height":656},{"@type":"BreadcrumbList","@id":"https:\/\/www.p31noticias.com.br\/?p=24507#breadcrumb","itemListElement":[{"@type":"ListItem","position":1,"name":"In\u00edcio","item":"https:\/\/www.p31noticias.com.br\/"},{"@type":"ListItem","position":2,"name":"Moradora de Franca, SP, registra nuvem gigante de poeira ao lado do apartamento: &#8216;nunca tinha visto isso&#8217;"}]},{"@type":"WebSite","@id":"https:\/\/www.p31noticias.com.br\/#website","url":"https:\/\/www.p31noticias.com.br\/","name":"P31","description":"NOT\u00cdCIAS","potentialAction":[{"@type":"SearchAction","target":{"@type":"EntryPoint","urlTemplate":"https:\/\/www.p31noticias.com.br\/?s={search_term_string}"},"query-input":{"@type":"PropertyValueSpecification","valueRequired":true,"valueName":"search_term_string"}}],"inLanguage":"pt-BR"},{"@type":"Person","@id":"https:\/\/www.p31noticias.com.br\/#\/schema\/person\/d1bb0ccbf62b27e19ea4e75696908d43","name":"Camilly Scheffer","image":{"@type":"ImageObject","inLanguage":"pt-BR","@id":"https:\/\/secure.gravatar.com\/avatar\/06f4704b382d241ec2670712618fccea085b2db24d7b2d3b8691d904bbc1d557?s=96&d=mm&r=g","url":"https:\/\/secure.gravatar.com\/avatar\/06f4704b382d241ec2670712618fccea085b2db24d7b2d3b8691d904bbc1d557?s=96&d=mm&r=g","contentUrl":"https:\/\/secure.gravatar.com\/avatar\/06f4704b382d241ec2670712618fccea085b2db24d7b2d3b8691d904bbc1d557?s=96&d=mm&r=g","caption":"Camilly Scheffer"},"url":"https:\/\/www.p31noticias.com.br\/?author=5"}]}},"amp_enabled":true,"_links":{"self":[{"href":"https:\/\/www.p31noticias.com.br\/index.php?rest_route=\/wp\/v2\/posts\/24507","targetHints":{"allow":["GET"]}}],"collection":[{"href":"https:\/\/www.p31noticias.com.br\/index.php?rest_route=\/wp\/v2\/posts"}],"about":[{"href":"https:\/\/www.p31noticias.com.br\/index.php?rest_route=\/wp\/v2\/types\/post"}],"author":[{"embeddable":true,"href":"https:\/\/www.p31noticias.com.br\/index.php?rest_route=\/wp\/v2\/users\/5"}],"replies":[{"embeddable":true,"href":"https:\/\/www.p31noticias.com.br\/index.php?rest_route=%2Fwp%2Fv2%2Fcomments&post=24507"}],"version-history":[{"count":1,"href":"https:\/\/www.p31noticias.com.br\/index.php?rest_route=\/wp\/v2\/posts\/24507\/revisions"}],"predecessor-version":[{"id":24510,"href":"https:\/\/www.p31noticias.com.br\/index.php?rest_route=\/wp\/v2\/posts\/24507\/revisions\/24510"}],"wp:featuredmedia":[{"embeddable":true,"href":"https:\/\/www.p31noticias.com.br\/index.php?rest_route=\/wp\/v2\/media\/24509"}],"wp:attachment":[{"href":"https:\/\/www.p31noticias.com.br\/index.php?rest_route=%2Fwp%2Fv2%2Fmedia&parent=24507"}],"wp:term":[{"taxonomy":"category","embeddable":true,"href":"https:\/\/www.p31noticias.com.br\/index.php?rest_route=%2Fwp%2Fv2%2Fcategories&post=24507"},{"taxonomy":"post_tag","embeddable":true,"href":"https:\/\/www.p31noticias.com.br\/index.php?rest_route=%2Fwp%2Fv2%2Ftags&post=24507"}],"curies":[{"name":"wp","href":"https:\/\/api.w.org\/{rel}","templated":true}]}}