{"id":24504,"date":"2021-09-27T10:40:53","date_gmt":"2021-09-27T13:40:53","guid":{"rendered":"https:\/\/p31noticias.com.br\/?p=24504"},"modified":"2021-09-27T10:40:53","modified_gmt":"2021-09-27T13:40:53","slug":"morre-o-cardeal-dom-jose-freire-falcao-arcebispo-emerito-de-brasilia-vitima-da-covid-19","status":"publish","type":"post","link":"https:\/\/www.p31noticias.com.br\/?p=24504","title":{"rendered":"Morre o cardeal Dom Jos\u00e9 Freire Falc\u00e3o, arcebispo em\u00e9rito de Bras\u00edlia, v\u00edtima da Covid-19"},"content":{"rendered":"<p>O cardeal Dom Jos\u00e9 Freire Falc\u00e3o, arcebispo em\u00e9rito de Bras\u00edlia, morreu, neste domingo (27), v\u00edtima da Covid-19. O religioso tinha 95 anos e estava internado no Hospital Santa L\u00facia, na Asa Sul, desde 17 de setembro.<\/p>\n<p>Segundo informa\u00e7\u00f5es da Arquidiocese de Bras\u00edlia, o sacerdote foi internado ap\u00f3s tentar positivo para o novo coronav\u00edrus. Em seguida, em 24 de setembro, Dom Falc\u00e3o teve piora do quadro respirat\u00f3rio renal e precisou ser intubado.<\/p>\n<p>&#8220;Sua aus\u00eancia \u00e9 sentida profundamente por toda a Arquidiocese de Bras\u00edlia, amigos e fi\u00e9is&#8221;, disse a arquidiocese.<\/p>\n<p>A entidade religiosa disse ainda que Dom Jos\u00e9 deixou &#8220;numerosas obras pastorais&#8221; durante os 20 anos que atuou na igreja. Ainda n\u00e3o h\u00e1 informa\u00e7\u00f5es sobre o vel\u00f3rio.<\/p>\n<p>O governador Ibaneis Rocha (MDB) lamentou a morte do sacerdote. Em uma rede social, o chefe do Executivo disse que &#8220;Bras\u00edlia perde um de seus maiores guias religiosos&#8221;.<\/p>\n<p>Neste domingo (26), a capital registrou mais 13 mortes e 655 novos casos de Covid-19. Com os novos registros, o total de \u00f3bitos passou para 10.395 e o de infectados chegou a 491.564, segundo dados da Secretaria de Sa\u00fade.<\/p>\n<div class=\"mc-column content-text active-extra-styles\" data-block-type=\"raw\" data-block-weight=\"1\" data-block-id=\"12\">\n<div class=\"content-intertitle\">\n<h2>Sonho<\/h2>\n<\/div>\n<\/div>\n<div class=\"mc-column content-text active-extra-styles \" data-block-type=\"unstyled\" data-block-weight=\"29\" data-block-id=\"13\">\n<p class=\"content-text__container \" data-track-category=\"Link no Texto\" data-track-links=\"\">Cearense, Jos\u00e9 Freire Falc\u00e3o nasceu em 23 de outubro de 1925. Segundo a Arquidiocese de Bras\u00edlia, ele foi incentivado pela fam\u00edlia a realizar o pr\u00f3prio sonho: ser sacerdote.<\/p>\n<p>O religioso entrou para o semin\u00e1rio, em Fortaleza, aos 14 anos. Em 1949 ele se tornou padre e, em 1967, foi feito bispo, no Cear\u00e1.<\/p>\n<p>Em 1971, Dom Jos\u00e9 Freire se tornou arcebispo no Piau\u00ed, onde permaneceu at\u00e9 1984, quando foi transferido para Bras\u00edlia.<\/p>\n<p>Dom Jos\u00e9 se tornou cardeal em 1988. Em 2005, ele participou inclusive do funeral de Jo\u00e3o Paulo II e do conclave que elegeu o Papa Bento XVI. O sacerdote foi o segundo arcebispo de Bras\u00edlia, ficando \u00e0 frente da Arquidiocese entre 1984 e 2004, quando se aposentou.<\/p>\n<p>No trabalho como arcebispo, a Arquidiocese disse que o religioso ordenou diversos padres e criou v\u00e1rias par\u00f3quias na capital. &#8220;Ainda em seu governo, preparou a recep\u00e7\u00e3o ao Papa em 1991, criou a Casa do Clero e estimulou os movimentos eclesiais, entre outros trabalhos&#8221;.<\/p>\n<p>Fonte: G1.<\/p>\n<\/div>\n","protected":false},"excerpt":{"rendered":"<p>O cardeal Dom Jos\u00e9 Freire Falc\u00e3o, arcebispo em\u00e9rito de Bras\u00edlia, morreu, neste domingo (27), v\u00edtima da Covid-19. O religioso tinha 95 anos e estava internado no Hospital Santa L\u00facia, na Asa Sul, desde 17 de setembro. Segundo informa\u00e7\u00f5es da Arquidiocese de Bras\u00edlia, o sacerdote foi internado ap\u00f3s tentar positivo para o novo coronav\u00edrus. Em seguida, [&hellip;]<\/p>\n","protected":false},"author":5,"featured_media":24505,"comment_status":"open","ping_status":"open","sticky":false,"template":"","format":"standard","meta":{"footnotes":""},"categories":[1],"tags":[],"class_list":{"0":"post-24504","1":"post","2":"type-post","3":"status-publish","4":"format-standard","5":"has-post-thumbnail","7":"category-outros"},"yoast_head":"<!-- This site is optimized with the Yoast SEO Premium plugin v24.5 (Yoast SEO v27.5) - https:\/\/yoast.com\/product\/yoast-seo-premium-wordpress\/ -->\n<title>Morre o cardeal Dom Jos\u00e9 Freire Falc\u00e3o, arcebispo em\u00e9rito de Bras\u00edlia, v\u00edtima da Covid-19 - P31<\/title>\n<meta name=\"robots\" content=\"index, follow, max-snippet:-1, max-image-preview:large, max-video-preview:-1\" \/>\n<link rel=\"canonical\" href=\"https:\/\/www.p31noticias.com.br\/?p=24504\" \/>\n<meta property=\"og:locale\" content=\"pt_BR\" \/>\n<meta property=\"og:type\" content=\"article\" \/>\n<meta property=\"og:title\" content=\"Morre o cardeal Dom Jos\u00e9 Freire Falc\u00e3o, arcebispo em\u00e9rito de Bras\u00edlia, v\u00edtima da Covid-19\" \/>\n<meta property=\"og:description\" content=\"O cardeal Dom Jos\u00e9 Freire Falc\u00e3o, arcebispo em\u00e9rito de Bras\u00edlia, morreu, neste domingo (27), v\u00edtima da Covid-19. O religioso tinha 95 anos e estava internado no Hospital Santa L\u00facia, na Asa Sul, desde 17 de setembro. Segundo informa\u00e7\u00f5es da Arquidiocese de Bras\u00edlia, o sacerdote foi internado ap\u00f3s tentar positivo para o novo coronav\u00edrus. Em seguida, [&hellip;]\" \/>\n<meta property=\"og:url\" content=\"https:\/\/www.p31noticias.com.br\/?p=24504\" \/>\n<meta property=\"og:site_name\" content=\"P31\" \/>\n<meta property=\"article:published_time\" content=\"2021-09-27T13:40:53+00:00\" \/>\n<meta property=\"og:image\" content=\"https:\/\/www.p31noticias.com.br\/wp-content\/uploads\/2021\/09\/dom-freire-falcao-arq-de-brasilia.jpg\" \/>\n\t<meta property=\"og:image:width\" content=\"984\" \/>\n\t<meta property=\"og:image:height\" content=\"656\" \/>\n\t<meta property=\"og:image:type\" content=\"image\/jpeg\" \/>\n<meta name=\"author\" content=\"Camilly Scheffer\" \/>\n<meta name=\"twitter:card\" content=\"summary_large_image\" \/>\n<meta name=\"twitter:label1\" content=\"Escrito por\" \/>\n\t<meta name=\"twitter:data1\" content=\"Camilly Scheffer\" \/>\n\t<meta name=\"twitter:label2\" content=\"Est. tempo de leitura\" \/>\n\t<meta name=\"twitter:data2\" content=\"2 minutos\" \/>\n<script type=\"application\/ld+json\" class=\"yoast-schema-graph\">{\"@context\":\"https:\\\/\\\/schema.org\",\"@graph\":[{\"@type\":\"Article\",\"@id\":\"https:\\\/\\\/www.p31noticias.com.br\\\/?p=24504#article\",\"isPartOf\":{\"@id\":\"https:\\\/\\\/www.p31noticias.com.br\\\/?p=24504\"},\"author\":{\"name\":\"Camilly Scheffer\",\"@id\":\"https:\\\/\\\/www.p31noticias.com.br\\\/#\\\/schema\\\/person\\\/d1bb0ccbf62b27e19ea4e75696908d43\"},\"headline\":\"Morre o cardeal Dom Jos\u00e9 Freire Falc\u00e3o, arcebispo em\u00e9rito de Bras\u00edlia, v\u00edtima da Covid-19\",\"datePublished\":\"2021-09-27T13:40:53+00:00\",\"mainEntityOfPage\":{\"@id\":\"https:\\\/\\\/www.p31noticias.com.br\\\/?p=24504\"},\"wordCount\":371,\"commentCount\":0,\"image\":{\"@id\":\"https:\\\/\\\/www.p31noticias.com.br\\\/?p=24504#primaryimage\"},\"thumbnailUrl\":\"https:\\\/\\\/www.p31noticias.com.br\\\/wp-content\\\/uploads\\\/2021\\\/09\\\/dom-freire-falcao-arq-de-brasilia.jpg\",\"articleSection\":[\"Outros\"],\"inLanguage\":\"pt-BR\",\"potentialAction\":[{\"@type\":\"CommentAction\",\"name\":\"Comment\",\"target\":[\"https:\\\/\\\/www.p31noticias.com.br\\\/?p=24504#respond\"]}],\"copyrightYear\":\"2021\",\"copyrightHolder\":{\"@id\":\"https:\\\/\\\/www.p31noticias.com.br\\\/#organization\"}},{\"@type\":\"WebPage\",\"@id\":\"https:\\\/\\\/www.p31noticias.com.br\\\/?p=24504\",\"url\":\"https:\\\/\\\/www.p31noticias.com.br\\\/?p=24504\",\"name\":\"Morre o cardeal Dom Jos\u00e9 Freire Falc\u00e3o, arcebispo em\u00e9rito de Bras\u00edlia, v\u00edtima da Covid-19 - P31\",\"isPartOf\":{\"@id\":\"https:\\\/\\\/www.p31noticias.com.br\\\/#website\"},\"primaryImageOfPage\":{\"@id\":\"https:\\\/\\\/www.p31noticias.com.br\\\/?p=24504#primaryimage\"},\"image\":{\"@id\":\"https:\\\/\\\/www.p31noticias.com.br\\\/?p=24504#primaryimage\"},\"thumbnailUrl\":\"https:\\\/\\\/www.p31noticias.com.br\\\/wp-content\\\/uploads\\\/2021\\\/09\\\/dom-freire-falcao-arq-de-brasilia.jpg\",\"datePublished\":\"2021-09-27T13:40:53+00:00\",\"author\":{\"@id\":\"https:\\\/\\\/www.p31noticias.com.br\\\/#\\\/schema\\\/person\\\/d1bb0ccbf62b27e19ea4e75696908d43\"},\"breadcrumb\":{\"@id\":\"https:\\\/\\\/www.p31noticias.com.br\\\/?p=24504#breadcrumb\"},\"inLanguage\":\"pt-BR\",\"potentialAction\":[{\"@type\":\"ReadAction\",\"target\":[\"https:\\\/\\\/www.p31noticias.com.br\\\/?p=24504\"]}]},{\"@type\":\"ImageObject\",\"inLanguage\":\"pt-BR\",\"@id\":\"https:\\\/\\\/www.p31noticias.com.br\\\/?p=24504#primaryimage\",\"url\":\"https:\\\/\\\/www.p31noticias.com.br\\\/wp-content\\\/uploads\\\/2021\\\/09\\\/dom-freire-falcao-arq-de-brasilia.jpg\",\"contentUrl\":\"https:\\\/\\\/www.p31noticias.com.br\\\/wp-content\\\/uploads\\\/2021\\\/09\\\/dom-freire-falcao-arq-de-brasilia.jpg\",\"width\":984,\"height\":656},{\"@type\":\"BreadcrumbList\",\"@id\":\"https:\\\/\\\/www.p31noticias.com.br\\\/?p=24504#breadcrumb\",\"itemListElement\":[{\"@type\":\"ListItem\",\"position\":1,\"name\":\"In\u00edcio\",\"item\":\"https:\\\/\\\/www.p31noticias.com.br\\\/\"},{\"@type\":\"ListItem\",\"position\":2,\"name\":\"Morre o cardeal Dom Jos\u00e9 Freire Falc\u00e3o, arcebispo em\u00e9rito de Bras\u00edlia, v\u00edtima da Covid-19\"}]},{\"@type\":\"WebSite\",\"@id\":\"https:\\\/\\\/www.p31noticias.com.br\\\/#website\",\"url\":\"https:\\\/\\\/www.p31noticias.com.br\\\/\",\"name\":\"P31\",\"description\":\"NOT\u00cdCIAS\",\"potentialAction\":[{\"@type\":\"SearchAction\",\"target\":{\"@type\":\"EntryPoint\",\"urlTemplate\":\"https:\\\/\\\/www.p31noticias.com.br\\\/?s={search_term_string}\"},\"query-input\":{\"@type\":\"PropertyValueSpecification\",\"valueRequired\":true,\"valueName\":\"search_term_string\"}}],\"inLanguage\":\"pt-BR\"},{\"@type\":\"Person\",\"@id\":\"https:\\\/\\\/www.p31noticias.com.br\\\/#\\\/schema\\\/person\\\/d1bb0ccbf62b27e19ea4e75696908d43\",\"name\":\"Camilly Scheffer\",\"image\":{\"@type\":\"ImageObject\",\"inLanguage\":\"pt-BR\",\"@id\":\"https:\\\/\\\/secure.gravatar.com\\\/avatar\\\/06f4704b382d241ec2670712618fccea085b2db24d7b2d3b8691d904bbc1d557?s=96&d=mm&r=g\",\"url\":\"https:\\\/\\\/secure.gravatar.com\\\/avatar\\\/06f4704b382d241ec2670712618fccea085b2db24d7b2d3b8691d904bbc1d557?s=96&d=mm&r=g\",\"contentUrl\":\"https:\\\/\\\/secure.gravatar.com\\\/avatar\\\/06f4704b382d241ec2670712618fccea085b2db24d7b2d3b8691d904bbc1d557?s=96&d=mm&r=g\",\"caption\":\"Camilly Scheffer\"},\"url\":\"https:\\\/\\\/www.p31noticias.com.br\\\/?author=5\"}]}<\/script>\n<!-- \/ Yoast SEO Premium plugin. -->","yoast_head_json":{"title":"Morre o cardeal Dom Jos\u00e9 Freire Falc\u00e3o, arcebispo em\u00e9rito de Bras\u00edlia, v\u00edtima da Covid-19 - P31","robots":{"index":"index","follow":"follow","max-snippet":"max-snippet:-1","max-image-preview":"max-image-preview:large","max-video-preview":"max-video-preview:-1"},"canonical":"https:\/\/www.p31noticias.com.br\/?p=24504","og_locale":"pt_BR","og_type":"article","og_title":"Morre o cardeal Dom Jos\u00e9 Freire Falc\u00e3o, arcebispo em\u00e9rito de Bras\u00edlia, v\u00edtima da Covid-19","og_description":"O cardeal Dom Jos\u00e9 Freire Falc\u00e3o, arcebispo em\u00e9rito de Bras\u00edlia, morreu, neste domingo (27), v\u00edtima da Covid-19. O religioso tinha 95 anos e estava internado no Hospital Santa L\u00facia, na Asa Sul, desde 17 de setembro. Segundo informa\u00e7\u00f5es da Arquidiocese de Bras\u00edlia, o sacerdote foi internado ap\u00f3s tentar positivo para o novo coronav\u00edrus. Em seguida, [&hellip;]","og_url":"https:\/\/www.p31noticias.com.br\/?p=24504","og_site_name":"P31","article_published_time":"2021-09-27T13:40:53+00:00","og_image":[{"width":984,"height":656,"url":"https:\/\/www.p31noticias.com.br\/wp-content\/uploads\/2021\/09\/dom-freire-falcao-arq-de-brasilia.jpg","type":"image\/jpeg"}],"author":"Camilly Scheffer","twitter_card":"summary_large_image","twitter_misc":{"Escrito por":"Camilly Scheffer","Est. tempo de leitura":"2 minutos"},"schema":{"@context":"https:\/\/schema.org","@graph":[{"@type":"Article","@id":"https:\/\/www.p31noticias.com.br\/?p=24504#article","isPartOf":{"@id":"https:\/\/www.p31noticias.com.br\/?p=24504"},"author":{"name":"Camilly Scheffer","@id":"https:\/\/www.p31noticias.com.br\/#\/schema\/person\/d1bb0ccbf62b27e19ea4e75696908d43"},"headline":"Morre o cardeal Dom Jos\u00e9 Freire Falc\u00e3o, arcebispo em\u00e9rito de Bras\u00edlia, v\u00edtima da Covid-19","datePublished":"2021-09-27T13:40:53+00:00","mainEntityOfPage":{"@id":"https:\/\/www.p31noticias.com.br\/?p=24504"},"wordCount":371,"commentCount":0,"image":{"@id":"https:\/\/www.p31noticias.com.br\/?p=24504#primaryimage"},"thumbnailUrl":"https:\/\/www.p31noticias.com.br\/wp-content\/uploads\/2021\/09\/dom-freire-falcao-arq-de-brasilia.jpg","articleSection":["Outros"],"inLanguage":"pt-BR","potentialAction":[{"@type":"CommentAction","name":"Comment","target":["https:\/\/www.p31noticias.com.br\/?p=24504#respond"]}],"copyrightYear":"2021","copyrightHolder":{"@id":"https:\/\/www.p31noticias.com.br\/#organization"}},{"@type":"WebPage","@id":"https:\/\/www.p31noticias.com.br\/?p=24504","url":"https:\/\/www.p31noticias.com.br\/?p=24504","name":"Morre o cardeal Dom Jos\u00e9 Freire Falc\u00e3o, arcebispo em\u00e9rito de Bras\u00edlia, v\u00edtima da Covid-19 - P31","isPartOf":{"@id":"https:\/\/www.p31noticias.com.br\/#website"},"primaryImageOfPage":{"@id":"https:\/\/www.p31noticias.com.br\/?p=24504#primaryimage"},"image":{"@id":"https:\/\/www.p31noticias.com.br\/?p=24504#primaryimage"},"thumbnailUrl":"https:\/\/www.p31noticias.com.br\/wp-content\/uploads\/2021\/09\/dom-freire-falcao-arq-de-brasilia.jpg","datePublished":"2021-09-27T13:40:53+00:00","author":{"@id":"https:\/\/www.p31noticias.com.br\/#\/schema\/person\/d1bb0ccbf62b27e19ea4e75696908d43"},"breadcrumb":{"@id":"https:\/\/www.p31noticias.com.br\/?p=24504#breadcrumb"},"inLanguage":"pt-BR","potentialAction":[{"@type":"ReadAction","target":["https:\/\/www.p31noticias.com.br\/?p=24504"]}]},{"@type":"ImageObject","inLanguage":"pt-BR","@id":"https:\/\/www.p31noticias.com.br\/?p=24504#primaryimage","url":"https:\/\/www.p31noticias.com.br\/wp-content\/uploads\/2021\/09\/dom-freire-falcao-arq-de-brasilia.jpg","contentUrl":"https:\/\/www.p31noticias.com.br\/wp-content\/uploads\/2021\/09\/dom-freire-falcao-arq-de-brasilia.jpg","width":984,"height":656},{"@type":"BreadcrumbList","@id":"https:\/\/www.p31noticias.com.br\/?p=24504#breadcrumb","itemListElement":[{"@type":"ListItem","position":1,"name":"In\u00edcio","item":"https:\/\/www.p31noticias.com.br\/"},{"@type":"ListItem","position":2,"name":"Morre o cardeal Dom Jos\u00e9 Freire Falc\u00e3o, arcebispo em\u00e9rito de Bras\u00edlia, v\u00edtima da Covid-19"}]},{"@type":"WebSite","@id":"https:\/\/www.p31noticias.com.br\/#website","url":"https:\/\/www.p31noticias.com.br\/","name":"P31","description":"NOT\u00cdCIAS","potentialAction":[{"@type":"SearchAction","target":{"@type":"EntryPoint","urlTemplate":"https:\/\/www.p31noticias.com.br\/?s={search_term_string}"},"query-input":{"@type":"PropertyValueSpecification","valueRequired":true,"valueName":"search_term_string"}}],"inLanguage":"pt-BR"},{"@type":"Person","@id":"https:\/\/www.p31noticias.com.br\/#\/schema\/person\/d1bb0ccbf62b27e19ea4e75696908d43","name":"Camilly Scheffer","image":{"@type":"ImageObject","inLanguage":"pt-BR","@id":"https:\/\/secure.gravatar.com\/avatar\/06f4704b382d241ec2670712618fccea085b2db24d7b2d3b8691d904bbc1d557?s=96&d=mm&r=g","url":"https:\/\/secure.gravatar.com\/avatar\/06f4704b382d241ec2670712618fccea085b2db24d7b2d3b8691d904bbc1d557?s=96&d=mm&r=g","contentUrl":"https:\/\/secure.gravatar.com\/avatar\/06f4704b382d241ec2670712618fccea085b2db24d7b2d3b8691d904bbc1d557?s=96&d=mm&r=g","caption":"Camilly Scheffer"},"url":"https:\/\/www.p31noticias.com.br\/?author=5"}]}},"amp_enabled":true,"_links":{"self":[{"href":"https:\/\/www.p31noticias.com.br\/index.php?rest_route=\/wp\/v2\/posts\/24504","targetHints":{"allow":["GET"]}}],"collection":[{"href":"https:\/\/www.p31noticias.com.br\/index.php?rest_route=\/wp\/v2\/posts"}],"about":[{"href":"https:\/\/www.p31noticias.com.br\/index.php?rest_route=\/wp\/v2\/types\/post"}],"author":[{"embeddable":true,"href":"https:\/\/www.p31noticias.com.br\/index.php?rest_route=\/wp\/v2\/users\/5"}],"replies":[{"embeddable":true,"href":"https:\/\/www.p31noticias.com.br\/index.php?rest_route=%2Fwp%2Fv2%2Fcomments&post=24504"}],"version-history":[{"count":1,"href":"https:\/\/www.p31noticias.com.br\/index.php?rest_route=\/wp\/v2\/posts\/24504\/revisions"}],"predecessor-version":[{"id":24506,"href":"https:\/\/www.p31noticias.com.br\/index.php?rest_route=\/wp\/v2\/posts\/24504\/revisions\/24506"}],"wp:featuredmedia":[{"embeddable":true,"href":"https:\/\/www.p31noticias.com.br\/index.php?rest_route=\/wp\/v2\/media\/24505"}],"wp:attachment":[{"href":"https:\/\/www.p31noticias.com.br\/index.php?rest_route=%2Fwp%2Fv2%2Fmedia&parent=24504"}],"wp:term":[{"taxonomy":"category","embeddable":true,"href":"https:\/\/www.p31noticias.com.br\/index.php?rest_route=%2Fwp%2Fv2%2Fcategories&post=24504"},{"taxonomy":"post_tag","embeddable":true,"href":"https:\/\/www.p31noticias.com.br\/index.php?rest_route=%2Fwp%2Fv2%2Ftags&post=24504"}],"curies":[{"name":"wp","href":"https:\/\/api.w.org\/{rel}","templated":true}]}}