{"id":24501,"date":"2021-09-27T10:35:35","date_gmt":"2021-09-27T13:35:35","guid":{"rendered":"https:\/\/p31noticias.com.br\/?p=24501"},"modified":"2021-09-27T10:35:35","modified_gmt":"2021-09-27T13:35:35","slug":"congresso-analisa-vetos-presidenciais-e-projetos-de-lei-nesta-segunda-feira-27","status":"publish","type":"post","link":"https:\/\/www.p31noticias.com.br\/?p=24501","title":{"rendered":"Congresso analisa vetos presidenciais e projetos de lei nesta segunda-feira (27)"},"content":{"rendered":"<p>O Congresso Nacional se reunir\u00e1 nesta segunda-feira (27) para analisar 36 vetos presidenciais e tr\u00eas projetos de lei. A sess\u00e3o ser\u00e1 divida em tr\u00eas partes: \u00e0s 10h para deputados, \u00e0s 16h para senadores e \u00e0s 19h novamente para deputados. O comando ser\u00e1 do vice-presidente do Congresso, Marcelo Ramos (PL-AM). O presidente Rodrigo Pacheco (DEM-MG) n\u00e3o estar\u00e1 presente por \u201cagendas pr\u00e9-marcadas e reuni\u00f5es de trabalho\u201d.<\/p>\n<p>Entre os itens analisados est\u00e1 o veto total ao projeto que altera o Estatuto da Crian\u00e7a e do Adolescente (ECA), determinando que a ado\u00e7\u00e3o de uma crian\u00e7a ou adolescente s\u00f3 pode ser concretizada ap\u00f3s fracassadas todas as tentativas de reinser\u00e7\u00e3o familiar. Segundo a Presid\u00eancia da Rep\u00fablica, o veto aconteceu porque a medida prolongaria o tempo de espera para a ado\u00e7\u00e3o.<\/p>\n<p>Os parlamentares tamb\u00e9m analisar\u00e3o o veto total ao projeto que institui as federa\u00e7\u00f5es partid\u00e1rias, que permitiria aos partidos pol\u00edticos se unirem para atuarem como uma s\u00f3 legenda, al\u00e9m do veto parcial que modificou a privatiza\u00e7\u00e3o da Eletrobras, na qual foram derrubados artigos como a possibilidade de empregados demitidos ap\u00f3s a privatiza\u00e7\u00e3o ser alocados em outras empresas p\u00fablicas.<\/p>\n<p>Em rela\u00e7\u00e3o aos projetos de lei, ser\u00e1 discutido a altera\u00e7\u00e3o na Lei de Diretrizes Or\u00e7ament\u00e1rias (LDO) para a cria\u00e7\u00e3o de um novo programa de transfer\u00eancia de renda m\u00ednima, o chamado Aux\u00edlio Brasil, em substitui\u00e7\u00e3o ao Bolsa Fam\u00edlia. Ainda ser\u00e1 discutido o projeto de cria\u00e7\u00e3o de cr\u00e9dito suplementar que atenda as despesas de assist\u00eancia social durante a pandemia.<\/p>\n<h2>Vetos presidenciais<\/h2>\n<h3>Veto parcial ao Programa de Acompanhamento e Transpar\u00eancia Fiscal<\/h3>\n<p>Veto parcial ao Projeto de Lei Complementar n\u00ba 101, de 2020, que institui o Programa de Acompanhamento e Transpar\u00eancia Fiscal, cujo objetivo \u00e9 refor\u00e7ar a transpar\u00eancia fiscal dos estados, munic\u00edpios e do Distrito Federal e compatibilizar as pol\u00edticas fiscais com a Uni\u00e3o.<\/p>\n<h3>Veto total a ado\u00e7\u00e3o ap\u00f3s fracassada a reinser\u00e7\u00e3o familiar<\/h3>\n<p>Veto total ao Projeto de Lei do Senado n\u00ba 379, de 2012, que altera o Estatuto da Crian\u00e7a e do Adolescente (ECA) determinando que a ado\u00e7\u00e3o de uma crian\u00e7a s\u00f3 pode ser concretizada ap\u00f3s todas as tentativas de reinser\u00e7\u00e3o familiar serem fracassadas.<\/p>\n<h3>Veto parcial a cria\u00e7\u00e3o do Programa Pr\u00f3-Leitos<\/h3>\n<p>Veto parcial ao Projeto de Lei n\u00ba 1.010 de 2021 que cria o Programa Pr\u00f3-Leitos, que permite a contrata\u00e7\u00e3o por pessoas jur\u00eddicas e f\u00edsicas, com recursos pr\u00f3prios, de leitos particulares de Unidade de Terapia Intensiva (UTI), para utiliza\u00e7\u00e3o do Sistema \u00danico de Sa\u00fade (SUS) enquanto durar a pandemia da Covid-19.<\/p>\n<h3>Veto parcial as a\u00e7\u00f5es emergenciais ao setor de eventos<\/h3>\n<p>Veto parcial aposto ao Projeto de Lei n\u00ba 5.638, de 2020, que realiza a\u00e7\u00f5es emergenciais e tempor\u00e1rias ao setor de eventos para compensar os danos econ\u00f4micos provocados pelas medidas de preven\u00e7\u00e3o da Covid-19.<\/p>\n<h3>Veto total a prorroga\u00e7\u00e3o da declara\u00e7\u00e3o de ajuste anual de Importo de Renda<\/h3>\n<p>Veto total ao Projeto de Lei n\u00ba 639 de 2021 que prorroga o prazo para apresenta\u00e7\u00e3o da declara\u00e7\u00e3o de ajuste anual do Imposto de Renda da Pessoa F\u00edsica (IRPF) em 2021, referente ao ano de 2020.<\/p>\n<h3>Veto parcial ao marco legal das startups<\/h3>\n<p>Veto parcial ao Projeto de Lei Complementar n\u00ba 146 de 2019 que institui o marco legal das startups e do empreendedorismo inovador.<\/p>\n<h3>Veto parcial a utiliza\u00e7\u00e3o permanente do Pronampe<\/h3>\n<p>Veto parcial ao Projeto de Lei n\u00ba 5.575, de 2020 que permite a utiliza\u00e7\u00e3o do Programa Nacional de Apoio \u00e0s Microempresas e Empresas de Pequeno Porte (Pronampe) de forma permanente, como politica de cr\u00e9dito, dando tratamento especial \u00e0s micros e pequenas empresas.<\/p>\n<h3>Veto total na inclus\u00e3o de l\u00fapus e epilepsia para dispensa de car\u00eancia de aux\u00edlio-doen\u00e7a e aposentadoria por invalidez<\/h3>\n<p>Veto total ao Projeto de Lei do Senado n\u00ba 293, de 2009 que inclui o l\u00fapus e a epilepsia na lista de doen\u00e7as que dispensam o prazo de car\u00eancia para concess\u00e3o aos benef\u00edcios de aux\u00edlio-doen\u00e7a e aposentadoria por invalidez.<\/p>\n<h3>Veto parcial para empregados demitidos da Eletrobras p\u00f3s-privatiza\u00e7\u00e3o comprarem a\u00e7\u00f5es da empresa<\/h3>\n<p>Veto parcial ao Projeto de Lei de Convers\u00e3o n\u00ba 7, de 2021 sobre a desestatiza\u00e7\u00e3o da Eletrobras, que veta a possibilidade de empregados demitidos ap\u00f3s a privatiza\u00e7\u00e3o de comprarem a\u00e7\u00f5es da empresa e de serem contratados por outras empresas p\u00fablicas.<\/p>\n<h3>Veto parcial para uso de ind\u00fastrias de vacinas veterin\u00e1rias para a produ\u00e7\u00e3o de insumos para vacinas contra a Covid-19<\/h3>\n<p>Veto parcial ao Projeto de Lei n\u00ba 1.343, de 2021 que autoriza industrias de fabrica\u00e7\u00e3o de vacinas para uso veterin\u00e1rio a produzirem Insumo Farmac\u00eautico Ativo (IFA) utilizados em vacinas contra a Covid-19 produzidas no Brasil.<\/p>\n<h3>Veto total para a amplia\u00e7\u00e3o de acesso a tratamentos antineopl\u00e1sicos para usu\u00e1rios de plano de sa\u00fade<\/h3>\n<p>Veto total ao Projeto de Lei n\u00ba 6.330 de 2019 que amplia o acesso a tratamentos antineopl\u00e1sicos domiciliares de uso oral para usu\u00e1rios de planos de sa\u00fade.<\/p>\n<h3>Veto total a suspens\u00e3o de desocupa\u00e7\u00e3o de im\u00f3veis privados e p\u00fablicos durante a pandemia<\/h3>\n<p>Veto total ao Projeto de Lei n\u00ba 827, de 2020 que suspende o cumprimento de medidas judiciais para a desocupa\u00e7\u00e3o ou remo\u00e7\u00e3o de pessoas em im\u00f3veis p\u00fablicos e privados durante a pandemia da Covid-19.<\/p>\n<h3>Veto parcial a Lei de Seguran\u00e7a Nacional (LDN)<\/h3>\n<p>Veto parcial ao Projeto de Lei n\u00ba 2.108, de 2021 que altera a Lei de Seguran\u00e7a Nacional (LDN) que previa puni\u00e7\u00f5es para quem tentasse impedir manifesta\u00e7\u00f5es.<\/p>\n<h3>Veto parcial a medidas alternativas de prova de vida durante a pandemia<\/h3>\n<p>Veto parcial ao Projeto de Lei n\u00ba 385 de 2021 que traz medidas alternativas para prova de vida aos benefici\u00e1rios do Instituto Nacional do Seguro Social (INSS) durante a pandemia da Covid-19.<\/p>\n<h3>Veto total as federa\u00e7\u00f5es partid\u00e1rias<\/h3>\n<p>Veto total ao Projeto de Lei do Senado n\u00ba 477, de 2015 que institui as federa\u00e7\u00f5es partid\u00e1rias, que faria com que os partidos pudessem se unir e atuar como apenas uma legenda.<\/p>\n<h3>Veto ao patroc\u00ednio das empresas detentoras de direitos de transmiss\u00e3o aos clubes esportivos<\/h3>\n<p>Veto parcial ao Projeto de Lei n\u00ba 2.336, de 2021, conhecida como \u201cLei do Mandante\u201d, onde foi vetado o artigo que permitia as empresas detentoras dos direitos de transmiss\u00e3o de patrocinar os clubes esportivos.<\/p>\n<h2>Projetos de Lei<\/h2>\n<h3>Altera\u00e7\u00f5es na Lei de Diretrizes Or\u00e7ament\u00e1rias (LDO)<\/h3>\n<p>O Projeto de Lei 12\/21 promove altera\u00e7\u00f5es na Lei de Diretrizes Or\u00e7ament\u00e1rias (LDO), com medidas que visam abrir espa\u00e7o para a cria\u00e7\u00e3o de um novo programa federal de renda m\u00ednima, em substitui\u00e7\u00e3o ao Bolsa Fam\u00edlia.<\/p>\n<h3>Abertura de cr\u00e9dito suplementar para despesas de assist\u00eancia social na pandemia da Covid-19<\/h3>\n<p>O Projeto de Lei 13\/21 permite a abertura de cr\u00e9dito suplementar que atenda as despesas de assist\u00eancia social para o enfrentamento da pandemia da Covid-19 com recursos do Aux\u00edlio Brasil, programa que substituiu o Bolsa Fam\u00edlia.<\/p>\n<h3>Cria\u00e7\u00e3o de R$ 2,8 bilh\u00f5es de cr\u00e9dito para desestatizar o metr\u00f4 de Belo Horizonte<\/h3>\n<p>O Projeto de Lei 15\/21 cria um cr\u00e9dito especial de R$ 2,8 bilh\u00f5es para a reestrutura\u00e7\u00e3o societ\u00e1ria da Companhia Brasileira de Trens Urbanos (CBTU), visando desestatizar o metr\u00f4 de Belo Horizonte.<\/p>\n<p>Fonte: CNN Brasil.<\/p>\n","protected":false},"excerpt":{"rendered":"<p>O Congresso Nacional se reunir\u00e1 nesta segunda-feira (27) para analisar 36 vetos presidenciais e tr\u00eas projetos de lei. A sess\u00e3o ser\u00e1 divida em tr\u00eas partes: \u00e0s 10h para deputados, \u00e0s 16h para senadores e \u00e0s 19h novamente para deputados. O comando ser\u00e1 do vice-presidente do Congresso, Marcelo Ramos (PL-AM). O presidente Rodrigo Pacheco (DEM-MG) n\u00e3o [&hellip;]<\/p>\n","protected":false},"author":5,"featured_media":24502,"comment_status":"open","ping_status":"open","sticky":false,"template":"","format":"standard","meta":{"footnotes":""},"categories":[68],"tags":[],"class_list":{"0":"post-24501","1":"post","2":"type-post","3":"status-publish","4":"format-standard","5":"has-post-thumbnail","7":"category-brasil"},"yoast_head":"<!-- This site is optimized with the Yoast SEO Premium plugin v24.5 (Yoast SEO v27.5) - https:\/\/yoast.com\/product\/yoast-seo-premium-wordpress\/ -->\n<title>Congresso analisa vetos presidenciais e projetos de lei nesta segunda-feira (27) - P31<\/title>\n<meta name=\"robots\" content=\"index, follow, max-snippet:-1, max-image-preview:large, max-video-preview:-1\" \/>\n<link rel=\"canonical\" href=\"https:\/\/www.p31noticias.com.br\/?p=24501\" \/>\n<meta property=\"og:locale\" content=\"pt_BR\" \/>\n<meta property=\"og:type\" content=\"article\" \/>\n<meta property=\"og:title\" content=\"Congresso analisa vetos presidenciais e projetos de lei nesta segunda-feira (27)\" \/>\n<meta property=\"og:description\" content=\"O Congresso Nacional se reunir\u00e1 nesta segunda-feira (27) para analisar 36 vetos presidenciais e tr\u00eas projetos de lei. A sess\u00e3o ser\u00e1 divida em tr\u00eas partes: \u00e0s 10h para deputados, \u00e0s 16h para senadores e \u00e0s 19h novamente para deputados. O comando ser\u00e1 do vice-presidente do Congresso, Marcelo Ramos (PL-AM). O presidente Rodrigo Pacheco (DEM-MG) n\u00e3o [&hellip;]\" \/>\n<meta property=\"og:url\" content=\"https:\/\/www.p31noticias.com.br\/?p=24501\" \/>\n<meta property=\"og:site_name\" content=\"P31\" \/>\n<meta property=\"article:published_time\" content=\"2021-09-27T13:35:35+00:00\" \/>\n<meta property=\"og:image\" content=\"https:\/\/www.p31noticias.com.br\/wp-content\/uploads\/2021\/09\/pzzb2009-2.jpg\" \/>\n\t<meta property=\"og:image:width\" content=\"864\" \/>\n\t<meta property=\"og:image:height\" content=\"484\" \/>\n\t<meta property=\"og:image:type\" content=\"image\/jpeg\" \/>\n<meta name=\"author\" content=\"Camilly Scheffer\" \/>\n<meta name=\"twitter:card\" content=\"summary_large_image\" \/>\n<meta name=\"twitter:label1\" content=\"Escrito por\" \/>\n\t<meta name=\"twitter:data1\" content=\"Camilly Scheffer\" \/>\n\t<meta name=\"twitter:label2\" content=\"Est. tempo de leitura\" \/>\n\t<meta name=\"twitter:data2\" content=\"6 minutos\" \/>\n<script type=\"application\/ld+json\" class=\"yoast-schema-graph\">{\"@context\":\"https:\\\/\\\/schema.org\",\"@graph\":[{\"@type\":\"Article\",\"@id\":\"https:\\\/\\\/www.p31noticias.com.br\\\/?p=24501#article\",\"isPartOf\":{\"@id\":\"https:\\\/\\\/www.p31noticias.com.br\\\/?p=24501\"},\"author\":{\"name\":\"Camilly Scheffer\",\"@id\":\"https:\\\/\\\/www.p31noticias.com.br\\\/#\\\/schema\\\/person\\\/d1bb0ccbf62b27e19ea4e75696908d43\"},\"headline\":\"Congresso analisa vetos presidenciais e projetos de lei nesta segunda-feira (27)\",\"datePublished\":\"2021-09-27T13:35:35+00:00\",\"mainEntityOfPage\":{\"@id\":\"https:\\\/\\\/www.p31noticias.com.br\\\/?p=24501\"},\"wordCount\":1246,\"commentCount\":0,\"image\":{\"@id\":\"https:\\\/\\\/www.p31noticias.com.br\\\/?p=24501#primaryimage\"},\"thumbnailUrl\":\"https:\\\/\\\/www.p31noticias.com.br\\\/wp-content\\\/uploads\\\/2021\\\/09\\\/pzzb2009-2.jpg\",\"articleSection\":[\"Brasil\"],\"inLanguage\":\"pt-BR\",\"potentialAction\":[{\"@type\":\"CommentAction\",\"name\":\"Comment\",\"target\":[\"https:\\\/\\\/www.p31noticias.com.br\\\/?p=24501#respond\"]}],\"copyrightYear\":\"2021\",\"copyrightHolder\":{\"@id\":\"https:\\\/\\\/www.p31noticias.com.br\\\/#organization\"}},{\"@type\":\"WebPage\",\"@id\":\"https:\\\/\\\/www.p31noticias.com.br\\\/?p=24501\",\"url\":\"https:\\\/\\\/www.p31noticias.com.br\\\/?p=24501\",\"name\":\"Congresso analisa vetos presidenciais e projetos de lei nesta segunda-feira (27) - P31\",\"isPartOf\":{\"@id\":\"https:\\\/\\\/www.p31noticias.com.br\\\/#website\"},\"primaryImageOfPage\":{\"@id\":\"https:\\\/\\\/www.p31noticias.com.br\\\/?p=24501#primaryimage\"},\"image\":{\"@id\":\"https:\\\/\\\/www.p31noticias.com.br\\\/?p=24501#primaryimage\"},\"thumbnailUrl\":\"https:\\\/\\\/www.p31noticias.com.br\\\/wp-content\\\/uploads\\\/2021\\\/09\\\/pzzb2009-2.jpg\",\"datePublished\":\"2021-09-27T13:35:35+00:00\",\"author\":{\"@id\":\"https:\\\/\\\/www.p31noticias.com.br\\\/#\\\/schema\\\/person\\\/d1bb0ccbf62b27e19ea4e75696908d43\"},\"breadcrumb\":{\"@id\":\"https:\\\/\\\/www.p31noticias.com.br\\\/?p=24501#breadcrumb\"},\"inLanguage\":\"pt-BR\",\"potentialAction\":[{\"@type\":\"ReadAction\",\"target\":[\"https:\\\/\\\/www.p31noticias.com.br\\\/?p=24501\"]}]},{\"@type\":\"ImageObject\",\"inLanguage\":\"pt-BR\",\"@id\":\"https:\\\/\\\/www.p31noticias.com.br\\\/?p=24501#primaryimage\",\"url\":\"https:\\\/\\\/www.p31noticias.com.br\\\/wp-content\\\/uploads\\\/2021\\\/09\\\/pzzb2009-2.jpg\",\"contentUrl\":\"https:\\\/\\\/www.p31noticias.com.br\\\/wp-content\\\/uploads\\\/2021\\\/09\\\/pzzb2009-2.jpg\",\"width\":864,\"height\":484},{\"@type\":\"BreadcrumbList\",\"@id\":\"https:\\\/\\\/www.p31noticias.com.br\\\/?p=24501#breadcrumb\",\"itemListElement\":[{\"@type\":\"ListItem\",\"position\":1,\"name\":\"In\u00edcio\",\"item\":\"https:\\\/\\\/www.p31noticias.com.br\\\/\"},{\"@type\":\"ListItem\",\"position\":2,\"name\":\"Congresso analisa vetos presidenciais e projetos de lei nesta segunda-feira (27)\"}]},{\"@type\":\"WebSite\",\"@id\":\"https:\\\/\\\/www.p31noticias.com.br\\\/#website\",\"url\":\"https:\\\/\\\/www.p31noticias.com.br\\\/\",\"name\":\"P31\",\"description\":\"NOT\u00cdCIAS\",\"potentialAction\":[{\"@type\":\"SearchAction\",\"target\":{\"@type\":\"EntryPoint\",\"urlTemplate\":\"https:\\\/\\\/www.p31noticias.com.br\\\/?s={search_term_string}\"},\"query-input\":{\"@type\":\"PropertyValueSpecification\",\"valueRequired\":true,\"valueName\":\"search_term_string\"}}],\"inLanguage\":\"pt-BR\"},{\"@type\":\"Person\",\"@id\":\"https:\\\/\\\/www.p31noticias.com.br\\\/#\\\/schema\\\/person\\\/d1bb0ccbf62b27e19ea4e75696908d43\",\"name\":\"Camilly Scheffer\",\"image\":{\"@type\":\"ImageObject\",\"inLanguage\":\"pt-BR\",\"@id\":\"https:\\\/\\\/secure.gravatar.com\\\/avatar\\\/06f4704b382d241ec2670712618fccea085b2db24d7b2d3b8691d904bbc1d557?s=96&d=mm&r=g\",\"url\":\"https:\\\/\\\/secure.gravatar.com\\\/avatar\\\/06f4704b382d241ec2670712618fccea085b2db24d7b2d3b8691d904bbc1d557?s=96&d=mm&r=g\",\"contentUrl\":\"https:\\\/\\\/secure.gravatar.com\\\/avatar\\\/06f4704b382d241ec2670712618fccea085b2db24d7b2d3b8691d904bbc1d557?s=96&d=mm&r=g\",\"caption\":\"Camilly Scheffer\"},\"url\":\"https:\\\/\\\/www.p31noticias.com.br\\\/?author=5\"}]}<\/script>\n<!-- \/ Yoast SEO Premium plugin. -->","yoast_head_json":{"title":"Congresso analisa vetos presidenciais e projetos de lei nesta segunda-feira (27) - P31","robots":{"index":"index","follow":"follow","max-snippet":"max-snippet:-1","max-image-preview":"max-image-preview:large","max-video-preview":"max-video-preview:-1"},"canonical":"https:\/\/www.p31noticias.com.br\/?p=24501","og_locale":"pt_BR","og_type":"article","og_title":"Congresso analisa vetos presidenciais e projetos de lei nesta segunda-feira (27)","og_description":"O Congresso Nacional se reunir\u00e1 nesta segunda-feira (27) para analisar 36 vetos presidenciais e tr\u00eas projetos de lei. A sess\u00e3o ser\u00e1 divida em tr\u00eas partes: \u00e0s 10h para deputados, \u00e0s 16h para senadores e \u00e0s 19h novamente para deputados. O comando ser\u00e1 do vice-presidente do Congresso, Marcelo Ramos (PL-AM). O presidente Rodrigo Pacheco (DEM-MG) n\u00e3o [&hellip;]","og_url":"https:\/\/www.p31noticias.com.br\/?p=24501","og_site_name":"P31","article_published_time":"2021-09-27T13:35:35+00:00","og_image":[{"width":864,"height":484,"url":"https:\/\/www.p31noticias.com.br\/wp-content\/uploads\/2021\/09\/pzzb2009-2.jpg","type":"image\/jpeg"}],"author":"Camilly Scheffer","twitter_card":"summary_large_image","twitter_misc":{"Escrito por":"Camilly Scheffer","Est. tempo de leitura":"6 minutos"},"schema":{"@context":"https:\/\/schema.org","@graph":[{"@type":"Article","@id":"https:\/\/www.p31noticias.com.br\/?p=24501#article","isPartOf":{"@id":"https:\/\/www.p31noticias.com.br\/?p=24501"},"author":{"name":"Camilly Scheffer","@id":"https:\/\/www.p31noticias.com.br\/#\/schema\/person\/d1bb0ccbf62b27e19ea4e75696908d43"},"headline":"Congresso analisa vetos presidenciais e projetos de lei nesta segunda-feira (27)","datePublished":"2021-09-27T13:35:35+00:00","mainEntityOfPage":{"@id":"https:\/\/www.p31noticias.com.br\/?p=24501"},"wordCount":1246,"commentCount":0,"image":{"@id":"https:\/\/www.p31noticias.com.br\/?p=24501#primaryimage"},"thumbnailUrl":"https:\/\/www.p31noticias.com.br\/wp-content\/uploads\/2021\/09\/pzzb2009-2.jpg","articleSection":["Brasil"],"inLanguage":"pt-BR","potentialAction":[{"@type":"CommentAction","name":"Comment","target":["https:\/\/www.p31noticias.com.br\/?p=24501#respond"]}],"copyrightYear":"2021","copyrightHolder":{"@id":"https:\/\/www.p31noticias.com.br\/#organization"}},{"@type":"WebPage","@id":"https:\/\/www.p31noticias.com.br\/?p=24501","url":"https:\/\/www.p31noticias.com.br\/?p=24501","name":"Congresso analisa vetos presidenciais e projetos de lei nesta segunda-feira (27) - P31","isPartOf":{"@id":"https:\/\/www.p31noticias.com.br\/#website"},"primaryImageOfPage":{"@id":"https:\/\/www.p31noticias.com.br\/?p=24501#primaryimage"},"image":{"@id":"https:\/\/www.p31noticias.com.br\/?p=24501#primaryimage"},"thumbnailUrl":"https:\/\/www.p31noticias.com.br\/wp-content\/uploads\/2021\/09\/pzzb2009-2.jpg","datePublished":"2021-09-27T13:35:35+00:00","author":{"@id":"https:\/\/www.p31noticias.com.br\/#\/schema\/person\/d1bb0ccbf62b27e19ea4e75696908d43"},"breadcrumb":{"@id":"https:\/\/www.p31noticias.com.br\/?p=24501#breadcrumb"},"inLanguage":"pt-BR","potentialAction":[{"@type":"ReadAction","target":["https:\/\/www.p31noticias.com.br\/?p=24501"]}]},{"@type":"ImageObject","inLanguage":"pt-BR","@id":"https:\/\/www.p31noticias.com.br\/?p=24501#primaryimage","url":"https:\/\/www.p31noticias.com.br\/wp-content\/uploads\/2021\/09\/pzzb2009-2.jpg","contentUrl":"https:\/\/www.p31noticias.com.br\/wp-content\/uploads\/2021\/09\/pzzb2009-2.jpg","width":864,"height":484},{"@type":"BreadcrumbList","@id":"https:\/\/www.p31noticias.com.br\/?p=24501#breadcrumb","itemListElement":[{"@type":"ListItem","position":1,"name":"In\u00edcio","item":"https:\/\/www.p31noticias.com.br\/"},{"@type":"ListItem","position":2,"name":"Congresso analisa vetos presidenciais e projetos de lei nesta segunda-feira (27)"}]},{"@type":"WebSite","@id":"https:\/\/www.p31noticias.com.br\/#website","url":"https:\/\/www.p31noticias.com.br\/","name":"P31","description":"NOT\u00cdCIAS","potentialAction":[{"@type":"SearchAction","target":{"@type":"EntryPoint","urlTemplate":"https:\/\/www.p31noticias.com.br\/?s={search_term_string}"},"query-input":{"@type":"PropertyValueSpecification","valueRequired":true,"valueName":"search_term_string"}}],"inLanguage":"pt-BR"},{"@type":"Person","@id":"https:\/\/www.p31noticias.com.br\/#\/schema\/person\/d1bb0ccbf62b27e19ea4e75696908d43","name":"Camilly Scheffer","image":{"@type":"ImageObject","inLanguage":"pt-BR","@id":"https:\/\/secure.gravatar.com\/avatar\/06f4704b382d241ec2670712618fccea085b2db24d7b2d3b8691d904bbc1d557?s=96&d=mm&r=g","url":"https:\/\/secure.gravatar.com\/avatar\/06f4704b382d241ec2670712618fccea085b2db24d7b2d3b8691d904bbc1d557?s=96&d=mm&r=g","contentUrl":"https:\/\/secure.gravatar.com\/avatar\/06f4704b382d241ec2670712618fccea085b2db24d7b2d3b8691d904bbc1d557?s=96&d=mm&r=g","caption":"Camilly Scheffer"},"url":"https:\/\/www.p31noticias.com.br\/?author=5"}]}},"amp_enabled":true,"_links":{"self":[{"href":"https:\/\/www.p31noticias.com.br\/index.php?rest_route=\/wp\/v2\/posts\/24501","targetHints":{"allow":["GET"]}}],"collection":[{"href":"https:\/\/www.p31noticias.com.br\/index.php?rest_route=\/wp\/v2\/posts"}],"about":[{"href":"https:\/\/www.p31noticias.com.br\/index.php?rest_route=\/wp\/v2\/types\/post"}],"author":[{"embeddable":true,"href":"https:\/\/www.p31noticias.com.br\/index.php?rest_route=\/wp\/v2\/users\/5"}],"replies":[{"embeddable":true,"href":"https:\/\/www.p31noticias.com.br\/index.php?rest_route=%2Fwp%2Fv2%2Fcomments&post=24501"}],"version-history":[{"count":1,"href":"https:\/\/www.p31noticias.com.br\/index.php?rest_route=\/wp\/v2\/posts\/24501\/revisions"}],"predecessor-version":[{"id":24503,"href":"https:\/\/www.p31noticias.com.br\/index.php?rest_route=\/wp\/v2\/posts\/24501\/revisions\/24503"}],"wp:featuredmedia":[{"embeddable":true,"href":"https:\/\/www.p31noticias.com.br\/index.php?rest_route=\/wp\/v2\/media\/24502"}],"wp:attachment":[{"href":"https:\/\/www.p31noticias.com.br\/index.php?rest_route=%2Fwp%2Fv2%2Fmedia&parent=24501"}],"wp:term":[{"taxonomy":"category","embeddable":true,"href":"https:\/\/www.p31noticias.com.br\/index.php?rest_route=%2Fwp%2Fv2%2Fcategories&post=24501"},{"taxonomy":"post_tag","embeddable":true,"href":"https:\/\/www.p31noticias.com.br\/index.php?rest_route=%2Fwp%2Fv2%2Ftags&post=24501"}],"curies":[{"name":"wp","href":"https:\/\/api.w.org\/{rel}","templated":true}]}}