{"id":24456,"date":"2021-09-22T11:17:58","date_gmt":"2021-09-22T14:17:58","guid":{"rendered":"https:\/\/p31noticias.com.br\/?p=24456"},"modified":"2021-09-22T11:17:58","modified_gmt":"2021-09-22T14:17:58","slug":"policia-prende-homem-suspeito-de-ter-assaltado-estuprado-e-matado-idosa-em-xerem-duque-de-caxias","status":"publish","type":"post","link":"https:\/\/www.p31noticias.com.br\/?p=24456","title":{"rendered":"Pol\u00edcia prende homem suspeito de ter assaltado, estuprado e matado idosa em Xer\u00e9m, Duque de Caxias"},"content":{"rendered":"<div class=\"mc-column content-text active-extra-styles \" data-block-type=\"unstyled\" data-block-weight=\"38\" data-block-id=\"2\">\n<p class=\"content-text__container \" data-track-category=\"Link no Texto\" data-track-links=\"\">Policiais da 61\u00aa DP (Xer\u00e9m) prenderam um homem suspeito de ter roubado, agredido, estuprado e matado Jeucy Concei\u00e7\u00e3o do Ros\u00e1rio, de 68 anos. O crime aconteceu na \u00faltima quarta-feira (15), em Xer\u00e9m, Duque de Caxias, na Baixada Fluminense.<\/p>\n<\/div>\n<div class=\"wall protected-content\">\n<div class=\"mc-column content-text active-extra-styles \" data-block-type=\"unstyled\" data-block-weight=\"33\" data-block-id=\"3\">\n<p class=\"content-text__container \" data-track-category=\"Link no Texto\" data-track-links=\"\">Ap\u00f3s ouvirem testemunhas, os investigadores chegaram ao receptador do celular que foi roubado da v\u00edtima. A partir da\u00ed, eles conseguiram encontrar e prender o suspeito que, durante depoimento, confessou ter praticado o estupro.<\/p>\n<\/div>\n<div class=\"mc-column content-text active-extra-styles \" data-block-type=\"unstyled\" data-block-weight=\"45\" data-block-id=\"4\">\n<p class=\"content-text__container \" data-track-category=\"Link no Texto\" data-track-links=\"\">Um detalhe chamou a aten\u00e7\u00e3o da pol\u00edcia: no celular que foi roubado da v\u00edtima, os policiais encontraram fotos de um baile funk na comunidade da Vila Ideal, tamb\u00e9m em Caxias &#8211; evento do qual o suspeito confirmou ter participado logo ap\u00f3s ter cometido o crime.<\/p>\n<\/div>\n<div class=\"mc-column content-text active-extra-styles \" data-block-type=\"unstyled\" data-block-weight=\"21\" data-block-id=\"5\">\n<p class=\"content-text__container \" data-track-category=\"Link no Texto\" data-track-links=\"\">O suspeito foi levado \u00e0 61 DP e depois, por conta do pedido de pris\u00e3o preventiva, transferido para o sistema prisional.<\/p>\n<p data-track-category=\"Link no Texto\" data-track-links=\"\">Fonte: G1.<\/p>\n<\/div>\n<\/div>\n","protected":false},"excerpt":{"rendered":"<p>Policiais da 61\u00aa DP (Xer\u00e9m) prenderam um homem suspeito de ter roubado, agredido, estuprado e matado Jeucy Concei\u00e7\u00e3o do Ros\u00e1rio, de 68 anos. O crime aconteceu na \u00faltima quarta-feira (15), em Xer\u00e9m, Duque de Caxias, na Baixada Fluminense. Ap\u00f3s ouvirem testemunhas, os investigadores chegaram ao receptador do celular que foi roubado da v\u00edtima. A partir [&hellip;]<\/p>\n","protected":false},"author":5,"featured_media":24457,"comment_status":"open","ping_status":"open","sticky":false,"template":"","format":"standard","meta":{"footnotes":""},"categories":[1],"tags":[],"class_list":{"0":"post-24456","1":"post","2":"type-post","3":"status-publish","4":"format-standard","5":"has-post-thumbnail","7":"category-outros"},"yoast_head":"<!-- This site is optimized with the Yoast SEO Premium plugin v24.5 (Yoast SEO v27.5) - https:\/\/yoast.com\/product\/yoast-seo-premium-wordpress\/ -->\n<title>Pol\u00edcia prende homem suspeito de ter assaltado, estuprado e matado idosa em Xer\u00e9m, Duque de Caxias - P31<\/title>\n<meta name=\"robots\" content=\"index, follow, max-snippet:-1, max-image-preview:large, max-video-preview:-1\" \/>\n<link rel=\"canonical\" href=\"https:\/\/www.p31noticias.com.br\/?p=24456\" \/>\n<meta property=\"og:locale\" content=\"pt_BR\" \/>\n<meta property=\"og:type\" content=\"article\" \/>\n<meta property=\"og:title\" content=\"Pol\u00edcia prende homem suspeito de ter assaltado, estuprado e matado idosa em Xer\u00e9m, Duque de Caxias\" \/>\n<meta property=\"og:description\" content=\"Policiais da 61\u00aa DP (Xer\u00e9m) prenderam um homem suspeito de ter roubado, agredido, estuprado e matado Jeucy Concei\u00e7\u00e3o do Ros\u00e1rio, de 68 anos. O crime aconteceu na \u00faltima quarta-feira (15), em Xer\u00e9m, Duque de Caxias, na Baixada Fluminense. Ap\u00f3s ouvirem testemunhas, os investigadores chegaram ao receptador do celular que foi roubado da v\u00edtima. A partir [&hellip;]\" \/>\n<meta property=\"og:url\" content=\"https:\/\/www.p31noticias.com.br\/?p=24456\" \/>\n<meta property=\"og:site_name\" content=\"P31\" \/>\n<meta property=\"article:published_time\" content=\"2021-09-22T14:17:58+00:00\" \/>\n<meta property=\"og:image\" content=\"https:\/\/www.p31noticias.com.br\/wp-content\/uploads\/2021\/09\/prisao-xerem.jpg\" \/>\n\t<meta property=\"og:image:width\" content=\"984\" \/>\n\t<meta property=\"og:image:height\" content=\"480\" \/>\n\t<meta property=\"og:image:type\" content=\"image\/jpeg\" \/>\n<meta name=\"author\" content=\"Camilly Scheffer\" \/>\n<meta name=\"twitter:card\" content=\"summary_large_image\" \/>\n<meta name=\"twitter:label1\" content=\"Escrito por\" \/>\n\t<meta name=\"twitter:data1\" content=\"Camilly Scheffer\" \/>\n\t<meta name=\"twitter:label2\" content=\"Est. tempo de leitura\" \/>\n\t<meta name=\"twitter:data2\" content=\"1 minuto\" \/>\n<script type=\"application\/ld+json\" class=\"yoast-schema-graph\">{\"@context\":\"https:\\\/\\\/schema.org\",\"@graph\":[{\"@type\":\"Article\",\"@id\":\"https:\\\/\\\/www.p31noticias.com.br\\\/?p=24456#article\",\"isPartOf\":{\"@id\":\"https:\\\/\\\/www.p31noticias.com.br\\\/?p=24456\"},\"author\":{\"name\":\"Camilly Scheffer\",\"@id\":\"https:\\\/\\\/www.p31noticias.com.br\\\/#\\\/schema\\\/person\\\/d1bb0ccbf62b27e19ea4e75696908d43\"},\"headline\":\"Pol\u00edcia prende homem suspeito de ter assaltado, estuprado e matado idosa em Xer\u00e9m, Duque de Caxias\",\"datePublished\":\"2021-09-22T14:17:58+00:00\",\"mainEntityOfPage\":{\"@id\":\"https:\\\/\\\/www.p31noticias.com.br\\\/?p=24456\"},\"wordCount\":164,\"commentCount\":0,\"image\":{\"@id\":\"https:\\\/\\\/www.p31noticias.com.br\\\/?p=24456#primaryimage\"},\"thumbnailUrl\":\"https:\\\/\\\/www.p31noticias.com.br\\\/wp-content\\\/uploads\\\/2021\\\/09\\\/prisao-xerem.jpg\",\"articleSection\":[\"Outros\"],\"inLanguage\":\"pt-BR\",\"potentialAction\":[{\"@type\":\"CommentAction\",\"name\":\"Comment\",\"target\":[\"https:\\\/\\\/www.p31noticias.com.br\\\/?p=24456#respond\"]}],\"copyrightYear\":\"2021\",\"copyrightHolder\":{\"@id\":\"https:\\\/\\\/www.p31noticias.com.br\\\/#organization\"}},{\"@type\":\"WebPage\",\"@id\":\"https:\\\/\\\/www.p31noticias.com.br\\\/?p=24456\",\"url\":\"https:\\\/\\\/www.p31noticias.com.br\\\/?p=24456\",\"name\":\"Pol\u00edcia prende homem suspeito de ter assaltado, estuprado e matado idosa em Xer\u00e9m, Duque de Caxias - P31\",\"isPartOf\":{\"@id\":\"https:\\\/\\\/www.p31noticias.com.br\\\/#website\"},\"primaryImageOfPage\":{\"@id\":\"https:\\\/\\\/www.p31noticias.com.br\\\/?p=24456#primaryimage\"},\"image\":{\"@id\":\"https:\\\/\\\/www.p31noticias.com.br\\\/?p=24456#primaryimage\"},\"thumbnailUrl\":\"https:\\\/\\\/www.p31noticias.com.br\\\/wp-content\\\/uploads\\\/2021\\\/09\\\/prisao-xerem.jpg\",\"datePublished\":\"2021-09-22T14:17:58+00:00\",\"author\":{\"@id\":\"https:\\\/\\\/www.p31noticias.com.br\\\/#\\\/schema\\\/person\\\/d1bb0ccbf62b27e19ea4e75696908d43\"},\"breadcrumb\":{\"@id\":\"https:\\\/\\\/www.p31noticias.com.br\\\/?p=24456#breadcrumb\"},\"inLanguage\":\"pt-BR\",\"potentialAction\":[{\"@type\":\"ReadAction\",\"target\":[\"https:\\\/\\\/www.p31noticias.com.br\\\/?p=24456\"]}]},{\"@type\":\"ImageObject\",\"inLanguage\":\"pt-BR\",\"@id\":\"https:\\\/\\\/www.p31noticias.com.br\\\/?p=24456#primaryimage\",\"url\":\"https:\\\/\\\/www.p31noticias.com.br\\\/wp-content\\\/uploads\\\/2021\\\/09\\\/prisao-xerem.jpg\",\"contentUrl\":\"https:\\\/\\\/www.p31noticias.com.br\\\/wp-content\\\/uploads\\\/2021\\\/09\\\/prisao-xerem.jpg\",\"width\":984,\"height\":480},{\"@type\":\"BreadcrumbList\",\"@id\":\"https:\\\/\\\/www.p31noticias.com.br\\\/?p=24456#breadcrumb\",\"itemListElement\":[{\"@type\":\"ListItem\",\"position\":1,\"name\":\"In\u00edcio\",\"item\":\"https:\\\/\\\/www.p31noticias.com.br\\\/\"},{\"@type\":\"ListItem\",\"position\":2,\"name\":\"Pol\u00edcia prende homem suspeito de ter assaltado, estuprado e matado idosa em Xer\u00e9m, Duque de Caxias\"}]},{\"@type\":\"WebSite\",\"@id\":\"https:\\\/\\\/www.p31noticias.com.br\\\/#website\",\"url\":\"https:\\\/\\\/www.p31noticias.com.br\\\/\",\"name\":\"P31\",\"description\":\"NOT\u00cdCIAS\",\"potentialAction\":[{\"@type\":\"SearchAction\",\"target\":{\"@type\":\"EntryPoint\",\"urlTemplate\":\"https:\\\/\\\/www.p31noticias.com.br\\\/?s={search_term_string}\"},\"query-input\":{\"@type\":\"PropertyValueSpecification\",\"valueRequired\":true,\"valueName\":\"search_term_string\"}}],\"inLanguage\":\"pt-BR\"},{\"@type\":\"Person\",\"@id\":\"https:\\\/\\\/www.p31noticias.com.br\\\/#\\\/schema\\\/person\\\/d1bb0ccbf62b27e19ea4e75696908d43\",\"name\":\"Camilly Scheffer\",\"image\":{\"@type\":\"ImageObject\",\"inLanguage\":\"pt-BR\",\"@id\":\"https:\\\/\\\/secure.gravatar.com\\\/avatar\\\/06f4704b382d241ec2670712618fccea085b2db24d7b2d3b8691d904bbc1d557?s=96&d=mm&r=g\",\"url\":\"https:\\\/\\\/secure.gravatar.com\\\/avatar\\\/06f4704b382d241ec2670712618fccea085b2db24d7b2d3b8691d904bbc1d557?s=96&d=mm&r=g\",\"contentUrl\":\"https:\\\/\\\/secure.gravatar.com\\\/avatar\\\/06f4704b382d241ec2670712618fccea085b2db24d7b2d3b8691d904bbc1d557?s=96&d=mm&r=g\",\"caption\":\"Camilly Scheffer\"},\"url\":\"https:\\\/\\\/www.p31noticias.com.br\\\/?author=5\"}]}<\/script>\n<!-- \/ Yoast SEO Premium plugin. -->","yoast_head_json":{"title":"Pol\u00edcia prende homem suspeito de ter assaltado, estuprado e matado idosa em Xer\u00e9m, Duque de Caxias - P31","robots":{"index":"index","follow":"follow","max-snippet":"max-snippet:-1","max-image-preview":"max-image-preview:large","max-video-preview":"max-video-preview:-1"},"canonical":"https:\/\/www.p31noticias.com.br\/?p=24456","og_locale":"pt_BR","og_type":"article","og_title":"Pol\u00edcia prende homem suspeito de ter assaltado, estuprado e matado idosa em Xer\u00e9m, Duque de Caxias","og_description":"Policiais da 61\u00aa DP (Xer\u00e9m) prenderam um homem suspeito de ter roubado, agredido, estuprado e matado Jeucy Concei\u00e7\u00e3o do Ros\u00e1rio, de 68 anos. O crime aconteceu na \u00faltima quarta-feira (15), em Xer\u00e9m, Duque de Caxias, na Baixada Fluminense. Ap\u00f3s ouvirem testemunhas, os investigadores chegaram ao receptador do celular que foi roubado da v\u00edtima. A partir [&hellip;]","og_url":"https:\/\/www.p31noticias.com.br\/?p=24456","og_site_name":"P31","article_published_time":"2021-09-22T14:17:58+00:00","og_image":[{"width":984,"height":480,"url":"https:\/\/www.p31noticias.com.br\/wp-content\/uploads\/2021\/09\/prisao-xerem.jpg","type":"image\/jpeg"}],"author":"Camilly Scheffer","twitter_card":"summary_large_image","twitter_misc":{"Escrito por":"Camilly Scheffer","Est. tempo de leitura":"1 minuto"},"schema":{"@context":"https:\/\/schema.org","@graph":[{"@type":"Article","@id":"https:\/\/www.p31noticias.com.br\/?p=24456#article","isPartOf":{"@id":"https:\/\/www.p31noticias.com.br\/?p=24456"},"author":{"name":"Camilly Scheffer","@id":"https:\/\/www.p31noticias.com.br\/#\/schema\/person\/d1bb0ccbf62b27e19ea4e75696908d43"},"headline":"Pol\u00edcia prende homem suspeito de ter assaltado, estuprado e matado idosa em Xer\u00e9m, Duque de Caxias","datePublished":"2021-09-22T14:17:58+00:00","mainEntityOfPage":{"@id":"https:\/\/www.p31noticias.com.br\/?p=24456"},"wordCount":164,"commentCount":0,"image":{"@id":"https:\/\/www.p31noticias.com.br\/?p=24456#primaryimage"},"thumbnailUrl":"https:\/\/www.p31noticias.com.br\/wp-content\/uploads\/2021\/09\/prisao-xerem.jpg","articleSection":["Outros"],"inLanguage":"pt-BR","potentialAction":[{"@type":"CommentAction","name":"Comment","target":["https:\/\/www.p31noticias.com.br\/?p=24456#respond"]}],"copyrightYear":"2021","copyrightHolder":{"@id":"https:\/\/www.p31noticias.com.br\/#organization"}},{"@type":"WebPage","@id":"https:\/\/www.p31noticias.com.br\/?p=24456","url":"https:\/\/www.p31noticias.com.br\/?p=24456","name":"Pol\u00edcia prende homem suspeito de ter assaltado, estuprado e matado idosa em Xer\u00e9m, Duque de Caxias - P31","isPartOf":{"@id":"https:\/\/www.p31noticias.com.br\/#website"},"primaryImageOfPage":{"@id":"https:\/\/www.p31noticias.com.br\/?p=24456#primaryimage"},"image":{"@id":"https:\/\/www.p31noticias.com.br\/?p=24456#primaryimage"},"thumbnailUrl":"https:\/\/www.p31noticias.com.br\/wp-content\/uploads\/2021\/09\/prisao-xerem.jpg","datePublished":"2021-09-22T14:17:58+00:00","author":{"@id":"https:\/\/www.p31noticias.com.br\/#\/schema\/person\/d1bb0ccbf62b27e19ea4e75696908d43"},"breadcrumb":{"@id":"https:\/\/www.p31noticias.com.br\/?p=24456#breadcrumb"},"inLanguage":"pt-BR","potentialAction":[{"@type":"ReadAction","target":["https:\/\/www.p31noticias.com.br\/?p=24456"]}]},{"@type":"ImageObject","inLanguage":"pt-BR","@id":"https:\/\/www.p31noticias.com.br\/?p=24456#primaryimage","url":"https:\/\/www.p31noticias.com.br\/wp-content\/uploads\/2021\/09\/prisao-xerem.jpg","contentUrl":"https:\/\/www.p31noticias.com.br\/wp-content\/uploads\/2021\/09\/prisao-xerem.jpg","width":984,"height":480},{"@type":"BreadcrumbList","@id":"https:\/\/www.p31noticias.com.br\/?p=24456#breadcrumb","itemListElement":[{"@type":"ListItem","position":1,"name":"In\u00edcio","item":"https:\/\/www.p31noticias.com.br\/"},{"@type":"ListItem","position":2,"name":"Pol\u00edcia prende homem suspeito de ter assaltado, estuprado e matado idosa em Xer\u00e9m, Duque de Caxias"}]},{"@type":"WebSite","@id":"https:\/\/www.p31noticias.com.br\/#website","url":"https:\/\/www.p31noticias.com.br\/","name":"P31","description":"NOT\u00cdCIAS","potentialAction":[{"@type":"SearchAction","target":{"@type":"EntryPoint","urlTemplate":"https:\/\/www.p31noticias.com.br\/?s={search_term_string}"},"query-input":{"@type":"PropertyValueSpecification","valueRequired":true,"valueName":"search_term_string"}}],"inLanguage":"pt-BR"},{"@type":"Person","@id":"https:\/\/www.p31noticias.com.br\/#\/schema\/person\/d1bb0ccbf62b27e19ea4e75696908d43","name":"Camilly Scheffer","image":{"@type":"ImageObject","inLanguage":"pt-BR","@id":"https:\/\/secure.gravatar.com\/avatar\/06f4704b382d241ec2670712618fccea085b2db24d7b2d3b8691d904bbc1d557?s=96&d=mm&r=g","url":"https:\/\/secure.gravatar.com\/avatar\/06f4704b382d241ec2670712618fccea085b2db24d7b2d3b8691d904bbc1d557?s=96&d=mm&r=g","contentUrl":"https:\/\/secure.gravatar.com\/avatar\/06f4704b382d241ec2670712618fccea085b2db24d7b2d3b8691d904bbc1d557?s=96&d=mm&r=g","caption":"Camilly Scheffer"},"url":"https:\/\/www.p31noticias.com.br\/?author=5"}]}},"amp_enabled":true,"_links":{"self":[{"href":"https:\/\/www.p31noticias.com.br\/index.php?rest_route=\/wp\/v2\/posts\/24456","targetHints":{"allow":["GET"]}}],"collection":[{"href":"https:\/\/www.p31noticias.com.br\/index.php?rest_route=\/wp\/v2\/posts"}],"about":[{"href":"https:\/\/www.p31noticias.com.br\/index.php?rest_route=\/wp\/v2\/types\/post"}],"author":[{"embeddable":true,"href":"https:\/\/www.p31noticias.com.br\/index.php?rest_route=\/wp\/v2\/users\/5"}],"replies":[{"embeddable":true,"href":"https:\/\/www.p31noticias.com.br\/index.php?rest_route=%2Fwp%2Fv2%2Fcomments&post=24456"}],"version-history":[{"count":1,"href":"https:\/\/www.p31noticias.com.br\/index.php?rest_route=\/wp\/v2\/posts\/24456\/revisions"}],"predecessor-version":[{"id":24458,"href":"https:\/\/www.p31noticias.com.br\/index.php?rest_route=\/wp\/v2\/posts\/24456\/revisions\/24458"}],"wp:featuredmedia":[{"embeddable":true,"href":"https:\/\/www.p31noticias.com.br\/index.php?rest_route=\/wp\/v2\/media\/24457"}],"wp:attachment":[{"href":"https:\/\/www.p31noticias.com.br\/index.php?rest_route=%2Fwp%2Fv2%2Fmedia&parent=24456"}],"wp:term":[{"taxonomy":"category","embeddable":true,"href":"https:\/\/www.p31noticias.com.br\/index.php?rest_route=%2Fwp%2Fv2%2Fcategories&post=24456"},{"taxonomy":"post_tag","embeddable":true,"href":"https:\/\/www.p31noticias.com.br\/index.php?rest_route=%2Fwp%2Fv2%2Ftags&post=24456"}],"curies":[{"name":"wp","href":"https:\/\/api.w.org\/{rel}","templated":true}]}}