{"id":24452,"date":"2021-09-22T11:16:32","date_gmt":"2021-09-22T14:16:32","guid":{"rendered":"https:\/\/p31noticias.com.br\/?p=24452"},"modified":"2021-09-22T11:16:32","modified_gmt":"2021-09-22T14:16:32","slug":"cachorro-morre-apos-voo-rio-sp-e-dona-culpa-a-companhia-aerea","status":"publish","type":"post","link":"https:\/\/www.p31noticias.com.br\/?p=24452","title":{"rendered":"Cachorro morre ap\u00f3s voo Rio-SP, e dona culpa a companhia a\u00e9rea"},"content":{"rendered":"<p>A estudante Gabriela Duque Rasseli, de 24 anos, cobrou a companhia a\u00e9rea Latam por poss\u00edveis maus-tratos contra seu cachorro de estima\u00e7\u00e3o, durante um voo entre S\u00e3o Paulo e Rio de Janeiro, na \u00faltima ter\u00e7a-feira (14). Segundo ela, o animal morreu depois de passar algumas horas aos cuidados da empresa.<\/p>\n<p>Em uma publica\u00e7\u00e3o nas redes sociais, Gabriela disse que o cachorro teria ficado no calor e foi entregue para ela &#8220;quase morto&#8221;.<\/p>\n<p>&#8220;Infelizmente estou aqui hoje para falar de uma coisa horr\u00edvel. A Latam Airlines assassinou meu cachorro. Eu n\u00e3o tive oportunidade de conhec\u00ea-lo. Na primeira foto \u00e9 como ele chegou para mim, quase morto, na segunda foto era ele antes de embarcar no voo LA 3842 dia 14\/09. Meu cachorro chegou no aeroporto do Gale\u00e3o \u00e0s 13h53 e s\u00f3 me entregaram ele \u00e0s 15h30. Deixaram meu cachorro no calor, quando ele chegou pra mim ele j\u00e1 estava quase morto!!!!! Eu e minha fam\u00edlia estamos devastados. N\u00e3o tem nada que alivie nossos cora\u00e7\u00f5es. A gente s\u00f3 quer justi\u00e7a!!!!! Latam precisa ser responsabilizada! SP x Rio de Janeiro. O meu cachorro n\u00e3o resistiu e faleceu!!!&#8221;, relatou Gabriela.<\/p>\n<p>Em outra postagem no Instagram, a jovem informou que a empresa s\u00f3 entrou em contato com ela depois de ser cobrada nas redes sociais. No post feito por Gabriela, h\u00e1 tr\u00eas dias, mais de\u00a0<strong>534 mil<\/strong>\u00a0pessoas interagiram com a publica\u00e7\u00e3o. Ao todo, mais de 54 mil internautas deixaram coment\u00e1rios, a maioria reclamando da postura da empresa.<\/p>\n<div class=\"mc-column content-text active-extra-styles\" data-block-type=\"raw\" data-block-weight=\"5\" data-block-id=\"11\">\n<div class=\"content-intertitle\">\n<h2>O que diz a Latam<\/h2>\n<\/div>\n<\/div>\n<div class=\"mc-column content-text active-extra-styles \" data-block-type=\"unstyled\" data-block-weight=\"27\" data-block-id=\"12\">\n<p class=\"content-text__container \" data-track-category=\"Link no Texto\" data-track-links=\"\">Em nota, a Latam informou que segue todos os procedimentos de aceita\u00e7\u00e3o e transporte de animais e prometeu oferecer a assist\u00eancia necess\u00e1ria.\u00a0<strong>Confira a nota na \u00edntegra:<\/strong><\/p>\n<\/div>\n<div class=\"mc-column content-text active-extra-styles \" data-block-type=\"unstyled\" data-block-weight=\"59\" data-block-id=\"13\">\n<p class=\"content-text__container \" data-track-category=\"Link no Texto\" data-track-links=\"\">&#8220;N\u00f3s da LATAM nos sensibilizamos muito com o que aconteceu e estamos em contato com a cliente Gabriela desde o desembargue do animal. A companhia reitera que a seguran\u00e7a \u00e9 um valor inegoci\u00e1vel, refor\u00e7ando que se solidariza com a tristeza vivida pela cliente e que far\u00e1 tudo que est\u00e1 ao seu alcance para oferecer a assist\u00eancia necess\u00e1ria neste momento.<\/p>\n<\/div>\n<div class=\"mc-column content-text active-extra-styles \" data-block-type=\"unstyled\" data-block-weight=\"25\" data-block-id=\"14\">\n<p class=\"content-text__container \" data-track-category=\"Link no Texto\" data-track-links=\"\">A empresa esclarece ainda que seguiu todos os procedimentos de aceita\u00e7\u00e3o e transporte do pet, que atendem rigorosamente aos regulamentos de autoridades nacionais e internacionais&#8221;.<\/p>\n<\/div>\n<div class=\"block-podcast\">Fonte: G1.<\/div>\n","protected":false},"excerpt":{"rendered":"<p>A estudante Gabriela Duque Rasseli, de 24 anos, cobrou a companhia a\u00e9rea Latam por poss\u00edveis maus-tratos contra seu cachorro de estima\u00e7\u00e3o, durante um voo entre S\u00e3o Paulo e Rio de Janeiro, na \u00faltima ter\u00e7a-feira (14). Segundo ela, o animal morreu depois de passar algumas horas aos cuidados da empresa. Em uma publica\u00e7\u00e3o nas redes sociais, [&hellip;]<\/p>\n","protected":false},"author":5,"featured_media":24453,"comment_status":"open","ping_status":"open","sticky":false,"template":"","format":"standard","meta":{"footnotes":""},"categories":[68],"tags":[],"class_list":{"0":"post-24452","1":"post","2":"type-post","3":"status-publish","4":"format-standard","5":"has-post-thumbnail","7":"category-brasil"},"yoast_head":"<!-- This site is optimized with the Yoast SEO Premium plugin v24.5 (Yoast SEO v27.5) - https:\/\/yoast.com\/product\/yoast-seo-premium-wordpress\/ -->\n<title>Cachorro morre ap\u00f3s voo Rio-SP, e dona culpa a companhia a\u00e9rea - P31<\/title>\n<meta name=\"robots\" content=\"index, follow, max-snippet:-1, max-image-preview:large, max-video-preview:-1\" \/>\n<link rel=\"canonical\" href=\"https:\/\/www.p31noticias.com.br\/?p=24452\" \/>\n<meta property=\"og:locale\" content=\"pt_BR\" \/>\n<meta property=\"og:type\" content=\"article\" \/>\n<meta property=\"og:title\" content=\"Cachorro morre ap\u00f3s voo Rio-SP, e dona culpa a companhia a\u00e9rea\" \/>\n<meta property=\"og:description\" content=\"A estudante Gabriela Duque Rasseli, de 24 anos, cobrou a companhia a\u00e9rea Latam por poss\u00edveis maus-tratos contra seu cachorro de estima\u00e7\u00e3o, durante um voo entre S\u00e3o Paulo e Rio de Janeiro, na \u00faltima ter\u00e7a-feira (14). Segundo ela, o animal morreu depois de passar algumas horas aos cuidados da empresa. Em uma publica\u00e7\u00e3o nas redes sociais, [&hellip;]\" \/>\n<meta property=\"og:url\" content=\"https:\/\/www.p31noticias.com.br\/?p=24452\" \/>\n<meta property=\"og:site_name\" content=\"P31\" \/>\n<meta property=\"article:published_time\" content=\"2021-09-22T14:16:32+00:00\" \/>\n<meta property=\"og:image\" content=\"https:\/\/www.p31noticias.com.br\/wp-content\/uploads\/2021\/09\/whatsapp-image-2021-09-21-at-14.04.42.jpeg\" \/>\n\t<meta property=\"og:image:width\" content=\"984\" \/>\n\t<meta property=\"og:image:height\" content=\"1087\" \/>\n\t<meta property=\"og:image:type\" content=\"image\/jpeg\" \/>\n<meta name=\"author\" content=\"Camilly Scheffer\" \/>\n<meta name=\"twitter:card\" content=\"summary_large_image\" \/>\n<meta name=\"twitter:label1\" content=\"Escrito por\" \/>\n\t<meta name=\"twitter:data1\" content=\"Camilly Scheffer\" \/>\n\t<meta name=\"twitter:label2\" content=\"Est. tempo de leitura\" \/>\n\t<meta name=\"twitter:data2\" content=\"2 minutos\" \/>\n<script type=\"application\/ld+json\" class=\"yoast-schema-graph\">{\"@context\":\"https:\\\/\\\/schema.org\",\"@graph\":[{\"@type\":\"Article\",\"@id\":\"https:\\\/\\\/www.p31noticias.com.br\\\/?p=24452#article\",\"isPartOf\":{\"@id\":\"https:\\\/\\\/www.p31noticias.com.br\\\/?p=24452\"},\"author\":{\"name\":\"Camilly Scheffer\",\"@id\":\"https:\\\/\\\/www.p31noticias.com.br\\\/#\\\/schema\\\/person\\\/d1bb0ccbf62b27e19ea4e75696908d43\"},\"headline\":\"Cachorro morre ap\u00f3s voo Rio-SP, e dona culpa a companhia a\u00e9rea\",\"datePublished\":\"2021-09-22T14:16:32+00:00\",\"mainEntityOfPage\":{\"@id\":\"https:\\\/\\\/www.p31noticias.com.br\\\/?p=24452\"},\"wordCount\":393,\"commentCount\":0,\"image\":{\"@id\":\"https:\\\/\\\/www.p31noticias.com.br\\\/?p=24452#primaryimage\"},\"thumbnailUrl\":\"https:\\\/\\\/www.p31noticias.com.br\\\/wp-content\\\/uploads\\\/2021\\\/09\\\/whatsapp-image-2021-09-21-at-14.04.42.jpeg\",\"articleSection\":[\"Brasil\"],\"inLanguage\":\"pt-BR\",\"potentialAction\":[{\"@type\":\"CommentAction\",\"name\":\"Comment\",\"target\":[\"https:\\\/\\\/www.p31noticias.com.br\\\/?p=24452#respond\"]}],\"copyrightYear\":\"2021\",\"copyrightHolder\":{\"@id\":\"https:\\\/\\\/www.p31noticias.com.br\\\/#organization\"}},{\"@type\":\"WebPage\",\"@id\":\"https:\\\/\\\/www.p31noticias.com.br\\\/?p=24452\",\"url\":\"https:\\\/\\\/www.p31noticias.com.br\\\/?p=24452\",\"name\":\"Cachorro morre ap\u00f3s voo Rio-SP, e dona culpa a companhia a\u00e9rea - P31\",\"isPartOf\":{\"@id\":\"https:\\\/\\\/www.p31noticias.com.br\\\/#website\"},\"primaryImageOfPage\":{\"@id\":\"https:\\\/\\\/www.p31noticias.com.br\\\/?p=24452#primaryimage\"},\"image\":{\"@id\":\"https:\\\/\\\/www.p31noticias.com.br\\\/?p=24452#primaryimage\"},\"thumbnailUrl\":\"https:\\\/\\\/www.p31noticias.com.br\\\/wp-content\\\/uploads\\\/2021\\\/09\\\/whatsapp-image-2021-09-21-at-14.04.42.jpeg\",\"datePublished\":\"2021-09-22T14:16:32+00:00\",\"author\":{\"@id\":\"https:\\\/\\\/www.p31noticias.com.br\\\/#\\\/schema\\\/person\\\/d1bb0ccbf62b27e19ea4e75696908d43\"},\"breadcrumb\":{\"@id\":\"https:\\\/\\\/www.p31noticias.com.br\\\/?p=24452#breadcrumb\"},\"inLanguage\":\"pt-BR\",\"potentialAction\":[{\"@type\":\"ReadAction\",\"target\":[\"https:\\\/\\\/www.p31noticias.com.br\\\/?p=24452\"]}]},{\"@type\":\"ImageObject\",\"inLanguage\":\"pt-BR\",\"@id\":\"https:\\\/\\\/www.p31noticias.com.br\\\/?p=24452#primaryimage\",\"url\":\"https:\\\/\\\/www.p31noticias.com.br\\\/wp-content\\\/uploads\\\/2021\\\/09\\\/whatsapp-image-2021-09-21-at-14.04.42.jpeg\",\"contentUrl\":\"https:\\\/\\\/www.p31noticias.com.br\\\/wp-content\\\/uploads\\\/2021\\\/09\\\/whatsapp-image-2021-09-21-at-14.04.42.jpeg\",\"width\":984,\"height\":1087},{\"@type\":\"BreadcrumbList\",\"@id\":\"https:\\\/\\\/www.p31noticias.com.br\\\/?p=24452#breadcrumb\",\"itemListElement\":[{\"@type\":\"ListItem\",\"position\":1,\"name\":\"In\u00edcio\",\"item\":\"https:\\\/\\\/www.p31noticias.com.br\\\/\"},{\"@type\":\"ListItem\",\"position\":2,\"name\":\"Cachorro morre ap\u00f3s voo Rio-SP, e dona culpa a companhia a\u00e9rea\"}]},{\"@type\":\"WebSite\",\"@id\":\"https:\\\/\\\/www.p31noticias.com.br\\\/#website\",\"url\":\"https:\\\/\\\/www.p31noticias.com.br\\\/\",\"name\":\"P31\",\"description\":\"NOT\u00cdCIAS\",\"potentialAction\":[{\"@type\":\"SearchAction\",\"target\":{\"@type\":\"EntryPoint\",\"urlTemplate\":\"https:\\\/\\\/www.p31noticias.com.br\\\/?s={search_term_string}\"},\"query-input\":{\"@type\":\"PropertyValueSpecification\",\"valueRequired\":true,\"valueName\":\"search_term_string\"}}],\"inLanguage\":\"pt-BR\"},{\"@type\":\"Person\",\"@id\":\"https:\\\/\\\/www.p31noticias.com.br\\\/#\\\/schema\\\/person\\\/d1bb0ccbf62b27e19ea4e75696908d43\",\"name\":\"Camilly Scheffer\",\"image\":{\"@type\":\"ImageObject\",\"inLanguage\":\"pt-BR\",\"@id\":\"https:\\\/\\\/secure.gravatar.com\\\/avatar\\\/06f4704b382d241ec2670712618fccea085b2db24d7b2d3b8691d904bbc1d557?s=96&d=mm&r=g\",\"url\":\"https:\\\/\\\/secure.gravatar.com\\\/avatar\\\/06f4704b382d241ec2670712618fccea085b2db24d7b2d3b8691d904bbc1d557?s=96&d=mm&r=g\",\"contentUrl\":\"https:\\\/\\\/secure.gravatar.com\\\/avatar\\\/06f4704b382d241ec2670712618fccea085b2db24d7b2d3b8691d904bbc1d557?s=96&d=mm&r=g\",\"caption\":\"Camilly Scheffer\"},\"url\":\"https:\\\/\\\/www.p31noticias.com.br\\\/?author=5\"}]}<\/script>\n<!-- \/ Yoast SEO Premium plugin. -->","yoast_head_json":{"title":"Cachorro morre ap\u00f3s voo Rio-SP, e dona culpa a companhia a\u00e9rea - P31","robots":{"index":"index","follow":"follow","max-snippet":"max-snippet:-1","max-image-preview":"max-image-preview:large","max-video-preview":"max-video-preview:-1"},"canonical":"https:\/\/www.p31noticias.com.br\/?p=24452","og_locale":"pt_BR","og_type":"article","og_title":"Cachorro morre ap\u00f3s voo Rio-SP, e dona culpa a companhia a\u00e9rea","og_description":"A estudante Gabriela Duque Rasseli, de 24 anos, cobrou a companhia a\u00e9rea Latam por poss\u00edveis maus-tratos contra seu cachorro de estima\u00e7\u00e3o, durante um voo entre S\u00e3o Paulo e Rio de Janeiro, na \u00faltima ter\u00e7a-feira (14). Segundo ela, o animal morreu depois de passar algumas horas aos cuidados da empresa. Em uma publica\u00e7\u00e3o nas redes sociais, [&hellip;]","og_url":"https:\/\/www.p31noticias.com.br\/?p=24452","og_site_name":"P31","article_published_time":"2021-09-22T14:16:32+00:00","og_image":[{"width":984,"height":1087,"url":"https:\/\/www.p31noticias.com.br\/wp-content\/uploads\/2021\/09\/whatsapp-image-2021-09-21-at-14.04.42.jpeg","type":"image\/jpeg"}],"author":"Camilly Scheffer","twitter_card":"summary_large_image","twitter_misc":{"Escrito por":"Camilly Scheffer","Est. tempo de leitura":"2 minutos"},"schema":{"@context":"https:\/\/schema.org","@graph":[{"@type":"Article","@id":"https:\/\/www.p31noticias.com.br\/?p=24452#article","isPartOf":{"@id":"https:\/\/www.p31noticias.com.br\/?p=24452"},"author":{"name":"Camilly Scheffer","@id":"https:\/\/www.p31noticias.com.br\/#\/schema\/person\/d1bb0ccbf62b27e19ea4e75696908d43"},"headline":"Cachorro morre ap\u00f3s voo Rio-SP, e dona culpa a companhia a\u00e9rea","datePublished":"2021-09-22T14:16:32+00:00","mainEntityOfPage":{"@id":"https:\/\/www.p31noticias.com.br\/?p=24452"},"wordCount":393,"commentCount":0,"image":{"@id":"https:\/\/www.p31noticias.com.br\/?p=24452#primaryimage"},"thumbnailUrl":"https:\/\/www.p31noticias.com.br\/wp-content\/uploads\/2021\/09\/whatsapp-image-2021-09-21-at-14.04.42.jpeg","articleSection":["Brasil"],"inLanguage":"pt-BR","potentialAction":[{"@type":"CommentAction","name":"Comment","target":["https:\/\/www.p31noticias.com.br\/?p=24452#respond"]}],"copyrightYear":"2021","copyrightHolder":{"@id":"https:\/\/www.p31noticias.com.br\/#organization"}},{"@type":"WebPage","@id":"https:\/\/www.p31noticias.com.br\/?p=24452","url":"https:\/\/www.p31noticias.com.br\/?p=24452","name":"Cachorro morre ap\u00f3s voo Rio-SP, e dona culpa a companhia a\u00e9rea - P31","isPartOf":{"@id":"https:\/\/www.p31noticias.com.br\/#website"},"primaryImageOfPage":{"@id":"https:\/\/www.p31noticias.com.br\/?p=24452#primaryimage"},"image":{"@id":"https:\/\/www.p31noticias.com.br\/?p=24452#primaryimage"},"thumbnailUrl":"https:\/\/www.p31noticias.com.br\/wp-content\/uploads\/2021\/09\/whatsapp-image-2021-09-21-at-14.04.42.jpeg","datePublished":"2021-09-22T14:16:32+00:00","author":{"@id":"https:\/\/www.p31noticias.com.br\/#\/schema\/person\/d1bb0ccbf62b27e19ea4e75696908d43"},"breadcrumb":{"@id":"https:\/\/www.p31noticias.com.br\/?p=24452#breadcrumb"},"inLanguage":"pt-BR","potentialAction":[{"@type":"ReadAction","target":["https:\/\/www.p31noticias.com.br\/?p=24452"]}]},{"@type":"ImageObject","inLanguage":"pt-BR","@id":"https:\/\/www.p31noticias.com.br\/?p=24452#primaryimage","url":"https:\/\/www.p31noticias.com.br\/wp-content\/uploads\/2021\/09\/whatsapp-image-2021-09-21-at-14.04.42.jpeg","contentUrl":"https:\/\/www.p31noticias.com.br\/wp-content\/uploads\/2021\/09\/whatsapp-image-2021-09-21-at-14.04.42.jpeg","width":984,"height":1087},{"@type":"BreadcrumbList","@id":"https:\/\/www.p31noticias.com.br\/?p=24452#breadcrumb","itemListElement":[{"@type":"ListItem","position":1,"name":"In\u00edcio","item":"https:\/\/www.p31noticias.com.br\/"},{"@type":"ListItem","position":2,"name":"Cachorro morre ap\u00f3s voo Rio-SP, e dona culpa a companhia a\u00e9rea"}]},{"@type":"WebSite","@id":"https:\/\/www.p31noticias.com.br\/#website","url":"https:\/\/www.p31noticias.com.br\/","name":"P31","description":"NOT\u00cdCIAS","potentialAction":[{"@type":"SearchAction","target":{"@type":"EntryPoint","urlTemplate":"https:\/\/www.p31noticias.com.br\/?s={search_term_string}"},"query-input":{"@type":"PropertyValueSpecification","valueRequired":true,"valueName":"search_term_string"}}],"inLanguage":"pt-BR"},{"@type":"Person","@id":"https:\/\/www.p31noticias.com.br\/#\/schema\/person\/d1bb0ccbf62b27e19ea4e75696908d43","name":"Camilly Scheffer","image":{"@type":"ImageObject","inLanguage":"pt-BR","@id":"https:\/\/secure.gravatar.com\/avatar\/06f4704b382d241ec2670712618fccea085b2db24d7b2d3b8691d904bbc1d557?s=96&d=mm&r=g","url":"https:\/\/secure.gravatar.com\/avatar\/06f4704b382d241ec2670712618fccea085b2db24d7b2d3b8691d904bbc1d557?s=96&d=mm&r=g","contentUrl":"https:\/\/secure.gravatar.com\/avatar\/06f4704b382d241ec2670712618fccea085b2db24d7b2d3b8691d904bbc1d557?s=96&d=mm&r=g","caption":"Camilly Scheffer"},"url":"https:\/\/www.p31noticias.com.br\/?author=5"}]}},"amp_enabled":true,"_links":{"self":[{"href":"https:\/\/www.p31noticias.com.br\/index.php?rest_route=\/wp\/v2\/posts\/24452","targetHints":{"allow":["GET"]}}],"collection":[{"href":"https:\/\/www.p31noticias.com.br\/index.php?rest_route=\/wp\/v2\/posts"}],"about":[{"href":"https:\/\/www.p31noticias.com.br\/index.php?rest_route=\/wp\/v2\/types\/post"}],"author":[{"embeddable":true,"href":"https:\/\/www.p31noticias.com.br\/index.php?rest_route=\/wp\/v2\/users\/5"}],"replies":[{"embeddable":true,"href":"https:\/\/www.p31noticias.com.br\/index.php?rest_route=%2Fwp%2Fv2%2Fcomments&post=24452"}],"version-history":[{"count":2,"href":"https:\/\/www.p31noticias.com.br\/index.php?rest_route=\/wp\/v2\/posts\/24452\/revisions"}],"predecessor-version":[{"id":24455,"href":"https:\/\/www.p31noticias.com.br\/index.php?rest_route=\/wp\/v2\/posts\/24452\/revisions\/24455"}],"wp:featuredmedia":[{"embeddable":true,"href":"https:\/\/www.p31noticias.com.br\/index.php?rest_route=\/wp\/v2\/media\/24453"}],"wp:attachment":[{"href":"https:\/\/www.p31noticias.com.br\/index.php?rest_route=%2Fwp%2Fv2%2Fmedia&parent=24452"}],"wp:term":[{"taxonomy":"category","embeddable":true,"href":"https:\/\/www.p31noticias.com.br\/index.php?rest_route=%2Fwp%2Fv2%2Fcategories&post=24452"},{"taxonomy":"post_tag","embeddable":true,"href":"https:\/\/www.p31noticias.com.br\/index.php?rest_route=%2Fwp%2Fv2%2Ftags&post=24452"}],"curies":[{"name":"wp","href":"https:\/\/api.w.org\/{rel}","templated":true}]}}