{"id":24448,"date":"2021-09-22T11:14:48","date_gmt":"2021-09-22T14:14:48","guid":{"rendered":"https:\/\/p31noticias.com.br\/?p=24448"},"modified":"2021-09-22T11:14:48","modified_gmt":"2021-09-22T14:14:48","slug":"primavera-comeca-nesta-quarta-22-com-promessa-de-chuva-no-df-e-cidade-mais-florida","status":"publish","type":"post","link":"https:\/\/www.p31noticias.com.br\/?p=24448","title":{"rendered":"Primavera come\u00e7a nesta quarta (22) com promessa de chuva no DF e cidade mais florida"},"content":{"rendered":"<p>A primavera chega nesta quarta-feira (22), \u00e0s16h21. A esta\u00e7\u00e3o \u00e9 conhecida por deixar a cidade mais florida e colorida devido a transi\u00e7\u00e3o do per\u00edodo seco para o chuvoso. Segundo o Instituto Nacional de Meteorologia (Inmet), a previs\u00e3o \u00e9 que as primeiras chuvas venham at\u00e9 o fim da semana.<\/p>\n<p>Com isso, aos poucos, Bras\u00edlia vai ganhar dias mais frescos, com melhora nas condi\u00e7\u00f5es do ar. A primavera aumenta a umidade e favorece o surgimento de pancadas de chuva no final da tarde.<\/p>\n<p>Outro atrativo, s\u00e3o as flores. A esta\u00e7\u00e3o \u00e9 conhecida pelo colorido porque, nessa \u00e9poca do ano, a maioria das plantas est\u00e1 florindo.<\/p>\n<p>&#8220;N\u00e3o significa que s\u00e3o todas. A gente precisa lembrar que tem plantas que v\u00e3o florescer em certas esta\u00e7\u00f5es do ano, como tem o ip\u00ea, que floresce no inverno&#8221;, aponta o bi\u00f3logo Matheus Ferreira.<\/p>\n<p>Ele diz que a primavera \u00e9 o momento de fazer as podas &#8220;dr\u00e1sticas&#8221; e tirar mudas das plantas para dar de presente, vender, ou mesmo colocar em outra parte do jardim.<\/p>\n<div class=\"mc-column content-text active-extra-styles\" data-block-type=\"raw\" data-block-weight=\"33\" data-block-id=\"11\">\n<blockquote class=\"content-blockquote theme-border-color-primary-before\"><p>&#8220;\u00c9 o momento em que as plantas est\u00e3o quase saindo de uma hiberna\u00e7\u00e3o. Durante o inverno elas est\u00e3o descansando e, agora, com a chegada da primavera, elas voltam a ganhar vida&#8221;, diz Matheus.<\/p><\/blockquote>\n<\/div>\n<div class=\"mc-column content-text active-extra-styles\" data-block-type=\"raw\" data-block-weight=\"6\" data-block-id=\"12\">\n<div class=\"content-intertitle\">\n<h2>Cidade colorida e tr\u00e9gua no calor<\/h2>\n<p><img loading=\"lazy\" decoding=\"async\" class=\"size-medium wp-image-24450 alignnone\" src=\"https:\/\/p31noticias.com.br\/wp-content\/uploads\/2021\/09\/flores-2-620-x-465-300x225.gif\" alt=\"\" width=\"300\" height=\"225\" srcset=\"https:\/\/www.p31noticias.com.br\/wp-content\/uploads\/2021\/09\/flores-2-620-x-465-300x225.gif 300w, https:\/\/www.p31noticias.com.br\/wp-content\/uploads\/2021\/09\/flores-2-620-x-465-768x576.gif 768w, https:\/\/www.p31noticias.com.br\/wp-content\/uploads\/2021\/09\/flores-2-620-x-465-696x522.gif 696w, https:\/\/www.p31noticias.com.br\/wp-content\/uploads\/2021\/09\/flores-2-620-x-465-560x420.gif 560w, https:\/\/www.p31noticias.com.br\/wp-content\/uploads\/2021\/09\/flores-2-620-x-465-80x60.gif 80w, https:\/\/www.p31noticias.com.br\/wp-content\/uploads\/2021\/09\/flores-2-620-x-465-265x198.gif 265w\" sizes=\"auto, (max-width: 300px) 100vw, 300px\" \/><\/p>\n<p>Nesta ter\u00e7a-feira (21), o Distrito Federal teve o dia mais quente de 2021. Os term\u00f4metros marcaram 37,1\u00b0C na esta\u00e7\u00e3o do Inmet na regi\u00e3o de \u00c1guas Emendadas, em Planaltina.<\/p>\n<p>A umidade do ar ficou em 12%. O recomendado pela Organiza\u00e7\u00e3o Mundial da Sa\u00fade (OMS) \u00e9 60%.<\/p>\n<p>Segundo a meteorologista Andrea Ramos, do Inmet, as cidades ficam mais coloridas pela natureza durante a esta\u00e7\u00e3o por causa das chuvas mais constantes e uniformes, ainda que em \u00e1reas isoladas. A m\u00e9dia climatol\u00f3gica em setembro fica em torno de 46,6 mil\u00edmetros. Para outubro, s\u00e3o esperados 160 mil\u00edmetros.<\/p>\n<p>&#8220;Em termos de clima, o que a gente tem, \u00e9 que esse bloqueio que \u00e9 constante no nosso inverno, ele perde for\u00e7a. E come\u00e7a a estabelecer um canal de umidade que vem da Amaz\u00f4nia e favorece as chuvas&#8221;, diz a meteorologista.<\/p>\n<p>Fonte: G1.<\/p>\n<\/div>\n<\/div>\n","protected":false},"excerpt":{"rendered":"<p>A primavera chega nesta quarta-feira (22), \u00e0s16h21. A esta\u00e7\u00e3o \u00e9 conhecida por deixar a cidade mais florida e colorida devido a transi\u00e7\u00e3o do per\u00edodo seco para o chuvoso. Segundo o Instituto Nacional de Meteorologia (Inmet), a previs\u00e3o \u00e9 que as primeiras chuvas venham at\u00e9 o fim da semana. Com isso, aos poucos, Bras\u00edlia vai ganhar [&hellip;]<\/p>\n","protected":false},"author":5,"featured_media":24449,"comment_status":"open","ping_status":"open","sticky":false,"template":"","format":"standard","meta":{"footnotes":""},"categories":[1],"tags":[],"class_list":{"0":"post-24448","1":"post","2":"type-post","3":"status-publish","4":"format-standard","5":"has-post-thumbnail","7":"category-outros"},"yoast_head":"<!-- This site is optimized with the Yoast SEO Premium plugin v24.5 (Yoast SEO v27.5) - https:\/\/yoast.com\/product\/yoast-seo-premium-wordpress\/ -->\n<title>Primavera come\u00e7a nesta quarta (22) com promessa de chuva no DF e cidade mais florida - P31<\/title>\n<meta name=\"robots\" content=\"index, follow, max-snippet:-1, max-image-preview:large, max-video-preview:-1\" \/>\n<link rel=\"canonical\" href=\"https:\/\/www.p31noticias.com.br\/?p=24448\" \/>\n<meta property=\"og:locale\" content=\"pt_BR\" \/>\n<meta property=\"og:type\" content=\"article\" \/>\n<meta property=\"og:title\" content=\"Primavera come\u00e7a nesta quarta (22) com promessa de chuva no DF e cidade mais florida\" \/>\n<meta property=\"og:description\" content=\"A primavera chega nesta quarta-feira (22), \u00e0s16h21. A esta\u00e7\u00e3o \u00e9 conhecida por deixar a cidade mais florida e colorida devido a transi\u00e7\u00e3o do per\u00edodo seco para o chuvoso. Segundo o Instituto Nacional de Meteorologia (Inmet), a previs\u00e3o \u00e9 que as primeiras chuvas venham at\u00e9 o fim da semana. Com isso, aos poucos, Bras\u00edlia vai ganhar [&hellip;]\" \/>\n<meta property=\"og:url\" content=\"https:\/\/www.p31noticias.com.br\/?p=24448\" \/>\n<meta property=\"og:site_name\" content=\"P31\" \/>\n<meta property=\"article:published_time\" content=\"2021-09-22T14:14:48+00:00\" \/>\n<meta property=\"og:image\" content=\"https:\/\/www.p31noticias.com.br\/wp-content\/uploads\/2021\/09\/privamera-2.jpg\" \/>\n\t<meta property=\"og:image:width\" content=\"984\" \/>\n\t<meta property=\"og:image:height\" content=\"553\" \/>\n\t<meta property=\"og:image:type\" content=\"image\/jpeg\" \/>\n<meta name=\"author\" content=\"Camilly Scheffer\" \/>\n<meta name=\"twitter:card\" content=\"summary_large_image\" \/>\n<meta name=\"twitter:label1\" content=\"Escrito por\" \/>\n\t<meta name=\"twitter:data1\" content=\"Camilly Scheffer\" \/>\n\t<meta name=\"twitter:label2\" content=\"Est. tempo de leitura\" \/>\n\t<meta name=\"twitter:data2\" content=\"2 minutos\" \/>\n<script type=\"application\/ld+json\" class=\"yoast-schema-graph\">{\"@context\":\"https:\\\/\\\/schema.org\",\"@graph\":[{\"@type\":\"Article\",\"@id\":\"https:\\\/\\\/www.p31noticias.com.br\\\/?p=24448#article\",\"isPartOf\":{\"@id\":\"https:\\\/\\\/www.p31noticias.com.br\\\/?p=24448\"},\"author\":{\"name\":\"Camilly Scheffer\",\"@id\":\"https:\\\/\\\/www.p31noticias.com.br\\\/#\\\/schema\\\/person\\\/d1bb0ccbf62b27e19ea4e75696908d43\"},\"headline\":\"Primavera come\u00e7a nesta quarta (22) com promessa de chuva no DF e cidade mais florida\",\"datePublished\":\"2021-09-22T14:14:48+00:00\",\"mainEntityOfPage\":{\"@id\":\"https:\\\/\\\/www.p31noticias.com.br\\\/?p=24448\"},\"wordCount\":375,\"commentCount\":0,\"image\":{\"@id\":\"https:\\\/\\\/www.p31noticias.com.br\\\/?p=24448#primaryimage\"},\"thumbnailUrl\":\"https:\\\/\\\/www.p31noticias.com.br\\\/wp-content\\\/uploads\\\/2021\\\/09\\\/privamera-2.jpg\",\"articleSection\":[\"Outros\"],\"inLanguage\":\"pt-BR\",\"potentialAction\":[{\"@type\":\"CommentAction\",\"name\":\"Comment\",\"target\":[\"https:\\\/\\\/www.p31noticias.com.br\\\/?p=24448#respond\"]}],\"copyrightYear\":\"2021\",\"copyrightHolder\":{\"@id\":\"https:\\\/\\\/www.p31noticias.com.br\\\/#organization\"}},{\"@type\":\"WebPage\",\"@id\":\"https:\\\/\\\/www.p31noticias.com.br\\\/?p=24448\",\"url\":\"https:\\\/\\\/www.p31noticias.com.br\\\/?p=24448\",\"name\":\"Primavera come\u00e7a nesta quarta (22) com promessa de chuva no DF e cidade mais florida - P31\",\"isPartOf\":{\"@id\":\"https:\\\/\\\/www.p31noticias.com.br\\\/#website\"},\"primaryImageOfPage\":{\"@id\":\"https:\\\/\\\/www.p31noticias.com.br\\\/?p=24448#primaryimage\"},\"image\":{\"@id\":\"https:\\\/\\\/www.p31noticias.com.br\\\/?p=24448#primaryimage\"},\"thumbnailUrl\":\"https:\\\/\\\/www.p31noticias.com.br\\\/wp-content\\\/uploads\\\/2021\\\/09\\\/privamera-2.jpg\",\"datePublished\":\"2021-09-22T14:14:48+00:00\",\"author\":{\"@id\":\"https:\\\/\\\/www.p31noticias.com.br\\\/#\\\/schema\\\/person\\\/d1bb0ccbf62b27e19ea4e75696908d43\"},\"breadcrumb\":{\"@id\":\"https:\\\/\\\/www.p31noticias.com.br\\\/?p=24448#breadcrumb\"},\"inLanguage\":\"pt-BR\",\"potentialAction\":[{\"@type\":\"ReadAction\",\"target\":[\"https:\\\/\\\/www.p31noticias.com.br\\\/?p=24448\"]}]},{\"@type\":\"ImageObject\",\"inLanguage\":\"pt-BR\",\"@id\":\"https:\\\/\\\/www.p31noticias.com.br\\\/?p=24448#primaryimage\",\"url\":\"https:\\\/\\\/www.p31noticias.com.br\\\/wp-content\\\/uploads\\\/2021\\\/09\\\/privamera-2.jpg\",\"contentUrl\":\"https:\\\/\\\/www.p31noticias.com.br\\\/wp-content\\\/uploads\\\/2021\\\/09\\\/privamera-2.jpg\",\"width\":984,\"height\":553},{\"@type\":\"BreadcrumbList\",\"@id\":\"https:\\\/\\\/www.p31noticias.com.br\\\/?p=24448#breadcrumb\",\"itemListElement\":[{\"@type\":\"ListItem\",\"position\":1,\"name\":\"In\u00edcio\",\"item\":\"https:\\\/\\\/www.p31noticias.com.br\\\/\"},{\"@type\":\"ListItem\",\"position\":2,\"name\":\"Primavera come\u00e7a nesta quarta (22) com promessa de chuva no DF e cidade mais florida\"}]},{\"@type\":\"WebSite\",\"@id\":\"https:\\\/\\\/www.p31noticias.com.br\\\/#website\",\"url\":\"https:\\\/\\\/www.p31noticias.com.br\\\/\",\"name\":\"P31\",\"description\":\"NOT\u00cdCIAS\",\"potentialAction\":[{\"@type\":\"SearchAction\",\"target\":{\"@type\":\"EntryPoint\",\"urlTemplate\":\"https:\\\/\\\/www.p31noticias.com.br\\\/?s={search_term_string}\"},\"query-input\":{\"@type\":\"PropertyValueSpecification\",\"valueRequired\":true,\"valueName\":\"search_term_string\"}}],\"inLanguage\":\"pt-BR\"},{\"@type\":\"Person\",\"@id\":\"https:\\\/\\\/www.p31noticias.com.br\\\/#\\\/schema\\\/person\\\/d1bb0ccbf62b27e19ea4e75696908d43\",\"name\":\"Camilly Scheffer\",\"image\":{\"@type\":\"ImageObject\",\"inLanguage\":\"pt-BR\",\"@id\":\"https:\\\/\\\/secure.gravatar.com\\\/avatar\\\/06f4704b382d241ec2670712618fccea085b2db24d7b2d3b8691d904bbc1d557?s=96&d=mm&r=g\",\"url\":\"https:\\\/\\\/secure.gravatar.com\\\/avatar\\\/06f4704b382d241ec2670712618fccea085b2db24d7b2d3b8691d904bbc1d557?s=96&d=mm&r=g\",\"contentUrl\":\"https:\\\/\\\/secure.gravatar.com\\\/avatar\\\/06f4704b382d241ec2670712618fccea085b2db24d7b2d3b8691d904bbc1d557?s=96&d=mm&r=g\",\"caption\":\"Camilly Scheffer\"},\"url\":\"https:\\\/\\\/www.p31noticias.com.br\\\/?author=5\"}]}<\/script>\n<!-- \/ Yoast SEO Premium plugin. -->","yoast_head_json":{"title":"Primavera come\u00e7a nesta quarta (22) com promessa de chuva no DF e cidade mais florida - P31","robots":{"index":"index","follow":"follow","max-snippet":"max-snippet:-1","max-image-preview":"max-image-preview:large","max-video-preview":"max-video-preview:-1"},"canonical":"https:\/\/www.p31noticias.com.br\/?p=24448","og_locale":"pt_BR","og_type":"article","og_title":"Primavera come\u00e7a nesta quarta (22) com promessa de chuva no DF e cidade mais florida","og_description":"A primavera chega nesta quarta-feira (22), \u00e0s16h21. A esta\u00e7\u00e3o \u00e9 conhecida por deixar a cidade mais florida e colorida devido a transi\u00e7\u00e3o do per\u00edodo seco para o chuvoso. Segundo o Instituto Nacional de Meteorologia (Inmet), a previs\u00e3o \u00e9 que as primeiras chuvas venham at\u00e9 o fim da semana. Com isso, aos poucos, Bras\u00edlia vai ganhar [&hellip;]","og_url":"https:\/\/www.p31noticias.com.br\/?p=24448","og_site_name":"P31","article_published_time":"2021-09-22T14:14:48+00:00","og_image":[{"width":984,"height":553,"url":"https:\/\/www.p31noticias.com.br\/wp-content\/uploads\/2021\/09\/privamera-2.jpg","type":"image\/jpeg"}],"author":"Camilly Scheffer","twitter_card":"summary_large_image","twitter_misc":{"Escrito por":"Camilly Scheffer","Est. tempo de leitura":"2 minutos"},"schema":{"@context":"https:\/\/schema.org","@graph":[{"@type":"Article","@id":"https:\/\/www.p31noticias.com.br\/?p=24448#article","isPartOf":{"@id":"https:\/\/www.p31noticias.com.br\/?p=24448"},"author":{"name":"Camilly Scheffer","@id":"https:\/\/www.p31noticias.com.br\/#\/schema\/person\/d1bb0ccbf62b27e19ea4e75696908d43"},"headline":"Primavera come\u00e7a nesta quarta (22) com promessa de chuva no DF e cidade mais florida","datePublished":"2021-09-22T14:14:48+00:00","mainEntityOfPage":{"@id":"https:\/\/www.p31noticias.com.br\/?p=24448"},"wordCount":375,"commentCount":0,"image":{"@id":"https:\/\/www.p31noticias.com.br\/?p=24448#primaryimage"},"thumbnailUrl":"https:\/\/www.p31noticias.com.br\/wp-content\/uploads\/2021\/09\/privamera-2.jpg","articleSection":["Outros"],"inLanguage":"pt-BR","potentialAction":[{"@type":"CommentAction","name":"Comment","target":["https:\/\/www.p31noticias.com.br\/?p=24448#respond"]}],"copyrightYear":"2021","copyrightHolder":{"@id":"https:\/\/www.p31noticias.com.br\/#organization"}},{"@type":"WebPage","@id":"https:\/\/www.p31noticias.com.br\/?p=24448","url":"https:\/\/www.p31noticias.com.br\/?p=24448","name":"Primavera come\u00e7a nesta quarta (22) com promessa de chuva no DF e cidade mais florida - P31","isPartOf":{"@id":"https:\/\/www.p31noticias.com.br\/#website"},"primaryImageOfPage":{"@id":"https:\/\/www.p31noticias.com.br\/?p=24448#primaryimage"},"image":{"@id":"https:\/\/www.p31noticias.com.br\/?p=24448#primaryimage"},"thumbnailUrl":"https:\/\/www.p31noticias.com.br\/wp-content\/uploads\/2021\/09\/privamera-2.jpg","datePublished":"2021-09-22T14:14:48+00:00","author":{"@id":"https:\/\/www.p31noticias.com.br\/#\/schema\/person\/d1bb0ccbf62b27e19ea4e75696908d43"},"breadcrumb":{"@id":"https:\/\/www.p31noticias.com.br\/?p=24448#breadcrumb"},"inLanguage":"pt-BR","potentialAction":[{"@type":"ReadAction","target":["https:\/\/www.p31noticias.com.br\/?p=24448"]}]},{"@type":"ImageObject","inLanguage":"pt-BR","@id":"https:\/\/www.p31noticias.com.br\/?p=24448#primaryimage","url":"https:\/\/www.p31noticias.com.br\/wp-content\/uploads\/2021\/09\/privamera-2.jpg","contentUrl":"https:\/\/www.p31noticias.com.br\/wp-content\/uploads\/2021\/09\/privamera-2.jpg","width":984,"height":553},{"@type":"BreadcrumbList","@id":"https:\/\/www.p31noticias.com.br\/?p=24448#breadcrumb","itemListElement":[{"@type":"ListItem","position":1,"name":"In\u00edcio","item":"https:\/\/www.p31noticias.com.br\/"},{"@type":"ListItem","position":2,"name":"Primavera come\u00e7a nesta quarta (22) com promessa de chuva no DF e cidade mais florida"}]},{"@type":"WebSite","@id":"https:\/\/www.p31noticias.com.br\/#website","url":"https:\/\/www.p31noticias.com.br\/","name":"P31","description":"NOT\u00cdCIAS","potentialAction":[{"@type":"SearchAction","target":{"@type":"EntryPoint","urlTemplate":"https:\/\/www.p31noticias.com.br\/?s={search_term_string}"},"query-input":{"@type":"PropertyValueSpecification","valueRequired":true,"valueName":"search_term_string"}}],"inLanguage":"pt-BR"},{"@type":"Person","@id":"https:\/\/www.p31noticias.com.br\/#\/schema\/person\/d1bb0ccbf62b27e19ea4e75696908d43","name":"Camilly Scheffer","image":{"@type":"ImageObject","inLanguage":"pt-BR","@id":"https:\/\/secure.gravatar.com\/avatar\/06f4704b382d241ec2670712618fccea085b2db24d7b2d3b8691d904bbc1d557?s=96&d=mm&r=g","url":"https:\/\/secure.gravatar.com\/avatar\/06f4704b382d241ec2670712618fccea085b2db24d7b2d3b8691d904bbc1d557?s=96&d=mm&r=g","contentUrl":"https:\/\/secure.gravatar.com\/avatar\/06f4704b382d241ec2670712618fccea085b2db24d7b2d3b8691d904bbc1d557?s=96&d=mm&r=g","caption":"Camilly Scheffer"},"url":"https:\/\/www.p31noticias.com.br\/?author=5"}]}},"amp_enabled":true,"_links":{"self":[{"href":"https:\/\/www.p31noticias.com.br\/index.php?rest_route=\/wp\/v2\/posts\/24448","targetHints":{"allow":["GET"]}}],"collection":[{"href":"https:\/\/www.p31noticias.com.br\/index.php?rest_route=\/wp\/v2\/posts"}],"about":[{"href":"https:\/\/www.p31noticias.com.br\/index.php?rest_route=\/wp\/v2\/types\/post"}],"author":[{"embeddable":true,"href":"https:\/\/www.p31noticias.com.br\/index.php?rest_route=\/wp\/v2\/users\/5"}],"replies":[{"embeddable":true,"href":"https:\/\/www.p31noticias.com.br\/index.php?rest_route=%2Fwp%2Fv2%2Fcomments&post=24448"}],"version-history":[{"count":1,"href":"https:\/\/www.p31noticias.com.br\/index.php?rest_route=\/wp\/v2\/posts\/24448\/revisions"}],"predecessor-version":[{"id":24451,"href":"https:\/\/www.p31noticias.com.br\/index.php?rest_route=\/wp\/v2\/posts\/24448\/revisions\/24451"}],"wp:featuredmedia":[{"embeddable":true,"href":"https:\/\/www.p31noticias.com.br\/index.php?rest_route=\/wp\/v2\/media\/24449"}],"wp:attachment":[{"href":"https:\/\/www.p31noticias.com.br\/index.php?rest_route=%2Fwp%2Fv2%2Fmedia&parent=24448"}],"wp:term":[{"taxonomy":"category","embeddable":true,"href":"https:\/\/www.p31noticias.com.br\/index.php?rest_route=%2Fwp%2Fv2%2Fcategories&post=24448"},{"taxonomy":"post_tag","embeddable":true,"href":"https:\/\/www.p31noticias.com.br\/index.php?rest_route=%2Fwp%2Fv2%2Ftags&post=24448"}],"curies":[{"name":"wp","href":"https:\/\/api.w.org\/{rel}","templated":true}]}}