{"id":24442,"date":"2021-09-21T12:11:40","date_gmt":"2021-09-21T15:11:40","guid":{"rendered":"https:\/\/p31noticias.com.br\/?p=24442"},"modified":"2021-09-21T12:11:40","modified_gmt":"2021-09-21T15:11:40","slug":"essa-eleicao-assinalou-a-vitoria-da-direita-afirma-o-cientista-politico-antonio-lavareda","status":"publish","type":"post","link":"https:\/\/www.p31noticias.com.br\/?p=24442","title":{"rendered":"\u2018Essa elei\u00e7\u00e3o assinalou a vit\u00f3ria da direita\u2019, afirma o cientista pol\u00edtico Antonio Lavareda"},"content":{"rendered":"<p>Questionado sobre o porqu\u00ea alguns candidatos de esquerda n\u00e3o quiseram inserir Lu\u00eds In\u00e1cio Lula da Silva em suas campanhas para prefeito, Lavareda enfatizou que o ex-presidente n\u00e3o tem mais a for\u00e7a que demonstrava anteriormente. \u201cN\u00e3o acredito na recupera\u00e7\u00e3o da for\u00e7a do Lula. \u00c9 dif\u00edcil ver a recupera\u00e7\u00e3o eleitoral de lideran\u00e7as pol\u00edticas. Acho que o ex-presidente continua a ser a grande figura do PT e da esquerda brasileira. O Lulismo \u00e9 maior do que o Petismo. Mas Lula n\u00e3o \u00e9 mais aquele personagem quase m\u00edtico e com o peso que tinha em 2010 e provavelmente n\u00e3o voltar\u00e1 a s\u00ea-lo. Ele continua sendo uma figura referencial, mas o PT e a esquerda, para assegurarem vit\u00f3rias nas pr\u00f3ximas elei\u00e7\u00f5es, precisar\u00e3o se fixar em novos nomes. O per\u00edodo eleitoral do presidente Lula j\u00e1 passou\u201d, ressaltou.<\/p>\n<p>Apesar de apontar a vit\u00f3ria da direita, Lavareda apontou o crescimento da esquerda na corrida pela prefeitura de S\u00e3o Paulo, mas n\u00e3o acredita que ela v\u00e1 se concretizar nas urnas. \u201cOcorreu uma substitui\u00e7\u00e3o do PT pela candidatura do PSOL. Ao que parece, houve um equivoco do PT e de sua candidatura. N\u00e3o houve uma grande reflex\u00e3o a respeito e o partido foi ultrapassado por Guilherme Boulos. Essa ultrapassagem traz uma novidade e gera um apoio que est\u00e1 sendo evidenciado no segundo turno. O eleitorado de S\u00e3o Paulo est\u00e1 submetido a op\u00e7\u00f5es cruzadas. H\u00e1 o elemento de apoio do governador Jo\u00e3o Doria \u00e0 Bruno Covas, a longevidade do PSDB \u00e0 frente do estado \u2026 Tudo isso combinado gera uma tens\u00e3o, mas acho que a elei\u00e7\u00e3o tende a ser resolvida dentro desses limites = centro direita com 60% e a esquerda com 40%\u201d, afirmou o cientista.<\/p>\n<p>Questionado sobre o porqu\u00ea alguns candidatos de esquerda n\u00e3o quiseram inserir Lu\u00eds In\u00e1cio Lula da Silva em suas campanhas para prefeito, Lavareda enfatizou que o ex-presidente n\u00e3o tem mais a for\u00e7a que demonstrava anteriormente. \u201cN\u00e3o acredito na recupera\u00e7\u00e3o da for\u00e7a do Lula. \u00c9 dif\u00edcil ver a recupera\u00e7\u00e3o eleitoral de lideran\u00e7as pol\u00edticas. Acho que o ex-presidente continua a ser a grande figura do PT e da esquerda brasileira. O Lulismo \u00e9 maior do que o Petismo. Mas Lula n\u00e3o \u00e9 mais aquele personagem quase m\u00edtico e com o peso que tinha em 2010 e provavelmente n\u00e3o voltar\u00e1 a s\u00ea-lo. Ele continua sendo uma figura referencial, mas o PT e a esquerda, para assegurarem vit\u00f3rias nas pr\u00f3ximas elei\u00e7\u00f5es, precisar\u00e3o se fixar em novos nomes. O per\u00edodo eleitoral do presidente Lula j\u00e1 passou\u201d, ressaltou.<\/p>\n<p>Proje\u00e7\u00f5es para as elei\u00e7\u00f5es presidenciais de 2022<br \/>\nAntonio Lavareda apontou que a aus\u00eancia do discurso ideol\u00f3gico como vencedor dessas elei\u00e7\u00f5es pode ser um indicativo do que acontecer\u00e1 nas elei\u00e7\u00f5es de 2022, principalmente no \u00e2mbito presidencial. \u201cTodas as elei\u00e7\u00f5es municipais s\u00e3o elei\u00e7\u00f5es intermedi\u00e1rias, que refletem alguma coisa do pleito anterior e projetam tend\u00eancias ou sinais do que pode ocorrer a diante. As elei\u00e7\u00f5es de 2018 foram elei\u00e7\u00f5es cr\u00edticas. Podemos pensar, a elei\u00e7\u00e3o de 2022 ser\u00e1 uma r\u00e9plica das principais caracter\u00edsticas de 2018? Ou vai ser uma elei\u00e7\u00e3o regressiva? Tra\u00e7os de 2018 n\u00e3o tiveram continuidade nesse ano. A posi\u00e7\u00e3o ideol\u00f3gica foi menos utilizada, militares n\u00e3o tiveram muito sucesso, os partidos de centro-direita cresceram e o que sinaliza \u00e9 que eles ter\u00e3o um peso maior em 2022. A televis\u00e3o tamb\u00e9m voltou nesse pleito a ter sua import\u00e2ncia reconhecida e constatada. Por isso, a elei\u00e7\u00e3o de 2022 pode ser contra desviante, mas n\u00e3o significa que exclui a chance de Jair Bolsonaro de reelei\u00e7\u00e3o. Em todos os casos, os presidentes candidatos a reelei\u00e7\u00e3o se sa\u00edram bem, ent\u00e3o ele \u00e9 um prov\u00e1vel vitorioso, mas n\u00e3o significa um vitorioso concreto\u201d, afirmou.<\/p>\n<p>Perguntado sobre a confiabilidade da urna eletr\u00f4nica, Lavareda reafirmou a seguran\u00e7a do processo, mas acredita que discuss\u00f5es sobre voto impresso ou voto duplo (papel e eletr\u00f4nico) s\u00e3o v\u00e1lidas. \u201cDesde 1996 n\u00e3o h\u00e1 nenhuma evidencia concreta ou plaus\u00edvel da viola\u00e7\u00e3o da vontade dos eleitores nas urnas eletr\u00f4nicas, mas isso n\u00e3o pode ser dogm\u00e1tico. A sociedade tem todo o direito de discutir o modelo de elei\u00e7\u00e3o e \u00e9 uma discuss\u00e3o que deve ser encarada como normal\u201d, disse. O cientista pol\u00edtico, no entanto, deu seu parecer sobre a obrigatoriedade do voto. \u201cEst\u00e1 na hora do Brasil dar um passo a diante e adotar o voto facultativo. Ele n\u00e3o deve continuar a ser obrigat\u00f3rio, \u00e9 um ferr\u00e3o nas costas do eleitor. O voto n\u00e3o pode ser compuls\u00f3rio. Est\u00e1 na hora de uma reforma pol\u00edtica que inclua o voto facultativo\u201d, finalizou.<\/p>\n<p>Fonte: JovemPan.<\/p>\n","protected":false},"excerpt":{"rendered":"<p>Questionado sobre o porqu\u00ea alguns candidatos de esquerda n\u00e3o quiseram inserir Lu\u00eds In\u00e1cio Lula da Silva em suas campanhas para prefeito, Lavareda enfatizou que o ex-presidente n\u00e3o tem mais a for\u00e7a que demonstrava anteriormente. \u201cN\u00e3o acredito na recupera\u00e7\u00e3o da for\u00e7a do Lula. \u00c9 dif\u00edcil ver a recupera\u00e7\u00e3o eleitoral de lideran\u00e7as pol\u00edticas. Acho que o ex-presidente [&hellip;]<\/p>\n","protected":false},"author":5,"featured_media":24443,"comment_status":"open","ping_status":"open","sticky":false,"template":"","format":"standard","meta":{"footnotes":""},"categories":[57],"tags":[],"class_list":{"0":"post-24442","1":"post","2":"type-post","3":"status-publish","4":"format-standard","5":"has-post-thumbnail","7":"category-politica"},"yoast_head":"<!-- This site is optimized with the Yoast SEO Premium plugin v24.5 (Yoast SEO v27.5) - https:\/\/yoast.com\/product\/yoast-seo-premium-wordpress\/ -->\n<title>\u2018Essa elei\u00e7\u00e3o assinalou a vit\u00f3ria da direita\u2019, afirma o cientista pol\u00edtico Antonio Lavareda - P31<\/title>\n<meta name=\"robots\" content=\"index, follow, max-snippet:-1, max-image-preview:large, max-video-preview:-1\" \/>\n<link rel=\"canonical\" href=\"https:\/\/www.p31noticias.com.br\/?p=24442\" \/>\n<meta property=\"og:locale\" content=\"pt_BR\" \/>\n<meta property=\"og:type\" content=\"article\" \/>\n<meta property=\"og:title\" content=\"\u2018Essa elei\u00e7\u00e3o assinalou a vit\u00f3ria da direita\u2019, afirma o cientista pol\u00edtico Antonio Lavareda\" \/>\n<meta property=\"og:description\" content=\"Questionado sobre o porqu\u00ea alguns candidatos de esquerda n\u00e3o quiseram inserir Lu\u00eds In\u00e1cio Lula da Silva em suas campanhas para prefeito, Lavareda enfatizou que o ex-presidente n\u00e3o tem mais a for\u00e7a que demonstrava anteriormente. \u201cN\u00e3o acredito na recupera\u00e7\u00e3o da for\u00e7a do Lula. \u00c9 dif\u00edcil ver a recupera\u00e7\u00e3o eleitoral de lideran\u00e7as pol\u00edticas. Acho que o ex-presidente [&hellip;]\" \/>\n<meta property=\"og:url\" content=\"https:\/\/www.p31noticias.com.br\/?p=24442\" \/>\n<meta property=\"og:site_name\" content=\"P31\" \/>\n<meta property=\"article:published_time\" content=\"2021-09-21T15:11:40+00:00\" \/>\n<meta property=\"og:image\" content=\"https:\/\/www.p31noticias.com.br\/wp-content\/uploads\/2021\/09\/antonio.png\" \/>\n\t<meta property=\"og:image:width\" content=\"853\" \/>\n\t<meta property=\"og:image:height\" content=\"404\" \/>\n\t<meta property=\"og:image:type\" content=\"image\/png\" \/>\n<meta name=\"author\" content=\"Camilly Scheffer\" \/>\n<meta name=\"twitter:card\" content=\"summary_large_image\" \/>\n<meta name=\"twitter:label1\" content=\"Escrito por\" \/>\n\t<meta name=\"twitter:data1\" content=\"Camilly Scheffer\" \/>\n\t<meta name=\"twitter:label2\" content=\"Est. tempo de leitura\" \/>\n\t<meta name=\"twitter:data2\" content=\"4 minutos\" \/>\n<script type=\"application\/ld+json\" class=\"yoast-schema-graph\">{\"@context\":\"https:\\\/\\\/schema.org\",\"@graph\":[{\"@type\":\"Article\",\"@id\":\"https:\\\/\\\/www.p31noticias.com.br\\\/?p=24442#article\",\"isPartOf\":{\"@id\":\"https:\\\/\\\/www.p31noticias.com.br\\\/?p=24442\"},\"author\":{\"name\":\"Camilly Scheffer\",\"@id\":\"https:\\\/\\\/www.p31noticias.com.br\\\/#\\\/schema\\\/person\\\/d1bb0ccbf62b27e19ea4e75696908d43\"},\"headline\":\"\u2018Essa elei\u00e7\u00e3o assinalou a vit\u00f3ria da direita\u2019, afirma o cientista pol\u00edtico Antonio Lavareda\",\"datePublished\":\"2021-09-21T15:11:40+00:00\",\"mainEntityOfPage\":{\"@id\":\"https:\\\/\\\/www.p31noticias.com.br\\\/?p=24442\"},\"wordCount\":826,\"commentCount\":0,\"image\":{\"@id\":\"https:\\\/\\\/www.p31noticias.com.br\\\/?p=24442#primaryimage\"},\"thumbnailUrl\":\"https:\\\/\\\/www.p31noticias.com.br\\\/wp-content\\\/uploads\\\/2021\\\/09\\\/antonio.png\",\"articleSection\":[\"Pol\u00edtica\"],\"inLanguage\":\"pt-BR\",\"potentialAction\":[{\"@type\":\"CommentAction\",\"name\":\"Comment\",\"target\":[\"https:\\\/\\\/www.p31noticias.com.br\\\/?p=24442#respond\"]}],\"copyrightYear\":\"2021\",\"copyrightHolder\":{\"@id\":\"https:\\\/\\\/www.p31noticias.com.br\\\/#organization\"}},{\"@type\":\"WebPage\",\"@id\":\"https:\\\/\\\/www.p31noticias.com.br\\\/?p=24442\",\"url\":\"https:\\\/\\\/www.p31noticias.com.br\\\/?p=24442\",\"name\":\"\u2018Essa elei\u00e7\u00e3o assinalou a vit\u00f3ria da direita\u2019, afirma o cientista pol\u00edtico Antonio Lavareda - P31\",\"isPartOf\":{\"@id\":\"https:\\\/\\\/www.p31noticias.com.br\\\/#website\"},\"primaryImageOfPage\":{\"@id\":\"https:\\\/\\\/www.p31noticias.com.br\\\/?p=24442#primaryimage\"},\"image\":{\"@id\":\"https:\\\/\\\/www.p31noticias.com.br\\\/?p=24442#primaryimage\"},\"thumbnailUrl\":\"https:\\\/\\\/www.p31noticias.com.br\\\/wp-content\\\/uploads\\\/2021\\\/09\\\/antonio.png\",\"datePublished\":\"2021-09-21T15:11:40+00:00\",\"author\":{\"@id\":\"https:\\\/\\\/www.p31noticias.com.br\\\/#\\\/schema\\\/person\\\/d1bb0ccbf62b27e19ea4e75696908d43\"},\"breadcrumb\":{\"@id\":\"https:\\\/\\\/www.p31noticias.com.br\\\/?p=24442#breadcrumb\"},\"inLanguage\":\"pt-BR\",\"potentialAction\":[{\"@type\":\"ReadAction\",\"target\":[\"https:\\\/\\\/www.p31noticias.com.br\\\/?p=24442\"]}]},{\"@type\":\"ImageObject\",\"inLanguage\":\"pt-BR\",\"@id\":\"https:\\\/\\\/www.p31noticias.com.br\\\/?p=24442#primaryimage\",\"url\":\"https:\\\/\\\/www.p31noticias.com.br\\\/wp-content\\\/uploads\\\/2021\\\/09\\\/antonio.png\",\"contentUrl\":\"https:\\\/\\\/www.p31noticias.com.br\\\/wp-content\\\/uploads\\\/2021\\\/09\\\/antonio.png\",\"width\":853,\"height\":404},{\"@type\":\"BreadcrumbList\",\"@id\":\"https:\\\/\\\/www.p31noticias.com.br\\\/?p=24442#breadcrumb\",\"itemListElement\":[{\"@type\":\"ListItem\",\"position\":1,\"name\":\"In\u00edcio\",\"item\":\"https:\\\/\\\/www.p31noticias.com.br\\\/\"},{\"@type\":\"ListItem\",\"position\":2,\"name\":\"\u2018Essa elei\u00e7\u00e3o assinalou a vit\u00f3ria da direita\u2019, afirma o cientista pol\u00edtico Antonio Lavareda\"}]},{\"@type\":\"WebSite\",\"@id\":\"https:\\\/\\\/www.p31noticias.com.br\\\/#website\",\"url\":\"https:\\\/\\\/www.p31noticias.com.br\\\/\",\"name\":\"P31\",\"description\":\"NOT\u00cdCIAS\",\"potentialAction\":[{\"@type\":\"SearchAction\",\"target\":{\"@type\":\"EntryPoint\",\"urlTemplate\":\"https:\\\/\\\/www.p31noticias.com.br\\\/?s={search_term_string}\"},\"query-input\":{\"@type\":\"PropertyValueSpecification\",\"valueRequired\":true,\"valueName\":\"search_term_string\"}}],\"inLanguage\":\"pt-BR\"},{\"@type\":\"Person\",\"@id\":\"https:\\\/\\\/www.p31noticias.com.br\\\/#\\\/schema\\\/person\\\/d1bb0ccbf62b27e19ea4e75696908d43\",\"name\":\"Camilly Scheffer\",\"image\":{\"@type\":\"ImageObject\",\"inLanguage\":\"pt-BR\",\"@id\":\"https:\\\/\\\/secure.gravatar.com\\\/avatar\\\/06f4704b382d241ec2670712618fccea085b2db24d7b2d3b8691d904bbc1d557?s=96&d=mm&r=g\",\"url\":\"https:\\\/\\\/secure.gravatar.com\\\/avatar\\\/06f4704b382d241ec2670712618fccea085b2db24d7b2d3b8691d904bbc1d557?s=96&d=mm&r=g\",\"contentUrl\":\"https:\\\/\\\/secure.gravatar.com\\\/avatar\\\/06f4704b382d241ec2670712618fccea085b2db24d7b2d3b8691d904bbc1d557?s=96&d=mm&r=g\",\"caption\":\"Camilly Scheffer\"},\"url\":\"https:\\\/\\\/www.p31noticias.com.br\\\/?author=5\"}]}<\/script>\n<!-- \/ Yoast SEO Premium plugin. -->","yoast_head_json":{"title":"\u2018Essa elei\u00e7\u00e3o assinalou a vit\u00f3ria da direita\u2019, afirma o cientista pol\u00edtico Antonio Lavareda - P31","robots":{"index":"index","follow":"follow","max-snippet":"max-snippet:-1","max-image-preview":"max-image-preview:large","max-video-preview":"max-video-preview:-1"},"canonical":"https:\/\/www.p31noticias.com.br\/?p=24442","og_locale":"pt_BR","og_type":"article","og_title":"\u2018Essa elei\u00e7\u00e3o assinalou a vit\u00f3ria da direita\u2019, afirma o cientista pol\u00edtico Antonio Lavareda","og_description":"Questionado sobre o porqu\u00ea alguns candidatos de esquerda n\u00e3o quiseram inserir Lu\u00eds In\u00e1cio Lula da Silva em suas campanhas para prefeito, Lavareda enfatizou que o ex-presidente n\u00e3o tem mais a for\u00e7a que demonstrava anteriormente. \u201cN\u00e3o acredito na recupera\u00e7\u00e3o da for\u00e7a do Lula. \u00c9 dif\u00edcil ver a recupera\u00e7\u00e3o eleitoral de lideran\u00e7as pol\u00edticas. Acho que o ex-presidente [&hellip;]","og_url":"https:\/\/www.p31noticias.com.br\/?p=24442","og_site_name":"P31","article_published_time":"2021-09-21T15:11:40+00:00","og_image":[{"width":853,"height":404,"url":"https:\/\/www.p31noticias.com.br\/wp-content\/uploads\/2021\/09\/antonio.png","type":"image\/png"}],"author":"Camilly Scheffer","twitter_card":"summary_large_image","twitter_misc":{"Escrito por":"Camilly Scheffer","Est. tempo de leitura":"4 minutos"},"schema":{"@context":"https:\/\/schema.org","@graph":[{"@type":"Article","@id":"https:\/\/www.p31noticias.com.br\/?p=24442#article","isPartOf":{"@id":"https:\/\/www.p31noticias.com.br\/?p=24442"},"author":{"name":"Camilly Scheffer","@id":"https:\/\/www.p31noticias.com.br\/#\/schema\/person\/d1bb0ccbf62b27e19ea4e75696908d43"},"headline":"\u2018Essa elei\u00e7\u00e3o assinalou a vit\u00f3ria da direita\u2019, afirma o cientista pol\u00edtico Antonio Lavareda","datePublished":"2021-09-21T15:11:40+00:00","mainEntityOfPage":{"@id":"https:\/\/www.p31noticias.com.br\/?p=24442"},"wordCount":826,"commentCount":0,"image":{"@id":"https:\/\/www.p31noticias.com.br\/?p=24442#primaryimage"},"thumbnailUrl":"https:\/\/www.p31noticias.com.br\/wp-content\/uploads\/2021\/09\/antonio.png","articleSection":["Pol\u00edtica"],"inLanguage":"pt-BR","potentialAction":[{"@type":"CommentAction","name":"Comment","target":["https:\/\/www.p31noticias.com.br\/?p=24442#respond"]}],"copyrightYear":"2021","copyrightHolder":{"@id":"https:\/\/www.p31noticias.com.br\/#organization"}},{"@type":"WebPage","@id":"https:\/\/www.p31noticias.com.br\/?p=24442","url":"https:\/\/www.p31noticias.com.br\/?p=24442","name":"\u2018Essa elei\u00e7\u00e3o assinalou a vit\u00f3ria da direita\u2019, afirma o cientista pol\u00edtico Antonio Lavareda - P31","isPartOf":{"@id":"https:\/\/www.p31noticias.com.br\/#website"},"primaryImageOfPage":{"@id":"https:\/\/www.p31noticias.com.br\/?p=24442#primaryimage"},"image":{"@id":"https:\/\/www.p31noticias.com.br\/?p=24442#primaryimage"},"thumbnailUrl":"https:\/\/www.p31noticias.com.br\/wp-content\/uploads\/2021\/09\/antonio.png","datePublished":"2021-09-21T15:11:40+00:00","author":{"@id":"https:\/\/www.p31noticias.com.br\/#\/schema\/person\/d1bb0ccbf62b27e19ea4e75696908d43"},"breadcrumb":{"@id":"https:\/\/www.p31noticias.com.br\/?p=24442#breadcrumb"},"inLanguage":"pt-BR","potentialAction":[{"@type":"ReadAction","target":["https:\/\/www.p31noticias.com.br\/?p=24442"]}]},{"@type":"ImageObject","inLanguage":"pt-BR","@id":"https:\/\/www.p31noticias.com.br\/?p=24442#primaryimage","url":"https:\/\/www.p31noticias.com.br\/wp-content\/uploads\/2021\/09\/antonio.png","contentUrl":"https:\/\/www.p31noticias.com.br\/wp-content\/uploads\/2021\/09\/antonio.png","width":853,"height":404},{"@type":"BreadcrumbList","@id":"https:\/\/www.p31noticias.com.br\/?p=24442#breadcrumb","itemListElement":[{"@type":"ListItem","position":1,"name":"In\u00edcio","item":"https:\/\/www.p31noticias.com.br\/"},{"@type":"ListItem","position":2,"name":"\u2018Essa elei\u00e7\u00e3o assinalou a vit\u00f3ria da direita\u2019, afirma o cientista pol\u00edtico Antonio Lavareda"}]},{"@type":"WebSite","@id":"https:\/\/www.p31noticias.com.br\/#website","url":"https:\/\/www.p31noticias.com.br\/","name":"P31","description":"NOT\u00cdCIAS","potentialAction":[{"@type":"SearchAction","target":{"@type":"EntryPoint","urlTemplate":"https:\/\/www.p31noticias.com.br\/?s={search_term_string}"},"query-input":{"@type":"PropertyValueSpecification","valueRequired":true,"valueName":"search_term_string"}}],"inLanguage":"pt-BR"},{"@type":"Person","@id":"https:\/\/www.p31noticias.com.br\/#\/schema\/person\/d1bb0ccbf62b27e19ea4e75696908d43","name":"Camilly Scheffer","image":{"@type":"ImageObject","inLanguage":"pt-BR","@id":"https:\/\/secure.gravatar.com\/avatar\/06f4704b382d241ec2670712618fccea085b2db24d7b2d3b8691d904bbc1d557?s=96&d=mm&r=g","url":"https:\/\/secure.gravatar.com\/avatar\/06f4704b382d241ec2670712618fccea085b2db24d7b2d3b8691d904bbc1d557?s=96&d=mm&r=g","contentUrl":"https:\/\/secure.gravatar.com\/avatar\/06f4704b382d241ec2670712618fccea085b2db24d7b2d3b8691d904bbc1d557?s=96&d=mm&r=g","caption":"Camilly Scheffer"},"url":"https:\/\/www.p31noticias.com.br\/?author=5"}]}},"amp_enabled":true,"_links":{"self":[{"href":"https:\/\/www.p31noticias.com.br\/index.php?rest_route=\/wp\/v2\/posts\/24442","targetHints":{"allow":["GET"]}}],"collection":[{"href":"https:\/\/www.p31noticias.com.br\/index.php?rest_route=\/wp\/v2\/posts"}],"about":[{"href":"https:\/\/www.p31noticias.com.br\/index.php?rest_route=\/wp\/v2\/types\/post"}],"author":[{"embeddable":true,"href":"https:\/\/www.p31noticias.com.br\/index.php?rest_route=\/wp\/v2\/users\/5"}],"replies":[{"embeddable":true,"href":"https:\/\/www.p31noticias.com.br\/index.php?rest_route=%2Fwp%2Fv2%2Fcomments&post=24442"}],"version-history":[{"count":1,"href":"https:\/\/www.p31noticias.com.br\/index.php?rest_route=\/wp\/v2\/posts\/24442\/revisions"}],"predecessor-version":[{"id":24444,"href":"https:\/\/www.p31noticias.com.br\/index.php?rest_route=\/wp\/v2\/posts\/24442\/revisions\/24444"}],"wp:featuredmedia":[{"embeddable":true,"href":"https:\/\/www.p31noticias.com.br\/index.php?rest_route=\/wp\/v2\/media\/24443"}],"wp:attachment":[{"href":"https:\/\/www.p31noticias.com.br\/index.php?rest_route=%2Fwp%2Fv2%2Fmedia&parent=24442"}],"wp:term":[{"taxonomy":"category","embeddable":true,"href":"https:\/\/www.p31noticias.com.br\/index.php?rest_route=%2Fwp%2Fv2%2Fcategories&post=24442"},{"taxonomy":"post_tag","embeddable":true,"href":"https:\/\/www.p31noticias.com.br\/index.php?rest_route=%2Fwp%2Fv2%2Ftags&post=24442"}],"curies":[{"name":"wp","href":"https:\/\/api.w.org\/{rel}","templated":true}]}}