{"id":24437,"date":"2021-09-21T12:06:53","date_gmt":"2021-09-21T15:06:53","guid":{"rendered":"https:\/\/p31noticias.com.br\/?p=24437"},"modified":"2021-09-21T12:07:08","modified_gmt":"2021-09-21T15:07:08","slug":"renova-df-abre-vagas-para-cursos-de-qualificacao-profissional-bolsa-e-de-r11-mil","status":"publish","type":"post","link":"https:\/\/www.p31noticias.com.br\/?p=24437","title":{"rendered":"Renova-DF abre vagas para cursos de qualifica\u00e7\u00e3o profissional; bolsa \u00e9 de R$1,1 mil"},"content":{"rendered":"<p>A Secretaria de Trabalho do Distrito Federal abriu 1,5 mil vagas para o curso de auxiliar de manuten\u00e7\u00e3o no Programa de Qualifica\u00e7\u00e3o Profissional e Renova\u00e7\u00e3o de Equipamentos P\u00fablicos (Renova-DF). As inscri\u00e7\u00f5es devem ser feitas a partir desta ter\u00e7a-feira (21), pela internet. O prazo vai at\u00e9 sexta (24).<\/p>\n<p>A publica\u00e7\u00e3o est\u00e1 no Di\u00e1rio Oficial (DODF) desta segunda-feira (20) e prev\u00ea outras 500 vagas para cadastro reserva. Os candidatos selecionados ter\u00e3o direito a um aux\u00edlio no valor de um sal\u00e1rio m\u00ednimo (R$ 1,1 mil).<\/p>\n<p>O benef\u00edcio \u00e9 pago ao fim do curso, al\u00e9m do aux\u00edlio-transporte e seguro contra acidentes pessoais. Para a sele\u00e7\u00e3o, segundo o edital, ser\u00e3o avaliados crit\u00e9rios como a condi\u00e7\u00e3o socioecon\u00f4mica do inscrito.<\/p>\n<div class=\"mc-column content-text active-extra-styles \" data-block-type=\"unstyled\" data-block-weight=\"12\" data-block-id=\"5\">\n<p class=\"content-text__container \" data-track-category=\"Link no Texto\" data-track-links=\"\">Durante a forma\u00e7\u00e3o, os estudantes v\u00e3o aprender no\u00e7\u00f5es de diferentes profiss\u00f5es, como:<\/p>\n<\/div>\n<div class=\"mc-column content-text active-extra-styles\" data-block-type=\"raw\" data-block-weight=\"6\" data-block-id=\"6\">\n<ul class=\"content-unordered-list\">\n<li>carpinteiro<\/li>\n<li>jardineiro<\/li>\n<li>eletricista<\/li>\n<li>encanador<\/li>\n<li>serralheiro<\/li>\n<li>pedreiro<\/li>\n<\/ul>\n<\/div>\n<div class=\"mc-column content-text active-extra-styles \" data-block-type=\"unstyled\" data-block-weight=\"40\" data-block-id=\"7\">\n<p class=\"content-text__container \" data-track-category=\"Link no Texto\" data-track-links=\"\">Os alunos tamb\u00e9m t\u00eam direito a um certificado, autenticado pela entidade qualificadora e pela Secretaria de Trabalho. O curso profissionalizante tem dura\u00e7\u00e3o m\u00ednima de 80 horas, distribu\u00eddas em at\u00e9 20 horas semanais, com in\u00edcio previsto para 5 de outubro.<\/p>\n<div class=\"mc-column content-text active-extra-styles\" data-block-type=\"raw\" data-block-weight=\"3\" data-block-id=\"10\">\n<div class=\"content-intertitle\">\n<h2>Quem pode participar<\/h2>\n<div class=\"mc-column content-text active-extra-styles \" data-block-type=\"unstyled\" data-block-weight=\"11\" data-block-id=\"12\">\n<p class=\"content-text__container \" data-track-category=\"Link no Texto\" data-track-links=\"\">Para participar do programa, o candidato deve atender aos seguintes requisitos:<\/p>\n<\/div>\n<div class=\"mc-column content-text active-extra-styles\" data-block-type=\"raw\" data-block-weight=\"48\" data-block-id=\"13\">\n<ul class=\"content-unordered-list\">\n<li>Ser pessoa f\u00edsica, brasileiro nato ou naturalizado, ou estrangeiro em situa\u00e7\u00e3o regular no pa\u00eds, que esteja desempregado em busca de nova qualifica\u00e7\u00e3o e\/ou requalifica\u00e7\u00e3o na \u00e1rea da constru\u00e7\u00e3o civil<\/li>\n<li>Ser maior de 18 anos<\/li>\n<li>Comprovar situa\u00e7\u00e3o de desemprego (valida\u00e7\u00e3o ser\u00e1 realizada pela SETRAB)<\/li>\n<li>Comprovar resid\u00eancia no Distrito Federal<\/li>\n<\/ul>\n<\/div>\n<div class=\"mc-column content-text active-extra-styles \" data-block-type=\"unstyled\" data-block-weight=\"24\" data-block-id=\"14\">\n<p class=\"content-text__container \" data-track-category=\"Link no Texto\" data-track-links=\"\">Quanto \u00e0s vagas,\u00a0<strong>90%<\/strong>\u00a0ser\u00e3o destinadas para aqueles que realizarem o cadastro e cumprirem os requisitos de participa\u00e7\u00e3o, obedecendo a ordem de classifica\u00e7\u00e3o.<\/p>\n<p>Do restante, 5% das vagas ser\u00e3o destinadas a detentos do Sistema Prisional do DF que cumprem regime semi-aberto e aberto, e os outros 5% para programas, acordos e projetos de outros entes junto \u00e0 Secretaria de Trabalho.<\/p>\n<p>As atividades, segundo o edital, ser\u00e3o desenvolvidas nas regi\u00f5es administrativas, utilizando os equipamentos p\u00fablicos, como quadras poliesportivas, pra\u00e7as, parquinhos infantis, parques e pontos de encontro comunit\u00e1rio, para as aulas pr\u00e1ticas.<\/p>\n<h3>Resultados<\/h3>\n<p>O resultado final da sele\u00e7\u00e3o e a convoca\u00e7\u00e3o dos selecionados para o in\u00edcio das atividades ser\u00e3o divulgados no site da pasta, a partir do dia 28 de setembro.<\/p>\n<p>Os candidatos selecionados dever\u00e3o comparecer a uma das Ag\u00eancias do Trabalhador entre os dias 29 de setembro e 1\u00ba de outubro, das 8h \u00e0s 17h, para apresentar os documentos comprobat\u00f3rios originais, a seguir, para an\u00e1lise e comprova\u00e7\u00e3o dos requisitos de participa\u00e7\u00e3o.<\/p>\n<p>Fonte: G1.<\/p>\n<\/div>\n<\/div>\n<\/div>\n<\/div>\n","protected":false},"excerpt":{"rendered":"<p>A Secretaria de Trabalho do Distrito Federal abriu 1,5 mil vagas para o curso de auxiliar de manuten\u00e7\u00e3o no Programa de Qualifica\u00e7\u00e3o Profissional e Renova\u00e7\u00e3o de Equipamentos P\u00fablicos (Renova-DF). As inscri\u00e7\u00f5es devem ser feitas a partir desta ter\u00e7a-feira (21), pela internet. O prazo vai at\u00e9 sexta (24). A publica\u00e7\u00e3o est\u00e1 no Di\u00e1rio Oficial (DODF) desta [&hellip;]<\/p>\n","protected":false},"author":5,"featured_media":24438,"comment_status":"open","ping_status":"open","sticky":false,"template":"","format":"standard","meta":{"footnotes":""},"categories":[1],"tags":[],"class_list":{"0":"post-24437","1":"post","2":"type-post","3":"status-publish","4":"format-standard","5":"has-post-thumbnail","7":"category-outros"},"yoast_head":"<!-- This site is optimized with the Yoast SEO Premium plugin v24.5 (Yoast SEO v27.5) - https:\/\/yoast.com\/product\/yoast-seo-premium-wordpress\/ -->\n<title>Renova-DF abre vagas para cursos de qualifica\u00e7\u00e3o profissional; bolsa \u00e9 de R$1,1 mil - P31<\/title>\n<meta name=\"robots\" content=\"index, follow, max-snippet:-1, max-image-preview:large, max-video-preview:-1\" \/>\n<link rel=\"canonical\" href=\"https:\/\/www.p31noticias.com.br\/?p=24437\" \/>\n<meta property=\"og:locale\" content=\"pt_BR\" \/>\n<meta property=\"og:type\" content=\"article\" \/>\n<meta property=\"og:title\" content=\"Renova-DF abre vagas para cursos de qualifica\u00e7\u00e3o profissional; bolsa \u00e9 de R$1,1 mil\" \/>\n<meta property=\"og:description\" content=\"A Secretaria de Trabalho do Distrito Federal abriu 1,5 mil vagas para o curso de auxiliar de manuten\u00e7\u00e3o no Programa de Qualifica\u00e7\u00e3o Profissional e Renova\u00e7\u00e3o de Equipamentos P\u00fablicos (Renova-DF). As inscri\u00e7\u00f5es devem ser feitas a partir desta ter\u00e7a-feira (21), pela internet. O prazo vai at\u00e9 sexta (24). A publica\u00e7\u00e3o est\u00e1 no Di\u00e1rio Oficial (DODF) desta [&hellip;]\" \/>\n<meta property=\"og:url\" content=\"https:\/\/www.p31noticias.com.br\/?p=24437\" \/>\n<meta property=\"og:site_name\" content=\"P31\" \/>\n<meta property=\"article:published_time\" content=\"2021-09-21T15:06:53+00:00\" \/>\n<meta property=\"article:modified_time\" content=\"2021-09-21T15:07:08+00:00\" \/>\n<meta property=\"og:image\" content=\"https:\/\/www.p31noticias.com.br\/wp-content\/uploads\/2021\/09\/renaova-df.jpg\" \/>\n\t<meta property=\"og:image:width\" content=\"984\" \/>\n\t<meta property=\"og:image:height\" content=\"454\" \/>\n\t<meta property=\"og:image:type\" content=\"image\/jpeg\" \/>\n<meta name=\"author\" content=\"Camilly Scheffer\" \/>\n<meta name=\"twitter:card\" content=\"summary_large_image\" \/>\n<meta name=\"twitter:label1\" content=\"Escrito por\" \/>\n\t<meta name=\"twitter:data1\" content=\"Camilly Scheffer\" \/>\n\t<meta name=\"twitter:label2\" content=\"Est. tempo de leitura\" \/>\n\t<meta name=\"twitter:data2\" content=\"2 minutos\" \/>\n<script type=\"application\/ld+json\" class=\"yoast-schema-graph\">{\"@context\":\"https:\\\/\\\/schema.org\",\"@graph\":[{\"@type\":\"Article\",\"@id\":\"https:\\\/\\\/www.p31noticias.com.br\\\/?p=24437#article\",\"isPartOf\":{\"@id\":\"https:\\\/\\\/www.p31noticias.com.br\\\/?p=24437\"},\"author\":{\"name\":\"Camilly Scheffer\",\"@id\":\"https:\\\/\\\/www.p31noticias.com.br\\\/#\\\/schema\\\/person\\\/d1bb0ccbf62b27e19ea4e75696908d43\"},\"headline\":\"Renova-DF abre vagas para cursos de qualifica\u00e7\u00e3o profissional; bolsa \u00e9 de R$1,1 mil\",\"datePublished\":\"2021-09-21T15:06:53+00:00\",\"dateModified\":\"2021-09-21T15:07:08+00:00\",\"mainEntityOfPage\":{\"@id\":\"https:\\\/\\\/www.p31noticias.com.br\\\/?p=24437\"},\"wordCount\":449,\"commentCount\":0,\"image\":{\"@id\":\"https:\\\/\\\/www.p31noticias.com.br\\\/?p=24437#primaryimage\"},\"thumbnailUrl\":\"https:\\\/\\\/www.p31noticias.com.br\\\/wp-content\\\/uploads\\\/2021\\\/09\\\/renaova-df.jpg\",\"articleSection\":[\"Outros\"],\"inLanguage\":\"pt-BR\",\"potentialAction\":[{\"@type\":\"CommentAction\",\"name\":\"Comment\",\"target\":[\"https:\\\/\\\/www.p31noticias.com.br\\\/?p=24437#respond\"]}],\"copyrightYear\":\"2021\",\"copyrightHolder\":{\"@id\":\"https:\\\/\\\/www.p31noticias.com.br\\\/#organization\"}},{\"@type\":\"WebPage\",\"@id\":\"https:\\\/\\\/www.p31noticias.com.br\\\/?p=24437\",\"url\":\"https:\\\/\\\/www.p31noticias.com.br\\\/?p=24437\",\"name\":\"Renova-DF abre vagas para cursos de qualifica\u00e7\u00e3o profissional; bolsa \u00e9 de R$1,1 mil - P31\",\"isPartOf\":{\"@id\":\"https:\\\/\\\/www.p31noticias.com.br\\\/#website\"},\"primaryImageOfPage\":{\"@id\":\"https:\\\/\\\/www.p31noticias.com.br\\\/?p=24437#primaryimage\"},\"image\":{\"@id\":\"https:\\\/\\\/www.p31noticias.com.br\\\/?p=24437#primaryimage\"},\"thumbnailUrl\":\"https:\\\/\\\/www.p31noticias.com.br\\\/wp-content\\\/uploads\\\/2021\\\/09\\\/renaova-df.jpg\",\"datePublished\":\"2021-09-21T15:06:53+00:00\",\"dateModified\":\"2021-09-21T15:07:08+00:00\",\"author\":{\"@id\":\"https:\\\/\\\/www.p31noticias.com.br\\\/#\\\/schema\\\/person\\\/d1bb0ccbf62b27e19ea4e75696908d43\"},\"breadcrumb\":{\"@id\":\"https:\\\/\\\/www.p31noticias.com.br\\\/?p=24437#breadcrumb\"},\"inLanguage\":\"pt-BR\",\"potentialAction\":[{\"@type\":\"ReadAction\",\"target\":[\"https:\\\/\\\/www.p31noticias.com.br\\\/?p=24437\"]}]},{\"@type\":\"ImageObject\",\"inLanguage\":\"pt-BR\",\"@id\":\"https:\\\/\\\/www.p31noticias.com.br\\\/?p=24437#primaryimage\",\"url\":\"https:\\\/\\\/www.p31noticias.com.br\\\/wp-content\\\/uploads\\\/2021\\\/09\\\/renaova-df.jpg\",\"contentUrl\":\"https:\\\/\\\/www.p31noticias.com.br\\\/wp-content\\\/uploads\\\/2021\\\/09\\\/renaova-df.jpg\",\"width\":984,\"height\":454},{\"@type\":\"BreadcrumbList\",\"@id\":\"https:\\\/\\\/www.p31noticias.com.br\\\/?p=24437#breadcrumb\",\"itemListElement\":[{\"@type\":\"ListItem\",\"position\":1,\"name\":\"In\u00edcio\",\"item\":\"https:\\\/\\\/www.p31noticias.com.br\\\/\"},{\"@type\":\"ListItem\",\"position\":2,\"name\":\"Renova-DF abre vagas para cursos de qualifica\u00e7\u00e3o profissional; bolsa \u00e9 de R$1,1 mil\"}]},{\"@type\":\"WebSite\",\"@id\":\"https:\\\/\\\/www.p31noticias.com.br\\\/#website\",\"url\":\"https:\\\/\\\/www.p31noticias.com.br\\\/\",\"name\":\"P31\",\"description\":\"NOT\u00cdCIAS\",\"potentialAction\":[{\"@type\":\"SearchAction\",\"target\":{\"@type\":\"EntryPoint\",\"urlTemplate\":\"https:\\\/\\\/www.p31noticias.com.br\\\/?s={search_term_string}\"},\"query-input\":{\"@type\":\"PropertyValueSpecification\",\"valueRequired\":true,\"valueName\":\"search_term_string\"}}],\"inLanguage\":\"pt-BR\"},{\"@type\":\"Person\",\"@id\":\"https:\\\/\\\/www.p31noticias.com.br\\\/#\\\/schema\\\/person\\\/d1bb0ccbf62b27e19ea4e75696908d43\",\"name\":\"Camilly Scheffer\",\"image\":{\"@type\":\"ImageObject\",\"inLanguage\":\"pt-BR\",\"@id\":\"https:\\\/\\\/secure.gravatar.com\\\/avatar\\\/06f4704b382d241ec2670712618fccea085b2db24d7b2d3b8691d904bbc1d557?s=96&d=mm&r=g\",\"url\":\"https:\\\/\\\/secure.gravatar.com\\\/avatar\\\/06f4704b382d241ec2670712618fccea085b2db24d7b2d3b8691d904bbc1d557?s=96&d=mm&r=g\",\"contentUrl\":\"https:\\\/\\\/secure.gravatar.com\\\/avatar\\\/06f4704b382d241ec2670712618fccea085b2db24d7b2d3b8691d904bbc1d557?s=96&d=mm&r=g\",\"caption\":\"Camilly Scheffer\"},\"url\":\"https:\\\/\\\/www.p31noticias.com.br\\\/?author=5\"}]}<\/script>\n<!-- \/ Yoast SEO Premium plugin. -->","yoast_head_json":{"title":"Renova-DF abre vagas para cursos de qualifica\u00e7\u00e3o profissional; bolsa \u00e9 de R$1,1 mil - P31","robots":{"index":"index","follow":"follow","max-snippet":"max-snippet:-1","max-image-preview":"max-image-preview:large","max-video-preview":"max-video-preview:-1"},"canonical":"https:\/\/www.p31noticias.com.br\/?p=24437","og_locale":"pt_BR","og_type":"article","og_title":"Renova-DF abre vagas para cursos de qualifica\u00e7\u00e3o profissional; bolsa \u00e9 de R$1,1 mil","og_description":"A Secretaria de Trabalho do Distrito Federal abriu 1,5 mil vagas para o curso de auxiliar de manuten\u00e7\u00e3o no Programa de Qualifica\u00e7\u00e3o Profissional e Renova\u00e7\u00e3o de Equipamentos P\u00fablicos (Renova-DF). As inscri\u00e7\u00f5es devem ser feitas a partir desta ter\u00e7a-feira (21), pela internet. O prazo vai at\u00e9 sexta (24). A publica\u00e7\u00e3o est\u00e1 no Di\u00e1rio Oficial (DODF) desta [&hellip;]","og_url":"https:\/\/www.p31noticias.com.br\/?p=24437","og_site_name":"P31","article_published_time":"2021-09-21T15:06:53+00:00","article_modified_time":"2021-09-21T15:07:08+00:00","og_image":[{"width":984,"height":454,"url":"https:\/\/www.p31noticias.com.br\/wp-content\/uploads\/2021\/09\/renaova-df.jpg","type":"image\/jpeg"}],"author":"Camilly Scheffer","twitter_card":"summary_large_image","twitter_misc":{"Escrito por":"Camilly Scheffer","Est. tempo de leitura":"2 minutos"},"schema":{"@context":"https:\/\/schema.org","@graph":[{"@type":"Article","@id":"https:\/\/www.p31noticias.com.br\/?p=24437#article","isPartOf":{"@id":"https:\/\/www.p31noticias.com.br\/?p=24437"},"author":{"name":"Camilly Scheffer","@id":"https:\/\/www.p31noticias.com.br\/#\/schema\/person\/d1bb0ccbf62b27e19ea4e75696908d43"},"headline":"Renova-DF abre vagas para cursos de qualifica\u00e7\u00e3o profissional; bolsa \u00e9 de R$1,1 mil","datePublished":"2021-09-21T15:06:53+00:00","dateModified":"2021-09-21T15:07:08+00:00","mainEntityOfPage":{"@id":"https:\/\/www.p31noticias.com.br\/?p=24437"},"wordCount":449,"commentCount":0,"image":{"@id":"https:\/\/www.p31noticias.com.br\/?p=24437#primaryimage"},"thumbnailUrl":"https:\/\/www.p31noticias.com.br\/wp-content\/uploads\/2021\/09\/renaova-df.jpg","articleSection":["Outros"],"inLanguage":"pt-BR","potentialAction":[{"@type":"CommentAction","name":"Comment","target":["https:\/\/www.p31noticias.com.br\/?p=24437#respond"]}],"copyrightYear":"2021","copyrightHolder":{"@id":"https:\/\/www.p31noticias.com.br\/#organization"}},{"@type":"WebPage","@id":"https:\/\/www.p31noticias.com.br\/?p=24437","url":"https:\/\/www.p31noticias.com.br\/?p=24437","name":"Renova-DF abre vagas para cursos de qualifica\u00e7\u00e3o profissional; bolsa \u00e9 de R$1,1 mil - P31","isPartOf":{"@id":"https:\/\/www.p31noticias.com.br\/#website"},"primaryImageOfPage":{"@id":"https:\/\/www.p31noticias.com.br\/?p=24437#primaryimage"},"image":{"@id":"https:\/\/www.p31noticias.com.br\/?p=24437#primaryimage"},"thumbnailUrl":"https:\/\/www.p31noticias.com.br\/wp-content\/uploads\/2021\/09\/renaova-df.jpg","datePublished":"2021-09-21T15:06:53+00:00","dateModified":"2021-09-21T15:07:08+00:00","author":{"@id":"https:\/\/www.p31noticias.com.br\/#\/schema\/person\/d1bb0ccbf62b27e19ea4e75696908d43"},"breadcrumb":{"@id":"https:\/\/www.p31noticias.com.br\/?p=24437#breadcrumb"},"inLanguage":"pt-BR","potentialAction":[{"@type":"ReadAction","target":["https:\/\/www.p31noticias.com.br\/?p=24437"]}]},{"@type":"ImageObject","inLanguage":"pt-BR","@id":"https:\/\/www.p31noticias.com.br\/?p=24437#primaryimage","url":"https:\/\/www.p31noticias.com.br\/wp-content\/uploads\/2021\/09\/renaova-df.jpg","contentUrl":"https:\/\/www.p31noticias.com.br\/wp-content\/uploads\/2021\/09\/renaova-df.jpg","width":984,"height":454},{"@type":"BreadcrumbList","@id":"https:\/\/www.p31noticias.com.br\/?p=24437#breadcrumb","itemListElement":[{"@type":"ListItem","position":1,"name":"In\u00edcio","item":"https:\/\/www.p31noticias.com.br\/"},{"@type":"ListItem","position":2,"name":"Renova-DF abre vagas para cursos de qualifica\u00e7\u00e3o profissional; bolsa \u00e9 de R$1,1 mil"}]},{"@type":"WebSite","@id":"https:\/\/www.p31noticias.com.br\/#website","url":"https:\/\/www.p31noticias.com.br\/","name":"P31","description":"NOT\u00cdCIAS","potentialAction":[{"@type":"SearchAction","target":{"@type":"EntryPoint","urlTemplate":"https:\/\/www.p31noticias.com.br\/?s={search_term_string}"},"query-input":{"@type":"PropertyValueSpecification","valueRequired":true,"valueName":"search_term_string"}}],"inLanguage":"pt-BR"},{"@type":"Person","@id":"https:\/\/www.p31noticias.com.br\/#\/schema\/person\/d1bb0ccbf62b27e19ea4e75696908d43","name":"Camilly Scheffer","image":{"@type":"ImageObject","inLanguage":"pt-BR","@id":"https:\/\/secure.gravatar.com\/avatar\/06f4704b382d241ec2670712618fccea085b2db24d7b2d3b8691d904bbc1d557?s=96&d=mm&r=g","url":"https:\/\/secure.gravatar.com\/avatar\/06f4704b382d241ec2670712618fccea085b2db24d7b2d3b8691d904bbc1d557?s=96&d=mm&r=g","contentUrl":"https:\/\/secure.gravatar.com\/avatar\/06f4704b382d241ec2670712618fccea085b2db24d7b2d3b8691d904bbc1d557?s=96&d=mm&r=g","caption":"Camilly Scheffer"},"url":"https:\/\/www.p31noticias.com.br\/?author=5"}]}},"amp_enabled":true,"_links":{"self":[{"href":"https:\/\/www.p31noticias.com.br\/index.php?rest_route=\/wp\/v2\/posts\/24437","targetHints":{"allow":["GET"]}}],"collection":[{"href":"https:\/\/www.p31noticias.com.br\/index.php?rest_route=\/wp\/v2\/posts"}],"about":[{"href":"https:\/\/www.p31noticias.com.br\/index.php?rest_route=\/wp\/v2\/types\/post"}],"author":[{"embeddable":true,"href":"https:\/\/www.p31noticias.com.br\/index.php?rest_route=\/wp\/v2\/users\/5"}],"replies":[{"embeddable":true,"href":"https:\/\/www.p31noticias.com.br\/index.php?rest_route=%2Fwp%2Fv2%2Fcomments&post=24437"}],"version-history":[{"count":2,"href":"https:\/\/www.p31noticias.com.br\/index.php?rest_route=\/wp\/v2\/posts\/24437\/revisions"}],"predecessor-version":[{"id":24440,"href":"https:\/\/www.p31noticias.com.br\/index.php?rest_route=\/wp\/v2\/posts\/24437\/revisions\/24440"}],"wp:featuredmedia":[{"embeddable":true,"href":"https:\/\/www.p31noticias.com.br\/index.php?rest_route=\/wp\/v2\/media\/24438"}],"wp:attachment":[{"href":"https:\/\/www.p31noticias.com.br\/index.php?rest_route=%2Fwp%2Fv2%2Fmedia&parent=24437"}],"wp:term":[{"taxonomy":"category","embeddable":true,"href":"https:\/\/www.p31noticias.com.br\/index.php?rest_route=%2Fwp%2Fv2%2Fcategories&post=24437"},{"taxonomy":"post_tag","embeddable":true,"href":"https:\/\/www.p31noticias.com.br\/index.php?rest_route=%2Fwp%2Fv2%2Ftags&post=24437"}],"curies":[{"name":"wp","href":"https:\/\/api.w.org\/{rel}","templated":true}]}}