{"id":24433,"date":"2021-09-21T12:03:23","date_gmt":"2021-09-21T15:03:23","guid":{"rendered":"https:\/\/p31noticias.com.br\/?p=24433"},"modified":"2021-09-21T12:03:23","modified_gmt":"2021-09-21T15:03:23","slug":"datafolha-67-dos-brasileiros-reduziram-consumo-de-carne-e-47-de-pao-frances","status":"publish","type":"post","link":"https:\/\/www.p31noticias.com.br\/?p=24433","title":{"rendered":"Datafolha: 67% dos brasileiros reduziram consumo de carne e 47%, de p\u00e3o franc\u00eas"},"content":{"rendered":"<p>Pesquisa Datafolha divulgada nesta segunda-feira (20) pelo jornal &#8220;Folha de S.Paulo&#8221; aponta que 85% dos brasileiros reduziram o consumo de alimentos desde o in\u00edcio do ano, com destaque para carne de boi, arroz, feij\u00e3o, frutas, legumes e p\u00e3o. O ovo, ao contr\u00e1rio, ganhou espa\u00e7o nos lares do pa\u00eds como substituto da prote\u00edna, segundo o levantamento, realizado entre 13 e 15 de setembro.<\/p>\n<p>De acordo com o os dados, 67% dos brasileiros cortaram o consumo de carne vermelha; 51% o de refrigerantes e sucos e 46% o de leite, queijo e iogurte. P\u00e3o franc\u00eas, p\u00e3o de forma e outros p\u00e3es aparecem com 41% de redu\u00e7\u00e3o.<\/p>\n<p>Demais gastos b\u00e1sicos, como arroz, feij\u00e3o e macarr\u00e3o, est\u00e3o deixando de ser comprados por 34%, 36% e 38% da popula\u00e7\u00e3o, respectivamente.<\/p>\n<p>O consumo de frango, porco e outros tipos de carnes e do grupo frutas, legumes e verduras tamb\u00e9m teve queda relevante. Nesses casos, no entanto, tamb\u00e9m se destaca o percentual de entrevistados que disse ter aumentado a compra desses itens. Segundo o Datafolha, essa contradi\u00e7\u00e3o pode indicar a substitui\u00e7\u00e3o de itens da cesta b\u00e1sica.<\/p>\n<p>Frutas, legumes e verduras sofreram uma redu\u00e7\u00e3o de consumo entre 36% da popula\u00e7\u00e3o pesquisada, e uma parcela similar, de 33%, aumentou o consumo desse tipo de produto desde o in\u00edcio do ano. H\u00e1 ainda 30% que mantiveram o consumo inalterado, e 1% que n\u00e3o consome.<\/p>\n<p>A redu\u00e7\u00e3o no consumo desses alimentos naturais atinge de forma mais intensa os mais pobres: no segmento com renda de at\u00e9 2 sal\u00e1rios, 45% diminu\u00edram a quantidade de frutas, legumes ou verduras consumidas; entre quem tem renda de 2 a 5 sal\u00e1rios, 29% diminu\u00edram; no grupo com renda familiar de 5 a 10 sal\u00e1rios, 20% diminu\u00edram; e entre os mais ricos, com renda superior a 10 sal\u00e1rios, apenas 8% reduziram o consumo desses alimentos.<\/p>\n<p>Por fim, metade dos brasileiros (50%) est\u00e3o comendo mais ovos do que antes, na \u00fanica categoria de produto em que o aumento de consumo foi maior do que a diminui\u00e7\u00e3o. Uma parcela de 20%, por outro lado, passou a consumir menos ovos, e 28% mantiveram o consumo, al\u00e9m de 3% que n\u00e3o consomem.<\/p>\n<p>De acordo com o instituto, os resultados n\u00e3o destacam diferen\u00e7a entre o percentual de pessoas com redu\u00e7\u00e3o no consumo de itens aliment\u00edcios na abertura por idade ou escolaridade, &#8220;uma vez que todos apresentam percentual em torno da m\u00e9dia de 85%&#8221;.<\/p>\n<p>Por faixa de renda, os percentuais s\u00e3o altos mesmo nas fam\u00edlias com renda acima de dez sal\u00e1rios m\u00ednimos: 67% relatam ter cortado algum desses produtos. Na faixa at\u00e9 dois sal\u00e1rios, s\u00e3o 88%.<\/p>\n<p>O percentual fica em 75% no Sul e 89% no Nordeste. H\u00e1 diferen\u00e7as tamb\u00e9m entre homens (82%) e mulheres (87%); pretos (91%) e brancos (82%); pessoas que avaliam o governo positivamente (73%) e negativamente (89%).<\/p>\n<div class=\"mc-column content-text active-extra-styles\" data-block-type=\"raw\" data-block-weight=\"4\" data-block-id=\"15\">\n<div class=\"content-intertitle\">\n<h2>Infla\u00e7\u00e3o acima do esperado<\/h2>\n<\/div>\n<\/div>\n<div class=\"mc-column content-text active-extra-styles \" data-block-type=\"unstyled\" data-block-weight=\"43\" data-block-id=\"16\">\n<p class=\"content-text__container \" data-track-category=\"Link no Texto\" data-track-links=\"\">Em agosto, mais uma vez, a infla\u00e7\u00e3o oficial do pa\u00eds veio acima do esperado. O \u00cdndice de Pre\u00e7os ao Consumidor Amplo, o IPCA, medido pelo IBGE, acelerou para 9,68% no acumulado em 12 meses, levando a uma onda de revis\u00f5es entre os economistas.<\/p>\n<\/div>\n<div class=\"mc-column content-text active-extra-styles \" data-block-type=\"unstyled\" data-block-weight=\"39\" data-block-id=\"17\">\n<p class=\"content-text__container \" data-track-category=\"Link no Texto\" data-track-links=\"\">Ao contr\u00e1rio de outros ciclos inflacion\u00e1rios pelos quais o Brasil passou, este n\u00e3o \u00e9 puxado por uma alta da demanda por parte dos brasileiros, mas por choques do lado da oferta \u2014 a seca, o d\u00f3lar, o petr\u00f3leo, etc.<\/p>\n<\/div>\n<div class=\"mc-column content-text active-extra-styles \" data-block-type=\"unstyled\" data-block-weight=\"26\" data-block-id=\"18\">\n<p class=\"content-text__container \" data-track-category=\"Link no Texto\" data-track-links=\"\">De forma geral, os choques causam um aumento de pre\u00e7os tempor\u00e1rio e se dissipam. Desta vez, contudo, eles t\u00eam sido persistentes e v\u00eam contaminando outros pre\u00e7os.<\/p>\n<\/div>\n<div class=\"mc-column content-text active-extra-styles \" data-block-type=\"unstyled\" data-block-weight=\"55\" data-block-id=\"19\">\n<p class=\"content-text__container \" data-track-category=\"Link no Texto\" data-track-links=\"\">Como resultado, o Banco Central vem apertando cada vez mais os juros. A Selic mais alta eleva o custo do cr\u00e9dito e contribui para reduzir ainda mais a demanda e desacelerar a economia. Nesta quarta-feira (20), o Comit\u00ea de Pol\u00edtica Monet\u00e1ria (Copom) deve elevar a Selic para 6,25% ao ano. Atualmente, ela est\u00e1 em 5,25%.<\/p>\n<div class=\"mc-column content-text active-extra-styles \" data-block-type=\"unstyled\" data-block-weight=\"31\" data-block-id=\"21\">\n<p class=\"content-text__container \" data-track-category=\"Link no Texto\" data-track-links=\"\">\u00c9 por isso que, em paralelo \u00e0s revis\u00f5es das estimativas para a infla\u00e7\u00e3o, os economistas tamb\u00e9m est\u00e3o revendo para baixo suas previs\u00f5es para o PIB (Produto Interno Bruto) de 2022.<\/p>\n<\/div>\n<div data-track-category=\"multicontent\" data-track-action=\"ultimo chunk conteudo\" data-track-noninteraction=\"false\" data-track-scroll=\"view\">\n<div class=\"block-podcast\">Fonte: G1.<\/div>\n<\/div>\n<p data-track-category=\"Link no Texto\" data-track-links=\"\">\n<\/div>\n","protected":false},"excerpt":{"rendered":"<p>Pesquisa Datafolha divulgada nesta segunda-feira (20) pelo jornal &#8220;Folha de S.Paulo&#8221; aponta que 85% dos brasileiros reduziram o consumo de alimentos desde o in\u00edcio do ano, com destaque para carne de boi, arroz, feij\u00e3o, frutas, legumes e p\u00e3o. O ovo, ao contr\u00e1rio, ganhou espa\u00e7o nos lares do pa\u00eds como substituto da prote\u00edna, segundo o levantamento, [&hellip;]<\/p>\n","protected":false},"author":5,"featured_media":24434,"comment_status":"open","ping_status":"open","sticky":false,"template":"","format":"standard","meta":{"footnotes":""},"categories":[1],"tags":[],"class_list":{"0":"post-24433","1":"post","2":"type-post","3":"status-publish","4":"format-standard","5":"has-post-thumbnail","7":"category-outros"},"yoast_head":"<!-- This site is optimized with the Yoast SEO Premium plugin v24.5 (Yoast SEO v27.5) - https:\/\/yoast.com\/product\/yoast-seo-premium-wordpress\/ -->\n<title>Datafolha: 67% dos brasileiros reduziram consumo de carne e 47%, de p\u00e3o franc\u00eas - P31<\/title>\n<meta name=\"robots\" content=\"index, follow, max-snippet:-1, max-image-preview:large, max-video-preview:-1\" \/>\n<link rel=\"canonical\" href=\"https:\/\/www.p31noticias.com.br\/?p=24433\" \/>\n<meta property=\"og:locale\" content=\"pt_BR\" \/>\n<meta property=\"og:type\" content=\"article\" \/>\n<meta property=\"og:title\" content=\"Datafolha: 67% dos brasileiros reduziram consumo de carne e 47%, de p\u00e3o franc\u00eas\" \/>\n<meta property=\"og:description\" content=\"Pesquisa Datafolha divulgada nesta segunda-feira (20) pelo jornal &#8220;Folha de S.Paulo&#8221; aponta que 85% dos brasileiros reduziram o consumo de alimentos desde o in\u00edcio do ano, com destaque para carne de boi, arroz, feij\u00e3o, frutas, legumes e p\u00e3o. O ovo, ao contr\u00e1rio, ganhou espa\u00e7o nos lares do pa\u00eds como substituto da prote\u00edna, segundo o levantamento, [&hellip;]\" \/>\n<meta property=\"og:url\" content=\"https:\/\/www.p31noticias.com.br\/?p=24433\" \/>\n<meta property=\"og:site_name\" content=\"P31\" \/>\n<meta property=\"article:published_time\" content=\"2021-09-21T15:03:23+00:00\" \/>\n<meta property=\"og:image\" content=\"https:\/\/www.p31noticias.com.br\/wp-content\/uploads\/2021\/09\/brutas-inflacao-frame-14237-1.jpg\" \/>\n\t<meta property=\"og:image:width\" content=\"984\" \/>\n\t<meta property=\"og:image:height\" content=\"554\" \/>\n\t<meta property=\"og:image:type\" content=\"image\/jpeg\" \/>\n<meta name=\"author\" content=\"Camilly Scheffer\" \/>\n<meta name=\"twitter:card\" content=\"summary_large_image\" \/>\n<meta name=\"twitter:label1\" content=\"Escrito por\" \/>\n\t<meta name=\"twitter:data1\" content=\"Camilly Scheffer\" \/>\n\t<meta name=\"twitter:label2\" content=\"Est. tempo de leitura\" \/>\n\t<meta name=\"twitter:data2\" content=\"3 minutos\" \/>\n<script type=\"application\/ld+json\" class=\"yoast-schema-graph\">{\"@context\":\"https:\\\/\\\/schema.org\",\"@graph\":[{\"@type\":\"Article\",\"@id\":\"https:\\\/\\\/www.p31noticias.com.br\\\/?p=24433#article\",\"isPartOf\":{\"@id\":\"https:\\\/\\\/www.p31noticias.com.br\\\/?p=24433\"},\"author\":{\"name\":\"Camilly Scheffer\",\"@id\":\"https:\\\/\\\/www.p31noticias.com.br\\\/#\\\/schema\\\/person\\\/d1bb0ccbf62b27e19ea4e75696908d43\"},\"headline\":\"Datafolha: 67% dos brasileiros reduziram consumo de carne e 47%, de p\u00e3o franc\u00eas\",\"datePublished\":\"2021-09-21T15:03:23+00:00\",\"mainEntityOfPage\":{\"@id\":\"https:\\\/\\\/www.p31noticias.com.br\\\/?p=24433\"},\"wordCount\":696,\"commentCount\":0,\"image\":{\"@id\":\"https:\\\/\\\/www.p31noticias.com.br\\\/?p=24433#primaryimage\"},\"thumbnailUrl\":\"https:\\\/\\\/www.p31noticias.com.br\\\/wp-content\\\/uploads\\\/2021\\\/09\\\/brutas-inflacao-frame-14237-1.jpg\",\"articleSection\":[\"Outros\"],\"inLanguage\":\"pt-BR\",\"potentialAction\":[{\"@type\":\"CommentAction\",\"name\":\"Comment\",\"target\":[\"https:\\\/\\\/www.p31noticias.com.br\\\/?p=24433#respond\"]}],\"copyrightYear\":\"2021\",\"copyrightHolder\":{\"@id\":\"https:\\\/\\\/www.p31noticias.com.br\\\/#organization\"}},{\"@type\":\"WebPage\",\"@id\":\"https:\\\/\\\/www.p31noticias.com.br\\\/?p=24433\",\"url\":\"https:\\\/\\\/www.p31noticias.com.br\\\/?p=24433\",\"name\":\"Datafolha: 67% dos brasileiros reduziram consumo de carne e 47%, de p\u00e3o franc\u00eas - P31\",\"isPartOf\":{\"@id\":\"https:\\\/\\\/www.p31noticias.com.br\\\/#website\"},\"primaryImageOfPage\":{\"@id\":\"https:\\\/\\\/www.p31noticias.com.br\\\/?p=24433#primaryimage\"},\"image\":{\"@id\":\"https:\\\/\\\/www.p31noticias.com.br\\\/?p=24433#primaryimage\"},\"thumbnailUrl\":\"https:\\\/\\\/www.p31noticias.com.br\\\/wp-content\\\/uploads\\\/2021\\\/09\\\/brutas-inflacao-frame-14237-1.jpg\",\"datePublished\":\"2021-09-21T15:03:23+00:00\",\"author\":{\"@id\":\"https:\\\/\\\/www.p31noticias.com.br\\\/#\\\/schema\\\/person\\\/d1bb0ccbf62b27e19ea4e75696908d43\"},\"breadcrumb\":{\"@id\":\"https:\\\/\\\/www.p31noticias.com.br\\\/?p=24433#breadcrumb\"},\"inLanguage\":\"pt-BR\",\"potentialAction\":[{\"@type\":\"ReadAction\",\"target\":[\"https:\\\/\\\/www.p31noticias.com.br\\\/?p=24433\"]}]},{\"@type\":\"ImageObject\",\"inLanguage\":\"pt-BR\",\"@id\":\"https:\\\/\\\/www.p31noticias.com.br\\\/?p=24433#primaryimage\",\"url\":\"https:\\\/\\\/www.p31noticias.com.br\\\/wp-content\\\/uploads\\\/2021\\\/09\\\/brutas-inflacao-frame-14237-1.jpg\",\"contentUrl\":\"https:\\\/\\\/www.p31noticias.com.br\\\/wp-content\\\/uploads\\\/2021\\\/09\\\/brutas-inflacao-frame-14237-1.jpg\",\"width\":984,\"height\":554},{\"@type\":\"BreadcrumbList\",\"@id\":\"https:\\\/\\\/www.p31noticias.com.br\\\/?p=24433#breadcrumb\",\"itemListElement\":[{\"@type\":\"ListItem\",\"position\":1,\"name\":\"In\u00edcio\",\"item\":\"https:\\\/\\\/www.p31noticias.com.br\\\/\"},{\"@type\":\"ListItem\",\"position\":2,\"name\":\"Datafolha: 67% dos brasileiros reduziram consumo de carne e 47%, de p\u00e3o franc\u00eas\"}]},{\"@type\":\"WebSite\",\"@id\":\"https:\\\/\\\/www.p31noticias.com.br\\\/#website\",\"url\":\"https:\\\/\\\/www.p31noticias.com.br\\\/\",\"name\":\"P31\",\"description\":\"NOT\u00cdCIAS\",\"potentialAction\":[{\"@type\":\"SearchAction\",\"target\":{\"@type\":\"EntryPoint\",\"urlTemplate\":\"https:\\\/\\\/www.p31noticias.com.br\\\/?s={search_term_string}\"},\"query-input\":{\"@type\":\"PropertyValueSpecification\",\"valueRequired\":true,\"valueName\":\"search_term_string\"}}],\"inLanguage\":\"pt-BR\"},{\"@type\":\"Person\",\"@id\":\"https:\\\/\\\/www.p31noticias.com.br\\\/#\\\/schema\\\/person\\\/d1bb0ccbf62b27e19ea4e75696908d43\",\"name\":\"Camilly Scheffer\",\"image\":{\"@type\":\"ImageObject\",\"inLanguage\":\"pt-BR\",\"@id\":\"https:\\\/\\\/secure.gravatar.com\\\/avatar\\\/06f4704b382d241ec2670712618fccea085b2db24d7b2d3b8691d904bbc1d557?s=96&d=mm&r=g\",\"url\":\"https:\\\/\\\/secure.gravatar.com\\\/avatar\\\/06f4704b382d241ec2670712618fccea085b2db24d7b2d3b8691d904bbc1d557?s=96&d=mm&r=g\",\"contentUrl\":\"https:\\\/\\\/secure.gravatar.com\\\/avatar\\\/06f4704b382d241ec2670712618fccea085b2db24d7b2d3b8691d904bbc1d557?s=96&d=mm&r=g\",\"caption\":\"Camilly Scheffer\"},\"url\":\"https:\\\/\\\/www.p31noticias.com.br\\\/?author=5\"}]}<\/script>\n<!-- \/ Yoast SEO Premium plugin. -->","yoast_head_json":{"title":"Datafolha: 67% dos brasileiros reduziram consumo de carne e 47%, de p\u00e3o franc\u00eas - P31","robots":{"index":"index","follow":"follow","max-snippet":"max-snippet:-1","max-image-preview":"max-image-preview:large","max-video-preview":"max-video-preview:-1"},"canonical":"https:\/\/www.p31noticias.com.br\/?p=24433","og_locale":"pt_BR","og_type":"article","og_title":"Datafolha: 67% dos brasileiros reduziram consumo de carne e 47%, de p\u00e3o franc\u00eas","og_description":"Pesquisa Datafolha divulgada nesta segunda-feira (20) pelo jornal &#8220;Folha de S.Paulo&#8221; aponta que 85% dos brasileiros reduziram o consumo de alimentos desde o in\u00edcio do ano, com destaque para carne de boi, arroz, feij\u00e3o, frutas, legumes e p\u00e3o. O ovo, ao contr\u00e1rio, ganhou espa\u00e7o nos lares do pa\u00eds como substituto da prote\u00edna, segundo o levantamento, [&hellip;]","og_url":"https:\/\/www.p31noticias.com.br\/?p=24433","og_site_name":"P31","article_published_time":"2021-09-21T15:03:23+00:00","og_image":[{"width":984,"height":554,"url":"https:\/\/www.p31noticias.com.br\/wp-content\/uploads\/2021\/09\/brutas-inflacao-frame-14237-1.jpg","type":"image\/jpeg"}],"author":"Camilly Scheffer","twitter_card":"summary_large_image","twitter_misc":{"Escrito por":"Camilly Scheffer","Est. tempo de leitura":"3 minutos"},"schema":{"@context":"https:\/\/schema.org","@graph":[{"@type":"Article","@id":"https:\/\/www.p31noticias.com.br\/?p=24433#article","isPartOf":{"@id":"https:\/\/www.p31noticias.com.br\/?p=24433"},"author":{"name":"Camilly Scheffer","@id":"https:\/\/www.p31noticias.com.br\/#\/schema\/person\/d1bb0ccbf62b27e19ea4e75696908d43"},"headline":"Datafolha: 67% dos brasileiros reduziram consumo de carne e 47%, de p\u00e3o franc\u00eas","datePublished":"2021-09-21T15:03:23+00:00","mainEntityOfPage":{"@id":"https:\/\/www.p31noticias.com.br\/?p=24433"},"wordCount":696,"commentCount":0,"image":{"@id":"https:\/\/www.p31noticias.com.br\/?p=24433#primaryimage"},"thumbnailUrl":"https:\/\/www.p31noticias.com.br\/wp-content\/uploads\/2021\/09\/brutas-inflacao-frame-14237-1.jpg","articleSection":["Outros"],"inLanguage":"pt-BR","potentialAction":[{"@type":"CommentAction","name":"Comment","target":["https:\/\/www.p31noticias.com.br\/?p=24433#respond"]}],"copyrightYear":"2021","copyrightHolder":{"@id":"https:\/\/www.p31noticias.com.br\/#organization"}},{"@type":"WebPage","@id":"https:\/\/www.p31noticias.com.br\/?p=24433","url":"https:\/\/www.p31noticias.com.br\/?p=24433","name":"Datafolha: 67% dos brasileiros reduziram consumo de carne e 47%, de p\u00e3o franc\u00eas - P31","isPartOf":{"@id":"https:\/\/www.p31noticias.com.br\/#website"},"primaryImageOfPage":{"@id":"https:\/\/www.p31noticias.com.br\/?p=24433#primaryimage"},"image":{"@id":"https:\/\/www.p31noticias.com.br\/?p=24433#primaryimage"},"thumbnailUrl":"https:\/\/www.p31noticias.com.br\/wp-content\/uploads\/2021\/09\/brutas-inflacao-frame-14237-1.jpg","datePublished":"2021-09-21T15:03:23+00:00","author":{"@id":"https:\/\/www.p31noticias.com.br\/#\/schema\/person\/d1bb0ccbf62b27e19ea4e75696908d43"},"breadcrumb":{"@id":"https:\/\/www.p31noticias.com.br\/?p=24433#breadcrumb"},"inLanguage":"pt-BR","potentialAction":[{"@type":"ReadAction","target":["https:\/\/www.p31noticias.com.br\/?p=24433"]}]},{"@type":"ImageObject","inLanguage":"pt-BR","@id":"https:\/\/www.p31noticias.com.br\/?p=24433#primaryimage","url":"https:\/\/www.p31noticias.com.br\/wp-content\/uploads\/2021\/09\/brutas-inflacao-frame-14237-1.jpg","contentUrl":"https:\/\/www.p31noticias.com.br\/wp-content\/uploads\/2021\/09\/brutas-inflacao-frame-14237-1.jpg","width":984,"height":554},{"@type":"BreadcrumbList","@id":"https:\/\/www.p31noticias.com.br\/?p=24433#breadcrumb","itemListElement":[{"@type":"ListItem","position":1,"name":"In\u00edcio","item":"https:\/\/www.p31noticias.com.br\/"},{"@type":"ListItem","position":2,"name":"Datafolha: 67% dos brasileiros reduziram consumo de carne e 47%, de p\u00e3o franc\u00eas"}]},{"@type":"WebSite","@id":"https:\/\/www.p31noticias.com.br\/#website","url":"https:\/\/www.p31noticias.com.br\/","name":"P31","description":"NOT\u00cdCIAS","potentialAction":[{"@type":"SearchAction","target":{"@type":"EntryPoint","urlTemplate":"https:\/\/www.p31noticias.com.br\/?s={search_term_string}"},"query-input":{"@type":"PropertyValueSpecification","valueRequired":true,"valueName":"search_term_string"}}],"inLanguage":"pt-BR"},{"@type":"Person","@id":"https:\/\/www.p31noticias.com.br\/#\/schema\/person\/d1bb0ccbf62b27e19ea4e75696908d43","name":"Camilly Scheffer","image":{"@type":"ImageObject","inLanguage":"pt-BR","@id":"https:\/\/secure.gravatar.com\/avatar\/06f4704b382d241ec2670712618fccea085b2db24d7b2d3b8691d904bbc1d557?s=96&d=mm&r=g","url":"https:\/\/secure.gravatar.com\/avatar\/06f4704b382d241ec2670712618fccea085b2db24d7b2d3b8691d904bbc1d557?s=96&d=mm&r=g","contentUrl":"https:\/\/secure.gravatar.com\/avatar\/06f4704b382d241ec2670712618fccea085b2db24d7b2d3b8691d904bbc1d557?s=96&d=mm&r=g","caption":"Camilly Scheffer"},"url":"https:\/\/www.p31noticias.com.br\/?author=5"}]}},"amp_enabled":true,"_links":{"self":[{"href":"https:\/\/www.p31noticias.com.br\/index.php?rest_route=\/wp\/v2\/posts\/24433","targetHints":{"allow":["GET"]}}],"collection":[{"href":"https:\/\/www.p31noticias.com.br\/index.php?rest_route=\/wp\/v2\/posts"}],"about":[{"href":"https:\/\/www.p31noticias.com.br\/index.php?rest_route=\/wp\/v2\/types\/post"}],"author":[{"embeddable":true,"href":"https:\/\/www.p31noticias.com.br\/index.php?rest_route=\/wp\/v2\/users\/5"}],"replies":[{"embeddable":true,"href":"https:\/\/www.p31noticias.com.br\/index.php?rest_route=%2Fwp%2Fv2%2Fcomments&post=24433"}],"version-history":[{"count":2,"href":"https:\/\/www.p31noticias.com.br\/index.php?rest_route=\/wp\/v2\/posts\/24433\/revisions"}],"predecessor-version":[{"id":24436,"href":"https:\/\/www.p31noticias.com.br\/index.php?rest_route=\/wp\/v2\/posts\/24433\/revisions\/24436"}],"wp:featuredmedia":[{"embeddable":true,"href":"https:\/\/www.p31noticias.com.br\/index.php?rest_route=\/wp\/v2\/media\/24434"}],"wp:attachment":[{"href":"https:\/\/www.p31noticias.com.br\/index.php?rest_route=%2Fwp%2Fv2%2Fmedia&parent=24433"}],"wp:term":[{"taxonomy":"category","embeddable":true,"href":"https:\/\/www.p31noticias.com.br\/index.php?rest_route=%2Fwp%2Fv2%2Fcategories&post=24433"},{"taxonomy":"post_tag","embeddable":true,"href":"https:\/\/www.p31noticias.com.br\/index.php?rest_route=%2Fwp%2Fv2%2Ftags&post=24433"}],"curies":[{"name":"wp","href":"https:\/\/api.w.org\/{rel}","templated":true}]}}