{"id":24430,"date":"2021-09-21T11:56:09","date_gmt":"2021-09-21T14:56:09","guid":{"rendered":"https:\/\/p31noticias.com.br\/?p=24430"},"modified":"2021-09-21T11:56:09","modified_gmt":"2021-09-21T14:56:09","slug":"rock-in-rio-2022-vendas-para-o-rock-in-rio-card-comecam-nesta-terca-feira-as-19h-saiba-como-comprar-ingresso","status":"publish","type":"post","link":"https:\/\/www.p31noticias.com.br\/?p=24430","title":{"rendered":"Rock in Rio 2022: Vendas para o Rock in Rio Card come\u00e7am nesta ter\u00e7a-feira \u00e0s 19h; Saiba como comprar ingresso"},"content":{"rendered":"<p>A venda do Rock in Rio Card come\u00e7a nesta ter\u00e7a-feira (21) \u00e0s 19h, pelo site rockinrio.ingresso.com. O cart\u00e3o equivale a um ingresso antecipado para o Rock in Rio 2022, e d\u00e1 ao comprador a chance de escolher em qual data pretende us\u00e1-lo.<\/p>\n<p>A escolha da data poder\u00e1 ser feita entre 23 de novembro de 2021 a 1\u00ba de abril de 2022, antes que a venda oficial de ingressos seja aberta ao p\u00fablico em geral, em abril de 2022. O valor da entrada \u00e9 de R$ 545,00 (inteira) e R$ 272,50 (meia-entrada).<\/p>\n<p>O festival est\u00e1 marcado para os dias 2, 3, 4, 8, 9, 10 e 11 de setembro de 2022.<\/p>\n<p>A nona edi\u00e7\u00e3o do Rock in Rio, que aconteceria em 2021, foi adiada para setembro de 2022 por causa da pandemia do novo coronav\u00edrus.<\/p>\n<p>Veja os shows do Palco Mundo que j\u00e1 foram divulgados do festival em 2022:<\/p>\n<ul>\n<li>Iron Maiden, Megadeth, Dream Theater e Sepultura (2 de setembro);<\/li>\n<li>Post Malone, Jason Derulo, Marshmello e Alok (3 de setembro);<\/li>\n<li>Justin Bieber, Demi Lovato e Iza (4 de setembro);<\/li>\n<li>Dua Lipa e Ivete Sangalo (11 de setembro);<\/li>\n<\/ul>\n<p>Veja os shows do Palco Sunset que j\u00e1 foram divulgados do festival em 2022:<\/p>\n<ul>\n<li>Joss Stone, Corinne Bailey Rae, Gloria Groove e Duda Beat (8 de setembro);<\/li>\n<\/ul>\n<p>Fonte: G1.<\/p>\n","protected":false},"excerpt":{"rendered":"<p>A venda do Rock in Rio Card come\u00e7a nesta ter\u00e7a-feira (21) \u00e0s 19h, pelo site rockinrio.ingresso.com. O cart\u00e3o equivale a um ingresso antecipado para o Rock in Rio 2022, e d\u00e1 ao comprador a chance de escolher em qual data pretende us\u00e1-lo. A escolha da data poder\u00e1 ser feita entre 23 de novembro de 2021 [&hellip;]<\/p>\n","protected":false},"author":5,"featured_media":24431,"comment_status":"open","ping_status":"open","sticky":false,"template":"","format":"standard","meta":{"footnotes":""},"categories":[68],"tags":[],"class_list":{"0":"post-24430","1":"post","2":"type-post","3":"status-publish","4":"format-standard","5":"has-post-thumbnail","7":"category-brasil"},"yoast_head":"<!-- This site is optimized with the Yoast SEO Premium plugin v24.5 (Yoast SEO v27.5) - https:\/\/yoast.com\/product\/yoast-seo-premium-wordpress\/ -->\n<title>Rock in Rio 2022: Vendas para o Rock in Rio Card come\u00e7am nesta ter\u00e7a-feira \u00e0s 19h; Saiba como comprar ingresso - P31<\/title>\n<meta name=\"robots\" content=\"index, follow, max-snippet:-1, max-image-preview:large, max-video-preview:-1\" \/>\n<link rel=\"canonical\" href=\"https:\/\/www.p31noticias.com.br\/?p=24430\" \/>\n<meta property=\"og:locale\" content=\"pt_BR\" \/>\n<meta property=\"og:type\" content=\"article\" \/>\n<meta property=\"og:title\" content=\"Rock in Rio 2022: Vendas para o Rock in Rio Card come\u00e7am nesta ter\u00e7a-feira \u00e0s 19h; Saiba como comprar ingresso\" \/>\n<meta property=\"og:description\" content=\"A venda do Rock in Rio Card come\u00e7a nesta ter\u00e7a-feira (21) \u00e0s 19h, pelo site rockinrio.ingresso.com. O cart\u00e3o equivale a um ingresso antecipado para o Rock in Rio 2022, e d\u00e1 ao comprador a chance de escolher em qual data pretende us\u00e1-lo. A escolha da data poder\u00e1 ser feita entre 23 de novembro de 2021 [&hellip;]\" \/>\n<meta property=\"og:url\" content=\"https:\/\/www.p31noticias.com.br\/?p=24430\" \/>\n<meta property=\"og:site_name\" content=\"P31\" \/>\n<meta property=\"article:published_time\" content=\"2021-09-21T14:56:09+00:00\" \/>\n<meta property=\"og:image\" content=\"https:\/\/www.p31noticias.com.br\/wp-content\/uploads\/2021\/09\/dua-1.jpg\" \/>\n\t<meta property=\"og:image:width\" content=\"984\" \/>\n\t<meta property=\"og:image:height\" content=\"1193\" \/>\n\t<meta property=\"og:image:type\" content=\"image\/jpeg\" \/>\n<meta name=\"author\" content=\"Camilly Scheffer\" \/>\n<meta name=\"twitter:card\" content=\"summary_large_image\" \/>\n<meta name=\"twitter:label1\" content=\"Escrito por\" \/>\n\t<meta name=\"twitter:data1\" content=\"Camilly Scheffer\" \/>\n\t<meta name=\"twitter:label2\" content=\"Est. tempo de leitura\" \/>\n\t<meta name=\"twitter:data2\" content=\"1 minuto\" \/>\n<script type=\"application\/ld+json\" class=\"yoast-schema-graph\">{\"@context\":\"https:\\\/\\\/schema.org\",\"@graph\":[{\"@type\":\"Article\",\"@id\":\"https:\\\/\\\/www.p31noticias.com.br\\\/?p=24430#article\",\"isPartOf\":{\"@id\":\"https:\\\/\\\/www.p31noticias.com.br\\\/?p=24430\"},\"author\":{\"name\":\"Camilly Scheffer\",\"@id\":\"https:\\\/\\\/www.p31noticias.com.br\\\/#\\\/schema\\\/person\\\/d1bb0ccbf62b27e19ea4e75696908d43\"},\"headline\":\"Rock in Rio 2022: Vendas para o Rock in Rio Card come\u00e7am nesta ter\u00e7a-feira \u00e0s 19h; Saiba como comprar ingresso\",\"datePublished\":\"2021-09-21T14:56:09+00:00\",\"mainEntityOfPage\":{\"@id\":\"https:\\\/\\\/www.p31noticias.com.br\\\/?p=24430\"},\"wordCount\":217,\"commentCount\":0,\"image\":{\"@id\":\"https:\\\/\\\/www.p31noticias.com.br\\\/?p=24430#primaryimage\"},\"thumbnailUrl\":\"https:\\\/\\\/www.p31noticias.com.br\\\/wp-content\\\/uploads\\\/2021\\\/09\\\/dua-1.jpg\",\"articleSection\":[\"Brasil\"],\"inLanguage\":\"pt-BR\",\"potentialAction\":[{\"@type\":\"CommentAction\",\"name\":\"Comment\",\"target\":[\"https:\\\/\\\/www.p31noticias.com.br\\\/?p=24430#respond\"]}],\"copyrightYear\":\"2021\",\"copyrightHolder\":{\"@id\":\"https:\\\/\\\/www.p31noticias.com.br\\\/#organization\"}},{\"@type\":\"WebPage\",\"@id\":\"https:\\\/\\\/www.p31noticias.com.br\\\/?p=24430\",\"url\":\"https:\\\/\\\/www.p31noticias.com.br\\\/?p=24430\",\"name\":\"Rock in Rio 2022: Vendas para o Rock in Rio Card come\u00e7am nesta ter\u00e7a-feira \u00e0s 19h; Saiba como comprar ingresso - P31\",\"isPartOf\":{\"@id\":\"https:\\\/\\\/www.p31noticias.com.br\\\/#website\"},\"primaryImageOfPage\":{\"@id\":\"https:\\\/\\\/www.p31noticias.com.br\\\/?p=24430#primaryimage\"},\"image\":{\"@id\":\"https:\\\/\\\/www.p31noticias.com.br\\\/?p=24430#primaryimage\"},\"thumbnailUrl\":\"https:\\\/\\\/www.p31noticias.com.br\\\/wp-content\\\/uploads\\\/2021\\\/09\\\/dua-1.jpg\",\"datePublished\":\"2021-09-21T14:56:09+00:00\",\"author\":{\"@id\":\"https:\\\/\\\/www.p31noticias.com.br\\\/#\\\/schema\\\/person\\\/d1bb0ccbf62b27e19ea4e75696908d43\"},\"breadcrumb\":{\"@id\":\"https:\\\/\\\/www.p31noticias.com.br\\\/?p=24430#breadcrumb\"},\"inLanguage\":\"pt-BR\",\"potentialAction\":[{\"@type\":\"ReadAction\",\"target\":[\"https:\\\/\\\/www.p31noticias.com.br\\\/?p=24430\"]}]},{\"@type\":\"ImageObject\",\"inLanguage\":\"pt-BR\",\"@id\":\"https:\\\/\\\/www.p31noticias.com.br\\\/?p=24430#primaryimage\",\"url\":\"https:\\\/\\\/www.p31noticias.com.br\\\/wp-content\\\/uploads\\\/2021\\\/09\\\/dua-1.jpg\",\"contentUrl\":\"https:\\\/\\\/www.p31noticias.com.br\\\/wp-content\\\/uploads\\\/2021\\\/09\\\/dua-1.jpg\",\"width\":984,\"height\":1193},{\"@type\":\"BreadcrumbList\",\"@id\":\"https:\\\/\\\/www.p31noticias.com.br\\\/?p=24430#breadcrumb\",\"itemListElement\":[{\"@type\":\"ListItem\",\"position\":1,\"name\":\"In\u00edcio\",\"item\":\"https:\\\/\\\/www.p31noticias.com.br\\\/\"},{\"@type\":\"ListItem\",\"position\":2,\"name\":\"Rock in Rio 2022: Vendas para o Rock in Rio Card come\u00e7am nesta ter\u00e7a-feira \u00e0s 19h; Saiba como comprar ingresso\"}]},{\"@type\":\"WebSite\",\"@id\":\"https:\\\/\\\/www.p31noticias.com.br\\\/#website\",\"url\":\"https:\\\/\\\/www.p31noticias.com.br\\\/\",\"name\":\"P31\",\"description\":\"NOT\u00cdCIAS\",\"potentialAction\":[{\"@type\":\"SearchAction\",\"target\":{\"@type\":\"EntryPoint\",\"urlTemplate\":\"https:\\\/\\\/www.p31noticias.com.br\\\/?s={search_term_string}\"},\"query-input\":{\"@type\":\"PropertyValueSpecification\",\"valueRequired\":true,\"valueName\":\"search_term_string\"}}],\"inLanguage\":\"pt-BR\"},{\"@type\":\"Person\",\"@id\":\"https:\\\/\\\/www.p31noticias.com.br\\\/#\\\/schema\\\/person\\\/d1bb0ccbf62b27e19ea4e75696908d43\",\"name\":\"Camilly Scheffer\",\"image\":{\"@type\":\"ImageObject\",\"inLanguage\":\"pt-BR\",\"@id\":\"https:\\\/\\\/secure.gravatar.com\\\/avatar\\\/06f4704b382d241ec2670712618fccea085b2db24d7b2d3b8691d904bbc1d557?s=96&d=mm&r=g\",\"url\":\"https:\\\/\\\/secure.gravatar.com\\\/avatar\\\/06f4704b382d241ec2670712618fccea085b2db24d7b2d3b8691d904bbc1d557?s=96&d=mm&r=g\",\"contentUrl\":\"https:\\\/\\\/secure.gravatar.com\\\/avatar\\\/06f4704b382d241ec2670712618fccea085b2db24d7b2d3b8691d904bbc1d557?s=96&d=mm&r=g\",\"caption\":\"Camilly Scheffer\"},\"url\":\"https:\\\/\\\/www.p31noticias.com.br\\\/?author=5\"}]}<\/script>\n<!-- \/ Yoast SEO Premium plugin. -->","yoast_head_json":{"title":"Rock in Rio 2022: Vendas para o Rock in Rio Card come\u00e7am nesta ter\u00e7a-feira \u00e0s 19h; Saiba como comprar ingresso - P31","robots":{"index":"index","follow":"follow","max-snippet":"max-snippet:-1","max-image-preview":"max-image-preview:large","max-video-preview":"max-video-preview:-1"},"canonical":"https:\/\/www.p31noticias.com.br\/?p=24430","og_locale":"pt_BR","og_type":"article","og_title":"Rock in Rio 2022: Vendas para o Rock in Rio Card come\u00e7am nesta ter\u00e7a-feira \u00e0s 19h; Saiba como comprar ingresso","og_description":"A venda do Rock in Rio Card come\u00e7a nesta ter\u00e7a-feira (21) \u00e0s 19h, pelo site rockinrio.ingresso.com. O cart\u00e3o equivale a um ingresso antecipado para o Rock in Rio 2022, e d\u00e1 ao comprador a chance de escolher em qual data pretende us\u00e1-lo. A escolha da data poder\u00e1 ser feita entre 23 de novembro de 2021 [&hellip;]","og_url":"https:\/\/www.p31noticias.com.br\/?p=24430","og_site_name":"P31","article_published_time":"2021-09-21T14:56:09+00:00","og_image":[{"width":984,"height":1193,"url":"https:\/\/www.p31noticias.com.br\/wp-content\/uploads\/2021\/09\/dua-1.jpg","type":"image\/jpeg"}],"author":"Camilly Scheffer","twitter_card":"summary_large_image","twitter_misc":{"Escrito por":"Camilly Scheffer","Est. tempo de leitura":"1 minuto"},"schema":{"@context":"https:\/\/schema.org","@graph":[{"@type":"Article","@id":"https:\/\/www.p31noticias.com.br\/?p=24430#article","isPartOf":{"@id":"https:\/\/www.p31noticias.com.br\/?p=24430"},"author":{"name":"Camilly Scheffer","@id":"https:\/\/www.p31noticias.com.br\/#\/schema\/person\/d1bb0ccbf62b27e19ea4e75696908d43"},"headline":"Rock in Rio 2022: Vendas para o Rock in Rio Card come\u00e7am nesta ter\u00e7a-feira \u00e0s 19h; Saiba como comprar ingresso","datePublished":"2021-09-21T14:56:09+00:00","mainEntityOfPage":{"@id":"https:\/\/www.p31noticias.com.br\/?p=24430"},"wordCount":217,"commentCount":0,"image":{"@id":"https:\/\/www.p31noticias.com.br\/?p=24430#primaryimage"},"thumbnailUrl":"https:\/\/www.p31noticias.com.br\/wp-content\/uploads\/2021\/09\/dua-1.jpg","articleSection":["Brasil"],"inLanguage":"pt-BR","potentialAction":[{"@type":"CommentAction","name":"Comment","target":["https:\/\/www.p31noticias.com.br\/?p=24430#respond"]}],"copyrightYear":"2021","copyrightHolder":{"@id":"https:\/\/www.p31noticias.com.br\/#organization"}},{"@type":"WebPage","@id":"https:\/\/www.p31noticias.com.br\/?p=24430","url":"https:\/\/www.p31noticias.com.br\/?p=24430","name":"Rock in Rio 2022: Vendas para o Rock in Rio Card come\u00e7am nesta ter\u00e7a-feira \u00e0s 19h; Saiba como comprar ingresso - P31","isPartOf":{"@id":"https:\/\/www.p31noticias.com.br\/#website"},"primaryImageOfPage":{"@id":"https:\/\/www.p31noticias.com.br\/?p=24430#primaryimage"},"image":{"@id":"https:\/\/www.p31noticias.com.br\/?p=24430#primaryimage"},"thumbnailUrl":"https:\/\/www.p31noticias.com.br\/wp-content\/uploads\/2021\/09\/dua-1.jpg","datePublished":"2021-09-21T14:56:09+00:00","author":{"@id":"https:\/\/www.p31noticias.com.br\/#\/schema\/person\/d1bb0ccbf62b27e19ea4e75696908d43"},"breadcrumb":{"@id":"https:\/\/www.p31noticias.com.br\/?p=24430#breadcrumb"},"inLanguage":"pt-BR","potentialAction":[{"@type":"ReadAction","target":["https:\/\/www.p31noticias.com.br\/?p=24430"]}]},{"@type":"ImageObject","inLanguage":"pt-BR","@id":"https:\/\/www.p31noticias.com.br\/?p=24430#primaryimage","url":"https:\/\/www.p31noticias.com.br\/wp-content\/uploads\/2021\/09\/dua-1.jpg","contentUrl":"https:\/\/www.p31noticias.com.br\/wp-content\/uploads\/2021\/09\/dua-1.jpg","width":984,"height":1193},{"@type":"BreadcrumbList","@id":"https:\/\/www.p31noticias.com.br\/?p=24430#breadcrumb","itemListElement":[{"@type":"ListItem","position":1,"name":"In\u00edcio","item":"https:\/\/www.p31noticias.com.br\/"},{"@type":"ListItem","position":2,"name":"Rock in Rio 2022: Vendas para o Rock in Rio Card come\u00e7am nesta ter\u00e7a-feira \u00e0s 19h; Saiba como comprar ingresso"}]},{"@type":"WebSite","@id":"https:\/\/www.p31noticias.com.br\/#website","url":"https:\/\/www.p31noticias.com.br\/","name":"P31","description":"NOT\u00cdCIAS","potentialAction":[{"@type":"SearchAction","target":{"@type":"EntryPoint","urlTemplate":"https:\/\/www.p31noticias.com.br\/?s={search_term_string}"},"query-input":{"@type":"PropertyValueSpecification","valueRequired":true,"valueName":"search_term_string"}}],"inLanguage":"pt-BR"},{"@type":"Person","@id":"https:\/\/www.p31noticias.com.br\/#\/schema\/person\/d1bb0ccbf62b27e19ea4e75696908d43","name":"Camilly Scheffer","image":{"@type":"ImageObject","inLanguage":"pt-BR","@id":"https:\/\/secure.gravatar.com\/avatar\/06f4704b382d241ec2670712618fccea085b2db24d7b2d3b8691d904bbc1d557?s=96&d=mm&r=g","url":"https:\/\/secure.gravatar.com\/avatar\/06f4704b382d241ec2670712618fccea085b2db24d7b2d3b8691d904bbc1d557?s=96&d=mm&r=g","contentUrl":"https:\/\/secure.gravatar.com\/avatar\/06f4704b382d241ec2670712618fccea085b2db24d7b2d3b8691d904bbc1d557?s=96&d=mm&r=g","caption":"Camilly Scheffer"},"url":"https:\/\/www.p31noticias.com.br\/?author=5"}]}},"amp_enabled":true,"_links":{"self":[{"href":"https:\/\/www.p31noticias.com.br\/index.php?rest_route=\/wp\/v2\/posts\/24430","targetHints":{"allow":["GET"]}}],"collection":[{"href":"https:\/\/www.p31noticias.com.br\/index.php?rest_route=\/wp\/v2\/posts"}],"about":[{"href":"https:\/\/www.p31noticias.com.br\/index.php?rest_route=\/wp\/v2\/types\/post"}],"author":[{"embeddable":true,"href":"https:\/\/www.p31noticias.com.br\/index.php?rest_route=\/wp\/v2\/users\/5"}],"replies":[{"embeddable":true,"href":"https:\/\/www.p31noticias.com.br\/index.php?rest_route=%2Fwp%2Fv2%2Fcomments&post=24430"}],"version-history":[{"count":1,"href":"https:\/\/www.p31noticias.com.br\/index.php?rest_route=\/wp\/v2\/posts\/24430\/revisions"}],"predecessor-version":[{"id":24432,"href":"https:\/\/www.p31noticias.com.br\/index.php?rest_route=\/wp\/v2\/posts\/24430\/revisions\/24432"}],"wp:featuredmedia":[{"embeddable":true,"href":"https:\/\/www.p31noticias.com.br\/index.php?rest_route=\/wp\/v2\/media\/24431"}],"wp:attachment":[{"href":"https:\/\/www.p31noticias.com.br\/index.php?rest_route=%2Fwp%2Fv2%2Fmedia&parent=24430"}],"wp:term":[{"taxonomy":"category","embeddable":true,"href":"https:\/\/www.p31noticias.com.br\/index.php?rest_route=%2Fwp%2Fv2%2Fcategories&post=24430"},{"taxonomy":"post_tag","embeddable":true,"href":"https:\/\/www.p31noticias.com.br\/index.php?rest_route=%2Fwp%2Fv2%2Ftags&post=24430"}],"curies":[{"name":"wp","href":"https:\/\/api.w.org\/{rel}","templated":true}]}}