{"id":24427,"date":"2021-09-21T11:53:36","date_gmt":"2021-09-21T14:53:36","guid":{"rendered":"https:\/\/p31noticias.com.br\/?p=24427"},"modified":"2021-09-21T11:53:36","modified_gmt":"2021-09-21T14:53:36","slug":"comissao-de-etica-da-cbf-muda-decisao-reconhece-assedio-e-aumenta-punicao-de-caboclo-para-21-meses","status":"publish","type":"post","link":"https:\/\/www.p31noticias.com.br\/?p=24427","title":{"rendered":"Comiss\u00e3o de \u00c9tica da CBF muda decis\u00e3o, reconhece ass\u00e9dio e aumenta puni\u00e7\u00e3o de Caboclo para 21 meses"},"content":{"rendered":"<p>A CBF alterou a decis\u00e3o em que havia sugerido uma puni\u00e7\u00e3o de 15 meses de suspens\u00e3o para Rog\u00e9rio Caboclo, presidente afastado da entidade desde 6 de junho, quando uma funcion\u00e1ria o denunciou por ass\u00e9dio moral e sexual.<\/p>\n<p>Os tr\u00eas integrantes da Comiss\u00e3o \u2013 Amilar Alves, Marco Aur\u00e9lio Klein e Carlos Renato Azevedo Ferreira \u2013 aumentaram a pena para 21 meses, j\u00e1 descontado o per\u00edodo de tr\u00eas meses em que ele est\u00e1 afastado. A mudan\u00e7a na pena atendeu a um pedido da defesa da funcion\u00e1ria, que contestou a primeira decis\u00e3o.<\/p>\n<p>Al\u00e9m disso, a Comiss\u00e3o concluiu agora que Caboclo violou o artigo do C\u00f3digo de \u00c9tica que trata de &#8220;ass\u00e9dio, de qualquer natureza, inclusive moral ou sexual&#8221;. Na primeira decis\u00e3o, o caso foi classificado como &#8220;atitude inapropriada&#8221;.<\/p>\n<p>A Comiss\u00e3o de \u00c9tica tamb\u00e9m concluiu que Rog\u00e9rio Caboclo usou indevidamente recursos da entidade para comprar bebida alco\u00f3lica para seu consumo pessoal.<\/p>\n<p>Para ter efeito, o posicionamento da Comiss\u00e3o precisa ser ratificado pela Assembleia Geral, composta pelas 27 federa\u00e7\u00f5es estaduais, que deve ser marcada para a semana que vem.<\/p>\n<p>Caso seja condenado, Caboclo s\u00f3 poder\u00e1 voltar \u00e0 presid\u00eancia da CBF em mar\u00e7o de 2023, um m\u00eas antes do fim de seu mandato. Existem outras duas den\u00fancias sendo investigadas pela Comiss\u00e3o de \u00c9tica. Se houver outras puni\u00e7\u00f5es nestes casos, Caboclo n\u00e3o voltaria mais ao cargo.<\/p>\n<p>Em nota enviada \u00e0 reportagem, Caboclo afirma que a mudan\u00e7a na decis\u00e3o da Comiss\u00e3o &#8220;\u00e9 mais um epis\u00f3dio da arma\u00e7\u00e3o constru\u00edda por advers\u00e1rios para retirar Rog\u00e9rio Caboclo da presid\u00eancia e permitir, assim, que antigos dirigentes corruptos voltem a comandar a entidade&#8221;.<\/p>\n<p>\u2013 Doeu muito essa decis\u00e3o da Comiss\u00e3o de \u00c9tica. Porque foi ass\u00e9dio, sim. Eu entrei com recurso e tenho esperan\u00e7a de que v\u00e3o rever isso, v\u00e3o aplicar uma pena mais dura, v\u00e3o rever esse conceito \u2013 disse a funcion\u00e1ria.<\/p>\n<p>No total, s\u00e3o tr\u00eas mulheres que afirmam ter sido assediadas por Rog\u00e9rio Caboclo. O segundo caso, revelado em 9 de agosto, foi o da ex-funcion\u00e1ria que relatou ass\u00e9dio no voo para Madri, em depoimento ao Minist\u00e9rio P\u00fablico. O terceiro caso foi publicado em 20 de agosto e incluiu tamb\u00e9m acusa\u00e7\u00f5es de agress\u00e3o. Ele nega as acusa\u00e7\u00f5es.<\/p>\n<p>Em 3 de setembro, Rog\u00e9rio Caboclo fez um acordo com o Minist\u00e9rio P\u00fablico do Rio para n\u00e3o ser denunciado por ass\u00e9dio sexual e moral. Ele pagou R$ 100 mil. O dinheiro ser\u00e1 doado a uma entidade que atua no combate \u00e0 viol\u00eancia contra a mulher e a outra que cuida de animais abandonados.<\/p>\n<p>No \u00faltimo dia 6, Caboclo foi afastado da CBF por um ano pela Justi\u00e7a do Trabalho (at\u00e9 setembro de 2022). Segundo a decis\u00e3o, o dirigente deve ser afastado da entidade como forma de proteger os funcion\u00e1rios que o denunciaram.<\/p>\n<h3>Leia abaixo a nota de Rog\u00e9rio Caboclo:<\/h3>\n<p>&#8220;A mudan\u00e7a de opini\u00e3o da comiss\u00e3o de \u00e9tica da CBF n\u00e3o existe no mundo jur\u00eddico e acontece &#8216;coincidentemente&#8217; 24 horas ap\u00f3s a parcial entrevista veiculada em programa de TV.<\/p>\n<p>Ela \u00e9 mais um epis\u00f3dio da arma\u00e7\u00e3o constru\u00edda por advers\u00e1rios para retirar Rog\u00e9rio Caboclo da presid\u00eancia e permitir, assim, que antigos dirigentes corruptos voltem a comandar a entidade.<\/p>\n<p>Fica evidente a parcialidade dos integrantes da comiss\u00e3o, que \u00e9 ligada \u00e0 Marco Polo Del Nero, opositor de Rog\u00e9rio Caboclo. A liga\u00e7\u00e3o dos julgadores com o ex-cartola j\u00e1 foi tema de reportagens na imprensa.<\/p>\n<p>O presidente da CBF reafirma que \u00e9 v\u00edtima de um tribunal de exce\u00e7\u00e3o. A defesa de Rog\u00e9rio Caboclo trabalha para que a justi\u00e7a seja feita e ele seja reconduzido ao cargo, para o qual foi eleito com 96% dos votos&#8221;.<\/p>\n<p>Fonte: G1.<\/p>\n","protected":false},"excerpt":{"rendered":"<p>A CBF alterou a decis\u00e3o em que havia sugerido uma puni\u00e7\u00e3o de 15 meses de suspens\u00e3o para Rog\u00e9rio Caboclo, presidente afastado da entidade desde 6 de junho, quando uma funcion\u00e1ria o denunciou por ass\u00e9dio moral e sexual. Os tr\u00eas integrantes da Comiss\u00e3o \u2013 Amilar Alves, Marco Aur\u00e9lio Klein e Carlos Renato Azevedo Ferreira \u2013 aumentaram [&hellip;]<\/p>\n","protected":false},"author":5,"featured_media":24428,"comment_status":"open","ping_status":"open","sticky":false,"template":"","format":"standard","meta":{"footnotes":""},"categories":[1],"tags":[],"class_list":{"0":"post-24427","1":"post","2":"type-post","3":"status-publish","4":"format-standard","5":"has-post-thumbnail","7":"category-outros"},"yoast_head":"<!-- This site is optimized with the Yoast SEO Premium plugin v24.5 (Yoast SEO v27.5) - https:\/\/yoast.com\/product\/yoast-seo-premium-wordpress\/ -->\n<title>Comiss\u00e3o de \u00c9tica da CBF muda decis\u00e3o, reconhece ass\u00e9dio e aumenta puni\u00e7\u00e3o de Caboclo para 21 meses - P31<\/title>\n<meta name=\"robots\" content=\"index, follow, max-snippet:-1, max-image-preview:large, max-video-preview:-1\" \/>\n<link rel=\"canonical\" href=\"https:\/\/www.p31noticias.com.br\/?p=24427\" \/>\n<meta property=\"og:locale\" content=\"pt_BR\" \/>\n<meta property=\"og:type\" content=\"article\" \/>\n<meta property=\"og:title\" content=\"Comiss\u00e3o de \u00c9tica da CBF muda decis\u00e3o, reconhece ass\u00e9dio e aumenta puni\u00e7\u00e3o de Caboclo para 21 meses\" \/>\n<meta property=\"og:description\" content=\"A CBF alterou a decis\u00e3o em que havia sugerido uma puni\u00e7\u00e3o de 15 meses de suspens\u00e3o para Rog\u00e9rio Caboclo, presidente afastado da entidade desde 6 de junho, quando uma funcion\u00e1ria o denunciou por ass\u00e9dio moral e sexual. Os tr\u00eas integrantes da Comiss\u00e3o \u2013 Amilar Alves, Marco Aur\u00e9lio Klein e Carlos Renato Azevedo Ferreira \u2013 aumentaram [&hellip;]\" \/>\n<meta property=\"og:url\" content=\"https:\/\/www.p31noticias.com.br\/?p=24427\" \/>\n<meta property=\"og:site_name\" content=\"P31\" \/>\n<meta property=\"article:published_time\" content=\"2021-09-21T14:53:36+00:00\" \/>\n<meta property=\"og:image\" content=\"https:\/\/www.p31noticias.com.br\/wp-content\/uploads\/2021\/09\/rogeriocaboclo.jpg\" \/>\n\t<meta property=\"og:image:width\" content=\"984\" \/>\n\t<meta property=\"og:image:height\" content=\"606\" \/>\n\t<meta property=\"og:image:type\" content=\"image\/jpeg\" \/>\n<meta name=\"author\" content=\"Camilly Scheffer\" \/>\n<meta name=\"twitter:card\" content=\"summary_large_image\" \/>\n<meta name=\"twitter:label1\" content=\"Escrito por\" \/>\n\t<meta name=\"twitter:data1\" content=\"Camilly Scheffer\" \/>\n\t<meta name=\"twitter:label2\" content=\"Est. tempo de leitura\" \/>\n\t<meta name=\"twitter:data2\" content=\"3 minutos\" \/>\n<script type=\"application\/ld+json\" class=\"yoast-schema-graph\">{\"@context\":\"https:\\\/\\\/schema.org\",\"@graph\":[{\"@type\":\"Article\",\"@id\":\"https:\\\/\\\/www.p31noticias.com.br\\\/?p=24427#article\",\"isPartOf\":{\"@id\":\"https:\\\/\\\/www.p31noticias.com.br\\\/?p=24427\"},\"author\":{\"name\":\"Camilly Scheffer\",\"@id\":\"https:\\\/\\\/www.p31noticias.com.br\\\/#\\\/schema\\\/person\\\/d1bb0ccbf62b27e19ea4e75696908d43\"},\"headline\":\"Comiss\u00e3o de \u00c9tica da CBF muda decis\u00e3o, reconhece ass\u00e9dio e aumenta puni\u00e7\u00e3o de Caboclo para 21 meses\",\"datePublished\":\"2021-09-21T14:53:36+00:00\",\"mainEntityOfPage\":{\"@id\":\"https:\\\/\\\/www.p31noticias.com.br\\\/?p=24427\"},\"wordCount\":671,\"commentCount\":0,\"image\":{\"@id\":\"https:\\\/\\\/www.p31noticias.com.br\\\/?p=24427#primaryimage\"},\"thumbnailUrl\":\"https:\\\/\\\/www.p31noticias.com.br\\\/wp-content\\\/uploads\\\/2021\\\/09\\\/rogeriocaboclo.jpg\",\"articleSection\":[\"Outros\"],\"inLanguage\":\"pt-BR\",\"potentialAction\":[{\"@type\":\"CommentAction\",\"name\":\"Comment\",\"target\":[\"https:\\\/\\\/www.p31noticias.com.br\\\/?p=24427#respond\"]}],\"copyrightYear\":\"2021\",\"copyrightHolder\":{\"@id\":\"https:\\\/\\\/www.p31noticias.com.br\\\/#organization\"}},{\"@type\":\"WebPage\",\"@id\":\"https:\\\/\\\/www.p31noticias.com.br\\\/?p=24427\",\"url\":\"https:\\\/\\\/www.p31noticias.com.br\\\/?p=24427\",\"name\":\"Comiss\u00e3o de \u00c9tica da CBF muda decis\u00e3o, reconhece ass\u00e9dio e aumenta puni\u00e7\u00e3o de Caboclo para 21 meses - P31\",\"isPartOf\":{\"@id\":\"https:\\\/\\\/www.p31noticias.com.br\\\/#website\"},\"primaryImageOfPage\":{\"@id\":\"https:\\\/\\\/www.p31noticias.com.br\\\/?p=24427#primaryimage\"},\"image\":{\"@id\":\"https:\\\/\\\/www.p31noticias.com.br\\\/?p=24427#primaryimage\"},\"thumbnailUrl\":\"https:\\\/\\\/www.p31noticias.com.br\\\/wp-content\\\/uploads\\\/2021\\\/09\\\/rogeriocaboclo.jpg\",\"datePublished\":\"2021-09-21T14:53:36+00:00\",\"author\":{\"@id\":\"https:\\\/\\\/www.p31noticias.com.br\\\/#\\\/schema\\\/person\\\/d1bb0ccbf62b27e19ea4e75696908d43\"},\"breadcrumb\":{\"@id\":\"https:\\\/\\\/www.p31noticias.com.br\\\/?p=24427#breadcrumb\"},\"inLanguage\":\"pt-BR\",\"potentialAction\":[{\"@type\":\"ReadAction\",\"target\":[\"https:\\\/\\\/www.p31noticias.com.br\\\/?p=24427\"]}]},{\"@type\":\"ImageObject\",\"inLanguage\":\"pt-BR\",\"@id\":\"https:\\\/\\\/www.p31noticias.com.br\\\/?p=24427#primaryimage\",\"url\":\"https:\\\/\\\/www.p31noticias.com.br\\\/wp-content\\\/uploads\\\/2021\\\/09\\\/rogeriocaboclo.jpg\",\"contentUrl\":\"https:\\\/\\\/www.p31noticias.com.br\\\/wp-content\\\/uploads\\\/2021\\\/09\\\/rogeriocaboclo.jpg\",\"width\":984,\"height\":606},{\"@type\":\"BreadcrumbList\",\"@id\":\"https:\\\/\\\/www.p31noticias.com.br\\\/?p=24427#breadcrumb\",\"itemListElement\":[{\"@type\":\"ListItem\",\"position\":1,\"name\":\"In\u00edcio\",\"item\":\"https:\\\/\\\/www.p31noticias.com.br\\\/\"},{\"@type\":\"ListItem\",\"position\":2,\"name\":\"Comiss\u00e3o de \u00c9tica da CBF muda decis\u00e3o, reconhece ass\u00e9dio e aumenta puni\u00e7\u00e3o de Caboclo para 21 meses\"}]},{\"@type\":\"WebSite\",\"@id\":\"https:\\\/\\\/www.p31noticias.com.br\\\/#website\",\"url\":\"https:\\\/\\\/www.p31noticias.com.br\\\/\",\"name\":\"P31\",\"description\":\"NOT\u00cdCIAS\",\"potentialAction\":[{\"@type\":\"SearchAction\",\"target\":{\"@type\":\"EntryPoint\",\"urlTemplate\":\"https:\\\/\\\/www.p31noticias.com.br\\\/?s={search_term_string}\"},\"query-input\":{\"@type\":\"PropertyValueSpecification\",\"valueRequired\":true,\"valueName\":\"search_term_string\"}}],\"inLanguage\":\"pt-BR\"},{\"@type\":\"Person\",\"@id\":\"https:\\\/\\\/www.p31noticias.com.br\\\/#\\\/schema\\\/person\\\/d1bb0ccbf62b27e19ea4e75696908d43\",\"name\":\"Camilly Scheffer\",\"image\":{\"@type\":\"ImageObject\",\"inLanguage\":\"pt-BR\",\"@id\":\"https:\\\/\\\/secure.gravatar.com\\\/avatar\\\/06f4704b382d241ec2670712618fccea085b2db24d7b2d3b8691d904bbc1d557?s=96&d=mm&r=g\",\"url\":\"https:\\\/\\\/secure.gravatar.com\\\/avatar\\\/06f4704b382d241ec2670712618fccea085b2db24d7b2d3b8691d904bbc1d557?s=96&d=mm&r=g\",\"contentUrl\":\"https:\\\/\\\/secure.gravatar.com\\\/avatar\\\/06f4704b382d241ec2670712618fccea085b2db24d7b2d3b8691d904bbc1d557?s=96&d=mm&r=g\",\"caption\":\"Camilly Scheffer\"},\"url\":\"https:\\\/\\\/www.p31noticias.com.br\\\/?author=5\"}]}<\/script>\n<!-- \/ Yoast SEO Premium plugin. -->","yoast_head_json":{"title":"Comiss\u00e3o de \u00c9tica da CBF muda decis\u00e3o, reconhece ass\u00e9dio e aumenta puni\u00e7\u00e3o de Caboclo para 21 meses - P31","robots":{"index":"index","follow":"follow","max-snippet":"max-snippet:-1","max-image-preview":"max-image-preview:large","max-video-preview":"max-video-preview:-1"},"canonical":"https:\/\/www.p31noticias.com.br\/?p=24427","og_locale":"pt_BR","og_type":"article","og_title":"Comiss\u00e3o de \u00c9tica da CBF muda decis\u00e3o, reconhece ass\u00e9dio e aumenta puni\u00e7\u00e3o de Caboclo para 21 meses","og_description":"A CBF alterou a decis\u00e3o em que havia sugerido uma puni\u00e7\u00e3o de 15 meses de suspens\u00e3o para Rog\u00e9rio Caboclo, presidente afastado da entidade desde 6 de junho, quando uma funcion\u00e1ria o denunciou por ass\u00e9dio moral e sexual. Os tr\u00eas integrantes da Comiss\u00e3o \u2013 Amilar Alves, Marco Aur\u00e9lio Klein e Carlos Renato Azevedo Ferreira \u2013 aumentaram [&hellip;]","og_url":"https:\/\/www.p31noticias.com.br\/?p=24427","og_site_name":"P31","article_published_time":"2021-09-21T14:53:36+00:00","og_image":[{"width":984,"height":606,"url":"https:\/\/www.p31noticias.com.br\/wp-content\/uploads\/2021\/09\/rogeriocaboclo.jpg","type":"image\/jpeg"}],"author":"Camilly Scheffer","twitter_card":"summary_large_image","twitter_misc":{"Escrito por":"Camilly Scheffer","Est. tempo de leitura":"3 minutos"},"schema":{"@context":"https:\/\/schema.org","@graph":[{"@type":"Article","@id":"https:\/\/www.p31noticias.com.br\/?p=24427#article","isPartOf":{"@id":"https:\/\/www.p31noticias.com.br\/?p=24427"},"author":{"name":"Camilly Scheffer","@id":"https:\/\/www.p31noticias.com.br\/#\/schema\/person\/d1bb0ccbf62b27e19ea4e75696908d43"},"headline":"Comiss\u00e3o de \u00c9tica da CBF muda decis\u00e3o, reconhece ass\u00e9dio e aumenta puni\u00e7\u00e3o de Caboclo para 21 meses","datePublished":"2021-09-21T14:53:36+00:00","mainEntityOfPage":{"@id":"https:\/\/www.p31noticias.com.br\/?p=24427"},"wordCount":671,"commentCount":0,"image":{"@id":"https:\/\/www.p31noticias.com.br\/?p=24427#primaryimage"},"thumbnailUrl":"https:\/\/www.p31noticias.com.br\/wp-content\/uploads\/2021\/09\/rogeriocaboclo.jpg","articleSection":["Outros"],"inLanguage":"pt-BR","potentialAction":[{"@type":"CommentAction","name":"Comment","target":["https:\/\/www.p31noticias.com.br\/?p=24427#respond"]}],"copyrightYear":"2021","copyrightHolder":{"@id":"https:\/\/www.p31noticias.com.br\/#organization"}},{"@type":"WebPage","@id":"https:\/\/www.p31noticias.com.br\/?p=24427","url":"https:\/\/www.p31noticias.com.br\/?p=24427","name":"Comiss\u00e3o de \u00c9tica da CBF muda decis\u00e3o, reconhece ass\u00e9dio e aumenta puni\u00e7\u00e3o de Caboclo para 21 meses - P31","isPartOf":{"@id":"https:\/\/www.p31noticias.com.br\/#website"},"primaryImageOfPage":{"@id":"https:\/\/www.p31noticias.com.br\/?p=24427#primaryimage"},"image":{"@id":"https:\/\/www.p31noticias.com.br\/?p=24427#primaryimage"},"thumbnailUrl":"https:\/\/www.p31noticias.com.br\/wp-content\/uploads\/2021\/09\/rogeriocaboclo.jpg","datePublished":"2021-09-21T14:53:36+00:00","author":{"@id":"https:\/\/www.p31noticias.com.br\/#\/schema\/person\/d1bb0ccbf62b27e19ea4e75696908d43"},"breadcrumb":{"@id":"https:\/\/www.p31noticias.com.br\/?p=24427#breadcrumb"},"inLanguage":"pt-BR","potentialAction":[{"@type":"ReadAction","target":["https:\/\/www.p31noticias.com.br\/?p=24427"]}]},{"@type":"ImageObject","inLanguage":"pt-BR","@id":"https:\/\/www.p31noticias.com.br\/?p=24427#primaryimage","url":"https:\/\/www.p31noticias.com.br\/wp-content\/uploads\/2021\/09\/rogeriocaboclo.jpg","contentUrl":"https:\/\/www.p31noticias.com.br\/wp-content\/uploads\/2021\/09\/rogeriocaboclo.jpg","width":984,"height":606},{"@type":"BreadcrumbList","@id":"https:\/\/www.p31noticias.com.br\/?p=24427#breadcrumb","itemListElement":[{"@type":"ListItem","position":1,"name":"In\u00edcio","item":"https:\/\/www.p31noticias.com.br\/"},{"@type":"ListItem","position":2,"name":"Comiss\u00e3o de \u00c9tica da CBF muda decis\u00e3o, reconhece ass\u00e9dio e aumenta puni\u00e7\u00e3o de Caboclo para 21 meses"}]},{"@type":"WebSite","@id":"https:\/\/www.p31noticias.com.br\/#website","url":"https:\/\/www.p31noticias.com.br\/","name":"P31","description":"NOT\u00cdCIAS","potentialAction":[{"@type":"SearchAction","target":{"@type":"EntryPoint","urlTemplate":"https:\/\/www.p31noticias.com.br\/?s={search_term_string}"},"query-input":{"@type":"PropertyValueSpecification","valueRequired":true,"valueName":"search_term_string"}}],"inLanguage":"pt-BR"},{"@type":"Person","@id":"https:\/\/www.p31noticias.com.br\/#\/schema\/person\/d1bb0ccbf62b27e19ea4e75696908d43","name":"Camilly Scheffer","image":{"@type":"ImageObject","inLanguage":"pt-BR","@id":"https:\/\/secure.gravatar.com\/avatar\/06f4704b382d241ec2670712618fccea085b2db24d7b2d3b8691d904bbc1d557?s=96&d=mm&r=g","url":"https:\/\/secure.gravatar.com\/avatar\/06f4704b382d241ec2670712618fccea085b2db24d7b2d3b8691d904bbc1d557?s=96&d=mm&r=g","contentUrl":"https:\/\/secure.gravatar.com\/avatar\/06f4704b382d241ec2670712618fccea085b2db24d7b2d3b8691d904bbc1d557?s=96&d=mm&r=g","caption":"Camilly Scheffer"},"url":"https:\/\/www.p31noticias.com.br\/?author=5"}]}},"amp_enabled":true,"_links":{"self":[{"href":"https:\/\/www.p31noticias.com.br\/index.php?rest_route=\/wp\/v2\/posts\/24427","targetHints":{"allow":["GET"]}}],"collection":[{"href":"https:\/\/www.p31noticias.com.br\/index.php?rest_route=\/wp\/v2\/posts"}],"about":[{"href":"https:\/\/www.p31noticias.com.br\/index.php?rest_route=\/wp\/v2\/types\/post"}],"author":[{"embeddable":true,"href":"https:\/\/www.p31noticias.com.br\/index.php?rest_route=\/wp\/v2\/users\/5"}],"replies":[{"embeddable":true,"href":"https:\/\/www.p31noticias.com.br\/index.php?rest_route=%2Fwp%2Fv2%2Fcomments&post=24427"}],"version-history":[{"count":1,"href":"https:\/\/www.p31noticias.com.br\/index.php?rest_route=\/wp\/v2\/posts\/24427\/revisions"}],"predecessor-version":[{"id":24429,"href":"https:\/\/www.p31noticias.com.br\/index.php?rest_route=\/wp\/v2\/posts\/24427\/revisions\/24429"}],"wp:featuredmedia":[{"embeddable":true,"href":"https:\/\/www.p31noticias.com.br\/index.php?rest_route=\/wp\/v2\/media\/24428"}],"wp:attachment":[{"href":"https:\/\/www.p31noticias.com.br\/index.php?rest_route=%2Fwp%2Fv2%2Fmedia&parent=24427"}],"wp:term":[{"taxonomy":"category","embeddable":true,"href":"https:\/\/www.p31noticias.com.br\/index.php?rest_route=%2Fwp%2Fv2%2Fcategories&post=24427"},{"taxonomy":"post_tag","embeddable":true,"href":"https:\/\/www.p31noticias.com.br\/index.php?rest_route=%2Fwp%2Fv2%2Ftags&post=24427"}],"curies":[{"name":"wp","href":"https:\/\/api.w.org\/{rel}","templated":true}]}}