{"id":24424,"date":"2021-09-20T16:49:44","date_gmt":"2021-09-20T19:49:44","guid":{"rendered":"https:\/\/p31noticias.com.br\/?p=24424"},"modified":"2021-09-20T16:49:44","modified_gmt":"2021-09-20T19:49:44","slug":"major-olimpio-foi-sindicalista-teve-guinada-a-direita-e-apoiou-bolsonaro-em-2018","status":"publish","type":"post","link":"https:\/\/www.p31noticias.com.br\/?p=24424","title":{"rendered":"Major Olimpio foi sindicalista, teve guinada \u00e0 direita e apoiou Bolsonaro em 2018"},"content":{"rendered":"<p>O senador Major Olimpio (PSL-SP) morreu nesta quinta-feira, 18, em decorr\u00eancia de complica\u00e7\u00f5es da Covid-19. A informa\u00e7\u00e3o de sua morte cerebral foi confirmada atrav\u00e9s das redes sociais do parlamentar. Com sua precoce partida, aos 58 anos, Major Olimpio deixa um importante legado na hist\u00f3ria pol\u00edtica brasileira. Em 2018, ele foi o senador mais votado, com nove milh\u00f5es.<\/p>\n<p>Antes de tornar-se conhecido como Major Olimpio, S\u00e9rgio Olimpio Gomes criou suas ra\u00edzes no interior do estado de S\u00e3o Paulo, em Presidente Venceslau, cidade em que nasceu. Aos 20 anos, formou-se como policial militar, profiss\u00e3o que exerceu por 29 anos. Al\u00e9m disso, carregava os diplomas de ci\u00eancias jur\u00eddicas e sociais, jornalismo e educa\u00e7\u00e3o f\u00edsica. Em 2006, ingressou na carreira p\u00fablica elegendo-se deputado estadual pelo Partido Verde de S\u00e3o Paulo. Quatro anos depois, em 2010, Major ingressou no Partido Democr\u00e1tico Trabalhista (PDT), onde alicer\u00e7ou uma forte oposi\u00e7\u00e3o ao PSDB de S\u00e3o Paulo. Ainda no segundo mandato como deputado estadual, em 2010, assumiu a lideran\u00e7a do PDT na Assembleia Legislativa do Estado de S\u00e3o Paulo (Alesp). Para ingressar no rec\u00e9m-criado Partido da Mulher Brasileira (PMB), no qual permaneceu por quatro meses antes de filiar-se ao Solidariedade (SD), Major deixou o PDT em 2015 \u2013 ano em que assumiu a cadeira de deputado federal.<\/p>\n<p>Ascens\u00e3o mete\u00f3rica \u00e0 direita<br \/>\nAp\u00f3s 2015, Major Olimpio destacou-se nacionalmente no cen\u00e1rio pol\u00edtico ao realizar uma forte oposi\u00e7\u00e3o aos governos do Partido dos Trabalhadores (PT) e alinhar-se aos partidos e ideais de direita. O parlamentar foi lembrado diversas vezes por sua participa\u00e7\u00e3o na cerim\u00f4nia de posse do ex-presidente Lula como ministro da Casa Civil da gest\u00e3o de Dilma Rousseff, em mar\u00e7o de 2016, quando gritou \u201cvergonha\u201d e foi hostilizado pelos seguran\u00e7as do local. Como deputado federal, ganhou notoriedade ao apoiar a abertura do processo de impeachment de Dilma e fazer fortes cr\u00edticas ao governo Michel Temer, opondo-se \u00e0 PEC do Teto de Gastos P\u00fablicos e \u00e0 Reforma Trabalhista.<\/p>\n<p>Nas elei\u00e7\u00f5es de 2018, Olimpio declarou apoio \u00e0 candidatura do presidente Jair Bolsonaro (sem partido) e filiou-se ao Partido Social Liberal (PSL). Neste per\u00edodo, lan\u00e7ou-se ao Senado, sendo eleito como o mais votado do estado de S\u00e3o Paulo e levando \u00e0 Casa pautas conservadoras, como a flexibiliza\u00e7\u00e3o dos armamentos para a popula\u00e7\u00e3o. Olimpio distanciou-se do presidente ap\u00f3s o primeiro ano de mandato, desaprovando sua conduta frente \u00e0 opera\u00e7\u00e3o Lava Jato. Desde 2020, o parlamentar criticava duramente a condu\u00e7\u00e3o da pandemia do novo coronav\u00edrus no estado de S\u00e3o Paulo, chegando, at\u00e9 mesmo, a protocolar um pedido de impeachment contra o governador Jo\u00e3o Doria (PSDB). Como um de seus \u00faltimos atos na pol\u00edtica, Major anunciou sua candidatura \u00e0 Presid\u00eancia do Senado neste ano, mas desistiu para apoiar Simone Tebet.<\/p>\n<h3>Fam\u00edlia<\/h3>\n<p>O senador Major Olimpio deixa a esposa, Claudia Regina Ol\u00edmpio Gomes, e dois filhos, Mariana Bezerra Ol\u00edmpio Gomes e Fernando Bezerra Ol\u00edmpio Gomes. Al\u00e9m de informar sua morte, a fam\u00edlia do parlamentar publicou uma homenagem em suas redes sociais. \u201cCom muita dor no cora\u00e7\u00e3o, comunicamos a morte cerebral do grande pai, irm\u00e3o e amigo, Senador Major Olimpio\u201d, afirmaram.<\/p>\n<p>Fonte: JovemPan.<\/p>\n","protected":false},"excerpt":{"rendered":"<p>O senador Major Olimpio (PSL-SP) morreu nesta quinta-feira, 18, em decorr\u00eancia de complica\u00e7\u00f5es da Covid-19. A informa\u00e7\u00e3o de sua morte cerebral foi confirmada atrav\u00e9s das redes sociais do parlamentar. Com sua precoce partida, aos 58 anos, Major Olimpio deixa um importante legado na hist\u00f3ria pol\u00edtica brasileira. Em 2018, ele foi o senador mais votado, com [&hellip;]<\/p>\n","protected":false},"author":5,"featured_media":24425,"comment_status":"open","ping_status":"open","sticky":false,"template":"","format":"standard","meta":{"footnotes":""},"categories":[57],"tags":[],"class_list":{"0":"post-24424","1":"post","2":"type-post","3":"status-publish","4":"format-standard","5":"has-post-thumbnail","7":"category-politica"},"yoast_head":"<!-- This site is optimized with the Yoast SEO Premium plugin v24.5 (Yoast SEO v27.5) - https:\/\/yoast.com\/product\/yoast-seo-premium-wordpress\/ -->\n<title>Major Olimpio foi sindicalista, teve guinada \u00e0 direita e apoiou Bolsonaro em 2018 - P31<\/title>\n<meta name=\"robots\" content=\"index, follow, max-snippet:-1, max-image-preview:large, max-video-preview:-1\" \/>\n<link rel=\"canonical\" href=\"https:\/\/www.p31noticias.com.br\/?p=24424\" \/>\n<meta property=\"og:locale\" content=\"pt_BR\" \/>\n<meta property=\"og:type\" content=\"article\" \/>\n<meta property=\"og:title\" content=\"Major Olimpio foi sindicalista, teve guinada \u00e0 direita e apoiou Bolsonaro em 2018\" \/>\n<meta property=\"og:description\" content=\"O senador Major Olimpio (PSL-SP) morreu nesta quinta-feira, 18, em decorr\u00eancia de complica\u00e7\u00f5es da Covid-19. A informa\u00e7\u00e3o de sua morte cerebral foi confirmada atrav\u00e9s das redes sociais do parlamentar. Com sua precoce partida, aos 58 anos, Major Olimpio deixa um importante legado na hist\u00f3ria pol\u00edtica brasileira. Em 2018, ele foi o senador mais votado, com [&hellip;]\" \/>\n<meta property=\"og:url\" content=\"https:\/\/www.p31noticias.com.br\/?p=24424\" \/>\n<meta property=\"og:site_name\" content=\"P31\" \/>\n<meta property=\"article:published_time\" content=\"2021-09-20T19:49:44+00:00\" \/>\n<meta property=\"og:image\" content=\"https:\/\/www.p31noticias.com.br\/wp-content\/uploads\/2021\/09\/1-6-1024x682-1.jpg\" \/>\n\t<meta property=\"og:image:width\" content=\"1024\" \/>\n\t<meta property=\"og:image:height\" content=\"682\" \/>\n\t<meta property=\"og:image:type\" content=\"image\/jpeg\" \/>\n<meta name=\"author\" content=\"Camilly Scheffer\" \/>\n<meta name=\"twitter:card\" content=\"summary_large_image\" \/>\n<meta name=\"twitter:label1\" content=\"Escrito por\" \/>\n\t<meta name=\"twitter:data1\" content=\"Camilly Scheffer\" \/>\n\t<meta name=\"twitter:label2\" content=\"Est. tempo de leitura\" \/>\n\t<meta name=\"twitter:data2\" content=\"3 minutos\" \/>\n<script type=\"application\/ld+json\" class=\"yoast-schema-graph\">{\"@context\":\"https:\\\/\\\/schema.org\",\"@graph\":[{\"@type\":\"Article\",\"@id\":\"https:\\\/\\\/www.p31noticias.com.br\\\/?p=24424#article\",\"isPartOf\":{\"@id\":\"https:\\\/\\\/www.p31noticias.com.br\\\/?p=24424\"},\"author\":{\"name\":\"Camilly Scheffer\",\"@id\":\"https:\\\/\\\/www.p31noticias.com.br\\\/#\\\/schema\\\/person\\\/d1bb0ccbf62b27e19ea4e75696908d43\"},\"headline\":\"Major Olimpio foi sindicalista, teve guinada \u00e0 direita e apoiou Bolsonaro em 2018\",\"datePublished\":\"2021-09-20T19:49:44+00:00\",\"mainEntityOfPage\":{\"@id\":\"https:\\\/\\\/www.p31noticias.com.br\\\/?p=24424\"},\"wordCount\":554,\"commentCount\":0,\"image\":{\"@id\":\"https:\\\/\\\/www.p31noticias.com.br\\\/?p=24424#primaryimage\"},\"thumbnailUrl\":\"https:\\\/\\\/www.p31noticias.com.br\\\/wp-content\\\/uploads\\\/2021\\\/09\\\/1-6-1024x682-1.jpg\",\"articleSection\":[\"Pol\u00edtica\"],\"inLanguage\":\"pt-BR\",\"potentialAction\":[{\"@type\":\"CommentAction\",\"name\":\"Comment\",\"target\":[\"https:\\\/\\\/www.p31noticias.com.br\\\/?p=24424#respond\"]}],\"copyrightYear\":\"2021\",\"copyrightHolder\":{\"@id\":\"https:\\\/\\\/www.p31noticias.com.br\\\/#organization\"}},{\"@type\":\"WebPage\",\"@id\":\"https:\\\/\\\/www.p31noticias.com.br\\\/?p=24424\",\"url\":\"https:\\\/\\\/www.p31noticias.com.br\\\/?p=24424\",\"name\":\"Major Olimpio foi sindicalista, teve guinada \u00e0 direita e apoiou Bolsonaro em 2018 - P31\",\"isPartOf\":{\"@id\":\"https:\\\/\\\/www.p31noticias.com.br\\\/#website\"},\"primaryImageOfPage\":{\"@id\":\"https:\\\/\\\/www.p31noticias.com.br\\\/?p=24424#primaryimage\"},\"image\":{\"@id\":\"https:\\\/\\\/www.p31noticias.com.br\\\/?p=24424#primaryimage\"},\"thumbnailUrl\":\"https:\\\/\\\/www.p31noticias.com.br\\\/wp-content\\\/uploads\\\/2021\\\/09\\\/1-6-1024x682-1.jpg\",\"datePublished\":\"2021-09-20T19:49:44+00:00\",\"author\":{\"@id\":\"https:\\\/\\\/www.p31noticias.com.br\\\/#\\\/schema\\\/person\\\/d1bb0ccbf62b27e19ea4e75696908d43\"},\"breadcrumb\":{\"@id\":\"https:\\\/\\\/www.p31noticias.com.br\\\/?p=24424#breadcrumb\"},\"inLanguage\":\"pt-BR\",\"potentialAction\":[{\"@type\":\"ReadAction\",\"target\":[\"https:\\\/\\\/www.p31noticias.com.br\\\/?p=24424\"]}]},{\"@type\":\"ImageObject\",\"inLanguage\":\"pt-BR\",\"@id\":\"https:\\\/\\\/www.p31noticias.com.br\\\/?p=24424#primaryimage\",\"url\":\"https:\\\/\\\/www.p31noticias.com.br\\\/wp-content\\\/uploads\\\/2021\\\/09\\\/1-6-1024x682-1.jpg\",\"contentUrl\":\"https:\\\/\\\/www.p31noticias.com.br\\\/wp-content\\\/uploads\\\/2021\\\/09\\\/1-6-1024x682-1.jpg\",\"width\":1024,\"height\":682},{\"@type\":\"BreadcrumbList\",\"@id\":\"https:\\\/\\\/www.p31noticias.com.br\\\/?p=24424#breadcrumb\",\"itemListElement\":[{\"@type\":\"ListItem\",\"position\":1,\"name\":\"In\u00edcio\",\"item\":\"https:\\\/\\\/www.p31noticias.com.br\\\/\"},{\"@type\":\"ListItem\",\"position\":2,\"name\":\"Major Olimpio foi sindicalista, teve guinada \u00e0 direita e apoiou Bolsonaro em 2018\"}]},{\"@type\":\"WebSite\",\"@id\":\"https:\\\/\\\/www.p31noticias.com.br\\\/#website\",\"url\":\"https:\\\/\\\/www.p31noticias.com.br\\\/\",\"name\":\"P31\",\"description\":\"NOT\u00cdCIAS\",\"potentialAction\":[{\"@type\":\"SearchAction\",\"target\":{\"@type\":\"EntryPoint\",\"urlTemplate\":\"https:\\\/\\\/www.p31noticias.com.br\\\/?s={search_term_string}\"},\"query-input\":{\"@type\":\"PropertyValueSpecification\",\"valueRequired\":true,\"valueName\":\"search_term_string\"}}],\"inLanguage\":\"pt-BR\"},{\"@type\":\"Person\",\"@id\":\"https:\\\/\\\/www.p31noticias.com.br\\\/#\\\/schema\\\/person\\\/d1bb0ccbf62b27e19ea4e75696908d43\",\"name\":\"Camilly Scheffer\",\"image\":{\"@type\":\"ImageObject\",\"inLanguage\":\"pt-BR\",\"@id\":\"https:\\\/\\\/secure.gravatar.com\\\/avatar\\\/06f4704b382d241ec2670712618fccea085b2db24d7b2d3b8691d904bbc1d557?s=96&d=mm&r=g\",\"url\":\"https:\\\/\\\/secure.gravatar.com\\\/avatar\\\/06f4704b382d241ec2670712618fccea085b2db24d7b2d3b8691d904bbc1d557?s=96&d=mm&r=g\",\"contentUrl\":\"https:\\\/\\\/secure.gravatar.com\\\/avatar\\\/06f4704b382d241ec2670712618fccea085b2db24d7b2d3b8691d904bbc1d557?s=96&d=mm&r=g\",\"caption\":\"Camilly Scheffer\"},\"url\":\"https:\\\/\\\/www.p31noticias.com.br\\\/?author=5\"}]}<\/script>\n<!-- \/ Yoast SEO Premium plugin. -->","yoast_head_json":{"title":"Major Olimpio foi sindicalista, teve guinada \u00e0 direita e apoiou Bolsonaro em 2018 - P31","robots":{"index":"index","follow":"follow","max-snippet":"max-snippet:-1","max-image-preview":"max-image-preview:large","max-video-preview":"max-video-preview:-1"},"canonical":"https:\/\/www.p31noticias.com.br\/?p=24424","og_locale":"pt_BR","og_type":"article","og_title":"Major Olimpio foi sindicalista, teve guinada \u00e0 direita e apoiou Bolsonaro em 2018","og_description":"O senador Major Olimpio (PSL-SP) morreu nesta quinta-feira, 18, em decorr\u00eancia de complica\u00e7\u00f5es da Covid-19. A informa\u00e7\u00e3o de sua morte cerebral foi confirmada atrav\u00e9s das redes sociais do parlamentar. Com sua precoce partida, aos 58 anos, Major Olimpio deixa um importante legado na hist\u00f3ria pol\u00edtica brasileira. Em 2018, ele foi o senador mais votado, com [&hellip;]","og_url":"https:\/\/www.p31noticias.com.br\/?p=24424","og_site_name":"P31","article_published_time":"2021-09-20T19:49:44+00:00","og_image":[{"width":1024,"height":682,"url":"https:\/\/www.p31noticias.com.br\/wp-content\/uploads\/2021\/09\/1-6-1024x682-1.jpg","type":"image\/jpeg"}],"author":"Camilly Scheffer","twitter_card":"summary_large_image","twitter_misc":{"Escrito por":"Camilly Scheffer","Est. tempo de leitura":"3 minutos"},"schema":{"@context":"https:\/\/schema.org","@graph":[{"@type":"Article","@id":"https:\/\/www.p31noticias.com.br\/?p=24424#article","isPartOf":{"@id":"https:\/\/www.p31noticias.com.br\/?p=24424"},"author":{"name":"Camilly Scheffer","@id":"https:\/\/www.p31noticias.com.br\/#\/schema\/person\/d1bb0ccbf62b27e19ea4e75696908d43"},"headline":"Major Olimpio foi sindicalista, teve guinada \u00e0 direita e apoiou Bolsonaro em 2018","datePublished":"2021-09-20T19:49:44+00:00","mainEntityOfPage":{"@id":"https:\/\/www.p31noticias.com.br\/?p=24424"},"wordCount":554,"commentCount":0,"image":{"@id":"https:\/\/www.p31noticias.com.br\/?p=24424#primaryimage"},"thumbnailUrl":"https:\/\/www.p31noticias.com.br\/wp-content\/uploads\/2021\/09\/1-6-1024x682-1.jpg","articleSection":["Pol\u00edtica"],"inLanguage":"pt-BR","potentialAction":[{"@type":"CommentAction","name":"Comment","target":["https:\/\/www.p31noticias.com.br\/?p=24424#respond"]}],"copyrightYear":"2021","copyrightHolder":{"@id":"https:\/\/www.p31noticias.com.br\/#organization"}},{"@type":"WebPage","@id":"https:\/\/www.p31noticias.com.br\/?p=24424","url":"https:\/\/www.p31noticias.com.br\/?p=24424","name":"Major Olimpio foi sindicalista, teve guinada \u00e0 direita e apoiou Bolsonaro em 2018 - P31","isPartOf":{"@id":"https:\/\/www.p31noticias.com.br\/#website"},"primaryImageOfPage":{"@id":"https:\/\/www.p31noticias.com.br\/?p=24424#primaryimage"},"image":{"@id":"https:\/\/www.p31noticias.com.br\/?p=24424#primaryimage"},"thumbnailUrl":"https:\/\/www.p31noticias.com.br\/wp-content\/uploads\/2021\/09\/1-6-1024x682-1.jpg","datePublished":"2021-09-20T19:49:44+00:00","author":{"@id":"https:\/\/www.p31noticias.com.br\/#\/schema\/person\/d1bb0ccbf62b27e19ea4e75696908d43"},"breadcrumb":{"@id":"https:\/\/www.p31noticias.com.br\/?p=24424#breadcrumb"},"inLanguage":"pt-BR","potentialAction":[{"@type":"ReadAction","target":["https:\/\/www.p31noticias.com.br\/?p=24424"]}]},{"@type":"ImageObject","inLanguage":"pt-BR","@id":"https:\/\/www.p31noticias.com.br\/?p=24424#primaryimage","url":"https:\/\/www.p31noticias.com.br\/wp-content\/uploads\/2021\/09\/1-6-1024x682-1.jpg","contentUrl":"https:\/\/www.p31noticias.com.br\/wp-content\/uploads\/2021\/09\/1-6-1024x682-1.jpg","width":1024,"height":682},{"@type":"BreadcrumbList","@id":"https:\/\/www.p31noticias.com.br\/?p=24424#breadcrumb","itemListElement":[{"@type":"ListItem","position":1,"name":"In\u00edcio","item":"https:\/\/www.p31noticias.com.br\/"},{"@type":"ListItem","position":2,"name":"Major Olimpio foi sindicalista, teve guinada \u00e0 direita e apoiou Bolsonaro em 2018"}]},{"@type":"WebSite","@id":"https:\/\/www.p31noticias.com.br\/#website","url":"https:\/\/www.p31noticias.com.br\/","name":"P31","description":"NOT\u00cdCIAS","potentialAction":[{"@type":"SearchAction","target":{"@type":"EntryPoint","urlTemplate":"https:\/\/www.p31noticias.com.br\/?s={search_term_string}"},"query-input":{"@type":"PropertyValueSpecification","valueRequired":true,"valueName":"search_term_string"}}],"inLanguage":"pt-BR"},{"@type":"Person","@id":"https:\/\/www.p31noticias.com.br\/#\/schema\/person\/d1bb0ccbf62b27e19ea4e75696908d43","name":"Camilly Scheffer","image":{"@type":"ImageObject","inLanguage":"pt-BR","@id":"https:\/\/secure.gravatar.com\/avatar\/06f4704b382d241ec2670712618fccea085b2db24d7b2d3b8691d904bbc1d557?s=96&d=mm&r=g","url":"https:\/\/secure.gravatar.com\/avatar\/06f4704b382d241ec2670712618fccea085b2db24d7b2d3b8691d904bbc1d557?s=96&d=mm&r=g","contentUrl":"https:\/\/secure.gravatar.com\/avatar\/06f4704b382d241ec2670712618fccea085b2db24d7b2d3b8691d904bbc1d557?s=96&d=mm&r=g","caption":"Camilly Scheffer"},"url":"https:\/\/www.p31noticias.com.br\/?author=5"}]}},"amp_enabled":true,"_links":{"self":[{"href":"https:\/\/www.p31noticias.com.br\/index.php?rest_route=\/wp\/v2\/posts\/24424","targetHints":{"allow":["GET"]}}],"collection":[{"href":"https:\/\/www.p31noticias.com.br\/index.php?rest_route=\/wp\/v2\/posts"}],"about":[{"href":"https:\/\/www.p31noticias.com.br\/index.php?rest_route=\/wp\/v2\/types\/post"}],"author":[{"embeddable":true,"href":"https:\/\/www.p31noticias.com.br\/index.php?rest_route=\/wp\/v2\/users\/5"}],"replies":[{"embeddable":true,"href":"https:\/\/www.p31noticias.com.br\/index.php?rest_route=%2Fwp%2Fv2%2Fcomments&post=24424"}],"version-history":[{"count":1,"href":"https:\/\/www.p31noticias.com.br\/index.php?rest_route=\/wp\/v2\/posts\/24424\/revisions"}],"predecessor-version":[{"id":24426,"href":"https:\/\/www.p31noticias.com.br\/index.php?rest_route=\/wp\/v2\/posts\/24424\/revisions\/24426"}],"wp:featuredmedia":[{"embeddable":true,"href":"https:\/\/www.p31noticias.com.br\/index.php?rest_route=\/wp\/v2\/media\/24425"}],"wp:attachment":[{"href":"https:\/\/www.p31noticias.com.br\/index.php?rest_route=%2Fwp%2Fv2%2Fmedia&parent=24424"}],"wp:term":[{"taxonomy":"category","embeddable":true,"href":"https:\/\/www.p31noticias.com.br\/index.php?rest_route=%2Fwp%2Fv2%2Fcategories&post=24424"},{"taxonomy":"post_tag","embeddable":true,"href":"https:\/\/www.p31noticias.com.br\/index.php?rest_route=%2Fwp%2Fv2%2Ftags&post=24424"}],"curies":[{"name":"wp","href":"https:\/\/api.w.org\/{rel}","templated":true}]}}