{"id":24390,"date":"2021-09-17T11:36:00","date_gmt":"2021-09-17T14:36:00","guid":{"rendered":"https:\/\/p31noticias.com.br\/?p=24390"},"modified":"2021-09-17T11:36:00","modified_gmt":"2021-09-17T14:36:00","slug":"voo-da-spacex-com-civis-primeiras-fotos-dos-tripulantes-sao-divulgadas","status":"publish","type":"post","link":"https:\/\/www.p31noticias.com.br\/?p=24390","title":{"rendered":"Voo da SpaceX com civis: primeiras fotos dos tripulantes s\u00e3o divulgadas"},"content":{"rendered":"<p>A miss\u00e3o Inspiration4, levada \u00e0 \u00f3rbita da Terra pela SpaceX na \u00faltima quarta-feira (15), divulgou na madrugada de sexta (17) as primeiras imagens dos tripulantes no espa\u00e7o.<\/p>\n<p>As fotos mostram os integrantes da miss\u00e3o no domo de vidro da c\u00e1psula, que oferece uma vis\u00e3o de 360\u00ba do espa\u00e7o (veja todas mais abaixo).<\/p>\n<p>O bilion\u00e1rio Jared Isaacman, a assistente m\u00e9dica Hayley Arceneaux, o engenheiro aeron\u00e1utico Chris Sembroski e a professora de geologia Sian Proctor orbitam a 590 quil\u00f4metros acima do n\u00edvel do mar. Todos s\u00e3o novatos no espa\u00e7o.<\/p>\n<p><img loading=\"lazy\" decoding=\"async\" class=\"size-medium wp-image-24392 aligncenter\" src=\"https:\/\/p31noticias.com.br\/wp-content\/uploads\/2021\/09\/e-dzhppwyairrtp-1-300x166.jpeg\" alt=\"\" width=\"300\" height=\"166\" srcset=\"https:\/\/www.p31noticias.com.br\/wp-content\/uploads\/2021\/09\/e-dzhppwyairrtp-1-300x166.jpeg 300w, https:\/\/www.p31noticias.com.br\/wp-content\/uploads\/2021\/09\/e-dzhppwyairrtp-1-768x425.jpeg 768w, https:\/\/www.p31noticias.com.br\/wp-content\/uploads\/2021\/09\/e-dzhppwyairrtp-1-696x385.jpeg 696w, https:\/\/www.p31noticias.com.br\/wp-content\/uploads\/2021\/09\/e-dzhppwyairrtp-1-758x420.jpeg 758w, https:\/\/www.p31noticias.com.br\/wp-content\/uploads\/2021\/09\/e-dzhppwyairrtp-1.jpeg 984w\" sizes=\"auto, (max-width: 300px) 100vw, 300px\" \/> <img loading=\"lazy\" decoding=\"async\" class=\"size-medium wp-image-24393 aligncenter\" src=\"https:\/\/p31noticias.com.br\/wp-content\/uploads\/2021\/09\/e-dzjl3xmaa1lgh-1-300x171.jpeg\" alt=\"\" width=\"300\" height=\"171\" srcset=\"https:\/\/www.p31noticias.com.br\/wp-content\/uploads\/2021\/09\/e-dzjl3xmaa1lgh-1-300x171.jpeg 300w, https:\/\/www.p31noticias.com.br\/wp-content\/uploads\/2021\/09\/e-dzjl3xmaa1lgh-1-768x438.jpeg 768w, https:\/\/www.p31noticias.com.br\/wp-content\/uploads\/2021\/09\/e-dzjl3xmaa1lgh-1-696x397.jpeg 696w, https:\/\/www.p31noticias.com.br\/wp-content\/uploads\/2021\/09\/e-dzjl3xmaa1lgh-1-737x420.jpeg 737w, https:\/\/www.p31noticias.com.br\/wp-content\/uploads\/2021\/09\/e-dzjl3xmaa1lgh-1.jpeg 984w\" sizes=\"auto, (max-width: 300px) 100vw, 300px\" \/><\/p>\n<p><img loading=\"lazy\" decoding=\"async\" class=\"size-medium wp-image-24394 aligncenter\" src=\"https:\/\/p31noticias.com.br\/wp-content\/uploads\/2021\/09\/e-dzjnzweaakc2h-1-300x205.jpg\" alt=\"\" width=\"300\" height=\"205\" srcset=\"https:\/\/www.p31noticias.com.br\/wp-content\/uploads\/2021\/09\/e-dzjnzweaakc2h-1-300x205.jpg 300w, https:\/\/www.p31noticias.com.br\/wp-content\/uploads\/2021\/09\/e-dzjnzweaakc2h-1-768x526.jpg 768w, https:\/\/www.p31noticias.com.br\/wp-content\/uploads\/2021\/09\/e-dzjnzweaakc2h-1-218x150.jpg 218w, https:\/\/www.p31noticias.com.br\/wp-content\/uploads\/2021\/09\/e-dzjnzweaakc2h-1-696x477.jpg 696w, https:\/\/www.p31noticias.com.br\/wp-content\/uploads\/2021\/09\/e-dzjnzweaakc2h-1-613x420.jpg 613w, https:\/\/www.p31noticias.com.br\/wp-content\/uploads\/2021\/09\/e-dzjnzweaakc2h-1.jpg 984w\" sizes=\"auto, (max-width: 300px) 100vw, 300px\" \/><\/p>\n<p>A SpaceX afirma que esta \u00e9 a maior janela de observa\u00e7\u00e3o com pe\u00e7a \u00fanica a ser levada ao espa\u00e7o. Ela fica no nariz da c\u00e1psula Crew Dragon, que pode ser aberto durante o voo.<\/p>\n<p>&#8220;A tripula\u00e7\u00e3o da Inspiration4 teve um primeiro dia incr\u00edvel no espa\u00e7o! Eles completaram mais de 15 \u00f3rbitas ao redor da Terra desde a decolagem e fizeram uso total da c\u00fapula&#8221;, escreveu a equipe no Twitter.<\/p>\n<div class=\"mc-column content-text active-extra-styles \" data-block-type=\"unstyled\" data-block-weight=\"32\" data-block-id=\"14\">\n<p class=\"content-text__container \" data-track-category=\"Link no Texto\" data-track-links=\"\">A miss\u00e3o Inspiration4, bancada por Isaacman, fundador da empresa de com\u00e9rcio eletr\u00f4nico Shift4 Payments, realiza a\u00e7\u00f5es beneficentes em prol do St. Jude Children&#8217;s Research Hospital, um centro de tratamento de c\u00e2ncer pedi\u00e1trico.<\/p>\n<\/div>\n<div class=\"mc-column content-text active-extra-styles \" data-block-type=\"unstyled\" data-block-weight=\"42\" data-block-id=\"15\">\n<p class=\"content-text__container \" data-track-category=\"Link no Texto\" data-track-links=\"\">O objetivo \u00e9 arrecadar US$ 200 milh\u00f5es para o hospital, que publicou em seu perfil do Twitter que seus pacientes conversaram com os tripulantes na quinta (16) e fizeram perguntas a eles \u2013 ainda n\u00e3o h\u00e1 grava\u00e7\u00f5es ou registros desse momento.<\/p>\n<div class=\"mc-column content-text active-extra-styles \" data-block-type=\"unstyled\" data-block-weight=\"37\" data-block-id=\"17\">\n<p class=\"content-text__container \" data-track-category=\"Link no Texto\" data-track-links=\"\">A expectativa \u00e9 que os tripulantes retornem \u00e0 Terra 3 dias ap\u00f3s o lan\u00e7amento, que ocorreu na quarta-feira. Ainda n\u00e3o foi divulgado o dia e o hor\u00e1rio exato porque \u00e9 preciso que as condi\u00e7\u00f5es clim\u00e1ticas estejam adequadas.<\/p>\n<\/div>\n<div class=\"mc-column content-text active-extra-styles \" data-block-type=\"unstyled\" data-block-weight=\"19\" data-block-id=\"18\">\n<p class=\"content-text__container \" data-track-category=\"Link no Texto\" data-track-links=\"\">Durante esse per\u00edodo em \u00f3rbita, eles ter\u00e3o o sono, a frequ\u00eancia card\u00edaca, o sangue e as habilidades cognitivas examinadas.<\/p>\n<\/div>\n<div class=\"mc-column content-text active-extra-styles \" data-block-type=\"unstyled\" data-block-weight=\"29\" data-block-id=\"19\">\n<p class=\"content-text__container \" data-track-category=\"Link no Texto\" data-track-links=\"\">Os tripulantes passar\u00e3o por testes depois da miss\u00e3o para um estudo do impacto da viagem em seus corpos. A ideia \u00e9 acumular dados para futuras miss\u00f5es com passageiros privados.<\/p>\n<p data-track-category=\"Link no Texto\" data-track-links=\"\">Fonte: G1.<\/p>\n<\/div>\n<\/div>\n","protected":false},"excerpt":{"rendered":"<p>A miss\u00e3o Inspiration4, levada \u00e0 \u00f3rbita da Terra pela SpaceX na \u00faltima quarta-feira (15), divulgou na madrugada de sexta (17) as primeiras imagens dos tripulantes no espa\u00e7o. As fotos mostram os integrantes da miss\u00e3o no domo de vidro da c\u00e1psula, que oferece uma vis\u00e3o de 360\u00ba do espa\u00e7o (veja todas mais abaixo). O bilion\u00e1rio Jared [&hellip;]<\/p>\n","protected":false},"author":5,"featured_media":24391,"comment_status":"open","ping_status":"open","sticky":false,"template":"","format":"standard","meta":{"footnotes":""},"categories":[1],"tags":[],"class_list":{"0":"post-24390","1":"post","2":"type-post","3":"status-publish","4":"format-standard","5":"has-post-thumbnail","7":"category-outros"},"yoast_head":"<!-- This site is optimized with the Yoast SEO Premium plugin v24.5 (Yoast SEO v27.5) - https:\/\/yoast.com\/product\/yoast-seo-premium-wordpress\/ -->\n<title>Voo da SpaceX com civis: primeiras fotos dos tripulantes s\u00e3o divulgadas - P31<\/title>\n<meta name=\"robots\" content=\"index, follow, max-snippet:-1, max-image-preview:large, max-video-preview:-1\" \/>\n<link rel=\"canonical\" href=\"https:\/\/www.p31noticias.com.br\/?p=24390\" \/>\n<meta property=\"og:locale\" content=\"pt_BR\" \/>\n<meta property=\"og:type\" content=\"article\" \/>\n<meta property=\"og:title\" content=\"Voo da SpaceX com civis: primeiras fotos dos tripulantes s\u00e3o divulgadas\" \/>\n<meta property=\"og:description\" content=\"A miss\u00e3o Inspiration4, levada \u00e0 \u00f3rbita da Terra pela SpaceX na \u00faltima quarta-feira (15), divulgou na madrugada de sexta (17) as primeiras imagens dos tripulantes no espa\u00e7o. As fotos mostram os integrantes da miss\u00e3o no domo de vidro da c\u00e1psula, que oferece uma vis\u00e3o de 360\u00ba do espa\u00e7o (veja todas mais abaixo). O bilion\u00e1rio Jared [&hellip;]\" \/>\n<meta property=\"og:url\" content=\"https:\/\/www.p31noticias.com.br\/?p=24390\" \/>\n<meta property=\"og:site_name\" content=\"P31\" \/>\n<meta property=\"article:published_time\" content=\"2021-09-17T14:36:00+00:00\" \/>\n<meta property=\"og:image\" content=\"https:\/\/www.p31noticias.com.br\/wp-content\/uploads\/2021\/09\/e-dzho1weaaa6f-1.jpeg\" \/>\n\t<meta property=\"og:image:width\" content=\"984\" \/>\n\t<meta property=\"og:image:height\" content=\"568\" \/>\n\t<meta property=\"og:image:type\" content=\"image\/jpeg\" \/>\n<meta name=\"author\" content=\"Camilly Scheffer\" \/>\n<meta name=\"twitter:card\" content=\"summary_large_image\" \/>\n<meta name=\"twitter:label1\" content=\"Escrito por\" \/>\n\t<meta name=\"twitter:data1\" content=\"Camilly Scheffer\" \/>\n\t<meta name=\"twitter:label2\" content=\"Est. tempo de leitura\" \/>\n\t<meta name=\"twitter:data2\" content=\"2 minutos\" \/>\n<script type=\"application\/ld+json\" class=\"yoast-schema-graph\">{\"@context\":\"https:\\\/\\\/schema.org\",\"@graph\":[{\"@type\":\"Article\",\"@id\":\"https:\\\/\\\/www.p31noticias.com.br\\\/?p=24390#article\",\"isPartOf\":{\"@id\":\"https:\\\/\\\/www.p31noticias.com.br\\\/?p=24390\"},\"author\":{\"name\":\"Camilly Scheffer\",\"@id\":\"https:\\\/\\\/www.p31noticias.com.br\\\/#\\\/schema\\\/person\\\/d1bb0ccbf62b27e19ea4e75696908d43\"},\"headline\":\"Voo da SpaceX com civis: primeiras fotos dos tripulantes s\u00e3o divulgadas\",\"datePublished\":\"2021-09-17T14:36:00+00:00\",\"mainEntityOfPage\":{\"@id\":\"https:\\\/\\\/www.p31noticias.com.br\\\/?p=24390\"},\"wordCount\":356,\"commentCount\":0,\"image\":{\"@id\":\"https:\\\/\\\/www.p31noticias.com.br\\\/?p=24390#primaryimage\"},\"thumbnailUrl\":\"https:\\\/\\\/www.p31noticias.com.br\\\/wp-content\\\/uploads\\\/2021\\\/09\\\/e-dzho1weaaa6f-1.jpeg\",\"articleSection\":[\"Outros\"],\"inLanguage\":\"pt-BR\",\"potentialAction\":[{\"@type\":\"CommentAction\",\"name\":\"Comment\",\"target\":[\"https:\\\/\\\/www.p31noticias.com.br\\\/?p=24390#respond\"]}],\"copyrightYear\":\"2021\",\"copyrightHolder\":{\"@id\":\"https:\\\/\\\/www.p31noticias.com.br\\\/#organization\"}},{\"@type\":\"WebPage\",\"@id\":\"https:\\\/\\\/www.p31noticias.com.br\\\/?p=24390\",\"url\":\"https:\\\/\\\/www.p31noticias.com.br\\\/?p=24390\",\"name\":\"Voo da SpaceX com civis: primeiras fotos dos tripulantes s\u00e3o divulgadas - P31\",\"isPartOf\":{\"@id\":\"https:\\\/\\\/www.p31noticias.com.br\\\/#website\"},\"primaryImageOfPage\":{\"@id\":\"https:\\\/\\\/www.p31noticias.com.br\\\/?p=24390#primaryimage\"},\"image\":{\"@id\":\"https:\\\/\\\/www.p31noticias.com.br\\\/?p=24390#primaryimage\"},\"thumbnailUrl\":\"https:\\\/\\\/www.p31noticias.com.br\\\/wp-content\\\/uploads\\\/2021\\\/09\\\/e-dzho1weaaa6f-1.jpeg\",\"datePublished\":\"2021-09-17T14:36:00+00:00\",\"author\":{\"@id\":\"https:\\\/\\\/www.p31noticias.com.br\\\/#\\\/schema\\\/person\\\/d1bb0ccbf62b27e19ea4e75696908d43\"},\"breadcrumb\":{\"@id\":\"https:\\\/\\\/www.p31noticias.com.br\\\/?p=24390#breadcrumb\"},\"inLanguage\":\"pt-BR\",\"potentialAction\":[{\"@type\":\"ReadAction\",\"target\":[\"https:\\\/\\\/www.p31noticias.com.br\\\/?p=24390\"]}]},{\"@type\":\"ImageObject\",\"inLanguage\":\"pt-BR\",\"@id\":\"https:\\\/\\\/www.p31noticias.com.br\\\/?p=24390#primaryimage\",\"url\":\"https:\\\/\\\/www.p31noticias.com.br\\\/wp-content\\\/uploads\\\/2021\\\/09\\\/e-dzho1weaaa6f-1.jpeg\",\"contentUrl\":\"https:\\\/\\\/www.p31noticias.com.br\\\/wp-content\\\/uploads\\\/2021\\\/09\\\/e-dzho1weaaa6f-1.jpeg\",\"width\":984,\"height\":568},{\"@type\":\"BreadcrumbList\",\"@id\":\"https:\\\/\\\/www.p31noticias.com.br\\\/?p=24390#breadcrumb\",\"itemListElement\":[{\"@type\":\"ListItem\",\"position\":1,\"name\":\"In\u00edcio\",\"item\":\"https:\\\/\\\/www.p31noticias.com.br\\\/\"},{\"@type\":\"ListItem\",\"position\":2,\"name\":\"Voo da SpaceX com civis: primeiras fotos dos tripulantes s\u00e3o divulgadas\"}]},{\"@type\":\"WebSite\",\"@id\":\"https:\\\/\\\/www.p31noticias.com.br\\\/#website\",\"url\":\"https:\\\/\\\/www.p31noticias.com.br\\\/\",\"name\":\"P31\",\"description\":\"NOT\u00cdCIAS\",\"potentialAction\":[{\"@type\":\"SearchAction\",\"target\":{\"@type\":\"EntryPoint\",\"urlTemplate\":\"https:\\\/\\\/www.p31noticias.com.br\\\/?s={search_term_string}\"},\"query-input\":{\"@type\":\"PropertyValueSpecification\",\"valueRequired\":true,\"valueName\":\"search_term_string\"}}],\"inLanguage\":\"pt-BR\"},{\"@type\":\"Person\",\"@id\":\"https:\\\/\\\/www.p31noticias.com.br\\\/#\\\/schema\\\/person\\\/d1bb0ccbf62b27e19ea4e75696908d43\",\"name\":\"Camilly Scheffer\",\"image\":{\"@type\":\"ImageObject\",\"inLanguage\":\"pt-BR\",\"@id\":\"https:\\\/\\\/secure.gravatar.com\\\/avatar\\\/06f4704b382d241ec2670712618fccea085b2db24d7b2d3b8691d904bbc1d557?s=96&d=mm&r=g\",\"url\":\"https:\\\/\\\/secure.gravatar.com\\\/avatar\\\/06f4704b382d241ec2670712618fccea085b2db24d7b2d3b8691d904bbc1d557?s=96&d=mm&r=g\",\"contentUrl\":\"https:\\\/\\\/secure.gravatar.com\\\/avatar\\\/06f4704b382d241ec2670712618fccea085b2db24d7b2d3b8691d904bbc1d557?s=96&d=mm&r=g\",\"caption\":\"Camilly Scheffer\"},\"url\":\"https:\\\/\\\/www.p31noticias.com.br\\\/?author=5\"}]}<\/script>\n<!-- \/ Yoast SEO Premium plugin. -->","yoast_head_json":{"title":"Voo da SpaceX com civis: primeiras fotos dos tripulantes s\u00e3o divulgadas - P31","robots":{"index":"index","follow":"follow","max-snippet":"max-snippet:-1","max-image-preview":"max-image-preview:large","max-video-preview":"max-video-preview:-1"},"canonical":"https:\/\/www.p31noticias.com.br\/?p=24390","og_locale":"pt_BR","og_type":"article","og_title":"Voo da SpaceX com civis: primeiras fotos dos tripulantes s\u00e3o divulgadas","og_description":"A miss\u00e3o Inspiration4, levada \u00e0 \u00f3rbita da Terra pela SpaceX na \u00faltima quarta-feira (15), divulgou na madrugada de sexta (17) as primeiras imagens dos tripulantes no espa\u00e7o. As fotos mostram os integrantes da miss\u00e3o no domo de vidro da c\u00e1psula, que oferece uma vis\u00e3o de 360\u00ba do espa\u00e7o (veja todas mais abaixo). O bilion\u00e1rio Jared [&hellip;]","og_url":"https:\/\/www.p31noticias.com.br\/?p=24390","og_site_name":"P31","article_published_time":"2021-09-17T14:36:00+00:00","og_image":[{"width":984,"height":568,"url":"https:\/\/www.p31noticias.com.br\/wp-content\/uploads\/2021\/09\/e-dzho1weaaa6f-1.jpeg","type":"image\/jpeg"}],"author":"Camilly Scheffer","twitter_card":"summary_large_image","twitter_misc":{"Escrito por":"Camilly Scheffer","Est. tempo de leitura":"2 minutos"},"schema":{"@context":"https:\/\/schema.org","@graph":[{"@type":"Article","@id":"https:\/\/www.p31noticias.com.br\/?p=24390#article","isPartOf":{"@id":"https:\/\/www.p31noticias.com.br\/?p=24390"},"author":{"name":"Camilly Scheffer","@id":"https:\/\/www.p31noticias.com.br\/#\/schema\/person\/d1bb0ccbf62b27e19ea4e75696908d43"},"headline":"Voo da SpaceX com civis: primeiras fotos dos tripulantes s\u00e3o divulgadas","datePublished":"2021-09-17T14:36:00+00:00","mainEntityOfPage":{"@id":"https:\/\/www.p31noticias.com.br\/?p=24390"},"wordCount":356,"commentCount":0,"image":{"@id":"https:\/\/www.p31noticias.com.br\/?p=24390#primaryimage"},"thumbnailUrl":"https:\/\/www.p31noticias.com.br\/wp-content\/uploads\/2021\/09\/e-dzho1weaaa6f-1.jpeg","articleSection":["Outros"],"inLanguage":"pt-BR","potentialAction":[{"@type":"CommentAction","name":"Comment","target":["https:\/\/www.p31noticias.com.br\/?p=24390#respond"]}],"copyrightYear":"2021","copyrightHolder":{"@id":"https:\/\/www.p31noticias.com.br\/#organization"}},{"@type":"WebPage","@id":"https:\/\/www.p31noticias.com.br\/?p=24390","url":"https:\/\/www.p31noticias.com.br\/?p=24390","name":"Voo da SpaceX com civis: primeiras fotos dos tripulantes s\u00e3o divulgadas - P31","isPartOf":{"@id":"https:\/\/www.p31noticias.com.br\/#website"},"primaryImageOfPage":{"@id":"https:\/\/www.p31noticias.com.br\/?p=24390#primaryimage"},"image":{"@id":"https:\/\/www.p31noticias.com.br\/?p=24390#primaryimage"},"thumbnailUrl":"https:\/\/www.p31noticias.com.br\/wp-content\/uploads\/2021\/09\/e-dzho1weaaa6f-1.jpeg","datePublished":"2021-09-17T14:36:00+00:00","author":{"@id":"https:\/\/www.p31noticias.com.br\/#\/schema\/person\/d1bb0ccbf62b27e19ea4e75696908d43"},"breadcrumb":{"@id":"https:\/\/www.p31noticias.com.br\/?p=24390#breadcrumb"},"inLanguage":"pt-BR","potentialAction":[{"@type":"ReadAction","target":["https:\/\/www.p31noticias.com.br\/?p=24390"]}]},{"@type":"ImageObject","inLanguage":"pt-BR","@id":"https:\/\/www.p31noticias.com.br\/?p=24390#primaryimage","url":"https:\/\/www.p31noticias.com.br\/wp-content\/uploads\/2021\/09\/e-dzho1weaaa6f-1.jpeg","contentUrl":"https:\/\/www.p31noticias.com.br\/wp-content\/uploads\/2021\/09\/e-dzho1weaaa6f-1.jpeg","width":984,"height":568},{"@type":"BreadcrumbList","@id":"https:\/\/www.p31noticias.com.br\/?p=24390#breadcrumb","itemListElement":[{"@type":"ListItem","position":1,"name":"In\u00edcio","item":"https:\/\/www.p31noticias.com.br\/"},{"@type":"ListItem","position":2,"name":"Voo da SpaceX com civis: primeiras fotos dos tripulantes s\u00e3o divulgadas"}]},{"@type":"WebSite","@id":"https:\/\/www.p31noticias.com.br\/#website","url":"https:\/\/www.p31noticias.com.br\/","name":"P31","description":"NOT\u00cdCIAS","potentialAction":[{"@type":"SearchAction","target":{"@type":"EntryPoint","urlTemplate":"https:\/\/www.p31noticias.com.br\/?s={search_term_string}"},"query-input":{"@type":"PropertyValueSpecification","valueRequired":true,"valueName":"search_term_string"}}],"inLanguage":"pt-BR"},{"@type":"Person","@id":"https:\/\/www.p31noticias.com.br\/#\/schema\/person\/d1bb0ccbf62b27e19ea4e75696908d43","name":"Camilly Scheffer","image":{"@type":"ImageObject","inLanguage":"pt-BR","@id":"https:\/\/secure.gravatar.com\/avatar\/06f4704b382d241ec2670712618fccea085b2db24d7b2d3b8691d904bbc1d557?s=96&d=mm&r=g","url":"https:\/\/secure.gravatar.com\/avatar\/06f4704b382d241ec2670712618fccea085b2db24d7b2d3b8691d904bbc1d557?s=96&d=mm&r=g","contentUrl":"https:\/\/secure.gravatar.com\/avatar\/06f4704b382d241ec2670712618fccea085b2db24d7b2d3b8691d904bbc1d557?s=96&d=mm&r=g","caption":"Camilly Scheffer"},"url":"https:\/\/www.p31noticias.com.br\/?author=5"}]}},"amp_enabled":true,"_links":{"self":[{"href":"https:\/\/www.p31noticias.com.br\/index.php?rest_route=\/wp\/v2\/posts\/24390","targetHints":{"allow":["GET"]}}],"collection":[{"href":"https:\/\/www.p31noticias.com.br\/index.php?rest_route=\/wp\/v2\/posts"}],"about":[{"href":"https:\/\/www.p31noticias.com.br\/index.php?rest_route=\/wp\/v2\/types\/post"}],"author":[{"embeddable":true,"href":"https:\/\/www.p31noticias.com.br\/index.php?rest_route=\/wp\/v2\/users\/5"}],"replies":[{"embeddable":true,"href":"https:\/\/www.p31noticias.com.br\/index.php?rest_route=%2Fwp%2Fv2%2Fcomments&post=24390"}],"version-history":[{"count":1,"href":"https:\/\/www.p31noticias.com.br\/index.php?rest_route=\/wp\/v2\/posts\/24390\/revisions"}],"predecessor-version":[{"id":24395,"href":"https:\/\/www.p31noticias.com.br\/index.php?rest_route=\/wp\/v2\/posts\/24390\/revisions\/24395"}],"wp:featuredmedia":[{"embeddable":true,"href":"https:\/\/www.p31noticias.com.br\/index.php?rest_route=\/wp\/v2\/media\/24391"}],"wp:attachment":[{"href":"https:\/\/www.p31noticias.com.br\/index.php?rest_route=%2Fwp%2Fv2%2Fmedia&parent=24390"}],"wp:term":[{"taxonomy":"category","embeddable":true,"href":"https:\/\/www.p31noticias.com.br\/index.php?rest_route=%2Fwp%2Fv2%2Fcategories&post=24390"},{"taxonomy":"post_tag","embeddable":true,"href":"https:\/\/www.p31noticias.com.br\/index.php?rest_route=%2Fwp%2Fv2%2Ftags&post=24390"}],"curies":[{"name":"wp","href":"https:\/\/api.w.org\/{rel}","templated":true}]}}