{"id":24293,"date":"2021-09-08T14:20:05","date_gmt":"2021-09-08T17:20:05","guid":{"rendered":"https:\/\/p31noticias.com.br\/?p=24293"},"modified":"2021-09-08T14:20:05","modified_gmt":"2021-09-08T17:20:05","slug":"turista-de-curitiba-morre-apos-ser-resgatado-no-mar-em-fernando-de-noronha","status":"publish","type":"post","link":"https:\/\/www.p31noticias.com.br\/?p=24293","title":{"rendered":"Turista de Curitiba morre ap\u00f3s ser resgatado no mar em Fernando de Noronha"},"content":{"rendered":"<p>Um turista de Curitiba, de 45 anos, morreu nesta quarta-feira (8), em Fernando de Noronha, depois de ser regatado no mar, na Praia Cacimba do Padre. Ele foi socorrido para o Hospital S\u00e3o Lucas, mas chegou ao local j\u00e1 sem vida, segundo a dire\u00e7\u00e3o da unidade de sa\u00fade.<\/p>\n<p>Segundo testemunhas, o homem nadava acompanhado de um filho adolescente, que conseguiu sair da \u00e1gua. O vendedor Gabriel Silva trabalhava na praia, quando ouviu um pedido de socorro.<\/p>\n<p>\u201cEsse senhor mergulhava pr\u00f3ximo ao Morro Dois Irm\u00e3os, sem nadadeira e m\u00e1scara de mergulho. Eu ouvi o pedido de socorro e fui tentar fazer o resgate com outras pessoas que trabalham na praia. N\u00f3s o retiramos da \u00e1gua e trouxemos para a areia\u201d, contou Silva.<\/p>\n<p>O vendedor disse, ainda, que as pessoas que estavam na praia fizeram os primeiros socorros at\u00e9 a chegada do Corpo de Bombeiros.<\/p>\n<p>\u201cN\u00f3s recebemos um chamado para atender a v\u00edtima de um poss\u00edvel afogamento. Ao chegar, nossa equipe realizou as manobras de reanima\u00e7\u00e3o e, em seguida, n\u00f3s levamos a v\u00edtima para o Hospital S\u00e3o Lucas\u201d, afirmou o capit\u00e3o do Corpo de Bombeiros, Carlos Ara\u00fajo.<\/p>\n<p>A dire\u00e7\u00e3o do Hospital S\u00e3o Lucas informou, por meio de nota, que o corpo vai ser encaminhado para o Instituto de Medicina Legal (IML), no Recife, para seja determinada a causa da morte. O nome do turista n\u00e3o foi divulgado.<\/p>\n<p>A previs\u00e3o da Administra\u00e7\u00e3o da Ilha \u00e9 que o corpo seja transferido para a capital pernambucana em um voo comercial, no final da tarde desta quarta-feira (8).<\/p>\n<h3>Cacimba do Padre<\/h3>\n<p>A Cacimba do Padre \u00e9 uma das praias mais visitadas em Fernando de Noronha. O local \u00e9 conhecido como Hava\u00ed brasileiro. Na temporada de ondas, que vai de dezembro a mar\u00e7o, a praia tem ondas que podem chegar aos 4 metros de altura.<\/p>\n<p>O m\u00eas de setembro \u00e9 considerado um per\u00edodo de mar calmo na regi\u00e3o, mas os moradores da ilha alertam para as correntes mar\u00edtimas na \u00e1rea.<\/p>\n<p>Fonte: G1.<\/p>\n","protected":false},"excerpt":{"rendered":"<p>Um turista de Curitiba, de 45 anos, morreu nesta quarta-feira (8), em Fernando de Noronha, depois de ser regatado no mar, na Praia Cacimba do Padre. Ele foi socorrido para o Hospital S\u00e3o Lucas, mas chegou ao local j\u00e1 sem vida, segundo a dire\u00e7\u00e3o da unidade de sa\u00fade. Segundo testemunhas, o homem nadava acompanhado de [&hellip;]<\/p>\n","protected":false},"author":5,"featured_media":24294,"comment_status":"open","ping_status":"open","sticky":false,"template":"","format":"standard","meta":{"footnotes":""},"categories":[1],"tags":[],"class_list":{"0":"post-24293","1":"post","2":"type-post","3":"status-publish","4":"format-standard","5":"has-post-thumbnail","7":"category-outros"},"yoast_head":"<!-- This site is optimized with the Yoast SEO Premium plugin v24.5 (Yoast SEO v27.5) - https:\/\/yoast.com\/product\/yoast-seo-premium-wordpress\/ -->\n<title>Turista de Curitiba morre ap\u00f3s ser resgatado no mar em Fernando de Noronha - P31<\/title>\n<meta name=\"robots\" content=\"index, follow, max-snippet:-1, max-image-preview:large, max-video-preview:-1\" \/>\n<link rel=\"canonical\" href=\"https:\/\/www.p31noticias.com.br\/?p=24293\" \/>\n<meta property=\"og:locale\" content=\"pt_BR\" \/>\n<meta property=\"og:type\" content=\"article\" \/>\n<meta property=\"og:title\" content=\"Turista de Curitiba morre ap\u00f3s ser resgatado no mar em Fernando de Noronha\" \/>\n<meta property=\"og:description\" content=\"Um turista de Curitiba, de 45 anos, morreu nesta quarta-feira (8), em Fernando de Noronha, depois de ser regatado no mar, na Praia Cacimba do Padre. Ele foi socorrido para o Hospital S\u00e3o Lucas, mas chegou ao local j\u00e1 sem vida, segundo a dire\u00e7\u00e3o da unidade de sa\u00fade. Segundo testemunhas, o homem nadava acompanhado de [&hellip;]\" \/>\n<meta property=\"og:url\" content=\"https:\/\/www.p31noticias.com.br\/?p=24293\" \/>\n<meta property=\"og:site_name\" content=\"P31\" \/>\n<meta property=\"article:published_time\" content=\"2021-09-08T17:20:05+00:00\" \/>\n<meta property=\"og:image\" content=\"https:\/\/www.p31noticias.com.br\/wp-content\/uploads\/2021\/09\/cacimba-do-padre-praia-setembro-.jpg\" \/>\n\t<meta property=\"og:image:width\" content=\"984\" \/>\n\t<meta property=\"og:image:height\" content=\"478\" \/>\n\t<meta property=\"og:image:type\" content=\"image\/jpeg\" \/>\n<meta name=\"author\" content=\"Camilly Scheffer\" \/>\n<meta name=\"twitter:card\" content=\"summary_large_image\" \/>\n<meta name=\"twitter:label1\" content=\"Escrito por\" \/>\n\t<meta name=\"twitter:data1\" content=\"Camilly Scheffer\" \/>\n\t<meta name=\"twitter:label2\" content=\"Est. tempo de leitura\" \/>\n\t<meta name=\"twitter:data2\" content=\"2 minutos\" \/>\n<script type=\"application\/ld+json\" class=\"yoast-schema-graph\">{\"@context\":\"https:\\\/\\\/schema.org\",\"@graph\":[{\"@type\":\"Article\",\"@id\":\"https:\\\/\\\/www.p31noticias.com.br\\\/?p=24293#article\",\"isPartOf\":{\"@id\":\"https:\\\/\\\/www.p31noticias.com.br\\\/?p=24293\"},\"author\":{\"name\":\"Camilly Scheffer\",\"@id\":\"https:\\\/\\\/www.p31noticias.com.br\\\/#\\\/schema\\\/person\\\/d1bb0ccbf62b27e19ea4e75696908d43\"},\"headline\":\"Turista de Curitiba morre ap\u00f3s ser resgatado no mar em Fernando de Noronha\",\"datePublished\":\"2021-09-08T17:20:05+00:00\",\"mainEntityOfPage\":{\"@id\":\"https:\\\/\\\/www.p31noticias.com.br\\\/?p=24293\"},\"wordCount\":357,\"commentCount\":0,\"image\":{\"@id\":\"https:\\\/\\\/www.p31noticias.com.br\\\/?p=24293#primaryimage\"},\"thumbnailUrl\":\"https:\\\/\\\/www.p31noticias.com.br\\\/wp-content\\\/uploads\\\/2021\\\/09\\\/cacimba-do-padre-praia-setembro-.jpg\",\"articleSection\":[\"Outros\"],\"inLanguage\":\"pt-BR\",\"potentialAction\":[{\"@type\":\"CommentAction\",\"name\":\"Comment\",\"target\":[\"https:\\\/\\\/www.p31noticias.com.br\\\/?p=24293#respond\"]}],\"copyrightYear\":\"2021\",\"copyrightHolder\":{\"@id\":\"https:\\\/\\\/www.p31noticias.com.br\\\/#organization\"}},{\"@type\":\"WebPage\",\"@id\":\"https:\\\/\\\/www.p31noticias.com.br\\\/?p=24293\",\"url\":\"https:\\\/\\\/www.p31noticias.com.br\\\/?p=24293\",\"name\":\"Turista de Curitiba morre ap\u00f3s ser resgatado no mar em Fernando de Noronha - P31\",\"isPartOf\":{\"@id\":\"https:\\\/\\\/www.p31noticias.com.br\\\/#website\"},\"primaryImageOfPage\":{\"@id\":\"https:\\\/\\\/www.p31noticias.com.br\\\/?p=24293#primaryimage\"},\"image\":{\"@id\":\"https:\\\/\\\/www.p31noticias.com.br\\\/?p=24293#primaryimage\"},\"thumbnailUrl\":\"https:\\\/\\\/www.p31noticias.com.br\\\/wp-content\\\/uploads\\\/2021\\\/09\\\/cacimba-do-padre-praia-setembro-.jpg\",\"datePublished\":\"2021-09-08T17:20:05+00:00\",\"author\":{\"@id\":\"https:\\\/\\\/www.p31noticias.com.br\\\/#\\\/schema\\\/person\\\/d1bb0ccbf62b27e19ea4e75696908d43\"},\"breadcrumb\":{\"@id\":\"https:\\\/\\\/www.p31noticias.com.br\\\/?p=24293#breadcrumb\"},\"inLanguage\":\"pt-BR\",\"potentialAction\":[{\"@type\":\"ReadAction\",\"target\":[\"https:\\\/\\\/www.p31noticias.com.br\\\/?p=24293\"]}]},{\"@type\":\"ImageObject\",\"inLanguage\":\"pt-BR\",\"@id\":\"https:\\\/\\\/www.p31noticias.com.br\\\/?p=24293#primaryimage\",\"url\":\"https:\\\/\\\/www.p31noticias.com.br\\\/wp-content\\\/uploads\\\/2021\\\/09\\\/cacimba-do-padre-praia-setembro-.jpg\",\"contentUrl\":\"https:\\\/\\\/www.p31noticias.com.br\\\/wp-content\\\/uploads\\\/2021\\\/09\\\/cacimba-do-padre-praia-setembro-.jpg\",\"width\":984,\"height\":478},{\"@type\":\"BreadcrumbList\",\"@id\":\"https:\\\/\\\/www.p31noticias.com.br\\\/?p=24293#breadcrumb\",\"itemListElement\":[{\"@type\":\"ListItem\",\"position\":1,\"name\":\"In\u00edcio\",\"item\":\"https:\\\/\\\/www.p31noticias.com.br\\\/\"},{\"@type\":\"ListItem\",\"position\":2,\"name\":\"Turista de Curitiba morre ap\u00f3s ser resgatado no mar em Fernando de Noronha\"}]},{\"@type\":\"WebSite\",\"@id\":\"https:\\\/\\\/www.p31noticias.com.br\\\/#website\",\"url\":\"https:\\\/\\\/www.p31noticias.com.br\\\/\",\"name\":\"P31\",\"description\":\"NOT\u00cdCIAS\",\"potentialAction\":[{\"@type\":\"SearchAction\",\"target\":{\"@type\":\"EntryPoint\",\"urlTemplate\":\"https:\\\/\\\/www.p31noticias.com.br\\\/?s={search_term_string}\"},\"query-input\":{\"@type\":\"PropertyValueSpecification\",\"valueRequired\":true,\"valueName\":\"search_term_string\"}}],\"inLanguage\":\"pt-BR\"},{\"@type\":\"Person\",\"@id\":\"https:\\\/\\\/www.p31noticias.com.br\\\/#\\\/schema\\\/person\\\/d1bb0ccbf62b27e19ea4e75696908d43\",\"name\":\"Camilly Scheffer\",\"image\":{\"@type\":\"ImageObject\",\"inLanguage\":\"pt-BR\",\"@id\":\"https:\\\/\\\/secure.gravatar.com\\\/avatar\\\/06f4704b382d241ec2670712618fccea085b2db24d7b2d3b8691d904bbc1d557?s=96&d=mm&r=g\",\"url\":\"https:\\\/\\\/secure.gravatar.com\\\/avatar\\\/06f4704b382d241ec2670712618fccea085b2db24d7b2d3b8691d904bbc1d557?s=96&d=mm&r=g\",\"contentUrl\":\"https:\\\/\\\/secure.gravatar.com\\\/avatar\\\/06f4704b382d241ec2670712618fccea085b2db24d7b2d3b8691d904bbc1d557?s=96&d=mm&r=g\",\"caption\":\"Camilly Scheffer\"},\"url\":\"https:\\\/\\\/www.p31noticias.com.br\\\/?author=5\"}]}<\/script>\n<!-- \/ Yoast SEO Premium plugin. -->","yoast_head_json":{"title":"Turista de Curitiba morre ap\u00f3s ser resgatado no mar em Fernando de Noronha - P31","robots":{"index":"index","follow":"follow","max-snippet":"max-snippet:-1","max-image-preview":"max-image-preview:large","max-video-preview":"max-video-preview:-1"},"canonical":"https:\/\/www.p31noticias.com.br\/?p=24293","og_locale":"pt_BR","og_type":"article","og_title":"Turista de Curitiba morre ap\u00f3s ser resgatado no mar em Fernando de Noronha","og_description":"Um turista de Curitiba, de 45 anos, morreu nesta quarta-feira (8), em Fernando de Noronha, depois de ser regatado no mar, na Praia Cacimba do Padre. Ele foi socorrido para o Hospital S\u00e3o Lucas, mas chegou ao local j\u00e1 sem vida, segundo a dire\u00e7\u00e3o da unidade de sa\u00fade. Segundo testemunhas, o homem nadava acompanhado de [&hellip;]","og_url":"https:\/\/www.p31noticias.com.br\/?p=24293","og_site_name":"P31","article_published_time":"2021-09-08T17:20:05+00:00","og_image":[{"width":984,"height":478,"url":"https:\/\/www.p31noticias.com.br\/wp-content\/uploads\/2021\/09\/cacimba-do-padre-praia-setembro-.jpg","type":"image\/jpeg"}],"author":"Camilly Scheffer","twitter_card":"summary_large_image","twitter_misc":{"Escrito por":"Camilly Scheffer","Est. tempo de leitura":"2 minutos"},"schema":{"@context":"https:\/\/schema.org","@graph":[{"@type":"Article","@id":"https:\/\/www.p31noticias.com.br\/?p=24293#article","isPartOf":{"@id":"https:\/\/www.p31noticias.com.br\/?p=24293"},"author":{"name":"Camilly Scheffer","@id":"https:\/\/www.p31noticias.com.br\/#\/schema\/person\/d1bb0ccbf62b27e19ea4e75696908d43"},"headline":"Turista de Curitiba morre ap\u00f3s ser resgatado no mar em Fernando de Noronha","datePublished":"2021-09-08T17:20:05+00:00","mainEntityOfPage":{"@id":"https:\/\/www.p31noticias.com.br\/?p=24293"},"wordCount":357,"commentCount":0,"image":{"@id":"https:\/\/www.p31noticias.com.br\/?p=24293#primaryimage"},"thumbnailUrl":"https:\/\/www.p31noticias.com.br\/wp-content\/uploads\/2021\/09\/cacimba-do-padre-praia-setembro-.jpg","articleSection":["Outros"],"inLanguage":"pt-BR","potentialAction":[{"@type":"CommentAction","name":"Comment","target":["https:\/\/www.p31noticias.com.br\/?p=24293#respond"]}],"copyrightYear":"2021","copyrightHolder":{"@id":"https:\/\/www.p31noticias.com.br\/#organization"}},{"@type":"WebPage","@id":"https:\/\/www.p31noticias.com.br\/?p=24293","url":"https:\/\/www.p31noticias.com.br\/?p=24293","name":"Turista de Curitiba morre ap\u00f3s ser resgatado no mar em Fernando de Noronha - P31","isPartOf":{"@id":"https:\/\/www.p31noticias.com.br\/#website"},"primaryImageOfPage":{"@id":"https:\/\/www.p31noticias.com.br\/?p=24293#primaryimage"},"image":{"@id":"https:\/\/www.p31noticias.com.br\/?p=24293#primaryimage"},"thumbnailUrl":"https:\/\/www.p31noticias.com.br\/wp-content\/uploads\/2021\/09\/cacimba-do-padre-praia-setembro-.jpg","datePublished":"2021-09-08T17:20:05+00:00","author":{"@id":"https:\/\/www.p31noticias.com.br\/#\/schema\/person\/d1bb0ccbf62b27e19ea4e75696908d43"},"breadcrumb":{"@id":"https:\/\/www.p31noticias.com.br\/?p=24293#breadcrumb"},"inLanguage":"pt-BR","potentialAction":[{"@type":"ReadAction","target":["https:\/\/www.p31noticias.com.br\/?p=24293"]}]},{"@type":"ImageObject","inLanguage":"pt-BR","@id":"https:\/\/www.p31noticias.com.br\/?p=24293#primaryimage","url":"https:\/\/www.p31noticias.com.br\/wp-content\/uploads\/2021\/09\/cacimba-do-padre-praia-setembro-.jpg","contentUrl":"https:\/\/www.p31noticias.com.br\/wp-content\/uploads\/2021\/09\/cacimba-do-padre-praia-setembro-.jpg","width":984,"height":478},{"@type":"BreadcrumbList","@id":"https:\/\/www.p31noticias.com.br\/?p=24293#breadcrumb","itemListElement":[{"@type":"ListItem","position":1,"name":"In\u00edcio","item":"https:\/\/www.p31noticias.com.br\/"},{"@type":"ListItem","position":2,"name":"Turista de Curitiba morre ap\u00f3s ser resgatado no mar em Fernando de Noronha"}]},{"@type":"WebSite","@id":"https:\/\/www.p31noticias.com.br\/#website","url":"https:\/\/www.p31noticias.com.br\/","name":"P31","description":"NOT\u00cdCIAS","potentialAction":[{"@type":"SearchAction","target":{"@type":"EntryPoint","urlTemplate":"https:\/\/www.p31noticias.com.br\/?s={search_term_string}"},"query-input":{"@type":"PropertyValueSpecification","valueRequired":true,"valueName":"search_term_string"}}],"inLanguage":"pt-BR"},{"@type":"Person","@id":"https:\/\/www.p31noticias.com.br\/#\/schema\/person\/d1bb0ccbf62b27e19ea4e75696908d43","name":"Camilly Scheffer","image":{"@type":"ImageObject","inLanguage":"pt-BR","@id":"https:\/\/secure.gravatar.com\/avatar\/06f4704b382d241ec2670712618fccea085b2db24d7b2d3b8691d904bbc1d557?s=96&d=mm&r=g","url":"https:\/\/secure.gravatar.com\/avatar\/06f4704b382d241ec2670712618fccea085b2db24d7b2d3b8691d904bbc1d557?s=96&d=mm&r=g","contentUrl":"https:\/\/secure.gravatar.com\/avatar\/06f4704b382d241ec2670712618fccea085b2db24d7b2d3b8691d904bbc1d557?s=96&d=mm&r=g","caption":"Camilly Scheffer"},"url":"https:\/\/www.p31noticias.com.br\/?author=5"}]}},"amp_enabled":true,"_links":{"self":[{"href":"https:\/\/www.p31noticias.com.br\/index.php?rest_route=\/wp\/v2\/posts\/24293","targetHints":{"allow":["GET"]}}],"collection":[{"href":"https:\/\/www.p31noticias.com.br\/index.php?rest_route=\/wp\/v2\/posts"}],"about":[{"href":"https:\/\/www.p31noticias.com.br\/index.php?rest_route=\/wp\/v2\/types\/post"}],"author":[{"embeddable":true,"href":"https:\/\/www.p31noticias.com.br\/index.php?rest_route=\/wp\/v2\/users\/5"}],"replies":[{"embeddable":true,"href":"https:\/\/www.p31noticias.com.br\/index.php?rest_route=%2Fwp%2Fv2%2Fcomments&post=24293"}],"version-history":[{"count":1,"href":"https:\/\/www.p31noticias.com.br\/index.php?rest_route=\/wp\/v2\/posts\/24293\/revisions"}],"predecessor-version":[{"id":24295,"href":"https:\/\/www.p31noticias.com.br\/index.php?rest_route=\/wp\/v2\/posts\/24293\/revisions\/24295"}],"wp:featuredmedia":[{"embeddable":true,"href":"https:\/\/www.p31noticias.com.br\/index.php?rest_route=\/wp\/v2\/media\/24294"}],"wp:attachment":[{"href":"https:\/\/www.p31noticias.com.br\/index.php?rest_route=%2Fwp%2Fv2%2Fmedia&parent=24293"}],"wp:term":[{"taxonomy":"category","embeddable":true,"href":"https:\/\/www.p31noticias.com.br\/index.php?rest_route=%2Fwp%2Fv2%2Fcategories&post=24293"},{"taxonomy":"post_tag","embeddable":true,"href":"https:\/\/www.p31noticias.com.br\/index.php?rest_route=%2Fwp%2Fv2%2Ftags&post=24293"}],"curies":[{"name":"wp","href":"https:\/\/api.w.org\/{rel}","templated":true}]}}