{"id":24290,"date":"2021-09-08T14:17:48","date_gmt":"2021-09-08T17:17:48","guid":{"rendered":"https:\/\/p31noticias.com.br\/?p=24290"},"modified":"2021-09-08T14:17:48","modified_gmt":"2021-09-08T17:17:48","slug":"toque-de-recolher-e-limite-de-horario-para-venda-de-bebidas-alcoolicas-no-df-deixam-de-valer-a-partir-desta-quarta-feira","status":"publish","type":"post","link":"https:\/\/www.p31noticias.com.br\/?p=24290","title":{"rendered":"Toque de recolher e limite de hor\u00e1rio para venda de bebidas alco\u00f3licas no DF deixam de valer a partir desta quarta-feira"},"content":{"rendered":"<p>As novas medidas que flexibilizam as restri\u00e7\u00f5es de hor\u00e1rio e a circula\u00e7\u00e3o de pessoas no Distrito Federal, em raz\u00e3o da pandemia de Covid-19, come\u00e7am a valer nesta quarta-feira (8). A norma que determinava o toque de recolher, entre 1h e 5h, e o limite de hor\u00e1rio de funcionamento do com\u00e9rcio, eventos e para a venda de bebidas alco\u00f3licas estava em vigor desde o dia 29 de mar\u00e7o.<\/p>\n<p>Segundo o DF Legal, que fiscaliza o cumprimento das medidas de seguran\u00e7a no DF, de abril a setembro, 909.333 estabelecimentos comerciais foram vistoriados na capital. O \u00f3rg\u00e3o aplicou 1.660 multas e interditou 502 estabelecimentos.<\/p>\n<p>Apesar da flexibiliza\u00e7\u00e3o, as medidas de preven\u00e7\u00e3o contra a dissemina\u00e7\u00e3o do novo coronav\u00edrus, como o uso obrigat\u00f3rio de m\u00e1scara de prote\u00e7\u00e3o, disponibiliza\u00e7\u00e3o de \u00e1lcool em gel, distanciamento social e redu\u00e7\u00e3o da capacidade de lota\u00e7\u00e3o dos espa\u00e7os, seguem obrigat\u00f3rias. De acordo com o DF Legal, mesmo com as medidas mais flex\u00edveis, as fiscaliza\u00e7\u00f5es v\u00e3o continuar.<\/p>\n<p>Segundo o presidente do Sindicato patronal de Hot\u00e9is, Restaurantes, Bares e Similares do DF (Sindohbar), Jael Ant\u00f4nio da Silva, durante a pandemia, 3 mil neg\u00f3cios foram fechados. &#8220;Nosso seguimento foi um dos que mais sofreu com esse processo de pandemia. Agora, voltando \u00e0 situa\u00e7\u00e3o praticamente normal, podemos ter nosso movimento resgatado um pouco&#8221;, afirma.<\/p>\n<p>&#8220;Aproveitamos para pedir aos nossos empres\u00e1rios que as medidas de seguran\u00e7a continuam valendo e devem ser cumpridas rigorosamente&#8221;, disse o presidente do Sindohbar.<\/p>\n<p>Fonte: G1.<\/p>\n","protected":false},"excerpt":{"rendered":"<p>As novas medidas que flexibilizam as restri\u00e7\u00f5es de hor\u00e1rio e a circula\u00e7\u00e3o de pessoas no Distrito Federal, em raz\u00e3o da pandemia de Covid-19, come\u00e7am a valer nesta quarta-feira (8). A norma que determinava o toque de recolher, entre 1h e 5h, e o limite de hor\u00e1rio de funcionamento do com\u00e9rcio, eventos e para a venda [&hellip;]<\/p>\n","protected":false},"author":5,"featured_media":24291,"comment_status":"open","ping_status":"open","sticky":false,"template":"","format":"standard","meta":{"footnotes":""},"categories":[1],"tags":[],"class_list":{"0":"post-24290","1":"post","2":"type-post","3":"status-publish","4":"format-standard","5":"has-post-thumbnail","7":"category-outros"},"yoast_head":"<!-- This site is optimized with the Yoast SEO Premium plugin v24.5 (Yoast SEO v27.5) - https:\/\/yoast.com\/product\/yoast-seo-premium-wordpress\/ -->\n<title>Toque de recolher e limite de hor\u00e1rio para venda de bebidas alco\u00f3licas no DF deixam de valer a partir desta quarta-feira - P31<\/title>\n<meta name=\"robots\" content=\"index, follow, max-snippet:-1, max-image-preview:large, max-video-preview:-1\" \/>\n<link rel=\"canonical\" href=\"https:\/\/www.p31noticias.com.br\/?p=24290\" \/>\n<meta property=\"og:locale\" content=\"pt_BR\" \/>\n<meta property=\"og:type\" content=\"article\" \/>\n<meta property=\"og:title\" content=\"Toque de recolher e limite de hor\u00e1rio para venda de bebidas alco\u00f3licas no DF deixam de valer a partir desta quarta-feira\" \/>\n<meta property=\"og:description\" content=\"As novas medidas que flexibilizam as restri\u00e7\u00f5es de hor\u00e1rio e a circula\u00e7\u00e3o de pessoas no Distrito Federal, em raz\u00e3o da pandemia de Covid-19, come\u00e7am a valer nesta quarta-feira (8). A norma que determinava o toque de recolher, entre 1h e 5h, e o limite de hor\u00e1rio de funcionamento do com\u00e9rcio, eventos e para a venda [&hellip;]\" \/>\n<meta property=\"og:url\" content=\"https:\/\/www.p31noticias.com.br\/?p=24290\" \/>\n<meta property=\"og:site_name\" content=\"P31\" \/>\n<meta property=\"article:published_time\" content=\"2021-09-08T17:17:48+00:00\" \/>\n<meta property=\"og:image\" content=\"https:\/\/www.p31noticias.com.br\/wp-content\/uploads\/2021\/09\/interdita-bar.jpg\" \/>\n\t<meta property=\"og:image:width\" content=\"984\" \/>\n\t<meta property=\"og:image:height\" content=\"736\" \/>\n\t<meta property=\"og:image:type\" content=\"image\/jpeg\" \/>\n<meta name=\"author\" content=\"Camilly Scheffer\" \/>\n<meta name=\"twitter:card\" content=\"summary_large_image\" \/>\n<meta name=\"twitter:label1\" content=\"Escrito por\" \/>\n\t<meta name=\"twitter:data1\" content=\"Camilly Scheffer\" \/>\n\t<meta name=\"twitter:label2\" content=\"Est. tempo de leitura\" \/>\n\t<meta name=\"twitter:data2\" content=\"1 minuto\" \/>\n<script type=\"application\/ld+json\" class=\"yoast-schema-graph\">{\"@context\":\"https:\\\/\\\/schema.org\",\"@graph\":[{\"@type\":\"Article\",\"@id\":\"https:\\\/\\\/www.p31noticias.com.br\\\/?p=24290#article\",\"isPartOf\":{\"@id\":\"https:\\\/\\\/www.p31noticias.com.br\\\/?p=24290\"},\"author\":{\"name\":\"Camilly Scheffer\",\"@id\":\"https:\\\/\\\/www.p31noticias.com.br\\\/#\\\/schema\\\/person\\\/d1bb0ccbf62b27e19ea4e75696908d43\"},\"headline\":\"Toque de recolher e limite de hor\u00e1rio para venda de bebidas alco\u00f3licas no DF deixam de valer a partir desta quarta-feira\",\"datePublished\":\"2021-09-08T17:17:48+00:00\",\"mainEntityOfPage\":{\"@id\":\"https:\\\/\\\/www.p31noticias.com.br\\\/?p=24290\"},\"wordCount\":282,\"commentCount\":0,\"image\":{\"@id\":\"https:\\\/\\\/www.p31noticias.com.br\\\/?p=24290#primaryimage\"},\"thumbnailUrl\":\"https:\\\/\\\/www.p31noticias.com.br\\\/wp-content\\\/uploads\\\/2021\\\/09\\\/interdita-bar.jpg\",\"articleSection\":[\"Outros\"],\"inLanguage\":\"pt-BR\",\"potentialAction\":[{\"@type\":\"CommentAction\",\"name\":\"Comment\",\"target\":[\"https:\\\/\\\/www.p31noticias.com.br\\\/?p=24290#respond\"]}],\"copyrightYear\":\"2021\",\"copyrightHolder\":{\"@id\":\"https:\\\/\\\/www.p31noticias.com.br\\\/#organization\"}},{\"@type\":\"WebPage\",\"@id\":\"https:\\\/\\\/www.p31noticias.com.br\\\/?p=24290\",\"url\":\"https:\\\/\\\/www.p31noticias.com.br\\\/?p=24290\",\"name\":\"Toque de recolher e limite de hor\u00e1rio para venda de bebidas alco\u00f3licas no DF deixam de valer a partir desta quarta-feira - P31\",\"isPartOf\":{\"@id\":\"https:\\\/\\\/www.p31noticias.com.br\\\/#website\"},\"primaryImageOfPage\":{\"@id\":\"https:\\\/\\\/www.p31noticias.com.br\\\/?p=24290#primaryimage\"},\"image\":{\"@id\":\"https:\\\/\\\/www.p31noticias.com.br\\\/?p=24290#primaryimage\"},\"thumbnailUrl\":\"https:\\\/\\\/www.p31noticias.com.br\\\/wp-content\\\/uploads\\\/2021\\\/09\\\/interdita-bar.jpg\",\"datePublished\":\"2021-09-08T17:17:48+00:00\",\"author\":{\"@id\":\"https:\\\/\\\/www.p31noticias.com.br\\\/#\\\/schema\\\/person\\\/d1bb0ccbf62b27e19ea4e75696908d43\"},\"breadcrumb\":{\"@id\":\"https:\\\/\\\/www.p31noticias.com.br\\\/?p=24290#breadcrumb\"},\"inLanguage\":\"pt-BR\",\"potentialAction\":[{\"@type\":\"ReadAction\",\"target\":[\"https:\\\/\\\/www.p31noticias.com.br\\\/?p=24290\"]}]},{\"@type\":\"ImageObject\",\"inLanguage\":\"pt-BR\",\"@id\":\"https:\\\/\\\/www.p31noticias.com.br\\\/?p=24290#primaryimage\",\"url\":\"https:\\\/\\\/www.p31noticias.com.br\\\/wp-content\\\/uploads\\\/2021\\\/09\\\/interdita-bar.jpg\",\"contentUrl\":\"https:\\\/\\\/www.p31noticias.com.br\\\/wp-content\\\/uploads\\\/2021\\\/09\\\/interdita-bar.jpg\",\"width\":984,\"height\":736},{\"@type\":\"BreadcrumbList\",\"@id\":\"https:\\\/\\\/www.p31noticias.com.br\\\/?p=24290#breadcrumb\",\"itemListElement\":[{\"@type\":\"ListItem\",\"position\":1,\"name\":\"In\u00edcio\",\"item\":\"https:\\\/\\\/www.p31noticias.com.br\\\/\"},{\"@type\":\"ListItem\",\"position\":2,\"name\":\"Toque de recolher e limite de hor\u00e1rio para venda de bebidas alco\u00f3licas no DF deixam de valer a partir desta quarta-feira\"}]},{\"@type\":\"WebSite\",\"@id\":\"https:\\\/\\\/www.p31noticias.com.br\\\/#website\",\"url\":\"https:\\\/\\\/www.p31noticias.com.br\\\/\",\"name\":\"P31\",\"description\":\"NOT\u00cdCIAS\",\"potentialAction\":[{\"@type\":\"SearchAction\",\"target\":{\"@type\":\"EntryPoint\",\"urlTemplate\":\"https:\\\/\\\/www.p31noticias.com.br\\\/?s={search_term_string}\"},\"query-input\":{\"@type\":\"PropertyValueSpecification\",\"valueRequired\":true,\"valueName\":\"search_term_string\"}}],\"inLanguage\":\"pt-BR\"},{\"@type\":\"Person\",\"@id\":\"https:\\\/\\\/www.p31noticias.com.br\\\/#\\\/schema\\\/person\\\/d1bb0ccbf62b27e19ea4e75696908d43\",\"name\":\"Camilly Scheffer\",\"image\":{\"@type\":\"ImageObject\",\"inLanguage\":\"pt-BR\",\"@id\":\"https:\\\/\\\/secure.gravatar.com\\\/avatar\\\/06f4704b382d241ec2670712618fccea085b2db24d7b2d3b8691d904bbc1d557?s=96&d=mm&r=g\",\"url\":\"https:\\\/\\\/secure.gravatar.com\\\/avatar\\\/06f4704b382d241ec2670712618fccea085b2db24d7b2d3b8691d904bbc1d557?s=96&d=mm&r=g\",\"contentUrl\":\"https:\\\/\\\/secure.gravatar.com\\\/avatar\\\/06f4704b382d241ec2670712618fccea085b2db24d7b2d3b8691d904bbc1d557?s=96&d=mm&r=g\",\"caption\":\"Camilly Scheffer\"},\"url\":\"https:\\\/\\\/www.p31noticias.com.br\\\/?author=5\"}]}<\/script>\n<!-- \/ Yoast SEO Premium plugin. -->","yoast_head_json":{"title":"Toque de recolher e limite de hor\u00e1rio para venda de bebidas alco\u00f3licas no DF deixam de valer a partir desta quarta-feira - P31","robots":{"index":"index","follow":"follow","max-snippet":"max-snippet:-1","max-image-preview":"max-image-preview:large","max-video-preview":"max-video-preview:-1"},"canonical":"https:\/\/www.p31noticias.com.br\/?p=24290","og_locale":"pt_BR","og_type":"article","og_title":"Toque de recolher e limite de hor\u00e1rio para venda de bebidas alco\u00f3licas no DF deixam de valer a partir desta quarta-feira","og_description":"As novas medidas que flexibilizam as restri\u00e7\u00f5es de hor\u00e1rio e a circula\u00e7\u00e3o de pessoas no Distrito Federal, em raz\u00e3o da pandemia de Covid-19, come\u00e7am a valer nesta quarta-feira (8). A norma que determinava o toque de recolher, entre 1h e 5h, e o limite de hor\u00e1rio de funcionamento do com\u00e9rcio, eventos e para a venda [&hellip;]","og_url":"https:\/\/www.p31noticias.com.br\/?p=24290","og_site_name":"P31","article_published_time":"2021-09-08T17:17:48+00:00","og_image":[{"width":984,"height":736,"url":"https:\/\/www.p31noticias.com.br\/wp-content\/uploads\/2021\/09\/interdita-bar.jpg","type":"image\/jpeg"}],"author":"Camilly Scheffer","twitter_card":"summary_large_image","twitter_misc":{"Escrito por":"Camilly Scheffer","Est. tempo de leitura":"1 minuto"},"schema":{"@context":"https:\/\/schema.org","@graph":[{"@type":"Article","@id":"https:\/\/www.p31noticias.com.br\/?p=24290#article","isPartOf":{"@id":"https:\/\/www.p31noticias.com.br\/?p=24290"},"author":{"name":"Camilly Scheffer","@id":"https:\/\/www.p31noticias.com.br\/#\/schema\/person\/d1bb0ccbf62b27e19ea4e75696908d43"},"headline":"Toque de recolher e limite de hor\u00e1rio para venda de bebidas alco\u00f3licas no DF deixam de valer a partir desta quarta-feira","datePublished":"2021-09-08T17:17:48+00:00","mainEntityOfPage":{"@id":"https:\/\/www.p31noticias.com.br\/?p=24290"},"wordCount":282,"commentCount":0,"image":{"@id":"https:\/\/www.p31noticias.com.br\/?p=24290#primaryimage"},"thumbnailUrl":"https:\/\/www.p31noticias.com.br\/wp-content\/uploads\/2021\/09\/interdita-bar.jpg","articleSection":["Outros"],"inLanguage":"pt-BR","potentialAction":[{"@type":"CommentAction","name":"Comment","target":["https:\/\/www.p31noticias.com.br\/?p=24290#respond"]}],"copyrightYear":"2021","copyrightHolder":{"@id":"https:\/\/www.p31noticias.com.br\/#organization"}},{"@type":"WebPage","@id":"https:\/\/www.p31noticias.com.br\/?p=24290","url":"https:\/\/www.p31noticias.com.br\/?p=24290","name":"Toque de recolher e limite de hor\u00e1rio para venda de bebidas alco\u00f3licas no DF deixam de valer a partir desta quarta-feira - P31","isPartOf":{"@id":"https:\/\/www.p31noticias.com.br\/#website"},"primaryImageOfPage":{"@id":"https:\/\/www.p31noticias.com.br\/?p=24290#primaryimage"},"image":{"@id":"https:\/\/www.p31noticias.com.br\/?p=24290#primaryimage"},"thumbnailUrl":"https:\/\/www.p31noticias.com.br\/wp-content\/uploads\/2021\/09\/interdita-bar.jpg","datePublished":"2021-09-08T17:17:48+00:00","author":{"@id":"https:\/\/www.p31noticias.com.br\/#\/schema\/person\/d1bb0ccbf62b27e19ea4e75696908d43"},"breadcrumb":{"@id":"https:\/\/www.p31noticias.com.br\/?p=24290#breadcrumb"},"inLanguage":"pt-BR","potentialAction":[{"@type":"ReadAction","target":["https:\/\/www.p31noticias.com.br\/?p=24290"]}]},{"@type":"ImageObject","inLanguage":"pt-BR","@id":"https:\/\/www.p31noticias.com.br\/?p=24290#primaryimage","url":"https:\/\/www.p31noticias.com.br\/wp-content\/uploads\/2021\/09\/interdita-bar.jpg","contentUrl":"https:\/\/www.p31noticias.com.br\/wp-content\/uploads\/2021\/09\/interdita-bar.jpg","width":984,"height":736},{"@type":"BreadcrumbList","@id":"https:\/\/www.p31noticias.com.br\/?p=24290#breadcrumb","itemListElement":[{"@type":"ListItem","position":1,"name":"In\u00edcio","item":"https:\/\/www.p31noticias.com.br\/"},{"@type":"ListItem","position":2,"name":"Toque de recolher e limite de hor\u00e1rio para venda de bebidas alco\u00f3licas no DF deixam de valer a partir desta quarta-feira"}]},{"@type":"WebSite","@id":"https:\/\/www.p31noticias.com.br\/#website","url":"https:\/\/www.p31noticias.com.br\/","name":"P31","description":"NOT\u00cdCIAS","potentialAction":[{"@type":"SearchAction","target":{"@type":"EntryPoint","urlTemplate":"https:\/\/www.p31noticias.com.br\/?s={search_term_string}"},"query-input":{"@type":"PropertyValueSpecification","valueRequired":true,"valueName":"search_term_string"}}],"inLanguage":"pt-BR"},{"@type":"Person","@id":"https:\/\/www.p31noticias.com.br\/#\/schema\/person\/d1bb0ccbf62b27e19ea4e75696908d43","name":"Camilly Scheffer","image":{"@type":"ImageObject","inLanguage":"pt-BR","@id":"https:\/\/secure.gravatar.com\/avatar\/06f4704b382d241ec2670712618fccea085b2db24d7b2d3b8691d904bbc1d557?s=96&d=mm&r=g","url":"https:\/\/secure.gravatar.com\/avatar\/06f4704b382d241ec2670712618fccea085b2db24d7b2d3b8691d904bbc1d557?s=96&d=mm&r=g","contentUrl":"https:\/\/secure.gravatar.com\/avatar\/06f4704b382d241ec2670712618fccea085b2db24d7b2d3b8691d904bbc1d557?s=96&d=mm&r=g","caption":"Camilly Scheffer"},"url":"https:\/\/www.p31noticias.com.br\/?author=5"}]}},"amp_enabled":true,"_links":{"self":[{"href":"https:\/\/www.p31noticias.com.br\/index.php?rest_route=\/wp\/v2\/posts\/24290","targetHints":{"allow":["GET"]}}],"collection":[{"href":"https:\/\/www.p31noticias.com.br\/index.php?rest_route=\/wp\/v2\/posts"}],"about":[{"href":"https:\/\/www.p31noticias.com.br\/index.php?rest_route=\/wp\/v2\/types\/post"}],"author":[{"embeddable":true,"href":"https:\/\/www.p31noticias.com.br\/index.php?rest_route=\/wp\/v2\/users\/5"}],"replies":[{"embeddable":true,"href":"https:\/\/www.p31noticias.com.br\/index.php?rest_route=%2Fwp%2Fv2%2Fcomments&post=24290"}],"version-history":[{"count":1,"href":"https:\/\/www.p31noticias.com.br\/index.php?rest_route=\/wp\/v2\/posts\/24290\/revisions"}],"predecessor-version":[{"id":24292,"href":"https:\/\/www.p31noticias.com.br\/index.php?rest_route=\/wp\/v2\/posts\/24290\/revisions\/24292"}],"wp:featuredmedia":[{"embeddable":true,"href":"https:\/\/www.p31noticias.com.br\/index.php?rest_route=\/wp\/v2\/media\/24291"}],"wp:attachment":[{"href":"https:\/\/www.p31noticias.com.br\/index.php?rest_route=%2Fwp%2Fv2%2Fmedia&parent=24290"}],"wp:term":[{"taxonomy":"category","embeddable":true,"href":"https:\/\/www.p31noticias.com.br\/index.php?rest_route=%2Fwp%2Fv2%2Fcategories&post=24290"},{"taxonomy":"post_tag","embeddable":true,"href":"https:\/\/www.p31noticias.com.br\/index.php?rest_route=%2Fwp%2Fv2%2Ftags&post=24290"}],"curies":[{"name":"wp","href":"https:\/\/api.w.org\/{rel}","templated":true}]}}