{"id":24248,"date":"2021-09-02T15:27:16","date_gmt":"2021-09-02T18:27:16","guid":{"rendered":"https:\/\/p31noticias.com.br\/?p=24248"},"modified":"2021-09-02T15:27:16","modified_gmt":"2021-09-02T18:27:16","slug":"ministerio-publico-denuncia-4-policiais-penais-que-espancaram-detentos-na-penitenciaria-da-papuda-no-df","status":"publish","type":"post","link":"https:\/\/www.p31noticias.com.br\/?p=24248","title":{"rendered":"Minist\u00e9rio P\u00fablico denuncia 4 policiais penais que espancaram detentos na Penitenci\u00e1ria da Papuda, no DF"},"content":{"rendered":"<p>O Minist\u00e9rio P\u00fablico do Distrito Federal e Territ\u00f3rios (MPDFT) denunciou quatro policiais penais por agredir detentos no Complexo da Penitenci\u00e1rio da Papuda, em abril deste ano. Para os promotores, foram cometidos os crimes de les\u00e3o corporal e viol\u00eancia arbitr\u00e1ria \u2013 quando o agente p\u00fablico usa da fun\u00e7\u00e3o para praticar viol\u00eancia.<\/p>\n<p>Na a\u00e7\u00e3o, gravada por c\u00e2meras de seguran\u00e7a em abril, os policiais penais cercaram um detento, deram golpes de cassetete, chutes e pis\u00f5es, enquanto um outro preso foi mantido pr\u00f3ximo, virado para a parede.<\/p>\n<div class=\"mc-column content-text active-extra-styles \" data-block-type=\"unstyled\" data-block-weight=\"5\" data-block-id=\"4\">\n<p class=\"content-text__container \" data-track-category=\"Link no Texto\" data-track-links=\"\">Os policiais penais envolvidos s\u00e3o:<\/p>\n<\/div>\n<div class=\"mc-column content-text active-extra-styles\" data-block-type=\"raw\" data-block-weight=\"17\" data-block-id=\"5\">\n<ul class=\"content-unordered-list\">\n<li>Paulo Roberto Bravo Junior<\/li>\n<li>Ad\u00e3o Manoel do Nascimento<\/li>\n<li>Silvio Nogueira da Silva Filho<\/li>\n<li>Helton Jos\u00e9 Meirelles Junior<\/li>\n<\/ul>\n<p>No processo, os policiais alegaram que n\u00e3o houve agress\u00e3o. Os servidores tamb\u00e9m dizem que nenhum preso reclamou oficialmente do ocorrido. A reportagem tenta localizar a defesa dos denunciados.<\/p>\n<p>Em nota, a Secretaria de Administra\u00e7\u00e3o Penitenci\u00e1ria disse que s\u00f3 vai se manifestar sobre o caso depois que o processo judicial for finalizado. A pasta afirma ainda que, at\u00e9 l\u00e1, &#8220;todos os envolvidos s\u00e3o considerados inocentes e v\u00e3o continuar exercendo suas atividades, observando as determina\u00e7\u00f5es da Justi\u00e7a&#8221;.<\/p>\n<div class=\"mc-column content-text active-extra-styles\" data-block-type=\"raw\" data-block-weight=\"2\" data-block-id=\"10\">\n<div class=\"content-intertitle\">\n<h2>Presos enforcados<\/h2>\n<\/div>\n<\/div>\n<div class=\"mc-column content-text active-extra-styles \" data-block-type=\"unstyled\" data-block-weight=\"48\" data-block-id=\"11\">\n<p class=\"content-text__container \" data-track-category=\"Link no Texto\" data-track-links=\"\">No dia 16 de abril, policiais penais tentaram resolver uma briga entre dois detentos dentro de uma das celas da Penitenci\u00e1ria do Distrito Federal (PDF) 1. Um dos policiais atirou com bala de borracha pela fresta de ventila\u00e7\u00e3o da cela. No momento, havia 23 presos no local.<\/p>\n<p>Pouco tempo depois, cerca de 10 policiais imobilizaram um dos detentos, que foi retirado da cela. Imagens mostram o preso sendo enforcado e jogado no ch\u00e3o.<\/p>\n<p>No entanto, segundo a Justi\u00e7a, a vers\u00e3o apresentada pelos agentes n\u00e3o corresponde ao revelado nas grava\u00e7\u00f5es. Diante disso, o MPDFT quer que os quatro policiais penais flagrados no epis\u00f3dio sejam condenados, por n\u00e3o cumprirem o papel do Estado, de garantir a seguran\u00e7a dos detentos.<\/p>\n<div class=\"mc-column content-text active-extra-styles\" data-block-type=\"raw\" data-block-weight=\"1\" data-block-id=\"16\">\n<div class=\"content-intertitle\"><\/div>\n<\/div>\n<div class=\"mc-column content-text active-extra-styles \" data-block-type=\"unstyled\" data-block-weight=\"33\" data-block-id=\"17\">\n<p class=\"content-text__container \" data-track-category=\"Link no Texto\" data-track-links=\"\">Fonte: G1.<\/p>\n<p data-track-category=\"Link no Texto\" data-track-links=\"\">\n<\/div>\n<\/div>\n<\/div>\n","protected":false},"excerpt":{"rendered":"<p>O Minist\u00e9rio P\u00fablico do Distrito Federal e Territ\u00f3rios (MPDFT) denunciou quatro policiais penais por agredir detentos no Complexo da Penitenci\u00e1rio da Papuda, em abril deste ano. Para os promotores, foram cometidos os crimes de les\u00e3o corporal e viol\u00eancia arbitr\u00e1ria \u2013 quando o agente p\u00fablico usa da fun\u00e7\u00e3o para praticar viol\u00eancia. Na a\u00e7\u00e3o, gravada por c\u00e2meras [&hellip;]<\/p>\n","protected":false},"author":5,"featured_media":24249,"comment_status":"open","ping_status":"open","sticky":false,"template":"","format":"standard","meta":{"footnotes":""},"categories":[1],"tags":[],"class_list":{"0":"post-24248","1":"post","2":"type-post","3":"status-publish","4":"format-standard","5":"has-post-thumbnail","7":"category-outros"},"yoast_head":"<!-- This site is optimized with the Yoast SEO Premium plugin v24.5 (Yoast SEO v27.5) - https:\/\/yoast.com\/product\/yoast-seo-premium-wordpress\/ -->\n<title>Minist\u00e9rio P\u00fablico denuncia 4 policiais penais que espancaram detentos na Penitenci\u00e1ria da Papuda, no DF - P31<\/title>\n<meta name=\"robots\" content=\"index, follow, max-snippet:-1, max-image-preview:large, max-video-preview:-1\" \/>\n<link rel=\"canonical\" href=\"https:\/\/www.p31noticias.com.br\/?p=24248\" \/>\n<meta property=\"og:locale\" content=\"pt_BR\" \/>\n<meta property=\"og:type\" content=\"article\" \/>\n<meta property=\"og:title\" content=\"Minist\u00e9rio P\u00fablico denuncia 4 policiais penais que espancaram detentos na Penitenci\u00e1ria da Papuda, no DF\" \/>\n<meta property=\"og:description\" content=\"O Minist\u00e9rio P\u00fablico do Distrito Federal e Territ\u00f3rios (MPDFT) denunciou quatro policiais penais por agredir detentos no Complexo da Penitenci\u00e1rio da Papuda, em abril deste ano. Para os promotores, foram cometidos os crimes de les\u00e3o corporal e viol\u00eancia arbitr\u00e1ria \u2013 quando o agente p\u00fablico usa da fun\u00e7\u00e3o para praticar viol\u00eancia. Na a\u00e7\u00e3o, gravada por c\u00e2meras [&hellip;]\" \/>\n<meta property=\"og:url\" content=\"https:\/\/www.p31noticias.com.br\/?p=24248\" \/>\n<meta property=\"og:site_name\" content=\"P31\" \/>\n<meta property=\"article:published_time\" content=\"2021-09-02T18:27:16+00:00\" \/>\n<meta property=\"og:image\" content=\"https:\/\/www.p31noticias.com.br\/wp-content\/uploads\/2021\/09\/agride-papuda.jpg\" \/>\n\t<meta property=\"og:image:width\" content=\"1000\" \/>\n\t<meta property=\"og:image:height\" content=\"520\" \/>\n\t<meta property=\"og:image:type\" content=\"image\/jpeg\" \/>\n<meta name=\"author\" content=\"Camilly Scheffer\" \/>\n<meta name=\"twitter:card\" content=\"summary_large_image\" \/>\n<meta name=\"twitter:label1\" content=\"Escrito por\" \/>\n\t<meta name=\"twitter:data1\" content=\"Camilly Scheffer\" \/>\n\t<meta name=\"twitter:label2\" content=\"Est. tempo de leitura\" \/>\n\t<meta name=\"twitter:data2\" content=\"2 minutos\" \/>\n<script type=\"application\/ld+json\" class=\"yoast-schema-graph\">{\"@context\":\"https:\\\/\\\/schema.org\",\"@graph\":[{\"@type\":\"Article\",\"@id\":\"https:\\\/\\\/www.p31noticias.com.br\\\/?p=24248#article\",\"isPartOf\":{\"@id\":\"https:\\\/\\\/www.p31noticias.com.br\\\/?p=24248\"},\"author\":{\"name\":\"Camilly Scheffer\",\"@id\":\"https:\\\/\\\/www.p31noticias.com.br\\\/#\\\/schema\\\/person\\\/d1bb0ccbf62b27e19ea4e75696908d43\"},\"headline\":\"Minist\u00e9rio P\u00fablico denuncia 4 policiais penais que espancaram detentos na Penitenci\u00e1ria da Papuda, no DF\",\"datePublished\":\"2021-09-02T18:27:16+00:00\",\"mainEntityOfPage\":{\"@id\":\"https:\\\/\\\/www.p31noticias.com.br\\\/?p=24248\"},\"wordCount\":349,\"commentCount\":0,\"image\":{\"@id\":\"https:\\\/\\\/www.p31noticias.com.br\\\/?p=24248#primaryimage\"},\"thumbnailUrl\":\"https:\\\/\\\/www.p31noticias.com.br\\\/wp-content\\\/uploads\\\/2021\\\/09\\\/agride-papuda.jpg\",\"articleSection\":[\"Outros\"],\"inLanguage\":\"pt-BR\",\"potentialAction\":[{\"@type\":\"CommentAction\",\"name\":\"Comment\",\"target\":[\"https:\\\/\\\/www.p31noticias.com.br\\\/?p=24248#respond\"]}],\"copyrightYear\":\"2021\",\"copyrightHolder\":{\"@id\":\"https:\\\/\\\/www.p31noticias.com.br\\\/#organization\"}},{\"@type\":\"WebPage\",\"@id\":\"https:\\\/\\\/www.p31noticias.com.br\\\/?p=24248\",\"url\":\"https:\\\/\\\/www.p31noticias.com.br\\\/?p=24248\",\"name\":\"Minist\u00e9rio P\u00fablico denuncia 4 policiais penais que espancaram detentos na Penitenci\u00e1ria da Papuda, no DF - P31\",\"isPartOf\":{\"@id\":\"https:\\\/\\\/www.p31noticias.com.br\\\/#website\"},\"primaryImageOfPage\":{\"@id\":\"https:\\\/\\\/www.p31noticias.com.br\\\/?p=24248#primaryimage\"},\"image\":{\"@id\":\"https:\\\/\\\/www.p31noticias.com.br\\\/?p=24248#primaryimage\"},\"thumbnailUrl\":\"https:\\\/\\\/www.p31noticias.com.br\\\/wp-content\\\/uploads\\\/2021\\\/09\\\/agride-papuda.jpg\",\"datePublished\":\"2021-09-02T18:27:16+00:00\",\"author\":{\"@id\":\"https:\\\/\\\/www.p31noticias.com.br\\\/#\\\/schema\\\/person\\\/d1bb0ccbf62b27e19ea4e75696908d43\"},\"breadcrumb\":{\"@id\":\"https:\\\/\\\/www.p31noticias.com.br\\\/?p=24248#breadcrumb\"},\"inLanguage\":\"pt-BR\",\"potentialAction\":[{\"@type\":\"ReadAction\",\"target\":[\"https:\\\/\\\/www.p31noticias.com.br\\\/?p=24248\"]}]},{\"@type\":\"ImageObject\",\"inLanguage\":\"pt-BR\",\"@id\":\"https:\\\/\\\/www.p31noticias.com.br\\\/?p=24248#primaryimage\",\"url\":\"https:\\\/\\\/www.p31noticias.com.br\\\/wp-content\\\/uploads\\\/2021\\\/09\\\/agride-papuda.jpg\",\"contentUrl\":\"https:\\\/\\\/www.p31noticias.com.br\\\/wp-content\\\/uploads\\\/2021\\\/09\\\/agride-papuda.jpg\",\"width\":1000,\"height\":520},{\"@type\":\"BreadcrumbList\",\"@id\":\"https:\\\/\\\/www.p31noticias.com.br\\\/?p=24248#breadcrumb\",\"itemListElement\":[{\"@type\":\"ListItem\",\"position\":1,\"name\":\"In\u00edcio\",\"item\":\"https:\\\/\\\/www.p31noticias.com.br\\\/\"},{\"@type\":\"ListItem\",\"position\":2,\"name\":\"Minist\u00e9rio P\u00fablico denuncia 4 policiais penais que espancaram detentos na Penitenci\u00e1ria da Papuda, no DF\"}]},{\"@type\":\"WebSite\",\"@id\":\"https:\\\/\\\/www.p31noticias.com.br\\\/#website\",\"url\":\"https:\\\/\\\/www.p31noticias.com.br\\\/\",\"name\":\"P31\",\"description\":\"NOT\u00cdCIAS\",\"potentialAction\":[{\"@type\":\"SearchAction\",\"target\":{\"@type\":\"EntryPoint\",\"urlTemplate\":\"https:\\\/\\\/www.p31noticias.com.br\\\/?s={search_term_string}\"},\"query-input\":{\"@type\":\"PropertyValueSpecification\",\"valueRequired\":true,\"valueName\":\"search_term_string\"}}],\"inLanguage\":\"pt-BR\"},{\"@type\":\"Person\",\"@id\":\"https:\\\/\\\/www.p31noticias.com.br\\\/#\\\/schema\\\/person\\\/d1bb0ccbf62b27e19ea4e75696908d43\",\"name\":\"Camilly Scheffer\",\"image\":{\"@type\":\"ImageObject\",\"inLanguage\":\"pt-BR\",\"@id\":\"https:\\\/\\\/secure.gravatar.com\\\/avatar\\\/06f4704b382d241ec2670712618fccea085b2db24d7b2d3b8691d904bbc1d557?s=96&d=mm&r=g\",\"url\":\"https:\\\/\\\/secure.gravatar.com\\\/avatar\\\/06f4704b382d241ec2670712618fccea085b2db24d7b2d3b8691d904bbc1d557?s=96&d=mm&r=g\",\"contentUrl\":\"https:\\\/\\\/secure.gravatar.com\\\/avatar\\\/06f4704b382d241ec2670712618fccea085b2db24d7b2d3b8691d904bbc1d557?s=96&d=mm&r=g\",\"caption\":\"Camilly Scheffer\"},\"url\":\"https:\\\/\\\/www.p31noticias.com.br\\\/?author=5\"}]}<\/script>\n<!-- \/ Yoast SEO Premium plugin. -->","yoast_head_json":{"title":"Minist\u00e9rio P\u00fablico denuncia 4 policiais penais que espancaram detentos na Penitenci\u00e1ria da Papuda, no DF - P31","robots":{"index":"index","follow":"follow","max-snippet":"max-snippet:-1","max-image-preview":"max-image-preview:large","max-video-preview":"max-video-preview:-1"},"canonical":"https:\/\/www.p31noticias.com.br\/?p=24248","og_locale":"pt_BR","og_type":"article","og_title":"Minist\u00e9rio P\u00fablico denuncia 4 policiais penais que espancaram detentos na Penitenci\u00e1ria da Papuda, no DF","og_description":"O Minist\u00e9rio P\u00fablico do Distrito Federal e Territ\u00f3rios (MPDFT) denunciou quatro policiais penais por agredir detentos no Complexo da Penitenci\u00e1rio da Papuda, em abril deste ano. Para os promotores, foram cometidos os crimes de les\u00e3o corporal e viol\u00eancia arbitr\u00e1ria \u2013 quando o agente p\u00fablico usa da fun\u00e7\u00e3o para praticar viol\u00eancia. Na a\u00e7\u00e3o, gravada por c\u00e2meras [&hellip;]","og_url":"https:\/\/www.p31noticias.com.br\/?p=24248","og_site_name":"P31","article_published_time":"2021-09-02T18:27:16+00:00","og_image":[{"width":1000,"height":520,"url":"https:\/\/www.p31noticias.com.br\/wp-content\/uploads\/2021\/09\/agride-papuda.jpg","type":"image\/jpeg"}],"author":"Camilly Scheffer","twitter_card":"summary_large_image","twitter_misc":{"Escrito por":"Camilly Scheffer","Est. tempo de leitura":"2 minutos"},"schema":{"@context":"https:\/\/schema.org","@graph":[{"@type":"Article","@id":"https:\/\/www.p31noticias.com.br\/?p=24248#article","isPartOf":{"@id":"https:\/\/www.p31noticias.com.br\/?p=24248"},"author":{"name":"Camilly Scheffer","@id":"https:\/\/www.p31noticias.com.br\/#\/schema\/person\/d1bb0ccbf62b27e19ea4e75696908d43"},"headline":"Minist\u00e9rio P\u00fablico denuncia 4 policiais penais que espancaram detentos na Penitenci\u00e1ria da Papuda, no DF","datePublished":"2021-09-02T18:27:16+00:00","mainEntityOfPage":{"@id":"https:\/\/www.p31noticias.com.br\/?p=24248"},"wordCount":349,"commentCount":0,"image":{"@id":"https:\/\/www.p31noticias.com.br\/?p=24248#primaryimage"},"thumbnailUrl":"https:\/\/www.p31noticias.com.br\/wp-content\/uploads\/2021\/09\/agride-papuda.jpg","articleSection":["Outros"],"inLanguage":"pt-BR","potentialAction":[{"@type":"CommentAction","name":"Comment","target":["https:\/\/www.p31noticias.com.br\/?p=24248#respond"]}],"copyrightYear":"2021","copyrightHolder":{"@id":"https:\/\/www.p31noticias.com.br\/#organization"}},{"@type":"WebPage","@id":"https:\/\/www.p31noticias.com.br\/?p=24248","url":"https:\/\/www.p31noticias.com.br\/?p=24248","name":"Minist\u00e9rio P\u00fablico denuncia 4 policiais penais que espancaram detentos na Penitenci\u00e1ria da Papuda, no DF - P31","isPartOf":{"@id":"https:\/\/www.p31noticias.com.br\/#website"},"primaryImageOfPage":{"@id":"https:\/\/www.p31noticias.com.br\/?p=24248#primaryimage"},"image":{"@id":"https:\/\/www.p31noticias.com.br\/?p=24248#primaryimage"},"thumbnailUrl":"https:\/\/www.p31noticias.com.br\/wp-content\/uploads\/2021\/09\/agride-papuda.jpg","datePublished":"2021-09-02T18:27:16+00:00","author":{"@id":"https:\/\/www.p31noticias.com.br\/#\/schema\/person\/d1bb0ccbf62b27e19ea4e75696908d43"},"breadcrumb":{"@id":"https:\/\/www.p31noticias.com.br\/?p=24248#breadcrumb"},"inLanguage":"pt-BR","potentialAction":[{"@type":"ReadAction","target":["https:\/\/www.p31noticias.com.br\/?p=24248"]}]},{"@type":"ImageObject","inLanguage":"pt-BR","@id":"https:\/\/www.p31noticias.com.br\/?p=24248#primaryimage","url":"https:\/\/www.p31noticias.com.br\/wp-content\/uploads\/2021\/09\/agride-papuda.jpg","contentUrl":"https:\/\/www.p31noticias.com.br\/wp-content\/uploads\/2021\/09\/agride-papuda.jpg","width":1000,"height":520},{"@type":"BreadcrumbList","@id":"https:\/\/www.p31noticias.com.br\/?p=24248#breadcrumb","itemListElement":[{"@type":"ListItem","position":1,"name":"In\u00edcio","item":"https:\/\/www.p31noticias.com.br\/"},{"@type":"ListItem","position":2,"name":"Minist\u00e9rio P\u00fablico denuncia 4 policiais penais que espancaram detentos na Penitenci\u00e1ria da Papuda, no DF"}]},{"@type":"WebSite","@id":"https:\/\/www.p31noticias.com.br\/#website","url":"https:\/\/www.p31noticias.com.br\/","name":"P31","description":"NOT\u00cdCIAS","potentialAction":[{"@type":"SearchAction","target":{"@type":"EntryPoint","urlTemplate":"https:\/\/www.p31noticias.com.br\/?s={search_term_string}"},"query-input":{"@type":"PropertyValueSpecification","valueRequired":true,"valueName":"search_term_string"}}],"inLanguage":"pt-BR"},{"@type":"Person","@id":"https:\/\/www.p31noticias.com.br\/#\/schema\/person\/d1bb0ccbf62b27e19ea4e75696908d43","name":"Camilly Scheffer","image":{"@type":"ImageObject","inLanguage":"pt-BR","@id":"https:\/\/secure.gravatar.com\/avatar\/06f4704b382d241ec2670712618fccea085b2db24d7b2d3b8691d904bbc1d557?s=96&d=mm&r=g","url":"https:\/\/secure.gravatar.com\/avatar\/06f4704b382d241ec2670712618fccea085b2db24d7b2d3b8691d904bbc1d557?s=96&d=mm&r=g","contentUrl":"https:\/\/secure.gravatar.com\/avatar\/06f4704b382d241ec2670712618fccea085b2db24d7b2d3b8691d904bbc1d557?s=96&d=mm&r=g","caption":"Camilly Scheffer"},"url":"https:\/\/www.p31noticias.com.br\/?author=5"}]}},"amp_enabled":true,"_links":{"self":[{"href":"https:\/\/www.p31noticias.com.br\/index.php?rest_route=\/wp\/v2\/posts\/24248","targetHints":{"allow":["GET"]}}],"collection":[{"href":"https:\/\/www.p31noticias.com.br\/index.php?rest_route=\/wp\/v2\/posts"}],"about":[{"href":"https:\/\/www.p31noticias.com.br\/index.php?rest_route=\/wp\/v2\/types\/post"}],"author":[{"embeddable":true,"href":"https:\/\/www.p31noticias.com.br\/index.php?rest_route=\/wp\/v2\/users\/5"}],"replies":[{"embeddable":true,"href":"https:\/\/www.p31noticias.com.br\/index.php?rest_route=%2Fwp%2Fv2%2Fcomments&post=24248"}],"version-history":[{"count":1,"href":"https:\/\/www.p31noticias.com.br\/index.php?rest_route=\/wp\/v2\/posts\/24248\/revisions"}],"predecessor-version":[{"id":24250,"href":"https:\/\/www.p31noticias.com.br\/index.php?rest_route=\/wp\/v2\/posts\/24248\/revisions\/24250"}],"wp:featuredmedia":[{"embeddable":true,"href":"https:\/\/www.p31noticias.com.br\/index.php?rest_route=\/wp\/v2\/media\/24249"}],"wp:attachment":[{"href":"https:\/\/www.p31noticias.com.br\/index.php?rest_route=%2Fwp%2Fv2%2Fmedia&parent=24248"}],"wp:term":[{"taxonomy":"category","embeddable":true,"href":"https:\/\/www.p31noticias.com.br\/index.php?rest_route=%2Fwp%2Fv2%2Fcategories&post=24248"},{"taxonomy":"post_tag","embeddable":true,"href":"https:\/\/www.p31noticias.com.br\/index.php?rest_route=%2Fwp%2Fv2%2Ftags&post=24248"}],"curies":[{"name":"wp","href":"https:\/\/api.w.org\/{rel}","templated":true}]}}