{"id":24239,"date":"2021-09-02T15:12:46","date_gmt":"2021-09-02T18:12:46","guid":{"rendered":"https:\/\/p31noticias.com.br\/?p=24239"},"modified":"2021-09-02T20:59:25","modified_gmt":"2021-09-02T23:59:25","slug":"fraco-valter-casimiro-desgasta-o-gdf-e-irrita-a-populacao","status":"publish","type":"post","link":"https:\/\/www.p31noticias.com.br\/?p=24239","title":{"rendered":"Fraco, Valter Casimiro desgasta o GDF e irrita a popula\u00e7\u00e3o"},"content":{"rendered":"<p>Historicamente falando, os donos de empresas de \u00f4nibus que fazem o transporte p\u00fablico no Distrito Federal, sempre atuaram fortemente na Secretaria de Transporte, atualmente Secretaria e Mobilidade (SEMOB).<\/p>\n<p>E nesta quarta-feira (1\/9), o Tribunal de Contas do Distrito Federal (TCDF) determinou que a Secretaria de Estado de Transporte e Mobilidade do DF (Semob) explique, em 10 dias, a\u00a0autoriza\u00e7\u00e3o concedida para o adiamento de substitui\u00e7\u00e3o da frota de \u00f4nibus que fazem o transporte coletivo na capital federal. O aumento do prazo extrapolaria o tempo previsto no edital e nos contratos de concess\u00e3o para as empresas prestadoras do servi\u00e7o.<\/p>\n<p>A decis\u00e3o do TCDF foi tomada ap\u00f3s uma an\u00e1lise protocolada pelo deputado distrital Chico Vigilante, que apontou diversas irregularidades na vincula\u00e7\u00e3o do Edital de Concorr\u00eancia 001\/2011-ST, em compara\u00e7\u00e3o com a autoriza\u00e7\u00e3o na Ata da 395\u00aa Reuni\u00e3o Ordin\u00e1ria do Conselho de Transporte P\u00fablico Coletivo do DF.<\/p>\n<p>Ou seja: as empresas Via\u00e7\u00e3o Piracicabana Ltda, Via\u00e7\u00e3o Pioneira Ltda, Cons\u00f3rcio HP-Ita, Auto Via\u00e7\u00e3o Marechal Ltda e Expresso S\u00e3o Jos\u00e9 conseguiram \u00a0fazer com que distritais aprovassem, \u00a0a toque de caixa, \u00a0a generosa verba suplementar de R$100 milh\u00f5es para \u201cajudar\u201d o sistema\u2026<\/p>\n<p>E afinal, quem est\u00e1 mesmo no comando da SEMOB atualmente? Em 2020, o\u00a0\u00a0secret\u00e1rio de Transporte e Mobilidade do\u00a0<em>Distrito Federal<\/em>\u00a0(<em>Semob<\/em>),\u00a0<strong>Valter Casimiro<\/strong>\u00a0foi um dos alvos da opera\u00e7\u00e3o\u00a0<strong>Circuito Fechado<\/strong>, deflagrada pela Pol\u00edcia Federal \u00a0na manh\u00e3 desta quinta-feira (3). A a\u00e7\u00e3o apura\u00a0<span class=\"highlight highlighted\">supostos desvios de R$ 40,5 milh\u00f5es<\/span>\u00a0no Departamento Nacional de Infra-Estrutura de Transportes (Dnit), \u00f3rg\u00e3o do qual ele foi diretor-geral em 2015.<\/p>\n<p>A Pol\u00edcia Civil (PCDF) e o Minist\u00e9rio P\u00fablico (MPDFT) deflagraram, na manh\u00e3 do dia 10 de mar\u00e7o deste ano, uma opera\u00e7\u00e3o para apurar supostas irregularidades em contratos de publicidade no sistema de transporte p\u00fablico do Distrito Federal. A apura\u00e7\u00e3o apontou o \u201cn\u00e3o repasse\u201d de cerca de R$ 1 milh\u00e3o ao GDF.<\/p>\n<div class=\"mc-column content-text active-extra-styles \" data-block-type=\"unstyled\" data-block-weight=\"25\" data-block-id=\"11\">\n<p class=\"content-text__container \" data-track-category=\"Link no Texto\" data-track-links=\"\">De acordo com a delegada Renata de Jesus, que est\u00e1 \u00e0 frente das investiga\u00e7\u00f5es, as ag\u00eancias de publicidade estariam praticando um \u201csubfaturamento de pre\u00e7os\u201d.<\/p>\n<\/div>\n<div class=\"mc-column content-text active-extra-styles \" data-block-type=\"unstyled\" data-block-weight=\"26\" data-block-id=\"12\">\n<p class=\"content-text__container \" data-track-category=\"Link no Texto\" data-track-links=\"\">\u201cAs ag\u00eancias celebrariam um contrato praticando pre\u00e7os regulares de mercado, por\u00e9m quando prestavam contas ao poder p\u00fablico, declarariam valores absolutamente inferiores aos efetivamente praticados\u201d, explica.<\/p>\n<\/div>\n<div class=\"mc-column content-text active-extra-styles \" data-block-type=\"unstyled\" data-block-weight=\"36\" data-block-id=\"14\">\n<p class=\"content-text__container \" data-track-category=\"Link no Texto\" data-track-links=\"\">Segundo as investiga\u00e7\u00f5es, das 11 ag\u00eancias publicit\u00e1rias que firmaram contratos de publicidade com as concession\u00e1rias de transporte p\u00fablico, somente tr\u00eas foram identificadas como efetivamente existentes e em funcionamento no endere\u00e7o declarado ao governo do DF.<\/p>\n<p data-track-category=\"Link no Texto\" data-track-links=\"\">E agora a SEMOB, cujo titular, Valter Casimiro veio do governo de Michel Temer (MDB), continua atuando contra a popula\u00e7\u00e3o brasiliense ao permitir que \u00f4nibus j\u00e1 ruins continuem circulando por mais tempo na cidade. Al\u00e9m do pre\u00e7o alto das passagens, a SEMOB ainda d\u00e1 uma \u201cm\u00e3ozinha\u201d para as empresas.<\/p>\n<p data-track-category=\"Link no Texto\" data-track-links=\"\">O governador Ibaneis Rocha (MDB) n\u00e3o deveria ter arrumado cargos no GDF para a turma de Temer que ficou desempregada em dezembro de 2018. O resultado t\u00eam sido esc\u00e2ndalos, derrapadas e desprezo pelo cidad\u00e3o da cidade. Basta ver que boa parte das opera\u00e7\u00f5es que ocorreram at\u00e9 agora no GDF envolveram pessoas vindos do governo do MDB.<\/p>\n<p data-track-category=\"Link no Texto\" data-track-links=\"\">Colocar pessoas sem v\u00ednculos com a cidade, sem compromisso e principalmente j\u00e1 sendo investigadas por erros ou crimes no passado, n\u00e3o d\u00e1 certo em nenhum governo que diz ser s\u00e9rio.<\/p>\n<p data-track-category=\"Link no Texto\" data-track-links=\"\">A SEMOB \u00e9 uma vergonha e uma grande caixa-preta. Algu\u00e9m duvida? E enquanto o TCDF faz o dever de casa e o deputado distrital Chico Vigilante (PT) \u00e9 a \u00fanica voz que aponta o cinismo da dire\u00e7\u00e3o da SEMOB, resta agora o Minist\u00e9rio P\u00fablico de Contas apurar com rigor por qu\u00ea subitamente a Secretaria resolveu dar uma grande for\u00e7a \u00e0s empresas de \u00f4nibus com o aval do GDF, que tem uma base s\u00f3lida na CLDF.<\/p>\n<p data-track-category=\"Link no Texto\" data-track-links=\"\">E precisa investigar tamb\u00e9m quem foi o principal interlocutor junto \u00e0 CLDF que convenceu rapidamente os deputados a votar o repasse extra milion\u00e1rio \u00e0s empresas de \u00f4nibus.<\/p>\n<p data-track-category=\"Link no Texto\" data-track-links=\"\">Valter Casimiro pode at\u00e9 ter padrinho forte, mas \u00e9 fraco demais no comando de uma importante Secretaria.<\/p>\n<p data-track-category=\"Link no Texto\" data-track-links=\"\">Fonte: Donny Silva.<\/p>\n<\/div>\n","protected":false},"excerpt":{"rendered":"<p>Historicamente falando, os donos de empresas de \u00f4nibus que fazem o transporte p\u00fablico no Distrito Federal, sempre atuaram fortemente na Secretaria de Transporte, atualmente Secretaria e Mobilidade (SEMOB). E nesta quarta-feira (1\/9), o Tribunal de Contas do Distrito Federal (TCDF) determinou que a Secretaria de Estado de Transporte e Mobilidade do DF (Semob) explique, em [&hellip;]<\/p>\n","protected":false},"author":5,"featured_media":24240,"comment_status":"open","ping_status":"open","sticky":false,"template":"","format":"standard","meta":{"footnotes":""},"categories":[57],"tags":[],"class_list":{"0":"post-24239","1":"post","2":"type-post","3":"status-publish","4":"format-standard","5":"has-post-thumbnail","7":"category-politica"},"yoast_head":"<!-- This site is optimized with the Yoast SEO Premium plugin v24.5 (Yoast SEO v27.5) - https:\/\/yoast.com\/product\/yoast-seo-premium-wordpress\/ -->\n<title>Fraco, Valter Casimiro desgasta o GDF e irrita a popula\u00e7\u00e3o - P31<\/title>\n<meta name=\"robots\" content=\"index, follow, max-snippet:-1, max-image-preview:large, max-video-preview:-1\" \/>\n<link rel=\"canonical\" href=\"https:\/\/www.p31noticias.com.br\/?p=24239\" \/>\n<meta property=\"og:locale\" content=\"pt_BR\" \/>\n<meta property=\"og:type\" content=\"article\" \/>\n<meta property=\"og:title\" content=\"Fraco, Valter Casimiro desgasta o GDF e irrita a popula\u00e7\u00e3o\" \/>\n<meta property=\"og:description\" content=\"Historicamente falando, os donos de empresas de \u00f4nibus que fazem o transporte p\u00fablico no Distrito Federal, sempre atuaram fortemente na Secretaria de Transporte, atualmente Secretaria e Mobilidade (SEMOB). E nesta quarta-feira (1\/9), o Tribunal de Contas do Distrito Federal (TCDF) determinou que a Secretaria de Estado de Transporte e Mobilidade do DF (Semob) explique, em [&hellip;]\" \/>\n<meta property=\"og:url\" content=\"https:\/\/www.p31noticias.com.br\/?p=24239\" \/>\n<meta property=\"og:site_name\" content=\"P31\" \/>\n<meta property=\"article:published_time\" content=\"2021-09-02T18:12:46+00:00\" \/>\n<meta property=\"article:modified_time\" content=\"2021-09-02T23:59:25+00:00\" \/>\n<meta property=\"og:image\" content=\"https:\/\/www.p31noticias.com.br\/wp-content\/uploads\/2021\/09\/valtercasimiro-696x464-1.jpg\" \/>\n\t<meta property=\"og:image:width\" content=\"696\" \/>\n\t<meta property=\"og:image:height\" content=\"464\" \/>\n\t<meta property=\"og:image:type\" content=\"image\/jpeg\" \/>\n<meta name=\"author\" content=\"Camilly Scheffer\" \/>\n<meta name=\"twitter:card\" content=\"summary_large_image\" \/>\n<meta name=\"twitter:label1\" content=\"Escrito por\" \/>\n\t<meta name=\"twitter:data1\" content=\"Camilly Scheffer\" \/>\n\t<meta name=\"twitter:label2\" content=\"Est. tempo de leitura\" \/>\n\t<meta name=\"twitter:data2\" content=\"3 minutos\" \/>\n<script type=\"application\/ld+json\" class=\"yoast-schema-graph\">{\"@context\":\"https:\\\/\\\/schema.org\",\"@graph\":[{\"@type\":\"Article\",\"@id\":\"https:\\\/\\\/www.p31noticias.com.br\\\/?p=24239#article\",\"isPartOf\":{\"@id\":\"https:\\\/\\\/www.p31noticias.com.br\\\/?p=24239\"},\"author\":{\"name\":\"Camilly Scheffer\",\"@id\":\"https:\\\/\\\/www.p31noticias.com.br\\\/#\\\/schema\\\/person\\\/d1bb0ccbf62b27e19ea4e75696908d43\"},\"headline\":\"Fraco, Valter Casimiro desgasta o GDF e irrita a popula\u00e7\u00e3o\",\"datePublished\":\"2021-09-02T18:12:46+00:00\",\"dateModified\":\"2021-09-02T23:59:25+00:00\",\"mainEntityOfPage\":{\"@id\":\"https:\\\/\\\/www.p31noticias.com.br\\\/?p=24239\"},\"wordCount\":707,\"commentCount\":0,\"image\":{\"@id\":\"https:\\\/\\\/www.p31noticias.com.br\\\/?p=24239#primaryimage\"},\"thumbnailUrl\":\"https:\\\/\\\/www.p31noticias.com.br\\\/wp-content\\\/uploads\\\/2021\\\/09\\\/valtercasimiro-696x464-1.jpg\",\"articleSection\":[\"Pol\u00edtica\"],\"inLanguage\":\"pt-BR\",\"potentialAction\":[{\"@type\":\"CommentAction\",\"name\":\"Comment\",\"target\":[\"https:\\\/\\\/www.p31noticias.com.br\\\/?p=24239#respond\"]}],\"copyrightYear\":\"2021\",\"copyrightHolder\":{\"@id\":\"https:\\\/\\\/www.p31noticias.com.br\\\/#organization\"}},{\"@type\":\"WebPage\",\"@id\":\"https:\\\/\\\/www.p31noticias.com.br\\\/?p=24239\",\"url\":\"https:\\\/\\\/www.p31noticias.com.br\\\/?p=24239\",\"name\":\"Fraco, Valter Casimiro desgasta o GDF e irrita a popula\u00e7\u00e3o - P31\",\"isPartOf\":{\"@id\":\"https:\\\/\\\/www.p31noticias.com.br\\\/#website\"},\"primaryImageOfPage\":{\"@id\":\"https:\\\/\\\/www.p31noticias.com.br\\\/?p=24239#primaryimage\"},\"image\":{\"@id\":\"https:\\\/\\\/www.p31noticias.com.br\\\/?p=24239#primaryimage\"},\"thumbnailUrl\":\"https:\\\/\\\/www.p31noticias.com.br\\\/wp-content\\\/uploads\\\/2021\\\/09\\\/valtercasimiro-696x464-1.jpg\",\"datePublished\":\"2021-09-02T18:12:46+00:00\",\"dateModified\":\"2021-09-02T23:59:25+00:00\",\"author\":{\"@id\":\"https:\\\/\\\/www.p31noticias.com.br\\\/#\\\/schema\\\/person\\\/d1bb0ccbf62b27e19ea4e75696908d43\"},\"breadcrumb\":{\"@id\":\"https:\\\/\\\/www.p31noticias.com.br\\\/?p=24239#breadcrumb\"},\"inLanguage\":\"pt-BR\",\"potentialAction\":[{\"@type\":\"ReadAction\",\"target\":[\"https:\\\/\\\/www.p31noticias.com.br\\\/?p=24239\"]}]},{\"@type\":\"ImageObject\",\"inLanguage\":\"pt-BR\",\"@id\":\"https:\\\/\\\/www.p31noticias.com.br\\\/?p=24239#primaryimage\",\"url\":\"https:\\\/\\\/www.p31noticias.com.br\\\/wp-content\\\/uploads\\\/2021\\\/09\\\/valtercasimiro-696x464-1.jpg\",\"contentUrl\":\"https:\\\/\\\/www.p31noticias.com.br\\\/wp-content\\\/uploads\\\/2021\\\/09\\\/valtercasimiro-696x464-1.jpg\",\"width\":696,\"height\":464},{\"@type\":\"BreadcrumbList\",\"@id\":\"https:\\\/\\\/www.p31noticias.com.br\\\/?p=24239#breadcrumb\",\"itemListElement\":[{\"@type\":\"ListItem\",\"position\":1,\"name\":\"In\u00edcio\",\"item\":\"https:\\\/\\\/www.p31noticias.com.br\\\/\"},{\"@type\":\"ListItem\",\"position\":2,\"name\":\"Fraco, Valter Casimiro desgasta o GDF e irrita a popula\u00e7\u00e3o\"}]},{\"@type\":\"WebSite\",\"@id\":\"https:\\\/\\\/www.p31noticias.com.br\\\/#website\",\"url\":\"https:\\\/\\\/www.p31noticias.com.br\\\/\",\"name\":\"P31\",\"description\":\"NOT\u00cdCIAS\",\"potentialAction\":[{\"@type\":\"SearchAction\",\"target\":{\"@type\":\"EntryPoint\",\"urlTemplate\":\"https:\\\/\\\/www.p31noticias.com.br\\\/?s={search_term_string}\"},\"query-input\":{\"@type\":\"PropertyValueSpecification\",\"valueRequired\":true,\"valueName\":\"search_term_string\"}}],\"inLanguage\":\"pt-BR\"},{\"@type\":\"Person\",\"@id\":\"https:\\\/\\\/www.p31noticias.com.br\\\/#\\\/schema\\\/person\\\/d1bb0ccbf62b27e19ea4e75696908d43\",\"name\":\"Camilly Scheffer\",\"image\":{\"@type\":\"ImageObject\",\"inLanguage\":\"pt-BR\",\"@id\":\"https:\\\/\\\/secure.gravatar.com\\\/avatar\\\/06f4704b382d241ec2670712618fccea085b2db24d7b2d3b8691d904bbc1d557?s=96&d=mm&r=g\",\"url\":\"https:\\\/\\\/secure.gravatar.com\\\/avatar\\\/06f4704b382d241ec2670712618fccea085b2db24d7b2d3b8691d904bbc1d557?s=96&d=mm&r=g\",\"contentUrl\":\"https:\\\/\\\/secure.gravatar.com\\\/avatar\\\/06f4704b382d241ec2670712618fccea085b2db24d7b2d3b8691d904bbc1d557?s=96&d=mm&r=g\",\"caption\":\"Camilly Scheffer\"},\"url\":\"https:\\\/\\\/www.p31noticias.com.br\\\/?author=5\"}]}<\/script>\n<!-- \/ Yoast SEO Premium plugin. -->","yoast_head_json":{"title":"Fraco, Valter Casimiro desgasta o GDF e irrita a popula\u00e7\u00e3o - P31","robots":{"index":"index","follow":"follow","max-snippet":"max-snippet:-1","max-image-preview":"max-image-preview:large","max-video-preview":"max-video-preview:-1"},"canonical":"https:\/\/www.p31noticias.com.br\/?p=24239","og_locale":"pt_BR","og_type":"article","og_title":"Fraco, Valter Casimiro desgasta o GDF e irrita a popula\u00e7\u00e3o","og_description":"Historicamente falando, os donos de empresas de \u00f4nibus que fazem o transporte p\u00fablico no Distrito Federal, sempre atuaram fortemente na Secretaria de Transporte, atualmente Secretaria e Mobilidade (SEMOB). E nesta quarta-feira (1\/9), o Tribunal de Contas do Distrito Federal (TCDF) determinou que a Secretaria de Estado de Transporte e Mobilidade do DF (Semob) explique, em [&hellip;]","og_url":"https:\/\/www.p31noticias.com.br\/?p=24239","og_site_name":"P31","article_published_time":"2021-09-02T18:12:46+00:00","article_modified_time":"2021-09-02T23:59:25+00:00","og_image":[{"width":696,"height":464,"url":"https:\/\/www.p31noticias.com.br\/wp-content\/uploads\/2021\/09\/valtercasimiro-696x464-1.jpg","type":"image\/jpeg"}],"author":"Camilly Scheffer","twitter_card":"summary_large_image","twitter_misc":{"Escrito por":"Camilly Scheffer","Est. tempo de leitura":"3 minutos"},"schema":{"@context":"https:\/\/schema.org","@graph":[{"@type":"Article","@id":"https:\/\/www.p31noticias.com.br\/?p=24239#article","isPartOf":{"@id":"https:\/\/www.p31noticias.com.br\/?p=24239"},"author":{"name":"Camilly Scheffer","@id":"https:\/\/www.p31noticias.com.br\/#\/schema\/person\/d1bb0ccbf62b27e19ea4e75696908d43"},"headline":"Fraco, Valter Casimiro desgasta o GDF e irrita a popula\u00e7\u00e3o","datePublished":"2021-09-02T18:12:46+00:00","dateModified":"2021-09-02T23:59:25+00:00","mainEntityOfPage":{"@id":"https:\/\/www.p31noticias.com.br\/?p=24239"},"wordCount":707,"commentCount":0,"image":{"@id":"https:\/\/www.p31noticias.com.br\/?p=24239#primaryimage"},"thumbnailUrl":"https:\/\/www.p31noticias.com.br\/wp-content\/uploads\/2021\/09\/valtercasimiro-696x464-1.jpg","articleSection":["Pol\u00edtica"],"inLanguage":"pt-BR","potentialAction":[{"@type":"CommentAction","name":"Comment","target":["https:\/\/www.p31noticias.com.br\/?p=24239#respond"]}],"copyrightYear":"2021","copyrightHolder":{"@id":"https:\/\/www.p31noticias.com.br\/#organization"}},{"@type":"WebPage","@id":"https:\/\/www.p31noticias.com.br\/?p=24239","url":"https:\/\/www.p31noticias.com.br\/?p=24239","name":"Fraco, Valter Casimiro desgasta o GDF e irrita a popula\u00e7\u00e3o - P31","isPartOf":{"@id":"https:\/\/www.p31noticias.com.br\/#website"},"primaryImageOfPage":{"@id":"https:\/\/www.p31noticias.com.br\/?p=24239#primaryimage"},"image":{"@id":"https:\/\/www.p31noticias.com.br\/?p=24239#primaryimage"},"thumbnailUrl":"https:\/\/www.p31noticias.com.br\/wp-content\/uploads\/2021\/09\/valtercasimiro-696x464-1.jpg","datePublished":"2021-09-02T18:12:46+00:00","dateModified":"2021-09-02T23:59:25+00:00","author":{"@id":"https:\/\/www.p31noticias.com.br\/#\/schema\/person\/d1bb0ccbf62b27e19ea4e75696908d43"},"breadcrumb":{"@id":"https:\/\/www.p31noticias.com.br\/?p=24239#breadcrumb"},"inLanguage":"pt-BR","potentialAction":[{"@type":"ReadAction","target":["https:\/\/www.p31noticias.com.br\/?p=24239"]}]},{"@type":"ImageObject","inLanguage":"pt-BR","@id":"https:\/\/www.p31noticias.com.br\/?p=24239#primaryimage","url":"https:\/\/www.p31noticias.com.br\/wp-content\/uploads\/2021\/09\/valtercasimiro-696x464-1.jpg","contentUrl":"https:\/\/www.p31noticias.com.br\/wp-content\/uploads\/2021\/09\/valtercasimiro-696x464-1.jpg","width":696,"height":464},{"@type":"BreadcrumbList","@id":"https:\/\/www.p31noticias.com.br\/?p=24239#breadcrumb","itemListElement":[{"@type":"ListItem","position":1,"name":"In\u00edcio","item":"https:\/\/www.p31noticias.com.br\/"},{"@type":"ListItem","position":2,"name":"Fraco, Valter Casimiro desgasta o GDF e irrita a popula\u00e7\u00e3o"}]},{"@type":"WebSite","@id":"https:\/\/www.p31noticias.com.br\/#website","url":"https:\/\/www.p31noticias.com.br\/","name":"P31","description":"NOT\u00cdCIAS","potentialAction":[{"@type":"SearchAction","target":{"@type":"EntryPoint","urlTemplate":"https:\/\/www.p31noticias.com.br\/?s={search_term_string}"},"query-input":{"@type":"PropertyValueSpecification","valueRequired":true,"valueName":"search_term_string"}}],"inLanguage":"pt-BR"},{"@type":"Person","@id":"https:\/\/www.p31noticias.com.br\/#\/schema\/person\/d1bb0ccbf62b27e19ea4e75696908d43","name":"Camilly Scheffer","image":{"@type":"ImageObject","inLanguage":"pt-BR","@id":"https:\/\/secure.gravatar.com\/avatar\/06f4704b382d241ec2670712618fccea085b2db24d7b2d3b8691d904bbc1d557?s=96&d=mm&r=g","url":"https:\/\/secure.gravatar.com\/avatar\/06f4704b382d241ec2670712618fccea085b2db24d7b2d3b8691d904bbc1d557?s=96&d=mm&r=g","contentUrl":"https:\/\/secure.gravatar.com\/avatar\/06f4704b382d241ec2670712618fccea085b2db24d7b2d3b8691d904bbc1d557?s=96&d=mm&r=g","caption":"Camilly Scheffer"},"url":"https:\/\/www.p31noticias.com.br\/?author=5"}]}},"amp_enabled":true,"_links":{"self":[{"href":"https:\/\/www.p31noticias.com.br\/index.php?rest_route=\/wp\/v2\/posts\/24239","targetHints":{"allow":["GET"]}}],"collection":[{"href":"https:\/\/www.p31noticias.com.br\/index.php?rest_route=\/wp\/v2\/posts"}],"about":[{"href":"https:\/\/www.p31noticias.com.br\/index.php?rest_route=\/wp\/v2\/types\/post"}],"author":[{"embeddable":true,"href":"https:\/\/www.p31noticias.com.br\/index.php?rest_route=\/wp\/v2\/users\/5"}],"replies":[{"embeddable":true,"href":"https:\/\/www.p31noticias.com.br\/index.php?rest_route=%2Fwp%2Fv2%2Fcomments&post=24239"}],"version-history":[{"count":1,"href":"https:\/\/www.p31noticias.com.br\/index.php?rest_route=\/wp\/v2\/posts\/24239\/revisions"}],"predecessor-version":[{"id":24241,"href":"https:\/\/www.p31noticias.com.br\/index.php?rest_route=\/wp\/v2\/posts\/24239\/revisions\/24241"}],"wp:featuredmedia":[{"embeddable":true,"href":"https:\/\/www.p31noticias.com.br\/index.php?rest_route=\/wp\/v2\/media\/24240"}],"wp:attachment":[{"href":"https:\/\/www.p31noticias.com.br\/index.php?rest_route=%2Fwp%2Fv2%2Fmedia&parent=24239"}],"wp:term":[{"taxonomy":"category","embeddable":true,"href":"https:\/\/www.p31noticias.com.br\/index.php?rest_route=%2Fwp%2Fv2%2Fcategories&post=24239"},{"taxonomy":"post_tag","embeddable":true,"href":"https:\/\/www.p31noticias.com.br\/index.php?rest_route=%2Fwp%2Fv2%2Ftags&post=24239"}],"curies":[{"name":"wp","href":"https:\/\/api.w.org\/{rel}","templated":true}]}}