{"id":24236,"date":"2021-09-01T15:19:31","date_gmt":"2021-09-01T18:19:31","guid":{"rendered":"https:\/\/p31noticias.com.br\/?p=24236"},"modified":"2021-09-01T15:19:31","modified_gmt":"2021-09-01T18:19:31","slug":"para-controlar-inflacao-argentina-prorroga-restricoes-de-exportacao-de-carne","status":"publish","type":"post","link":"https:\/\/www.p31noticias.com.br\/?p=24236","title":{"rendered":"Para controlar infla\u00e7\u00e3o, Argentina prorroga restri\u00e7\u00f5es de exporta\u00e7\u00e3o de carne"},"content":{"rendered":"<p>O governo argentino decidiu prorrogar as restri\u00e7\u00f5es de exporta\u00e7\u00f5es de carne at\u00e9 o dia 31 de outubro, atrav\u00e9s dos minist\u00e9rios de Desenvolvimento Produtivo e da\u00a0Agricultura. A medida amplia a validade\u00a0do decreto 408\/2021, de junho deste ano, que limita em 50%\u00a0o embarque\u00a0de carne bovina em rela\u00e7\u00e3o \u00e0 m\u00e9dia de exporta\u00e7\u00e3o do\u00a0ano passado.<\/p>\n<p>Publicada nesta ter\u00e7a-feira (31), a resolu\u00e7\u00e3o afirma que &#8220;o impacto das medidas que limitaram temporariamente a venda ao exterior come\u00e7ou a mostrar resultados positivos&#8221;, o que se reflete em uma estabiliza\u00e7\u00e3o dos pre\u00e7os da carne bovina ap\u00f3s dois meses de vig\u00eancia do decreto.<\/p>\n<p>O texto destaca que a infla\u00e7\u00e3o ocorre pelo &#8220;aumento dos pre\u00e7os da carne no mercado internacional, que implica uma press\u00e3o sobre os pre\u00e7os no mercado interno por sua condi\u00e7\u00e3o de bem comercializ\u00e1vel.&#8221;<\/p>\n<p>&#8220;Ainda assim, nos \u00faltimos anos, houve um salto not\u00e1vel da exporta\u00e7\u00e3o que n\u00e3o foi acompanhado na mesma magnitude pela produ\u00e7\u00e3o&#8221;, continua o texto, &#8220;dando como resultado uma escassez no mercado local, a qual terminou pressionando os pre\u00e7os de varejo da carne bovina e afetando o consumo interno.&#8221;<\/p>\n<p>Os indicadores apontam uma queda dos pre\u00e7os no \u00faltimo m\u00eas ap\u00f3s uma sequ\u00eancia de aumentos para os consumidores argentinos neste ano: crescimentos de 7,3% em mar\u00e7o, 3,5% em abril, 5,9% em maio e 7,9% em junho.\u00a0Segundo o Centro de Economia Pol\u00edtica Argentina (CEPA), os pre\u00e7os dos cortes mais econ\u00f4micos diminu\u00edram 2% em julho em rela\u00e7\u00e3o a junho, enquanto os valores intermedi\u00e1rios e mais caros ca\u00edram 1%.<\/p>\n<p class=\"ckeditor-subtitle\">Ruralistas falam em &#8220;mal-estar&#8221;<\/p>\n<p>O setor industrial de carne bovina concentrado na chamada\u00a0<em>Mesa de Enlace<\/em>\u00a0se manifestou horas ap\u00f3s a publica\u00e7\u00e3o da resolu\u00e7\u00e3o no Boletim Oficial, firmando sua postura contr\u00e1ria \u00e0s restri\u00e7\u00f5es. &#8220;N\u00e3o vamos manter uma postura t\u00e3o negociadora ou passiva&#8221;, afirmou\u00a0o presidente da organiza\u00e7\u00e3o Confedera\u00e7\u00f5es Rurais Argentinas, Jorge Chemes, em uma coletiva de imprensa. &#8220;Passamos a uma etapa mais ativa onde n\u00e3o temos estabelecidas as a\u00e7\u00f5es mas, sem d\u00favida, vamos mostrar o mal-estar que existe no campo&#8221;, afirmou, indicando a possibilidade de paralisa\u00e7\u00e3o da comercializa\u00e7\u00e3o e\u00a0protestos diante do que considera um &#8220;erro garrafal do governo&#8221;.<\/p>\n<p>Na semana passada, a chamada Mesa das Carnes j\u00e1 havia solicitado ao governo nacional &#8220;repensar e acabar com as restri\u00e7\u00f5es \u00e0s exporta\u00e7\u00f5es.&#8221;<\/p>\n<p>O governo refor\u00e7ou a decis\u00e3o de implementar um Plano Pecu\u00e1rio para aumentar a produ\u00e7\u00e3o. O ministro da Agricultura, Luis Basterra, afirmou que est\u00e3o avaliando possibilidades de flexibilizar as restri\u00e7\u00f5es de exporta\u00e7\u00e3o de\u00a0carne bovina.<\/p>\n<p>&#8220;Estamos em pleno processo de resolu\u00e7\u00e3o de irregularidades muito fortes que ocorreram no sistema pecu\u00e1rio, um componente especulativo e delitivo, opera\u00e7\u00f5es financeiras que fizeram com que a carne servisse de instrumento para a especula\u00e7\u00e3o, o que gerou um sobreaquecimento da pra\u00e7a&#8221;, destacou o ministro.<\/p>\n<p>Fontes oficiais asseguram que as exporta\u00e7\u00f5es seguem ultrapassando a m\u00e9dia hist\u00f3rica, segundo informa a Ag\u00eancia T\u00e9lam. Em julho, foram\u00a0exportadas US$ 194 milh\u00f5es (cerca de R$ 1 bilh\u00e3o) em carne bovina no pa\u00eds, ainda que a cifra esteja 16% abaixo do mesmo per\u00edodo no ano passado.<\/p>\n<p>Fonte: Brasil de Fato.<\/p>\n","protected":false},"excerpt":{"rendered":"<p>O governo argentino decidiu prorrogar as restri\u00e7\u00f5es de exporta\u00e7\u00f5es de carne at\u00e9 o dia 31 de outubro, atrav\u00e9s dos minist\u00e9rios de Desenvolvimento Produtivo e da\u00a0Agricultura. A medida amplia a validade\u00a0do decreto 408\/2021, de junho deste ano, que limita em 50%\u00a0o embarque\u00a0de carne bovina em rela\u00e7\u00e3o \u00e0 m\u00e9dia de exporta\u00e7\u00e3o do\u00a0ano passado. Publicada nesta ter\u00e7a-feira (31), [&hellip;]<\/p>\n","protected":false},"author":5,"featured_media":24237,"comment_status":"open","ping_status":"open","sticky":false,"template":"","format":"standard","meta":{"footnotes":""},"categories":[637],"tags":[],"class_list":{"0":"post-24236","1":"post","2":"type-post","3":"status-publish","4":"format-standard","5":"has-post-thumbnail","7":"category-economia"},"yoast_head":"<!-- This site is optimized with the Yoast SEO Premium plugin v24.5 (Yoast SEO v27.5) - https:\/\/yoast.com\/product\/yoast-seo-premium-wordpress\/ -->\n<title>Para controlar infla\u00e7\u00e3o, Argentina prorroga restri\u00e7\u00f5es de exporta\u00e7\u00e3o de carne - P31<\/title>\n<meta name=\"robots\" content=\"index, follow, max-snippet:-1, max-image-preview:large, max-video-preview:-1\" \/>\n<link rel=\"canonical\" href=\"https:\/\/www.p31noticias.com.br\/?p=24236\" \/>\n<meta property=\"og:locale\" content=\"pt_BR\" \/>\n<meta property=\"og:type\" content=\"article\" \/>\n<meta property=\"og:title\" content=\"Para controlar infla\u00e7\u00e3o, Argentina prorroga restri\u00e7\u00f5es de exporta\u00e7\u00e3o de carne\" \/>\n<meta property=\"og:description\" content=\"O governo argentino decidiu prorrogar as restri\u00e7\u00f5es de exporta\u00e7\u00f5es de carne at\u00e9 o dia 31 de outubro, atrav\u00e9s dos minist\u00e9rios de Desenvolvimento Produtivo e da\u00a0Agricultura. A medida amplia a validade\u00a0do decreto 408\/2021, de junho deste ano, que limita em 50%\u00a0o embarque\u00a0de carne bovina em rela\u00e7\u00e3o \u00e0 m\u00e9dia de exporta\u00e7\u00e3o do\u00a0ano passado. Publicada nesta ter\u00e7a-feira (31), [&hellip;]\" \/>\n<meta property=\"og:url\" content=\"https:\/\/www.p31noticias.com.br\/?p=24236\" \/>\n<meta property=\"og:site_name\" content=\"P31\" \/>\n<meta property=\"article:published_time\" content=\"2021-09-01T18:19:31+00:00\" \/>\n<meta property=\"og:image\" content=\"https:\/\/www.p31noticias.com.br\/wp-content\/uploads\/2021\/09\/image_processing20210901-15128-gung20.jpeg\" \/>\n\t<meta property=\"og:image:width\" content=\"800\" \/>\n\t<meta property=\"og:image:height\" content=\"532\" \/>\n\t<meta property=\"og:image:type\" content=\"image\/jpeg\" \/>\n<meta name=\"author\" content=\"Camilly Scheffer\" \/>\n<meta name=\"twitter:card\" content=\"summary_large_image\" \/>\n<meta name=\"twitter:label1\" content=\"Escrito por\" \/>\n\t<meta name=\"twitter:data1\" content=\"Camilly Scheffer\" \/>\n\t<meta name=\"twitter:label2\" content=\"Est. tempo de leitura\" \/>\n\t<meta name=\"twitter:data2\" content=\"3 minutos\" \/>\n<script type=\"application\/ld+json\" class=\"yoast-schema-graph\">{\"@context\":\"https:\\\/\\\/schema.org\",\"@graph\":[{\"@type\":\"Article\",\"@id\":\"https:\\\/\\\/www.p31noticias.com.br\\\/?p=24236#article\",\"isPartOf\":{\"@id\":\"https:\\\/\\\/www.p31noticias.com.br\\\/?p=24236\"},\"author\":{\"name\":\"Camilly Scheffer\",\"@id\":\"https:\\\/\\\/www.p31noticias.com.br\\\/#\\\/schema\\\/person\\\/d1bb0ccbf62b27e19ea4e75696908d43\"},\"headline\":\"Para controlar infla\u00e7\u00e3o, Argentina prorroga restri\u00e7\u00f5es de exporta\u00e7\u00e3o de carne\",\"datePublished\":\"2021-09-01T18:19:31+00:00\",\"mainEntityOfPage\":{\"@id\":\"https:\\\/\\\/www.p31noticias.com.br\\\/?p=24236\"},\"wordCount\":567,\"commentCount\":0,\"image\":{\"@id\":\"https:\\\/\\\/www.p31noticias.com.br\\\/?p=24236#primaryimage\"},\"thumbnailUrl\":\"https:\\\/\\\/www.p31noticias.com.br\\\/wp-content\\\/uploads\\\/2021\\\/09\\\/image_processing20210901-15128-gung20.jpeg\",\"articleSection\":[\"Economia\"],\"inLanguage\":\"pt-BR\",\"potentialAction\":[{\"@type\":\"CommentAction\",\"name\":\"Comment\",\"target\":[\"https:\\\/\\\/www.p31noticias.com.br\\\/?p=24236#respond\"]}],\"copyrightYear\":\"2021\",\"copyrightHolder\":{\"@id\":\"https:\\\/\\\/www.p31noticias.com.br\\\/#organization\"}},{\"@type\":\"WebPage\",\"@id\":\"https:\\\/\\\/www.p31noticias.com.br\\\/?p=24236\",\"url\":\"https:\\\/\\\/www.p31noticias.com.br\\\/?p=24236\",\"name\":\"Para controlar infla\u00e7\u00e3o, Argentina prorroga restri\u00e7\u00f5es de exporta\u00e7\u00e3o de carne - P31\",\"isPartOf\":{\"@id\":\"https:\\\/\\\/www.p31noticias.com.br\\\/#website\"},\"primaryImageOfPage\":{\"@id\":\"https:\\\/\\\/www.p31noticias.com.br\\\/?p=24236#primaryimage\"},\"image\":{\"@id\":\"https:\\\/\\\/www.p31noticias.com.br\\\/?p=24236#primaryimage\"},\"thumbnailUrl\":\"https:\\\/\\\/www.p31noticias.com.br\\\/wp-content\\\/uploads\\\/2021\\\/09\\\/image_processing20210901-15128-gung20.jpeg\",\"datePublished\":\"2021-09-01T18:19:31+00:00\",\"author\":{\"@id\":\"https:\\\/\\\/www.p31noticias.com.br\\\/#\\\/schema\\\/person\\\/d1bb0ccbf62b27e19ea4e75696908d43\"},\"breadcrumb\":{\"@id\":\"https:\\\/\\\/www.p31noticias.com.br\\\/?p=24236#breadcrumb\"},\"inLanguage\":\"pt-BR\",\"potentialAction\":[{\"@type\":\"ReadAction\",\"target\":[\"https:\\\/\\\/www.p31noticias.com.br\\\/?p=24236\"]}]},{\"@type\":\"ImageObject\",\"inLanguage\":\"pt-BR\",\"@id\":\"https:\\\/\\\/www.p31noticias.com.br\\\/?p=24236#primaryimage\",\"url\":\"https:\\\/\\\/www.p31noticias.com.br\\\/wp-content\\\/uploads\\\/2021\\\/09\\\/image_processing20210901-15128-gung20.jpeg\",\"contentUrl\":\"https:\\\/\\\/www.p31noticias.com.br\\\/wp-content\\\/uploads\\\/2021\\\/09\\\/image_processing20210901-15128-gung20.jpeg\",\"width\":800,\"height\":532},{\"@type\":\"BreadcrumbList\",\"@id\":\"https:\\\/\\\/www.p31noticias.com.br\\\/?p=24236#breadcrumb\",\"itemListElement\":[{\"@type\":\"ListItem\",\"position\":1,\"name\":\"In\u00edcio\",\"item\":\"https:\\\/\\\/www.p31noticias.com.br\\\/\"},{\"@type\":\"ListItem\",\"position\":2,\"name\":\"Para controlar infla\u00e7\u00e3o, Argentina prorroga restri\u00e7\u00f5es de exporta\u00e7\u00e3o de carne\"}]},{\"@type\":\"WebSite\",\"@id\":\"https:\\\/\\\/www.p31noticias.com.br\\\/#website\",\"url\":\"https:\\\/\\\/www.p31noticias.com.br\\\/\",\"name\":\"P31\",\"description\":\"NOT\u00cdCIAS\",\"potentialAction\":[{\"@type\":\"SearchAction\",\"target\":{\"@type\":\"EntryPoint\",\"urlTemplate\":\"https:\\\/\\\/www.p31noticias.com.br\\\/?s={search_term_string}\"},\"query-input\":{\"@type\":\"PropertyValueSpecification\",\"valueRequired\":true,\"valueName\":\"search_term_string\"}}],\"inLanguage\":\"pt-BR\"},{\"@type\":\"Person\",\"@id\":\"https:\\\/\\\/www.p31noticias.com.br\\\/#\\\/schema\\\/person\\\/d1bb0ccbf62b27e19ea4e75696908d43\",\"name\":\"Camilly Scheffer\",\"image\":{\"@type\":\"ImageObject\",\"inLanguage\":\"pt-BR\",\"@id\":\"https:\\\/\\\/secure.gravatar.com\\\/avatar\\\/06f4704b382d241ec2670712618fccea085b2db24d7b2d3b8691d904bbc1d557?s=96&d=mm&r=g\",\"url\":\"https:\\\/\\\/secure.gravatar.com\\\/avatar\\\/06f4704b382d241ec2670712618fccea085b2db24d7b2d3b8691d904bbc1d557?s=96&d=mm&r=g\",\"contentUrl\":\"https:\\\/\\\/secure.gravatar.com\\\/avatar\\\/06f4704b382d241ec2670712618fccea085b2db24d7b2d3b8691d904bbc1d557?s=96&d=mm&r=g\",\"caption\":\"Camilly Scheffer\"},\"url\":\"https:\\\/\\\/www.p31noticias.com.br\\\/?author=5\"}]}<\/script>\n<!-- \/ Yoast SEO Premium plugin. -->","yoast_head_json":{"title":"Para controlar infla\u00e7\u00e3o, Argentina prorroga restri\u00e7\u00f5es de exporta\u00e7\u00e3o de carne - P31","robots":{"index":"index","follow":"follow","max-snippet":"max-snippet:-1","max-image-preview":"max-image-preview:large","max-video-preview":"max-video-preview:-1"},"canonical":"https:\/\/www.p31noticias.com.br\/?p=24236","og_locale":"pt_BR","og_type":"article","og_title":"Para controlar infla\u00e7\u00e3o, Argentina prorroga restri\u00e7\u00f5es de exporta\u00e7\u00e3o de carne","og_description":"O governo argentino decidiu prorrogar as restri\u00e7\u00f5es de exporta\u00e7\u00f5es de carne at\u00e9 o dia 31 de outubro, atrav\u00e9s dos minist\u00e9rios de Desenvolvimento Produtivo e da\u00a0Agricultura. A medida amplia a validade\u00a0do decreto 408\/2021, de junho deste ano, que limita em 50%\u00a0o embarque\u00a0de carne bovina em rela\u00e7\u00e3o \u00e0 m\u00e9dia de exporta\u00e7\u00e3o do\u00a0ano passado. Publicada nesta ter\u00e7a-feira (31), [&hellip;]","og_url":"https:\/\/www.p31noticias.com.br\/?p=24236","og_site_name":"P31","article_published_time":"2021-09-01T18:19:31+00:00","og_image":[{"width":800,"height":532,"url":"https:\/\/www.p31noticias.com.br\/wp-content\/uploads\/2021\/09\/image_processing20210901-15128-gung20.jpeg","type":"image\/jpeg"}],"author":"Camilly Scheffer","twitter_card":"summary_large_image","twitter_misc":{"Escrito por":"Camilly Scheffer","Est. tempo de leitura":"3 minutos"},"schema":{"@context":"https:\/\/schema.org","@graph":[{"@type":"Article","@id":"https:\/\/www.p31noticias.com.br\/?p=24236#article","isPartOf":{"@id":"https:\/\/www.p31noticias.com.br\/?p=24236"},"author":{"name":"Camilly Scheffer","@id":"https:\/\/www.p31noticias.com.br\/#\/schema\/person\/d1bb0ccbf62b27e19ea4e75696908d43"},"headline":"Para controlar infla\u00e7\u00e3o, Argentina prorroga restri\u00e7\u00f5es de exporta\u00e7\u00e3o de carne","datePublished":"2021-09-01T18:19:31+00:00","mainEntityOfPage":{"@id":"https:\/\/www.p31noticias.com.br\/?p=24236"},"wordCount":567,"commentCount":0,"image":{"@id":"https:\/\/www.p31noticias.com.br\/?p=24236#primaryimage"},"thumbnailUrl":"https:\/\/www.p31noticias.com.br\/wp-content\/uploads\/2021\/09\/image_processing20210901-15128-gung20.jpeg","articleSection":["Economia"],"inLanguage":"pt-BR","potentialAction":[{"@type":"CommentAction","name":"Comment","target":["https:\/\/www.p31noticias.com.br\/?p=24236#respond"]}],"copyrightYear":"2021","copyrightHolder":{"@id":"https:\/\/www.p31noticias.com.br\/#organization"}},{"@type":"WebPage","@id":"https:\/\/www.p31noticias.com.br\/?p=24236","url":"https:\/\/www.p31noticias.com.br\/?p=24236","name":"Para controlar infla\u00e7\u00e3o, Argentina prorroga restri\u00e7\u00f5es de exporta\u00e7\u00e3o de carne - P31","isPartOf":{"@id":"https:\/\/www.p31noticias.com.br\/#website"},"primaryImageOfPage":{"@id":"https:\/\/www.p31noticias.com.br\/?p=24236#primaryimage"},"image":{"@id":"https:\/\/www.p31noticias.com.br\/?p=24236#primaryimage"},"thumbnailUrl":"https:\/\/www.p31noticias.com.br\/wp-content\/uploads\/2021\/09\/image_processing20210901-15128-gung20.jpeg","datePublished":"2021-09-01T18:19:31+00:00","author":{"@id":"https:\/\/www.p31noticias.com.br\/#\/schema\/person\/d1bb0ccbf62b27e19ea4e75696908d43"},"breadcrumb":{"@id":"https:\/\/www.p31noticias.com.br\/?p=24236#breadcrumb"},"inLanguage":"pt-BR","potentialAction":[{"@type":"ReadAction","target":["https:\/\/www.p31noticias.com.br\/?p=24236"]}]},{"@type":"ImageObject","inLanguage":"pt-BR","@id":"https:\/\/www.p31noticias.com.br\/?p=24236#primaryimage","url":"https:\/\/www.p31noticias.com.br\/wp-content\/uploads\/2021\/09\/image_processing20210901-15128-gung20.jpeg","contentUrl":"https:\/\/www.p31noticias.com.br\/wp-content\/uploads\/2021\/09\/image_processing20210901-15128-gung20.jpeg","width":800,"height":532},{"@type":"BreadcrumbList","@id":"https:\/\/www.p31noticias.com.br\/?p=24236#breadcrumb","itemListElement":[{"@type":"ListItem","position":1,"name":"In\u00edcio","item":"https:\/\/www.p31noticias.com.br\/"},{"@type":"ListItem","position":2,"name":"Para controlar infla\u00e7\u00e3o, Argentina prorroga restri\u00e7\u00f5es de exporta\u00e7\u00e3o de carne"}]},{"@type":"WebSite","@id":"https:\/\/www.p31noticias.com.br\/#website","url":"https:\/\/www.p31noticias.com.br\/","name":"P31","description":"NOT\u00cdCIAS","potentialAction":[{"@type":"SearchAction","target":{"@type":"EntryPoint","urlTemplate":"https:\/\/www.p31noticias.com.br\/?s={search_term_string}"},"query-input":{"@type":"PropertyValueSpecification","valueRequired":true,"valueName":"search_term_string"}}],"inLanguage":"pt-BR"},{"@type":"Person","@id":"https:\/\/www.p31noticias.com.br\/#\/schema\/person\/d1bb0ccbf62b27e19ea4e75696908d43","name":"Camilly Scheffer","image":{"@type":"ImageObject","inLanguage":"pt-BR","@id":"https:\/\/secure.gravatar.com\/avatar\/06f4704b382d241ec2670712618fccea085b2db24d7b2d3b8691d904bbc1d557?s=96&d=mm&r=g","url":"https:\/\/secure.gravatar.com\/avatar\/06f4704b382d241ec2670712618fccea085b2db24d7b2d3b8691d904bbc1d557?s=96&d=mm&r=g","contentUrl":"https:\/\/secure.gravatar.com\/avatar\/06f4704b382d241ec2670712618fccea085b2db24d7b2d3b8691d904bbc1d557?s=96&d=mm&r=g","caption":"Camilly Scheffer"},"url":"https:\/\/www.p31noticias.com.br\/?author=5"}]}},"amp_enabled":true,"_links":{"self":[{"href":"https:\/\/www.p31noticias.com.br\/index.php?rest_route=\/wp\/v2\/posts\/24236","targetHints":{"allow":["GET"]}}],"collection":[{"href":"https:\/\/www.p31noticias.com.br\/index.php?rest_route=\/wp\/v2\/posts"}],"about":[{"href":"https:\/\/www.p31noticias.com.br\/index.php?rest_route=\/wp\/v2\/types\/post"}],"author":[{"embeddable":true,"href":"https:\/\/www.p31noticias.com.br\/index.php?rest_route=\/wp\/v2\/users\/5"}],"replies":[{"embeddable":true,"href":"https:\/\/www.p31noticias.com.br\/index.php?rest_route=%2Fwp%2Fv2%2Fcomments&post=24236"}],"version-history":[{"count":1,"href":"https:\/\/www.p31noticias.com.br\/index.php?rest_route=\/wp\/v2\/posts\/24236\/revisions"}],"predecessor-version":[{"id":24238,"href":"https:\/\/www.p31noticias.com.br\/index.php?rest_route=\/wp\/v2\/posts\/24236\/revisions\/24238"}],"wp:featuredmedia":[{"embeddable":true,"href":"https:\/\/www.p31noticias.com.br\/index.php?rest_route=\/wp\/v2\/media\/24237"}],"wp:attachment":[{"href":"https:\/\/www.p31noticias.com.br\/index.php?rest_route=%2Fwp%2Fv2%2Fmedia&parent=24236"}],"wp:term":[{"taxonomy":"category","embeddable":true,"href":"https:\/\/www.p31noticias.com.br\/index.php?rest_route=%2Fwp%2Fv2%2Fcategories&post=24236"},{"taxonomy":"post_tag","embeddable":true,"href":"https:\/\/www.p31noticias.com.br\/index.php?rest_route=%2Fwp%2Fv2%2Ftags&post=24236"}],"curies":[{"name":"wp","href":"https:\/\/api.w.org\/{rel}","templated":true}]}}