{"id":24232,"date":"2021-09-01T15:15:24","date_gmt":"2021-09-01T18:15:24","guid":{"rendered":"https:\/\/p31noticias.com.br\/?p=24232"},"modified":"2021-09-01T15:16:08","modified_gmt":"2021-09-01T18:16:08","slug":"ibaneis-inaugura-ubs-no-riacho-fundo-ii-investimento-e-de-r-82-milhoes","status":"publish","type":"post","link":"https:\/\/www.p31noticias.com.br\/?p=24232","title":{"rendered":"Ibaneis inaugura UBS no Riacho Fundo II. Investimento \u00e9 de R$ 8,2 milh\u00f5es"},"content":{"rendered":"<p>O governador Ibaneis Rocha (MDB), inaugurou, na manh\u00e3 desta quarta-feira (1\u00b0\/9), a Unidade B\u00e1sica de Sa\u00fade (UBS) n\u00b05 na quadra QS 9 do Riacho Fundo II. A obra levou mais de um ano para ser conclu\u00edda e recebeu o investimento de mais de R$ 8,2 milh\u00f5es. Ao todo, 28 mil pessoas ser\u00e3o atendidas no local.<\/p>\n<p>\u201cEssa obra diz respeito \u00e0 sa\u00fade da comunidade. Estamos trazendo para essa popula\u00e7\u00e3o sete equipes para atender esse povo e evitar que cheguem at\u00e9 as filas dos hospitais\u201d, disse o governador.<\/p>\n<p>De acordo com a Secretaria de Sa\u00fade, o projeto \u00e9 para que esta unidade tenha sete equipes de sa\u00fade da fam\u00edlia, sendo que cada uma poder\u00e1 atender at\u00e9 quatro mil usu\u00e1rios. Isso significa que a implementa\u00e7\u00e3o pode resultar no atendimento direto a 28 mil habitantes do Riacho Fundo II.<\/p>\n<p>O secret\u00e1rio de Sa\u00fade do DF, general Manoel Luiz Narvaz Pafiadache, participou da inaugura\u00e7\u00e3o.<\/p>\n<p>\u201c\u00c9 uma obra extremamente importante. Vai atender quase 30 mil pessoas. Essa inaugura\u00e7\u00e3o mostra a preocupa\u00e7\u00e3o desse governo com a aten\u00e7\u00e3o b\u00e1sica de sa\u00fade\u201d, pontuou.<\/p>\n<p>A UBS \u00e9 a porta de entrada da rede p\u00fablica de sa\u00fade. Voltada \u00e0 Aten\u00e7\u00e3o Prim\u00e1ria, realiza exames, consultas e acompanhamento m\u00e9dico, entrega de medicamentos, troca de curativos e aplica\u00e7\u00e3o de vacinas.<\/p>\n<p>O terreno abrange uma \u00e1rea total de 9.779,83 m\u00b2 e o edif\u00edcio possui \u00e1rea constru\u00edda de 2.150,84m\u00b2, sendo aproximadamente 150m\u00b2 de \u00e1rea \u00fatil destinada ao administrativo, 700m\u00b2 de \u00e1rea \u00fatil destinada ao atendimento cl\u00ednico e 200m\u00b2 de \u00e1rea \u00fatil destinada ao apoio t\u00e9cnico, projetados em pavimento \u00fanico. Uma obra que gerou 200 empregos diretos e indiretos.<\/p>\n<p>Fonte: Metr\u00f3poles.<\/p>\n","protected":false},"excerpt":{"rendered":"<p>O governador Ibaneis Rocha (MDB), inaugurou, na manh\u00e3 desta quarta-feira (1\u00b0\/9), a Unidade B\u00e1sica de Sa\u00fade (UBS) n\u00b05 na quadra QS 9 do Riacho Fundo II. A obra levou mais de um ano para ser conclu\u00edda e recebeu o investimento de mais de R$ 8,2 milh\u00f5es. Ao todo, 28 mil pessoas ser\u00e3o atendidas no local. [&hellip;]<\/p>\n","protected":false},"author":5,"featured_media":24233,"comment_status":"open","ping_status":"open","sticky":false,"template":"","format":"standard","meta":{"footnotes":""},"categories":[1],"tags":[],"class_list":{"0":"post-24232","1":"post","2":"type-post","3":"status-publish","4":"format-standard","5":"has-post-thumbnail","7":"category-outros"},"yoast_head":"<!-- This site is optimized with the Yoast SEO Premium plugin v24.5 (Yoast SEO v27.5) - https:\/\/yoast.com\/product\/yoast-seo-premium-wordpress\/ -->\n<title>Ibaneis inaugura UBS no Riacho Fundo II. Investimento \u00e9 de R$ 8,2 milh\u00f5es - P31<\/title>\n<meta name=\"robots\" content=\"index, follow, max-snippet:-1, max-image-preview:large, max-video-preview:-1\" \/>\n<link rel=\"canonical\" href=\"https:\/\/www.p31noticias.com.br\/?p=24232\" \/>\n<meta property=\"og:locale\" content=\"pt_BR\" \/>\n<meta property=\"og:type\" content=\"article\" \/>\n<meta property=\"og:title\" content=\"Ibaneis inaugura UBS no Riacho Fundo II. Investimento \u00e9 de R$ 8,2 milh\u00f5es\" \/>\n<meta property=\"og:description\" content=\"O governador Ibaneis Rocha (MDB), inaugurou, na manh\u00e3 desta quarta-feira (1\u00b0\/9), a Unidade B\u00e1sica de Sa\u00fade (UBS) n\u00b05 na quadra QS 9 do Riacho Fundo II. A obra levou mais de um ano para ser conclu\u00edda e recebeu o investimento de mais de R$ 8,2 milh\u00f5es. Ao todo, 28 mil pessoas ser\u00e3o atendidas no local. [&hellip;]\" \/>\n<meta property=\"og:url\" content=\"https:\/\/www.p31noticias.com.br\/?p=24232\" \/>\n<meta property=\"og:site_name\" content=\"P31\" \/>\n<meta property=\"article:published_time\" content=\"2021-09-01T18:15:24+00:00\" \/>\n<meta property=\"article:modified_time\" content=\"2021-09-01T18:16:08+00:00\" \/>\n<meta property=\"og:image\" content=\"https:\/\/www.p31noticias.com.br\/wp-content\/uploads\/2021\/09\/WhatsApp-Image-2021-09-01-at-13.08.21-2-960x540-1.jpeg\" \/>\n\t<meta property=\"og:image:width\" content=\"960\" \/>\n\t<meta property=\"og:image:height\" content=\"540\" \/>\n\t<meta property=\"og:image:type\" content=\"image\/jpeg\" \/>\n<meta name=\"author\" content=\"Camilly Scheffer\" \/>\n<meta name=\"twitter:card\" content=\"summary_large_image\" \/>\n<meta name=\"twitter:label1\" content=\"Escrito por\" \/>\n\t<meta name=\"twitter:data1\" content=\"Camilly Scheffer\" \/>\n\t<meta name=\"twitter:label2\" content=\"Est. tempo de leitura\" \/>\n\t<meta name=\"twitter:data2\" content=\"1 minuto\" \/>\n<script type=\"application\/ld+json\" class=\"yoast-schema-graph\">{\"@context\":\"https:\\\/\\\/schema.org\",\"@graph\":[{\"@type\":\"Article\",\"@id\":\"https:\\\/\\\/www.p31noticias.com.br\\\/?p=24232#article\",\"isPartOf\":{\"@id\":\"https:\\\/\\\/www.p31noticias.com.br\\\/?p=24232\"},\"author\":{\"name\":\"Camilly Scheffer\",\"@id\":\"https:\\\/\\\/www.p31noticias.com.br\\\/#\\\/schema\\\/person\\\/d1bb0ccbf62b27e19ea4e75696908d43\"},\"headline\":\"Ibaneis inaugura UBS no Riacho Fundo II. Investimento \u00e9 de R$ 8,2 milh\u00f5es\",\"datePublished\":\"2021-09-01T18:15:24+00:00\",\"dateModified\":\"2021-09-01T18:16:08+00:00\",\"mainEntityOfPage\":{\"@id\":\"https:\\\/\\\/www.p31noticias.com.br\\\/?p=24232\"},\"wordCount\":294,\"commentCount\":0,\"image\":{\"@id\":\"https:\\\/\\\/www.p31noticias.com.br\\\/?p=24232#primaryimage\"},\"thumbnailUrl\":\"https:\\\/\\\/www.p31noticias.com.br\\\/wp-content\\\/uploads\\\/2021\\\/09\\\/WhatsApp-Image-2021-09-01-at-13.08.21-2-960x540-1.jpeg\",\"articleSection\":[\"Outros\"],\"inLanguage\":\"pt-BR\",\"potentialAction\":[{\"@type\":\"CommentAction\",\"name\":\"Comment\",\"target\":[\"https:\\\/\\\/www.p31noticias.com.br\\\/?p=24232#respond\"]}],\"copyrightYear\":\"2021\",\"copyrightHolder\":{\"@id\":\"https:\\\/\\\/www.p31noticias.com.br\\\/#organization\"}},{\"@type\":\"WebPage\",\"@id\":\"https:\\\/\\\/www.p31noticias.com.br\\\/?p=24232\",\"url\":\"https:\\\/\\\/www.p31noticias.com.br\\\/?p=24232\",\"name\":\"Ibaneis inaugura UBS no Riacho Fundo II. Investimento \u00e9 de R$ 8,2 milh\u00f5es - P31\",\"isPartOf\":{\"@id\":\"https:\\\/\\\/www.p31noticias.com.br\\\/#website\"},\"primaryImageOfPage\":{\"@id\":\"https:\\\/\\\/www.p31noticias.com.br\\\/?p=24232#primaryimage\"},\"image\":{\"@id\":\"https:\\\/\\\/www.p31noticias.com.br\\\/?p=24232#primaryimage\"},\"thumbnailUrl\":\"https:\\\/\\\/www.p31noticias.com.br\\\/wp-content\\\/uploads\\\/2021\\\/09\\\/WhatsApp-Image-2021-09-01-at-13.08.21-2-960x540-1.jpeg\",\"datePublished\":\"2021-09-01T18:15:24+00:00\",\"dateModified\":\"2021-09-01T18:16:08+00:00\",\"author\":{\"@id\":\"https:\\\/\\\/www.p31noticias.com.br\\\/#\\\/schema\\\/person\\\/d1bb0ccbf62b27e19ea4e75696908d43\"},\"breadcrumb\":{\"@id\":\"https:\\\/\\\/www.p31noticias.com.br\\\/?p=24232#breadcrumb\"},\"inLanguage\":\"pt-BR\",\"potentialAction\":[{\"@type\":\"ReadAction\",\"target\":[\"https:\\\/\\\/www.p31noticias.com.br\\\/?p=24232\"]}]},{\"@type\":\"ImageObject\",\"inLanguage\":\"pt-BR\",\"@id\":\"https:\\\/\\\/www.p31noticias.com.br\\\/?p=24232#primaryimage\",\"url\":\"https:\\\/\\\/www.p31noticias.com.br\\\/wp-content\\\/uploads\\\/2021\\\/09\\\/WhatsApp-Image-2021-09-01-at-13.08.21-2-960x540-1.jpeg\",\"contentUrl\":\"https:\\\/\\\/www.p31noticias.com.br\\\/wp-content\\\/uploads\\\/2021\\\/09\\\/WhatsApp-Image-2021-09-01-at-13.08.21-2-960x540-1.jpeg\",\"width\":960,\"height\":540},{\"@type\":\"BreadcrumbList\",\"@id\":\"https:\\\/\\\/www.p31noticias.com.br\\\/?p=24232#breadcrumb\",\"itemListElement\":[{\"@type\":\"ListItem\",\"position\":1,\"name\":\"In\u00edcio\",\"item\":\"https:\\\/\\\/www.p31noticias.com.br\\\/\"},{\"@type\":\"ListItem\",\"position\":2,\"name\":\"Ibaneis inaugura UBS no Riacho Fundo II. Investimento \u00e9 de R$ 8,2 milh\u00f5es\"}]},{\"@type\":\"WebSite\",\"@id\":\"https:\\\/\\\/www.p31noticias.com.br\\\/#website\",\"url\":\"https:\\\/\\\/www.p31noticias.com.br\\\/\",\"name\":\"P31\",\"description\":\"NOT\u00cdCIAS\",\"potentialAction\":[{\"@type\":\"SearchAction\",\"target\":{\"@type\":\"EntryPoint\",\"urlTemplate\":\"https:\\\/\\\/www.p31noticias.com.br\\\/?s={search_term_string}\"},\"query-input\":{\"@type\":\"PropertyValueSpecification\",\"valueRequired\":true,\"valueName\":\"search_term_string\"}}],\"inLanguage\":\"pt-BR\"},{\"@type\":\"Person\",\"@id\":\"https:\\\/\\\/www.p31noticias.com.br\\\/#\\\/schema\\\/person\\\/d1bb0ccbf62b27e19ea4e75696908d43\",\"name\":\"Camilly Scheffer\",\"image\":{\"@type\":\"ImageObject\",\"inLanguage\":\"pt-BR\",\"@id\":\"https:\\\/\\\/secure.gravatar.com\\\/avatar\\\/06f4704b382d241ec2670712618fccea085b2db24d7b2d3b8691d904bbc1d557?s=96&d=mm&r=g\",\"url\":\"https:\\\/\\\/secure.gravatar.com\\\/avatar\\\/06f4704b382d241ec2670712618fccea085b2db24d7b2d3b8691d904bbc1d557?s=96&d=mm&r=g\",\"contentUrl\":\"https:\\\/\\\/secure.gravatar.com\\\/avatar\\\/06f4704b382d241ec2670712618fccea085b2db24d7b2d3b8691d904bbc1d557?s=96&d=mm&r=g\",\"caption\":\"Camilly Scheffer\"},\"url\":\"https:\\\/\\\/www.p31noticias.com.br\\\/?author=5\"}]}<\/script>\n<!-- \/ Yoast SEO Premium plugin. -->","yoast_head_json":{"title":"Ibaneis inaugura UBS no Riacho Fundo II. Investimento \u00e9 de R$ 8,2 milh\u00f5es - P31","robots":{"index":"index","follow":"follow","max-snippet":"max-snippet:-1","max-image-preview":"max-image-preview:large","max-video-preview":"max-video-preview:-1"},"canonical":"https:\/\/www.p31noticias.com.br\/?p=24232","og_locale":"pt_BR","og_type":"article","og_title":"Ibaneis inaugura UBS no Riacho Fundo II. Investimento \u00e9 de R$ 8,2 milh\u00f5es","og_description":"O governador Ibaneis Rocha (MDB), inaugurou, na manh\u00e3 desta quarta-feira (1\u00b0\/9), a Unidade B\u00e1sica de Sa\u00fade (UBS) n\u00b05 na quadra QS 9 do Riacho Fundo II. A obra levou mais de um ano para ser conclu\u00edda e recebeu o investimento de mais de R$ 8,2 milh\u00f5es. Ao todo, 28 mil pessoas ser\u00e3o atendidas no local. [&hellip;]","og_url":"https:\/\/www.p31noticias.com.br\/?p=24232","og_site_name":"P31","article_published_time":"2021-09-01T18:15:24+00:00","article_modified_time":"2021-09-01T18:16:08+00:00","og_image":[{"width":960,"height":540,"url":"https:\/\/www.p31noticias.com.br\/wp-content\/uploads\/2021\/09\/WhatsApp-Image-2021-09-01-at-13.08.21-2-960x540-1.jpeg","type":"image\/jpeg"}],"author":"Camilly Scheffer","twitter_card":"summary_large_image","twitter_misc":{"Escrito por":"Camilly Scheffer","Est. tempo de leitura":"1 minuto"},"schema":{"@context":"https:\/\/schema.org","@graph":[{"@type":"Article","@id":"https:\/\/www.p31noticias.com.br\/?p=24232#article","isPartOf":{"@id":"https:\/\/www.p31noticias.com.br\/?p=24232"},"author":{"name":"Camilly Scheffer","@id":"https:\/\/www.p31noticias.com.br\/#\/schema\/person\/d1bb0ccbf62b27e19ea4e75696908d43"},"headline":"Ibaneis inaugura UBS no Riacho Fundo II. Investimento \u00e9 de R$ 8,2 milh\u00f5es","datePublished":"2021-09-01T18:15:24+00:00","dateModified":"2021-09-01T18:16:08+00:00","mainEntityOfPage":{"@id":"https:\/\/www.p31noticias.com.br\/?p=24232"},"wordCount":294,"commentCount":0,"image":{"@id":"https:\/\/www.p31noticias.com.br\/?p=24232#primaryimage"},"thumbnailUrl":"https:\/\/www.p31noticias.com.br\/wp-content\/uploads\/2021\/09\/WhatsApp-Image-2021-09-01-at-13.08.21-2-960x540-1.jpeg","articleSection":["Outros"],"inLanguage":"pt-BR","potentialAction":[{"@type":"CommentAction","name":"Comment","target":["https:\/\/www.p31noticias.com.br\/?p=24232#respond"]}],"copyrightYear":"2021","copyrightHolder":{"@id":"https:\/\/www.p31noticias.com.br\/#organization"}},{"@type":"WebPage","@id":"https:\/\/www.p31noticias.com.br\/?p=24232","url":"https:\/\/www.p31noticias.com.br\/?p=24232","name":"Ibaneis inaugura UBS no Riacho Fundo II. Investimento \u00e9 de R$ 8,2 milh\u00f5es - P31","isPartOf":{"@id":"https:\/\/www.p31noticias.com.br\/#website"},"primaryImageOfPage":{"@id":"https:\/\/www.p31noticias.com.br\/?p=24232#primaryimage"},"image":{"@id":"https:\/\/www.p31noticias.com.br\/?p=24232#primaryimage"},"thumbnailUrl":"https:\/\/www.p31noticias.com.br\/wp-content\/uploads\/2021\/09\/WhatsApp-Image-2021-09-01-at-13.08.21-2-960x540-1.jpeg","datePublished":"2021-09-01T18:15:24+00:00","dateModified":"2021-09-01T18:16:08+00:00","author":{"@id":"https:\/\/www.p31noticias.com.br\/#\/schema\/person\/d1bb0ccbf62b27e19ea4e75696908d43"},"breadcrumb":{"@id":"https:\/\/www.p31noticias.com.br\/?p=24232#breadcrumb"},"inLanguage":"pt-BR","potentialAction":[{"@type":"ReadAction","target":["https:\/\/www.p31noticias.com.br\/?p=24232"]}]},{"@type":"ImageObject","inLanguage":"pt-BR","@id":"https:\/\/www.p31noticias.com.br\/?p=24232#primaryimage","url":"https:\/\/www.p31noticias.com.br\/wp-content\/uploads\/2021\/09\/WhatsApp-Image-2021-09-01-at-13.08.21-2-960x540-1.jpeg","contentUrl":"https:\/\/www.p31noticias.com.br\/wp-content\/uploads\/2021\/09\/WhatsApp-Image-2021-09-01-at-13.08.21-2-960x540-1.jpeg","width":960,"height":540},{"@type":"BreadcrumbList","@id":"https:\/\/www.p31noticias.com.br\/?p=24232#breadcrumb","itemListElement":[{"@type":"ListItem","position":1,"name":"In\u00edcio","item":"https:\/\/www.p31noticias.com.br\/"},{"@type":"ListItem","position":2,"name":"Ibaneis inaugura UBS no Riacho Fundo II. Investimento \u00e9 de R$ 8,2 milh\u00f5es"}]},{"@type":"WebSite","@id":"https:\/\/www.p31noticias.com.br\/#website","url":"https:\/\/www.p31noticias.com.br\/","name":"P31","description":"NOT\u00cdCIAS","potentialAction":[{"@type":"SearchAction","target":{"@type":"EntryPoint","urlTemplate":"https:\/\/www.p31noticias.com.br\/?s={search_term_string}"},"query-input":{"@type":"PropertyValueSpecification","valueRequired":true,"valueName":"search_term_string"}}],"inLanguage":"pt-BR"},{"@type":"Person","@id":"https:\/\/www.p31noticias.com.br\/#\/schema\/person\/d1bb0ccbf62b27e19ea4e75696908d43","name":"Camilly Scheffer","image":{"@type":"ImageObject","inLanguage":"pt-BR","@id":"https:\/\/secure.gravatar.com\/avatar\/06f4704b382d241ec2670712618fccea085b2db24d7b2d3b8691d904bbc1d557?s=96&d=mm&r=g","url":"https:\/\/secure.gravatar.com\/avatar\/06f4704b382d241ec2670712618fccea085b2db24d7b2d3b8691d904bbc1d557?s=96&d=mm&r=g","contentUrl":"https:\/\/secure.gravatar.com\/avatar\/06f4704b382d241ec2670712618fccea085b2db24d7b2d3b8691d904bbc1d557?s=96&d=mm&r=g","caption":"Camilly Scheffer"},"url":"https:\/\/www.p31noticias.com.br\/?author=5"}]}},"amp_enabled":true,"_links":{"self":[{"href":"https:\/\/www.p31noticias.com.br\/index.php?rest_route=\/wp\/v2\/posts\/24232","targetHints":{"allow":["GET"]}}],"collection":[{"href":"https:\/\/www.p31noticias.com.br\/index.php?rest_route=\/wp\/v2\/posts"}],"about":[{"href":"https:\/\/www.p31noticias.com.br\/index.php?rest_route=\/wp\/v2\/types\/post"}],"author":[{"embeddable":true,"href":"https:\/\/www.p31noticias.com.br\/index.php?rest_route=\/wp\/v2\/users\/5"}],"replies":[{"embeddable":true,"href":"https:\/\/www.p31noticias.com.br\/index.php?rest_route=%2Fwp%2Fv2%2Fcomments&post=24232"}],"version-history":[{"count":2,"href":"https:\/\/www.p31noticias.com.br\/index.php?rest_route=\/wp\/v2\/posts\/24232\/revisions"}],"predecessor-version":[{"id":24235,"href":"https:\/\/www.p31noticias.com.br\/index.php?rest_route=\/wp\/v2\/posts\/24232\/revisions\/24235"}],"wp:featuredmedia":[{"embeddable":true,"href":"https:\/\/www.p31noticias.com.br\/index.php?rest_route=\/wp\/v2\/media\/24233"}],"wp:attachment":[{"href":"https:\/\/www.p31noticias.com.br\/index.php?rest_route=%2Fwp%2Fv2%2Fmedia&parent=24232"}],"wp:term":[{"taxonomy":"category","embeddable":true,"href":"https:\/\/www.p31noticias.com.br\/index.php?rest_route=%2Fwp%2Fv2%2Fcategories&post=24232"},{"taxonomy":"post_tag","embeddable":true,"href":"https:\/\/www.p31noticias.com.br\/index.php?rest_route=%2Fwp%2Fv2%2Ftags&post=24232"}],"curies":[{"name":"wp","href":"https:\/\/api.w.org\/{rel}","templated":true}]}}