{"id":24210,"date":"2021-08-31T16:22:14","date_gmt":"2021-08-31T19:22:14","guid":{"rendered":"https:\/\/p31noticias.com.br\/?p=24210"},"modified":"2021-08-31T16:22:14","modified_gmt":"2021-08-31T19:22:14","slug":"vicente-pires-prazo-para-compra-de-405-lotes-vai-ate-29-de-setembro","status":"publish","type":"post","link":"https:\/\/www.p31noticias.com.br\/?p=24210","title":{"rendered":"Vicente Pires: prazo para compra de 405 lotes vai at\u00e9 29 de setembro"},"content":{"rendered":"<p>A Ag\u00eancia de Desenvolvimento do Distrito Federal (Terracap) publicou, nesta ter\u00e7a-feira (31\/8), novo edital de convoca\u00e7\u00e3o de venda direta contemplando im\u00f3veis do Setor Habitacional Vicente Pires. Os ocupantes t\u00eam at\u00e9 29 de setembro para apresentar a proposta de compra junto \u00e0 Terracap e dar prosseguimento \u00e0 regulariza\u00e7\u00e3o do im\u00f3vel.<\/p>\n<p>Ser\u00e3o regularizados 405 lotes localizados no Trecho 3, a antiga Col\u00f4nia Agr\u00edcola Samambaia. A Terracap ressalta que aqueles que optarem pelo pagamento \u00e0 vista ter\u00e3o 25% de desconto no valor de venda do im\u00f3vel.<\/p>\n<p>O valor dos terrenos varia de R$ 36,3 mil a R$ 461,1 mil, e prev\u00ea a dedu\u00e7\u00e3o da infraestrutura feita pelos moradores, bem como a valoriza\u00e7\u00e3o decorrente desta implanta\u00e7\u00e3o.<\/p>\n<p>Fonte: Metr\u00f3poles.<\/p>\n","protected":false},"excerpt":{"rendered":"<p>A Ag\u00eancia de Desenvolvimento do Distrito Federal (Terracap) publicou, nesta ter\u00e7a-feira (31\/8), novo edital de convoca\u00e7\u00e3o de venda direta contemplando im\u00f3veis do Setor Habitacional Vicente Pires. Os ocupantes t\u00eam at\u00e9 29 de setembro para apresentar a proposta de compra junto \u00e0 Terracap e dar prosseguimento \u00e0 regulariza\u00e7\u00e3o do im\u00f3vel. Ser\u00e3o regularizados 405 lotes localizados no [&hellip;]<\/p>\n","protected":false},"author":5,"featured_media":24212,"comment_status":"open","ping_status":"open","sticky":false,"template":"","format":"standard","meta":{"footnotes":""},"categories":[1],"tags":[],"class_list":{"0":"post-24210","1":"post","2":"type-post","3":"status-publish","4":"format-standard","5":"has-post-thumbnail","7":"category-outros"},"yoast_head":"<!-- This site is optimized with the Yoast SEO Premium plugin v24.5 (Yoast SEO v27.5) - https:\/\/yoast.com\/product\/yoast-seo-premium-wordpress\/ -->\n<title>Vicente Pires: prazo para compra de 405 lotes vai at\u00e9 29 de setembro - P31<\/title>\n<meta name=\"robots\" content=\"index, follow, max-snippet:-1, max-image-preview:large, max-video-preview:-1\" \/>\n<link rel=\"canonical\" href=\"https:\/\/www.p31noticias.com.br\/?p=24210\" \/>\n<meta property=\"og:locale\" content=\"pt_BR\" \/>\n<meta property=\"og:type\" content=\"article\" \/>\n<meta property=\"og:title\" content=\"Vicente Pires: prazo para compra de 405 lotes vai at\u00e9 29 de setembro\" \/>\n<meta property=\"og:description\" content=\"A Ag\u00eancia de Desenvolvimento do Distrito Federal (Terracap) publicou, nesta ter\u00e7a-feira (31\/8), novo edital de convoca\u00e7\u00e3o de venda direta contemplando im\u00f3veis do Setor Habitacional Vicente Pires. Os ocupantes t\u00eam at\u00e9 29 de setembro para apresentar a proposta de compra junto \u00e0 Terracap e dar prosseguimento \u00e0 regulariza\u00e7\u00e3o do im\u00f3vel. Ser\u00e3o regularizados 405 lotes localizados no [&hellip;]\" \/>\n<meta property=\"og:url\" content=\"https:\/\/www.p31noticias.com.br\/?p=24210\" \/>\n<meta property=\"og:site_name\" content=\"P31\" \/>\n<meta property=\"article:published_time\" content=\"2021-08-31T19:22:14+00:00\" \/>\n<meta property=\"og:image\" content=\"https:\/\/www.p31noticias.com.br\/wp-content\/uploads\/2021\/08\/00000291-300x297-1.jpg\" \/>\n\t<meta property=\"og:image:width\" content=\"300\" \/>\n\t<meta property=\"og:image:height\" content=\"297\" \/>\n\t<meta property=\"og:image:type\" content=\"image\/jpeg\" \/>\n<meta name=\"author\" content=\"Camilly Scheffer\" \/>\n<meta name=\"twitter:card\" content=\"summary_large_image\" \/>\n<meta name=\"twitter:label1\" content=\"Escrito por\" \/>\n\t<meta name=\"twitter:data1\" content=\"Camilly Scheffer\" \/>\n\t<meta name=\"twitter:label2\" content=\"Est. tempo de leitura\" \/>\n\t<meta name=\"twitter:data2\" content=\"1 minuto\" \/>\n<script type=\"application\/ld+json\" class=\"yoast-schema-graph\">{\"@context\":\"https:\\\/\\\/schema.org\",\"@graph\":[{\"@type\":\"Article\",\"@id\":\"https:\\\/\\\/www.p31noticias.com.br\\\/?p=24210#article\",\"isPartOf\":{\"@id\":\"https:\\\/\\\/www.p31noticias.com.br\\\/?p=24210\"},\"author\":{\"name\":\"Camilly Scheffer\",\"@id\":\"https:\\\/\\\/www.p31noticias.com.br\\\/#\\\/schema\\\/person\\\/d1bb0ccbf62b27e19ea4e75696908d43\"},\"headline\":\"Vicente Pires: prazo para compra de 405 lotes vai at\u00e9 29 de setembro\",\"datePublished\":\"2021-08-31T19:22:14+00:00\",\"mainEntityOfPage\":{\"@id\":\"https:\\\/\\\/www.p31noticias.com.br\\\/?p=24210\"},\"wordCount\":131,\"commentCount\":0,\"image\":{\"@id\":\"https:\\\/\\\/www.p31noticias.com.br\\\/?p=24210#primaryimage\"},\"thumbnailUrl\":\"https:\\\/\\\/www.p31noticias.com.br\\\/wp-content\\\/uploads\\\/2021\\\/08\\\/00000291-300x297-1.jpg\",\"articleSection\":[\"Outros\"],\"inLanguage\":\"pt-BR\",\"potentialAction\":[{\"@type\":\"CommentAction\",\"name\":\"Comment\",\"target\":[\"https:\\\/\\\/www.p31noticias.com.br\\\/?p=24210#respond\"]}],\"copyrightYear\":\"2021\",\"copyrightHolder\":{\"@id\":\"https:\\\/\\\/www.p31noticias.com.br\\\/#organization\"}},{\"@type\":\"WebPage\",\"@id\":\"https:\\\/\\\/www.p31noticias.com.br\\\/?p=24210\",\"url\":\"https:\\\/\\\/www.p31noticias.com.br\\\/?p=24210\",\"name\":\"Vicente Pires: prazo para compra de 405 lotes vai at\u00e9 29 de setembro - P31\",\"isPartOf\":{\"@id\":\"https:\\\/\\\/www.p31noticias.com.br\\\/#website\"},\"primaryImageOfPage\":{\"@id\":\"https:\\\/\\\/www.p31noticias.com.br\\\/?p=24210#primaryimage\"},\"image\":{\"@id\":\"https:\\\/\\\/www.p31noticias.com.br\\\/?p=24210#primaryimage\"},\"thumbnailUrl\":\"https:\\\/\\\/www.p31noticias.com.br\\\/wp-content\\\/uploads\\\/2021\\\/08\\\/00000291-300x297-1.jpg\",\"datePublished\":\"2021-08-31T19:22:14+00:00\",\"author\":{\"@id\":\"https:\\\/\\\/www.p31noticias.com.br\\\/#\\\/schema\\\/person\\\/d1bb0ccbf62b27e19ea4e75696908d43\"},\"breadcrumb\":{\"@id\":\"https:\\\/\\\/www.p31noticias.com.br\\\/?p=24210#breadcrumb\"},\"inLanguage\":\"pt-BR\",\"potentialAction\":[{\"@type\":\"ReadAction\",\"target\":[\"https:\\\/\\\/www.p31noticias.com.br\\\/?p=24210\"]}]},{\"@type\":\"ImageObject\",\"inLanguage\":\"pt-BR\",\"@id\":\"https:\\\/\\\/www.p31noticias.com.br\\\/?p=24210#primaryimage\",\"url\":\"https:\\\/\\\/www.p31noticias.com.br\\\/wp-content\\\/uploads\\\/2021\\\/08\\\/00000291-300x297-1.jpg\",\"contentUrl\":\"https:\\\/\\\/www.p31noticias.com.br\\\/wp-content\\\/uploads\\\/2021\\\/08\\\/00000291-300x297-1.jpg\",\"width\":300,\"height\":297},{\"@type\":\"BreadcrumbList\",\"@id\":\"https:\\\/\\\/www.p31noticias.com.br\\\/?p=24210#breadcrumb\",\"itemListElement\":[{\"@type\":\"ListItem\",\"position\":1,\"name\":\"In\u00edcio\",\"item\":\"https:\\\/\\\/www.p31noticias.com.br\\\/\"},{\"@type\":\"ListItem\",\"position\":2,\"name\":\"Vicente Pires: prazo para compra de 405 lotes vai at\u00e9 29 de setembro\"}]},{\"@type\":\"WebSite\",\"@id\":\"https:\\\/\\\/www.p31noticias.com.br\\\/#website\",\"url\":\"https:\\\/\\\/www.p31noticias.com.br\\\/\",\"name\":\"P31\",\"description\":\"NOT\u00cdCIAS\",\"potentialAction\":[{\"@type\":\"SearchAction\",\"target\":{\"@type\":\"EntryPoint\",\"urlTemplate\":\"https:\\\/\\\/www.p31noticias.com.br\\\/?s={search_term_string}\"},\"query-input\":{\"@type\":\"PropertyValueSpecification\",\"valueRequired\":true,\"valueName\":\"search_term_string\"}}],\"inLanguage\":\"pt-BR\"},{\"@type\":\"Person\",\"@id\":\"https:\\\/\\\/www.p31noticias.com.br\\\/#\\\/schema\\\/person\\\/d1bb0ccbf62b27e19ea4e75696908d43\",\"name\":\"Camilly Scheffer\",\"image\":{\"@type\":\"ImageObject\",\"inLanguage\":\"pt-BR\",\"@id\":\"https:\\\/\\\/secure.gravatar.com\\\/avatar\\\/06f4704b382d241ec2670712618fccea085b2db24d7b2d3b8691d904bbc1d557?s=96&d=mm&r=g\",\"url\":\"https:\\\/\\\/secure.gravatar.com\\\/avatar\\\/06f4704b382d241ec2670712618fccea085b2db24d7b2d3b8691d904bbc1d557?s=96&d=mm&r=g\",\"contentUrl\":\"https:\\\/\\\/secure.gravatar.com\\\/avatar\\\/06f4704b382d241ec2670712618fccea085b2db24d7b2d3b8691d904bbc1d557?s=96&d=mm&r=g\",\"caption\":\"Camilly Scheffer\"},\"url\":\"https:\\\/\\\/www.p31noticias.com.br\\\/?author=5\"}]}<\/script>\n<!-- \/ Yoast SEO Premium plugin. -->","yoast_head_json":{"title":"Vicente Pires: prazo para compra de 405 lotes vai at\u00e9 29 de setembro - P31","robots":{"index":"index","follow":"follow","max-snippet":"max-snippet:-1","max-image-preview":"max-image-preview:large","max-video-preview":"max-video-preview:-1"},"canonical":"https:\/\/www.p31noticias.com.br\/?p=24210","og_locale":"pt_BR","og_type":"article","og_title":"Vicente Pires: prazo para compra de 405 lotes vai at\u00e9 29 de setembro","og_description":"A Ag\u00eancia de Desenvolvimento do Distrito Federal (Terracap) publicou, nesta ter\u00e7a-feira (31\/8), novo edital de convoca\u00e7\u00e3o de venda direta contemplando im\u00f3veis do Setor Habitacional Vicente Pires. Os ocupantes t\u00eam at\u00e9 29 de setembro para apresentar a proposta de compra junto \u00e0 Terracap e dar prosseguimento \u00e0 regulariza\u00e7\u00e3o do im\u00f3vel. Ser\u00e3o regularizados 405 lotes localizados no [&hellip;]","og_url":"https:\/\/www.p31noticias.com.br\/?p=24210","og_site_name":"P31","article_published_time":"2021-08-31T19:22:14+00:00","og_image":[{"width":300,"height":297,"url":"https:\/\/www.p31noticias.com.br\/wp-content\/uploads\/2021\/08\/00000291-300x297-1.jpg","type":"image\/jpeg"}],"author":"Camilly Scheffer","twitter_card":"summary_large_image","twitter_misc":{"Escrito por":"Camilly Scheffer","Est. tempo de leitura":"1 minuto"},"schema":{"@context":"https:\/\/schema.org","@graph":[{"@type":"Article","@id":"https:\/\/www.p31noticias.com.br\/?p=24210#article","isPartOf":{"@id":"https:\/\/www.p31noticias.com.br\/?p=24210"},"author":{"name":"Camilly Scheffer","@id":"https:\/\/www.p31noticias.com.br\/#\/schema\/person\/d1bb0ccbf62b27e19ea4e75696908d43"},"headline":"Vicente Pires: prazo para compra de 405 lotes vai at\u00e9 29 de setembro","datePublished":"2021-08-31T19:22:14+00:00","mainEntityOfPage":{"@id":"https:\/\/www.p31noticias.com.br\/?p=24210"},"wordCount":131,"commentCount":0,"image":{"@id":"https:\/\/www.p31noticias.com.br\/?p=24210#primaryimage"},"thumbnailUrl":"https:\/\/www.p31noticias.com.br\/wp-content\/uploads\/2021\/08\/00000291-300x297-1.jpg","articleSection":["Outros"],"inLanguage":"pt-BR","potentialAction":[{"@type":"CommentAction","name":"Comment","target":["https:\/\/www.p31noticias.com.br\/?p=24210#respond"]}],"copyrightYear":"2021","copyrightHolder":{"@id":"https:\/\/www.p31noticias.com.br\/#organization"}},{"@type":"WebPage","@id":"https:\/\/www.p31noticias.com.br\/?p=24210","url":"https:\/\/www.p31noticias.com.br\/?p=24210","name":"Vicente Pires: prazo para compra de 405 lotes vai at\u00e9 29 de setembro - P31","isPartOf":{"@id":"https:\/\/www.p31noticias.com.br\/#website"},"primaryImageOfPage":{"@id":"https:\/\/www.p31noticias.com.br\/?p=24210#primaryimage"},"image":{"@id":"https:\/\/www.p31noticias.com.br\/?p=24210#primaryimage"},"thumbnailUrl":"https:\/\/www.p31noticias.com.br\/wp-content\/uploads\/2021\/08\/00000291-300x297-1.jpg","datePublished":"2021-08-31T19:22:14+00:00","author":{"@id":"https:\/\/www.p31noticias.com.br\/#\/schema\/person\/d1bb0ccbf62b27e19ea4e75696908d43"},"breadcrumb":{"@id":"https:\/\/www.p31noticias.com.br\/?p=24210#breadcrumb"},"inLanguage":"pt-BR","potentialAction":[{"@type":"ReadAction","target":["https:\/\/www.p31noticias.com.br\/?p=24210"]}]},{"@type":"ImageObject","inLanguage":"pt-BR","@id":"https:\/\/www.p31noticias.com.br\/?p=24210#primaryimage","url":"https:\/\/www.p31noticias.com.br\/wp-content\/uploads\/2021\/08\/00000291-300x297-1.jpg","contentUrl":"https:\/\/www.p31noticias.com.br\/wp-content\/uploads\/2021\/08\/00000291-300x297-1.jpg","width":300,"height":297},{"@type":"BreadcrumbList","@id":"https:\/\/www.p31noticias.com.br\/?p=24210#breadcrumb","itemListElement":[{"@type":"ListItem","position":1,"name":"In\u00edcio","item":"https:\/\/www.p31noticias.com.br\/"},{"@type":"ListItem","position":2,"name":"Vicente Pires: prazo para compra de 405 lotes vai at\u00e9 29 de setembro"}]},{"@type":"WebSite","@id":"https:\/\/www.p31noticias.com.br\/#website","url":"https:\/\/www.p31noticias.com.br\/","name":"P31","description":"NOT\u00cdCIAS","potentialAction":[{"@type":"SearchAction","target":{"@type":"EntryPoint","urlTemplate":"https:\/\/www.p31noticias.com.br\/?s={search_term_string}"},"query-input":{"@type":"PropertyValueSpecification","valueRequired":true,"valueName":"search_term_string"}}],"inLanguage":"pt-BR"},{"@type":"Person","@id":"https:\/\/www.p31noticias.com.br\/#\/schema\/person\/d1bb0ccbf62b27e19ea4e75696908d43","name":"Camilly Scheffer","image":{"@type":"ImageObject","inLanguage":"pt-BR","@id":"https:\/\/secure.gravatar.com\/avatar\/06f4704b382d241ec2670712618fccea085b2db24d7b2d3b8691d904bbc1d557?s=96&d=mm&r=g","url":"https:\/\/secure.gravatar.com\/avatar\/06f4704b382d241ec2670712618fccea085b2db24d7b2d3b8691d904bbc1d557?s=96&d=mm&r=g","contentUrl":"https:\/\/secure.gravatar.com\/avatar\/06f4704b382d241ec2670712618fccea085b2db24d7b2d3b8691d904bbc1d557?s=96&d=mm&r=g","caption":"Camilly Scheffer"},"url":"https:\/\/www.p31noticias.com.br\/?author=5"}]}},"amp_enabled":true,"_links":{"self":[{"href":"https:\/\/www.p31noticias.com.br\/index.php?rest_route=\/wp\/v2\/posts\/24210","targetHints":{"allow":["GET"]}}],"collection":[{"href":"https:\/\/www.p31noticias.com.br\/index.php?rest_route=\/wp\/v2\/posts"}],"about":[{"href":"https:\/\/www.p31noticias.com.br\/index.php?rest_route=\/wp\/v2\/types\/post"}],"author":[{"embeddable":true,"href":"https:\/\/www.p31noticias.com.br\/index.php?rest_route=\/wp\/v2\/users\/5"}],"replies":[{"embeddable":true,"href":"https:\/\/www.p31noticias.com.br\/index.php?rest_route=%2Fwp%2Fv2%2Fcomments&post=24210"}],"version-history":[{"count":1,"href":"https:\/\/www.p31noticias.com.br\/index.php?rest_route=\/wp\/v2\/posts\/24210\/revisions"}],"predecessor-version":[{"id":24213,"href":"https:\/\/www.p31noticias.com.br\/index.php?rest_route=\/wp\/v2\/posts\/24210\/revisions\/24213"}],"wp:featuredmedia":[{"embeddable":true,"href":"https:\/\/www.p31noticias.com.br\/index.php?rest_route=\/wp\/v2\/media\/24212"}],"wp:attachment":[{"href":"https:\/\/www.p31noticias.com.br\/index.php?rest_route=%2Fwp%2Fv2%2Fmedia&parent=24210"}],"wp:term":[{"taxonomy":"category","embeddable":true,"href":"https:\/\/www.p31noticias.com.br\/index.php?rest_route=%2Fwp%2Fv2%2Fcategories&post=24210"},{"taxonomy":"post_tag","embeddable":true,"href":"https:\/\/www.p31noticias.com.br\/index.php?rest_route=%2Fwp%2Fv2%2Ftags&post=24210"}],"curies":[{"name":"wp","href":"https:\/\/api.w.org\/{rel}","templated":true}]}}