{"id":24207,"date":"2021-08-31T16:15:51","date_gmt":"2021-08-31T19:15:51","guid":{"rendered":"https:\/\/p31noticias.com.br\/?p=24207"},"modified":"2021-08-31T16:15:51","modified_gmt":"2021-08-31T19:15:51","slug":"organizadores-do-7-de-setembro-tiveram-reunioes-no-palacio-do-planalto","status":"publish","type":"post","link":"https:\/\/www.p31noticias.com.br\/?p=24207","title":{"rendered":"Organizadores do 7 de Setembro tiveram reuni\u00f5es no Pal\u00e1cio do Planalto"},"content":{"rendered":"<p>Apoiadores do presidente Jair Bolsonaro (sem partido) investigados por organizar as manifesta\u00e7\u00f5es de 7 de Setembro tiveram duas reuni\u00f5es no Pal\u00e1cio do Planalto. Os encontros aconteceram na semana anterior \u00e0 opera\u00e7\u00e3o que teve como alvo o cantor S\u00e9rgio Reis e o deputado bolsonarista Otoni de Paula (PSC-RJ).<\/p>\n<p>De acordo com informa\u00e7\u00f5es do Uol, as reuni\u00f5es aconteceram na Secretaria Especial de Articula\u00e7\u00e3o Social, subordinada \u00e0 Secretaria de Governo, hoje comandada pela ministra Fl\u00e1via Arruda (PL-DF). Os dois encontros foram registrados na agenda oficial da secret\u00e1ria de Articula\u00e7\u00e3o Social, Gabriele Ara\u00fajo, em 10 e 11 de agosto.<\/p>\n<p>A Procuradoria-Geral da Rep\u00fablica investiga se o governo teve envolvimento no planejamento dos atos antidemocr\u00e1ticos de 7 de Setembro. Nas convoca\u00e7\u00f5es para as manifesta\u00e7\u00f5es, bolsonaristas pedem o fechamento do Supremo Tribunal Federal (STF) e do Congresso.<\/p>\n<p>No dia 10 de agosto, consta na agenda oficial uma reuni\u00e3o com a pauta Movimento Brasil Verde e Amarelo. O grupo \u00e9 formado por sindicatos e associa\u00e7\u00f5es rurais e havia convocado, em maio deste ano, manifesta\u00e7\u00e3o em apoio ao presidente em Bras\u00edlia.<\/p>\n<p>Antonio Galvan, presidente da Associa\u00e7\u00e3o Brasileira dos Produtores de Soja (Aprosoja Brasil), era um dos presentes na reuni\u00e3o. A esposa de Galvan, Paula Boaventura, e o diretor-executivo da Aprosoja, Gabr\u00edcio Rosa, tamb\u00e9m participaram do encontro.<br \/>\nGalvan foi um dos focos da opera\u00e7\u00e3o de busca e apreens\u00e3o, na semana seguinte, e chegou de trator e com uma bandeira nacional hasteada, para depor \u00e0 PF em Sinop (MT).<\/p>\n<p>Em nota, a Segov confirmou que o evento aconteceu e afirmou que \u201c\u00e9 obriga\u00e7\u00e3o da Secretaria Especial de Articula\u00e7\u00e3o Social receber todas as organiza\u00e7\u00f5es da sociedade civil que solicitam atendimento\u201d. Segundo o \u00f3rg\u00e3o, os temas tratados no encontro foram \u201cpautas de interesse dos solicitantes\u201d.<\/p>\n<p>J\u00e1 Galvan disse que se tratou de \u201cuma visita de cortesia\u201d \u00e0 secret\u00e1ria Gabriele Ara\u00fajo. \u201cA gente j\u00e1 conhecia, [a gente] falou que ia passar uma hora para bater um papo com ela\u201d, alegou.<\/p>\n<p>Fonte: Metr\u00f3poles.<\/p>\n","protected":false},"excerpt":{"rendered":"<p>Apoiadores do presidente Jair Bolsonaro (sem partido) investigados por organizar as manifesta\u00e7\u00f5es de 7 de Setembro tiveram duas reuni\u00f5es no Pal\u00e1cio do Planalto. Os encontros aconteceram na semana anterior \u00e0 opera\u00e7\u00e3o que teve como alvo o cantor S\u00e9rgio Reis e o deputado bolsonarista Otoni de Paula (PSC-RJ). De acordo com informa\u00e7\u00f5es do Uol, as reuni\u00f5es [&hellip;]<\/p>\n","protected":false},"author":5,"featured_media":24208,"comment_status":"open","ping_status":"open","sticky":false,"template":"","format":"standard","meta":{"footnotes":""},"categories":[68],"tags":[],"class_list":{"0":"post-24207","1":"post","2":"type-post","3":"status-publish","4":"format-standard","5":"has-post-thumbnail","7":"category-brasil"},"yoast_head":"<!-- This site is optimized with the Yoast SEO Premium plugin v24.5 (Yoast SEO v27.5) - https:\/\/yoast.com\/product\/yoast-seo-premium-wordpress\/ -->\n<title>Organizadores do 7 de Setembro tiveram reuni\u00f5es no Pal\u00e1cio do Planalto - P31<\/title>\n<meta name=\"robots\" content=\"index, follow, max-snippet:-1, max-image-preview:large, max-video-preview:-1\" \/>\n<link rel=\"canonical\" href=\"https:\/\/www.p31noticias.com.br\/?p=24207\" \/>\n<meta property=\"og:locale\" content=\"pt_BR\" \/>\n<meta property=\"og:type\" content=\"article\" \/>\n<meta property=\"og:title\" content=\"Organizadores do 7 de Setembro tiveram reuni\u00f5es no Pal\u00e1cio do Planalto\" \/>\n<meta property=\"og:description\" content=\"Apoiadores do presidente Jair Bolsonaro (sem partido) investigados por organizar as manifesta\u00e7\u00f5es de 7 de Setembro tiveram duas reuni\u00f5es no Pal\u00e1cio do Planalto. Os encontros aconteceram na semana anterior \u00e0 opera\u00e7\u00e3o que teve como alvo o cantor S\u00e9rgio Reis e o deputado bolsonarista Otoni de Paula (PSC-RJ). De acordo com informa\u00e7\u00f5es do Uol, as reuni\u00f5es [&hellip;]\" \/>\n<meta property=\"og:url\" content=\"https:\/\/www.p31noticias.com.br\/?p=24207\" \/>\n<meta property=\"og:site_name\" content=\"P31\" \/>\n<meta property=\"article:published_time\" content=\"2021-08-31T19:15:51+00:00\" \/>\n<meta property=\"og:image\" content=\"https:\/\/www.p31noticias.com.br\/wp-content\/uploads\/2021\/08\/Pal\u00e1cio_do_Planalto_GGFD8938-scaled.jpg\" \/>\n\t<meta property=\"og:image:width\" content=\"2560\" \/>\n\t<meta property=\"og:image:height\" content=\"1707\" \/>\n\t<meta property=\"og:image:type\" content=\"image\/jpeg\" \/>\n<meta name=\"author\" content=\"Camilly Scheffer\" \/>\n<meta name=\"twitter:card\" content=\"summary_large_image\" \/>\n<meta name=\"twitter:label1\" content=\"Escrito por\" \/>\n\t<meta name=\"twitter:data1\" content=\"Camilly Scheffer\" \/>\n\t<meta name=\"twitter:label2\" content=\"Est. tempo de leitura\" \/>\n\t<meta name=\"twitter:data2\" content=\"2 minutos\" \/>\n<script type=\"application\/ld+json\" class=\"yoast-schema-graph\">{\"@context\":\"https:\\\/\\\/schema.org\",\"@graph\":[{\"@type\":\"Article\",\"@id\":\"https:\\\/\\\/www.p31noticias.com.br\\\/?p=24207#article\",\"isPartOf\":{\"@id\":\"https:\\\/\\\/www.p31noticias.com.br\\\/?p=24207\"},\"author\":{\"name\":\"Camilly Scheffer\",\"@id\":\"https:\\\/\\\/www.p31noticias.com.br\\\/#\\\/schema\\\/person\\\/d1bb0ccbf62b27e19ea4e75696908d43\"},\"headline\":\"Organizadores do 7 de Setembro tiveram reuni\u00f5es no Pal\u00e1cio do Planalto\",\"datePublished\":\"2021-08-31T19:15:51+00:00\",\"mainEntityOfPage\":{\"@id\":\"https:\\\/\\\/www.p31noticias.com.br\\\/?p=24207\"},\"wordCount\":353,\"commentCount\":0,\"image\":{\"@id\":\"https:\\\/\\\/www.p31noticias.com.br\\\/?p=24207#primaryimage\"},\"thumbnailUrl\":\"https:\\\/\\\/www.p31noticias.com.br\\\/wp-content\\\/uploads\\\/2021\\\/08\\\/Pal\u00e1cio_do_Planalto_GGFD8938-scaled.jpg\",\"articleSection\":[\"Brasil\"],\"inLanguage\":\"pt-BR\",\"potentialAction\":[{\"@type\":\"CommentAction\",\"name\":\"Comment\",\"target\":[\"https:\\\/\\\/www.p31noticias.com.br\\\/?p=24207#respond\"]}],\"copyrightYear\":\"2021\",\"copyrightHolder\":{\"@id\":\"https:\\\/\\\/www.p31noticias.com.br\\\/#organization\"}},{\"@type\":\"WebPage\",\"@id\":\"https:\\\/\\\/www.p31noticias.com.br\\\/?p=24207\",\"url\":\"https:\\\/\\\/www.p31noticias.com.br\\\/?p=24207\",\"name\":\"Organizadores do 7 de Setembro tiveram reuni\u00f5es no Pal\u00e1cio do Planalto - P31\",\"isPartOf\":{\"@id\":\"https:\\\/\\\/www.p31noticias.com.br\\\/#website\"},\"primaryImageOfPage\":{\"@id\":\"https:\\\/\\\/www.p31noticias.com.br\\\/?p=24207#primaryimage\"},\"image\":{\"@id\":\"https:\\\/\\\/www.p31noticias.com.br\\\/?p=24207#primaryimage\"},\"thumbnailUrl\":\"https:\\\/\\\/www.p31noticias.com.br\\\/wp-content\\\/uploads\\\/2021\\\/08\\\/Pal\u00e1cio_do_Planalto_GGFD8938-scaled.jpg\",\"datePublished\":\"2021-08-31T19:15:51+00:00\",\"author\":{\"@id\":\"https:\\\/\\\/www.p31noticias.com.br\\\/#\\\/schema\\\/person\\\/d1bb0ccbf62b27e19ea4e75696908d43\"},\"breadcrumb\":{\"@id\":\"https:\\\/\\\/www.p31noticias.com.br\\\/?p=24207#breadcrumb\"},\"inLanguage\":\"pt-BR\",\"potentialAction\":[{\"@type\":\"ReadAction\",\"target\":[\"https:\\\/\\\/www.p31noticias.com.br\\\/?p=24207\"]}]},{\"@type\":\"ImageObject\",\"inLanguage\":\"pt-BR\",\"@id\":\"https:\\\/\\\/www.p31noticias.com.br\\\/?p=24207#primaryimage\",\"url\":\"https:\\\/\\\/www.p31noticias.com.br\\\/wp-content\\\/uploads\\\/2021\\\/08\\\/Pal\u00e1cio_do_Planalto_GGFD8938-scaled.jpg\",\"contentUrl\":\"https:\\\/\\\/www.p31noticias.com.br\\\/wp-content\\\/uploads\\\/2021\\\/08\\\/Pal\u00e1cio_do_Planalto_GGFD8938-scaled.jpg\",\"width\":2560,\"height\":1707},{\"@type\":\"BreadcrumbList\",\"@id\":\"https:\\\/\\\/www.p31noticias.com.br\\\/?p=24207#breadcrumb\",\"itemListElement\":[{\"@type\":\"ListItem\",\"position\":1,\"name\":\"In\u00edcio\",\"item\":\"https:\\\/\\\/www.p31noticias.com.br\\\/\"},{\"@type\":\"ListItem\",\"position\":2,\"name\":\"Organizadores do 7 de Setembro tiveram reuni\u00f5es no Pal\u00e1cio do Planalto\"}]},{\"@type\":\"WebSite\",\"@id\":\"https:\\\/\\\/www.p31noticias.com.br\\\/#website\",\"url\":\"https:\\\/\\\/www.p31noticias.com.br\\\/\",\"name\":\"P31\",\"description\":\"NOT\u00cdCIAS\",\"potentialAction\":[{\"@type\":\"SearchAction\",\"target\":{\"@type\":\"EntryPoint\",\"urlTemplate\":\"https:\\\/\\\/www.p31noticias.com.br\\\/?s={search_term_string}\"},\"query-input\":{\"@type\":\"PropertyValueSpecification\",\"valueRequired\":true,\"valueName\":\"search_term_string\"}}],\"inLanguage\":\"pt-BR\"},{\"@type\":\"Person\",\"@id\":\"https:\\\/\\\/www.p31noticias.com.br\\\/#\\\/schema\\\/person\\\/d1bb0ccbf62b27e19ea4e75696908d43\",\"name\":\"Camilly Scheffer\",\"image\":{\"@type\":\"ImageObject\",\"inLanguage\":\"pt-BR\",\"@id\":\"https:\\\/\\\/secure.gravatar.com\\\/avatar\\\/06f4704b382d241ec2670712618fccea085b2db24d7b2d3b8691d904bbc1d557?s=96&d=mm&r=g\",\"url\":\"https:\\\/\\\/secure.gravatar.com\\\/avatar\\\/06f4704b382d241ec2670712618fccea085b2db24d7b2d3b8691d904bbc1d557?s=96&d=mm&r=g\",\"contentUrl\":\"https:\\\/\\\/secure.gravatar.com\\\/avatar\\\/06f4704b382d241ec2670712618fccea085b2db24d7b2d3b8691d904bbc1d557?s=96&d=mm&r=g\",\"caption\":\"Camilly Scheffer\"},\"url\":\"https:\\\/\\\/www.p31noticias.com.br\\\/?author=5\"}]}<\/script>\n<!-- \/ Yoast SEO Premium plugin. -->","yoast_head_json":{"title":"Organizadores do 7 de Setembro tiveram reuni\u00f5es no Pal\u00e1cio do Planalto - P31","robots":{"index":"index","follow":"follow","max-snippet":"max-snippet:-1","max-image-preview":"max-image-preview:large","max-video-preview":"max-video-preview:-1"},"canonical":"https:\/\/www.p31noticias.com.br\/?p=24207","og_locale":"pt_BR","og_type":"article","og_title":"Organizadores do 7 de Setembro tiveram reuni\u00f5es no Pal\u00e1cio do Planalto","og_description":"Apoiadores do presidente Jair Bolsonaro (sem partido) investigados por organizar as manifesta\u00e7\u00f5es de 7 de Setembro tiveram duas reuni\u00f5es no Pal\u00e1cio do Planalto. Os encontros aconteceram na semana anterior \u00e0 opera\u00e7\u00e3o que teve como alvo o cantor S\u00e9rgio Reis e o deputado bolsonarista Otoni de Paula (PSC-RJ). De acordo com informa\u00e7\u00f5es do Uol, as reuni\u00f5es [&hellip;]","og_url":"https:\/\/www.p31noticias.com.br\/?p=24207","og_site_name":"P31","article_published_time":"2021-08-31T19:15:51+00:00","og_image":[{"width":2560,"height":1707,"url":"https:\/\/www.p31noticias.com.br\/wp-content\/uploads\/2021\/08\/Pal\u00e1cio_do_Planalto_GGFD8938-scaled.jpg","type":"image\/jpeg"}],"author":"Camilly Scheffer","twitter_card":"summary_large_image","twitter_misc":{"Escrito por":"Camilly Scheffer","Est. tempo de leitura":"2 minutos"},"schema":{"@context":"https:\/\/schema.org","@graph":[{"@type":"Article","@id":"https:\/\/www.p31noticias.com.br\/?p=24207#article","isPartOf":{"@id":"https:\/\/www.p31noticias.com.br\/?p=24207"},"author":{"name":"Camilly Scheffer","@id":"https:\/\/www.p31noticias.com.br\/#\/schema\/person\/d1bb0ccbf62b27e19ea4e75696908d43"},"headline":"Organizadores do 7 de Setembro tiveram reuni\u00f5es no Pal\u00e1cio do Planalto","datePublished":"2021-08-31T19:15:51+00:00","mainEntityOfPage":{"@id":"https:\/\/www.p31noticias.com.br\/?p=24207"},"wordCount":353,"commentCount":0,"image":{"@id":"https:\/\/www.p31noticias.com.br\/?p=24207#primaryimage"},"thumbnailUrl":"https:\/\/www.p31noticias.com.br\/wp-content\/uploads\/2021\/08\/Pal\u00e1cio_do_Planalto_GGFD8938-scaled.jpg","articleSection":["Brasil"],"inLanguage":"pt-BR","potentialAction":[{"@type":"CommentAction","name":"Comment","target":["https:\/\/www.p31noticias.com.br\/?p=24207#respond"]}],"copyrightYear":"2021","copyrightHolder":{"@id":"https:\/\/www.p31noticias.com.br\/#organization"}},{"@type":"WebPage","@id":"https:\/\/www.p31noticias.com.br\/?p=24207","url":"https:\/\/www.p31noticias.com.br\/?p=24207","name":"Organizadores do 7 de Setembro tiveram reuni\u00f5es no Pal\u00e1cio do Planalto - P31","isPartOf":{"@id":"https:\/\/www.p31noticias.com.br\/#website"},"primaryImageOfPage":{"@id":"https:\/\/www.p31noticias.com.br\/?p=24207#primaryimage"},"image":{"@id":"https:\/\/www.p31noticias.com.br\/?p=24207#primaryimage"},"thumbnailUrl":"https:\/\/www.p31noticias.com.br\/wp-content\/uploads\/2021\/08\/Pal\u00e1cio_do_Planalto_GGFD8938-scaled.jpg","datePublished":"2021-08-31T19:15:51+00:00","author":{"@id":"https:\/\/www.p31noticias.com.br\/#\/schema\/person\/d1bb0ccbf62b27e19ea4e75696908d43"},"breadcrumb":{"@id":"https:\/\/www.p31noticias.com.br\/?p=24207#breadcrumb"},"inLanguage":"pt-BR","potentialAction":[{"@type":"ReadAction","target":["https:\/\/www.p31noticias.com.br\/?p=24207"]}]},{"@type":"ImageObject","inLanguage":"pt-BR","@id":"https:\/\/www.p31noticias.com.br\/?p=24207#primaryimage","url":"https:\/\/www.p31noticias.com.br\/wp-content\/uploads\/2021\/08\/Pal\u00e1cio_do_Planalto_GGFD8938-scaled.jpg","contentUrl":"https:\/\/www.p31noticias.com.br\/wp-content\/uploads\/2021\/08\/Pal\u00e1cio_do_Planalto_GGFD8938-scaled.jpg","width":2560,"height":1707},{"@type":"BreadcrumbList","@id":"https:\/\/www.p31noticias.com.br\/?p=24207#breadcrumb","itemListElement":[{"@type":"ListItem","position":1,"name":"In\u00edcio","item":"https:\/\/www.p31noticias.com.br\/"},{"@type":"ListItem","position":2,"name":"Organizadores do 7 de Setembro tiveram reuni\u00f5es no Pal\u00e1cio do Planalto"}]},{"@type":"WebSite","@id":"https:\/\/www.p31noticias.com.br\/#website","url":"https:\/\/www.p31noticias.com.br\/","name":"P31","description":"NOT\u00cdCIAS","potentialAction":[{"@type":"SearchAction","target":{"@type":"EntryPoint","urlTemplate":"https:\/\/www.p31noticias.com.br\/?s={search_term_string}"},"query-input":{"@type":"PropertyValueSpecification","valueRequired":true,"valueName":"search_term_string"}}],"inLanguage":"pt-BR"},{"@type":"Person","@id":"https:\/\/www.p31noticias.com.br\/#\/schema\/person\/d1bb0ccbf62b27e19ea4e75696908d43","name":"Camilly Scheffer","image":{"@type":"ImageObject","inLanguage":"pt-BR","@id":"https:\/\/secure.gravatar.com\/avatar\/06f4704b382d241ec2670712618fccea085b2db24d7b2d3b8691d904bbc1d557?s=96&d=mm&r=g","url":"https:\/\/secure.gravatar.com\/avatar\/06f4704b382d241ec2670712618fccea085b2db24d7b2d3b8691d904bbc1d557?s=96&d=mm&r=g","contentUrl":"https:\/\/secure.gravatar.com\/avatar\/06f4704b382d241ec2670712618fccea085b2db24d7b2d3b8691d904bbc1d557?s=96&d=mm&r=g","caption":"Camilly Scheffer"},"url":"https:\/\/www.p31noticias.com.br\/?author=5"}]}},"amp_enabled":true,"_links":{"self":[{"href":"https:\/\/www.p31noticias.com.br\/index.php?rest_route=\/wp\/v2\/posts\/24207","targetHints":{"allow":["GET"]}}],"collection":[{"href":"https:\/\/www.p31noticias.com.br\/index.php?rest_route=\/wp\/v2\/posts"}],"about":[{"href":"https:\/\/www.p31noticias.com.br\/index.php?rest_route=\/wp\/v2\/types\/post"}],"author":[{"embeddable":true,"href":"https:\/\/www.p31noticias.com.br\/index.php?rest_route=\/wp\/v2\/users\/5"}],"replies":[{"embeddable":true,"href":"https:\/\/www.p31noticias.com.br\/index.php?rest_route=%2Fwp%2Fv2%2Fcomments&post=24207"}],"version-history":[{"count":1,"href":"https:\/\/www.p31noticias.com.br\/index.php?rest_route=\/wp\/v2\/posts\/24207\/revisions"}],"predecessor-version":[{"id":24209,"href":"https:\/\/www.p31noticias.com.br\/index.php?rest_route=\/wp\/v2\/posts\/24207\/revisions\/24209"}],"wp:featuredmedia":[{"embeddable":true,"href":"https:\/\/www.p31noticias.com.br\/index.php?rest_route=\/wp\/v2\/media\/24208"}],"wp:attachment":[{"href":"https:\/\/www.p31noticias.com.br\/index.php?rest_route=%2Fwp%2Fv2%2Fmedia&parent=24207"}],"wp:term":[{"taxonomy":"category","embeddable":true,"href":"https:\/\/www.p31noticias.com.br\/index.php?rest_route=%2Fwp%2Fv2%2Fcategories&post=24207"},{"taxonomy":"post_tag","embeddable":true,"href":"https:\/\/www.p31noticias.com.br\/index.php?rest_route=%2Fwp%2Fv2%2Ftags&post=24207"}],"curies":[{"name":"wp","href":"https:\/\/api.w.org\/{rel}","templated":true}]}}