{"id":24204,"date":"2021-08-31T13:06:22","date_gmt":"2021-08-31T16:06:22","guid":{"rendered":"https:\/\/p31noticias.com.br\/?p=24204"},"modified":"2021-08-31T13:06:22","modified_gmt":"2021-08-31T16:06:22","slug":"chuvas-podem-atingir-o-df-nesta-terca-feira-a-maxima-chegara-aos-29c","status":"publish","type":"post","link":"https:\/\/www.p31noticias.com.br\/?p=24204","title":{"rendered":"Chuvas podem atingir o DF nesta ter\u00e7a-feira. A m\u00e1xima chegar\u00e1 aos 29\u00b0C"},"content":{"rendered":"<p>A previs\u00e3o do tempo para o Distrito Federal nesta ter\u00e7a-feira (31\/8) apresenta tempo seco e quente. Mas, no final da tarde o brasiliense ter\u00e1 tr\u00e9gua. Segundo o Instituto de Nacional de Meteorologia (Inmet), deve chover novamente. Ap\u00f3s 75 dias de estiagem, na noite de segunda-feira (30\/8), v\u00e1rias regi\u00f5es administrativas registraram o que parecia distante: chuva.<\/p>\n<p>O Instituto confirmou que, por volta das 18h30, caiu 0,8mm de chuva em Brazl\u00e2ndia. Em seguida,o Correio recebeu diversos relatos de chuva em \u00c1guas Claras, no Guar\u00e1 1, no Parano\u00e1, no Setor de Ind\u00fastrias Gr\u00e1ficas (SIG) e no Plano Piloto. A \u00faltima vez que choveu no DF tinha sido em 15 de junho.<\/p>\n<p>De acordo com o meteorologista Mamedes Luiz, desde a semana passada come\u00e7ou uma movimenta\u00e7\u00e3o para chover no DF. Uma frente fria aumentou a umidade relativa do ar, trazendo chuva. &#8220;\u00c9 prov\u00e1vel que haja chuva no final da tarde\/in\u00edcio da noite hoje. Mas o tempo n\u00e3o ser\u00e1 t\u00e3o quente, pois a umidade relativa do ar aumentou e os term\u00f4metros v\u00e3o marcar no m\u00e1ximo 29\u00b0C&#8221;, explicou o profissional.<\/p>\n<p>A umidade relativa do ar vai variar entre 90% e 25%, sendo a mais baixa para o per\u00edodo da tarde. A temperatura m\u00e1xima ser\u00e1 de 29\u00baC e a m\u00ednima ser\u00e1 de 15\u00baC. De acordo com o Inmet, o c\u00e9u ter\u00e1 poucas nuvens e n\u00e9voa seca durante a manh\u00e3. Mas, prepare o guarda-chuva para o final da tarde, pois ter\u00e1 muitas nuvens com possibilidade de chuva isolada.<\/p>\n<p>Mesmo com a chegada das chuvas, a umidade relativa do ar continua baixa. A Defesa Civil orienta manter o corpo sempre bem hidratado. Portanto, beba bastante \u00e1gua, mesmo sem sentir sede. Fique atento \u00e0 hidrata\u00e7\u00e3o das crian\u00e7as, idosos e doentes. Aplique soro fisiol\u00f3gico no nariz e nos olhos para evitar o ressecamento.<\/p>\n<p>Tamb\u00e9m \u00e9 bom evitar a pr\u00e1tica de exerc\u00edcios f\u00edsicos ao ar livre entre 10h e 17h e n\u00e3o queimar lixo nem provocar queimadas por descuido ou desaten\u00e7\u00e3o.<\/p>\n<p>Fonte : Correio Braziliense.<\/p>\n","protected":false},"excerpt":{"rendered":"<p>A previs\u00e3o do tempo para o Distrito Federal nesta ter\u00e7a-feira (31\/8) apresenta tempo seco e quente. Mas, no final da tarde o brasiliense ter\u00e1 tr\u00e9gua. Segundo o Instituto de Nacional de Meteorologia (Inmet), deve chover novamente. Ap\u00f3s 75 dias de estiagem, na noite de segunda-feira (30\/8), v\u00e1rias regi\u00f5es administrativas registraram o que parecia distante: chuva. [&hellip;]<\/p>\n","protected":false},"author":5,"featured_media":24205,"comment_status":"open","ping_status":"open","sticky":false,"template":"","format":"standard","meta":{"footnotes":""},"categories":[1],"tags":[],"class_list":{"0":"post-24204","1":"post","2":"type-post","3":"status-publish","4":"format-standard","5":"has-post-thumbnail","7":"category-outros"},"yoast_head":"<!-- This site is optimized with the Yoast SEO Premium plugin v24.5 (Yoast SEO v27.5) - https:\/\/yoast.com\/product\/yoast-seo-premium-wordpress\/ -->\n<title>Chuvas podem atingir o DF nesta ter\u00e7a-feira. A m\u00e1xima chegar\u00e1 aos 29\u00b0C - P31<\/title>\n<meta name=\"robots\" content=\"index, follow, max-snippet:-1, max-image-preview:large, max-video-preview:-1\" \/>\n<link rel=\"canonical\" href=\"https:\/\/www.p31noticias.com.br\/?p=24204\" \/>\n<meta property=\"og:locale\" content=\"pt_BR\" \/>\n<meta property=\"og:type\" content=\"article\" \/>\n<meta property=\"og:title\" content=\"Chuvas podem atingir o DF nesta ter\u00e7a-feira. A m\u00e1xima chegar\u00e1 aos 29\u00b0C\" \/>\n<meta property=\"og:description\" content=\"A previs\u00e3o do tempo para o Distrito Federal nesta ter\u00e7a-feira (31\/8) apresenta tempo seco e quente. Mas, no final da tarde o brasiliense ter\u00e1 tr\u00e9gua. Segundo o Instituto de Nacional de Meteorologia (Inmet), deve chover novamente. Ap\u00f3s 75 dias de estiagem, na noite de segunda-feira (30\/8), v\u00e1rias regi\u00f5es administrativas registraram o que parecia distante: chuva. [&hellip;]\" \/>\n<meta property=\"og:url\" content=\"https:\/\/www.p31noticias.com.br\/?p=24204\" \/>\n<meta property=\"og:site_name\" content=\"P31\" \/>\n<meta property=\"article:published_time\" content=\"2021-08-31T16:06:22+00:00\" \/>\n<meta property=\"og:image\" content=\"https:\/\/www.p31noticias.com.br\/wp-content\/uploads\/2021\/08\/1_chuvas_apos_76_dias_de_estiagem_no_df-6832676.jpeg\" \/>\n\t<meta property=\"og:image:width\" content=\"675\" \/>\n\t<meta property=\"og:image:height\" content=\"450\" \/>\n\t<meta property=\"og:image:type\" content=\"image\/jpeg\" \/>\n<meta name=\"author\" content=\"Camilly Scheffer\" \/>\n<meta name=\"twitter:card\" content=\"summary_large_image\" \/>\n<meta name=\"twitter:label1\" content=\"Escrito por\" \/>\n\t<meta name=\"twitter:data1\" content=\"Camilly Scheffer\" \/>\n\t<meta name=\"twitter:label2\" content=\"Est. tempo de leitura\" \/>\n\t<meta name=\"twitter:data2\" content=\"2 minutos\" \/>\n<script type=\"application\/ld+json\" class=\"yoast-schema-graph\">{\"@context\":\"https:\\\/\\\/schema.org\",\"@graph\":[{\"@type\":\"Article\",\"@id\":\"https:\\\/\\\/www.p31noticias.com.br\\\/?p=24204#article\",\"isPartOf\":{\"@id\":\"https:\\\/\\\/www.p31noticias.com.br\\\/?p=24204\"},\"author\":{\"name\":\"Camilly Scheffer\",\"@id\":\"https:\\\/\\\/www.p31noticias.com.br\\\/#\\\/schema\\\/person\\\/d1bb0ccbf62b27e19ea4e75696908d43\"},\"headline\":\"Chuvas podem atingir o DF nesta ter\u00e7a-feira. A m\u00e1xima chegar\u00e1 aos 29\u00b0C\",\"datePublished\":\"2021-08-31T16:06:22+00:00\",\"mainEntityOfPage\":{\"@id\":\"https:\\\/\\\/www.p31noticias.com.br\\\/?p=24204\"},\"wordCount\":360,\"commentCount\":0,\"image\":{\"@id\":\"https:\\\/\\\/www.p31noticias.com.br\\\/?p=24204#primaryimage\"},\"thumbnailUrl\":\"https:\\\/\\\/www.p31noticias.com.br\\\/wp-content\\\/uploads\\\/2021\\\/08\\\/1_chuvas_apos_76_dias_de_estiagem_no_df-6832676.jpeg\",\"articleSection\":[\"Outros\"],\"inLanguage\":\"pt-BR\",\"potentialAction\":[{\"@type\":\"CommentAction\",\"name\":\"Comment\",\"target\":[\"https:\\\/\\\/www.p31noticias.com.br\\\/?p=24204#respond\"]}],\"copyrightYear\":\"2021\",\"copyrightHolder\":{\"@id\":\"https:\\\/\\\/www.p31noticias.com.br\\\/#organization\"}},{\"@type\":\"WebPage\",\"@id\":\"https:\\\/\\\/www.p31noticias.com.br\\\/?p=24204\",\"url\":\"https:\\\/\\\/www.p31noticias.com.br\\\/?p=24204\",\"name\":\"Chuvas podem atingir o DF nesta ter\u00e7a-feira. A m\u00e1xima chegar\u00e1 aos 29\u00b0C - P31\",\"isPartOf\":{\"@id\":\"https:\\\/\\\/www.p31noticias.com.br\\\/#website\"},\"primaryImageOfPage\":{\"@id\":\"https:\\\/\\\/www.p31noticias.com.br\\\/?p=24204#primaryimage\"},\"image\":{\"@id\":\"https:\\\/\\\/www.p31noticias.com.br\\\/?p=24204#primaryimage\"},\"thumbnailUrl\":\"https:\\\/\\\/www.p31noticias.com.br\\\/wp-content\\\/uploads\\\/2021\\\/08\\\/1_chuvas_apos_76_dias_de_estiagem_no_df-6832676.jpeg\",\"datePublished\":\"2021-08-31T16:06:22+00:00\",\"author\":{\"@id\":\"https:\\\/\\\/www.p31noticias.com.br\\\/#\\\/schema\\\/person\\\/d1bb0ccbf62b27e19ea4e75696908d43\"},\"breadcrumb\":{\"@id\":\"https:\\\/\\\/www.p31noticias.com.br\\\/?p=24204#breadcrumb\"},\"inLanguage\":\"pt-BR\",\"potentialAction\":[{\"@type\":\"ReadAction\",\"target\":[\"https:\\\/\\\/www.p31noticias.com.br\\\/?p=24204\"]}]},{\"@type\":\"ImageObject\",\"inLanguage\":\"pt-BR\",\"@id\":\"https:\\\/\\\/www.p31noticias.com.br\\\/?p=24204#primaryimage\",\"url\":\"https:\\\/\\\/www.p31noticias.com.br\\\/wp-content\\\/uploads\\\/2021\\\/08\\\/1_chuvas_apos_76_dias_de_estiagem_no_df-6832676.jpeg\",\"contentUrl\":\"https:\\\/\\\/www.p31noticias.com.br\\\/wp-content\\\/uploads\\\/2021\\\/08\\\/1_chuvas_apos_76_dias_de_estiagem_no_df-6832676.jpeg\",\"width\":675,\"height\":450},{\"@type\":\"BreadcrumbList\",\"@id\":\"https:\\\/\\\/www.p31noticias.com.br\\\/?p=24204#breadcrumb\",\"itemListElement\":[{\"@type\":\"ListItem\",\"position\":1,\"name\":\"In\u00edcio\",\"item\":\"https:\\\/\\\/www.p31noticias.com.br\\\/\"},{\"@type\":\"ListItem\",\"position\":2,\"name\":\"Chuvas podem atingir o DF nesta ter\u00e7a-feira. A m\u00e1xima chegar\u00e1 aos 29\u00b0C\"}]},{\"@type\":\"WebSite\",\"@id\":\"https:\\\/\\\/www.p31noticias.com.br\\\/#website\",\"url\":\"https:\\\/\\\/www.p31noticias.com.br\\\/\",\"name\":\"P31\",\"description\":\"NOT\u00cdCIAS\",\"potentialAction\":[{\"@type\":\"SearchAction\",\"target\":{\"@type\":\"EntryPoint\",\"urlTemplate\":\"https:\\\/\\\/www.p31noticias.com.br\\\/?s={search_term_string}\"},\"query-input\":{\"@type\":\"PropertyValueSpecification\",\"valueRequired\":true,\"valueName\":\"search_term_string\"}}],\"inLanguage\":\"pt-BR\"},{\"@type\":\"Person\",\"@id\":\"https:\\\/\\\/www.p31noticias.com.br\\\/#\\\/schema\\\/person\\\/d1bb0ccbf62b27e19ea4e75696908d43\",\"name\":\"Camilly Scheffer\",\"image\":{\"@type\":\"ImageObject\",\"inLanguage\":\"pt-BR\",\"@id\":\"https:\\\/\\\/secure.gravatar.com\\\/avatar\\\/06f4704b382d241ec2670712618fccea085b2db24d7b2d3b8691d904bbc1d557?s=96&d=mm&r=g\",\"url\":\"https:\\\/\\\/secure.gravatar.com\\\/avatar\\\/06f4704b382d241ec2670712618fccea085b2db24d7b2d3b8691d904bbc1d557?s=96&d=mm&r=g\",\"contentUrl\":\"https:\\\/\\\/secure.gravatar.com\\\/avatar\\\/06f4704b382d241ec2670712618fccea085b2db24d7b2d3b8691d904bbc1d557?s=96&d=mm&r=g\",\"caption\":\"Camilly Scheffer\"},\"url\":\"https:\\\/\\\/www.p31noticias.com.br\\\/?author=5\"}]}<\/script>\n<!-- \/ Yoast SEO Premium plugin. -->","yoast_head_json":{"title":"Chuvas podem atingir o DF nesta ter\u00e7a-feira. A m\u00e1xima chegar\u00e1 aos 29\u00b0C - P31","robots":{"index":"index","follow":"follow","max-snippet":"max-snippet:-1","max-image-preview":"max-image-preview:large","max-video-preview":"max-video-preview:-1"},"canonical":"https:\/\/www.p31noticias.com.br\/?p=24204","og_locale":"pt_BR","og_type":"article","og_title":"Chuvas podem atingir o DF nesta ter\u00e7a-feira. A m\u00e1xima chegar\u00e1 aos 29\u00b0C","og_description":"A previs\u00e3o do tempo para o Distrito Federal nesta ter\u00e7a-feira (31\/8) apresenta tempo seco e quente. Mas, no final da tarde o brasiliense ter\u00e1 tr\u00e9gua. Segundo o Instituto de Nacional de Meteorologia (Inmet), deve chover novamente. Ap\u00f3s 75 dias de estiagem, na noite de segunda-feira (30\/8), v\u00e1rias regi\u00f5es administrativas registraram o que parecia distante: chuva. [&hellip;]","og_url":"https:\/\/www.p31noticias.com.br\/?p=24204","og_site_name":"P31","article_published_time":"2021-08-31T16:06:22+00:00","og_image":[{"width":675,"height":450,"url":"https:\/\/www.p31noticias.com.br\/wp-content\/uploads\/2021\/08\/1_chuvas_apos_76_dias_de_estiagem_no_df-6832676.jpeg","type":"image\/jpeg"}],"author":"Camilly Scheffer","twitter_card":"summary_large_image","twitter_misc":{"Escrito por":"Camilly Scheffer","Est. tempo de leitura":"2 minutos"},"schema":{"@context":"https:\/\/schema.org","@graph":[{"@type":"Article","@id":"https:\/\/www.p31noticias.com.br\/?p=24204#article","isPartOf":{"@id":"https:\/\/www.p31noticias.com.br\/?p=24204"},"author":{"name":"Camilly Scheffer","@id":"https:\/\/www.p31noticias.com.br\/#\/schema\/person\/d1bb0ccbf62b27e19ea4e75696908d43"},"headline":"Chuvas podem atingir o DF nesta ter\u00e7a-feira. A m\u00e1xima chegar\u00e1 aos 29\u00b0C","datePublished":"2021-08-31T16:06:22+00:00","mainEntityOfPage":{"@id":"https:\/\/www.p31noticias.com.br\/?p=24204"},"wordCount":360,"commentCount":0,"image":{"@id":"https:\/\/www.p31noticias.com.br\/?p=24204#primaryimage"},"thumbnailUrl":"https:\/\/www.p31noticias.com.br\/wp-content\/uploads\/2021\/08\/1_chuvas_apos_76_dias_de_estiagem_no_df-6832676.jpeg","articleSection":["Outros"],"inLanguage":"pt-BR","potentialAction":[{"@type":"CommentAction","name":"Comment","target":["https:\/\/www.p31noticias.com.br\/?p=24204#respond"]}],"copyrightYear":"2021","copyrightHolder":{"@id":"https:\/\/www.p31noticias.com.br\/#organization"}},{"@type":"WebPage","@id":"https:\/\/www.p31noticias.com.br\/?p=24204","url":"https:\/\/www.p31noticias.com.br\/?p=24204","name":"Chuvas podem atingir o DF nesta ter\u00e7a-feira. A m\u00e1xima chegar\u00e1 aos 29\u00b0C - P31","isPartOf":{"@id":"https:\/\/www.p31noticias.com.br\/#website"},"primaryImageOfPage":{"@id":"https:\/\/www.p31noticias.com.br\/?p=24204#primaryimage"},"image":{"@id":"https:\/\/www.p31noticias.com.br\/?p=24204#primaryimage"},"thumbnailUrl":"https:\/\/www.p31noticias.com.br\/wp-content\/uploads\/2021\/08\/1_chuvas_apos_76_dias_de_estiagem_no_df-6832676.jpeg","datePublished":"2021-08-31T16:06:22+00:00","author":{"@id":"https:\/\/www.p31noticias.com.br\/#\/schema\/person\/d1bb0ccbf62b27e19ea4e75696908d43"},"breadcrumb":{"@id":"https:\/\/www.p31noticias.com.br\/?p=24204#breadcrumb"},"inLanguage":"pt-BR","potentialAction":[{"@type":"ReadAction","target":["https:\/\/www.p31noticias.com.br\/?p=24204"]}]},{"@type":"ImageObject","inLanguage":"pt-BR","@id":"https:\/\/www.p31noticias.com.br\/?p=24204#primaryimage","url":"https:\/\/www.p31noticias.com.br\/wp-content\/uploads\/2021\/08\/1_chuvas_apos_76_dias_de_estiagem_no_df-6832676.jpeg","contentUrl":"https:\/\/www.p31noticias.com.br\/wp-content\/uploads\/2021\/08\/1_chuvas_apos_76_dias_de_estiagem_no_df-6832676.jpeg","width":675,"height":450},{"@type":"BreadcrumbList","@id":"https:\/\/www.p31noticias.com.br\/?p=24204#breadcrumb","itemListElement":[{"@type":"ListItem","position":1,"name":"In\u00edcio","item":"https:\/\/www.p31noticias.com.br\/"},{"@type":"ListItem","position":2,"name":"Chuvas podem atingir o DF nesta ter\u00e7a-feira. A m\u00e1xima chegar\u00e1 aos 29\u00b0C"}]},{"@type":"WebSite","@id":"https:\/\/www.p31noticias.com.br\/#website","url":"https:\/\/www.p31noticias.com.br\/","name":"P31","description":"NOT\u00cdCIAS","potentialAction":[{"@type":"SearchAction","target":{"@type":"EntryPoint","urlTemplate":"https:\/\/www.p31noticias.com.br\/?s={search_term_string}"},"query-input":{"@type":"PropertyValueSpecification","valueRequired":true,"valueName":"search_term_string"}}],"inLanguage":"pt-BR"},{"@type":"Person","@id":"https:\/\/www.p31noticias.com.br\/#\/schema\/person\/d1bb0ccbf62b27e19ea4e75696908d43","name":"Camilly Scheffer","image":{"@type":"ImageObject","inLanguage":"pt-BR","@id":"https:\/\/secure.gravatar.com\/avatar\/06f4704b382d241ec2670712618fccea085b2db24d7b2d3b8691d904bbc1d557?s=96&d=mm&r=g","url":"https:\/\/secure.gravatar.com\/avatar\/06f4704b382d241ec2670712618fccea085b2db24d7b2d3b8691d904bbc1d557?s=96&d=mm&r=g","contentUrl":"https:\/\/secure.gravatar.com\/avatar\/06f4704b382d241ec2670712618fccea085b2db24d7b2d3b8691d904bbc1d557?s=96&d=mm&r=g","caption":"Camilly Scheffer"},"url":"https:\/\/www.p31noticias.com.br\/?author=5"}]}},"amp_enabled":true,"_links":{"self":[{"href":"https:\/\/www.p31noticias.com.br\/index.php?rest_route=\/wp\/v2\/posts\/24204","targetHints":{"allow":["GET"]}}],"collection":[{"href":"https:\/\/www.p31noticias.com.br\/index.php?rest_route=\/wp\/v2\/posts"}],"about":[{"href":"https:\/\/www.p31noticias.com.br\/index.php?rest_route=\/wp\/v2\/types\/post"}],"author":[{"embeddable":true,"href":"https:\/\/www.p31noticias.com.br\/index.php?rest_route=\/wp\/v2\/users\/5"}],"replies":[{"embeddable":true,"href":"https:\/\/www.p31noticias.com.br\/index.php?rest_route=%2Fwp%2Fv2%2Fcomments&post=24204"}],"version-history":[{"count":1,"href":"https:\/\/www.p31noticias.com.br\/index.php?rest_route=\/wp\/v2\/posts\/24204\/revisions"}],"predecessor-version":[{"id":24206,"href":"https:\/\/www.p31noticias.com.br\/index.php?rest_route=\/wp\/v2\/posts\/24204\/revisions\/24206"}],"wp:featuredmedia":[{"embeddable":true,"href":"https:\/\/www.p31noticias.com.br\/index.php?rest_route=\/wp\/v2\/media\/24205"}],"wp:attachment":[{"href":"https:\/\/www.p31noticias.com.br\/index.php?rest_route=%2Fwp%2Fv2%2Fmedia&parent=24204"}],"wp:term":[{"taxonomy":"category","embeddable":true,"href":"https:\/\/www.p31noticias.com.br\/index.php?rest_route=%2Fwp%2Fv2%2Fcategories&post=24204"},{"taxonomy":"post_tag","embeddable":true,"href":"https:\/\/www.p31noticias.com.br\/index.php?rest_route=%2Fwp%2Fv2%2Ftags&post=24204"}],"curies":[{"name":"wp","href":"https:\/\/api.w.org\/{rel}","templated":true}]}}