{"id":24125,"date":"2021-08-26T15:54:42","date_gmt":"2021-08-26T18:54:42","guid":{"rendered":"https:\/\/p31noticias.com.br\/?p=24125"},"modified":"2021-08-26T15:54:42","modified_gmt":"2021-08-26T18:54:42","slug":"anvisa-autoriza-testes-de-mais-uma-vacina-contra-covid","status":"publish","type":"post","link":"https:\/\/www.p31noticias.com.br\/?p=24125","title":{"rendered":"Anvisa autoriza testes de mais uma vacina contra covid"},"content":{"rendered":"<p>Uma nova vacina contra covid-19 desenvolvida por laborat\u00f3rios dos Estados Unidos e da \u00cdndia, em parceria com o Senai Cimatec (Servi\u00e7o Nacional de Aprendizagem Industrial) da Bahia, obteve autoriza\u00e7\u00e3o de testes em humanos pela Anvisa (Ag\u00eancia Nacional de Vigil\u00e2ncia Sanit\u00e1ria) nesta quinta-feira (26).<\/p>\n<p>O estudo \u00e9 de fase 1 e ser\u00e1 feito com 90 volunt\u00e1rios adultos saud\u00e1veis, com idades entre 18 e 55 anos. O trabalho ser\u00e1 conduzido no Hospital da Bahia, em Salvador.<\/p>\n<p>Este \u00e9 o 13\u00ba ensaio cl\u00ednico de uma vacina anticovid autorizado no Brasil pela Anvisa.<\/p>\n<p>Nos Estados Unidos, outros 78 volunt\u00e1rios v\u00e3o participar desta fase de teste, que verifica a seguran\u00e7a e o regime de dose.<\/p>\n<p>&#8220;A vacina ser\u00e1 avaliada em um cronograma de dose \u00fanica e duas doses com intervalos diferentes. O primeiro grupo receber\u00e1 duas doses com intervalo de 29 dias. J\u00e1 o segundo grupo receber\u00e1 duas doses com intervalo de 57 dias. O terceiro grupo de volunt\u00e1rios receber\u00e1 uma dose \u00fanica da vacina. Ser\u00e3o avaliados tr\u00eas n\u00edveis de dose (1 \u03bcg, 5 \u03bcg ou 25 \u03bcg) no ensaio cl\u00ednico aprovado&#8221;, acrescenta a ag\u00eancia reguladora em nota.<\/p>\n<p>A vacina \u00e9 baseada em uma tecnologia de RNA replicon (repRNA) auto amplificante, capaz de codificar a prote\u00edna spike do coronav\u00edrus causador da covid-19.<\/p>\n<p>Induzir resposta imune a esta prote\u00edna \u00e9 o alvo da maioria das vacinas anticovid, j\u00e1 que a spike \u00e9 respons\u00e1vel pela liga\u00e7\u00e3o do v\u00edrus com receptores nas c\u00e9lulas humanas.<\/p>\n<p>O projeto da vacina \u00e9 da empresa norte-americana HDT Bio Corp. da indiana Gennova Biopharmaceuticals e tem apoio do MCTI (Minist\u00e9rio de Ci\u00eancia e Tecnologia) brasileiro, por meio do Senai Cimatec da Bahia.<\/p>\n<p>Fonte : R7.<\/p>\n","protected":false},"excerpt":{"rendered":"<p>Uma nova vacina contra covid-19 desenvolvida por laborat\u00f3rios dos Estados Unidos e da \u00cdndia, em parceria com o Senai Cimatec (Servi\u00e7o Nacional de Aprendizagem Industrial) da Bahia, obteve autoriza\u00e7\u00e3o de testes em humanos pela Anvisa (Ag\u00eancia Nacional de Vigil\u00e2ncia Sanit\u00e1ria) nesta quinta-feira (26). O estudo \u00e9 de fase 1 e ser\u00e1 feito com 90 volunt\u00e1rios [&hellip;]<\/p>\n","protected":false},"author":5,"featured_media":24126,"comment_status":"open","ping_status":"open","sticky":false,"template":"","format":"standard","meta":{"footnotes":""},"categories":[124],"tags":[],"class_list":{"0":"post-24125","1":"post","2":"type-post","3":"status-publish","4":"format-standard","5":"has-post-thumbnail","7":"category-saude"},"yoast_head":"<!-- This site is optimized with the Yoast SEO Premium plugin v24.5 (Yoast SEO v27.5) - https:\/\/yoast.com\/product\/yoast-seo-premium-wordpress\/ -->\n<title>Anvisa autoriza testes de mais uma vacina contra covid - P31<\/title>\n<meta name=\"robots\" content=\"index, follow, max-snippet:-1, max-image-preview:large, max-video-preview:-1\" \/>\n<link rel=\"canonical\" href=\"https:\/\/www.p31noticias.com.br\/?p=24125\" \/>\n<meta property=\"og:locale\" content=\"pt_BR\" \/>\n<meta property=\"og:type\" content=\"article\" \/>\n<meta property=\"og:title\" content=\"Anvisa autoriza testes de mais uma vacina contra covid\" \/>\n<meta property=\"og:description\" content=\"Uma nova vacina contra covid-19 desenvolvida por laborat\u00f3rios dos Estados Unidos e da \u00cdndia, em parceria com o Senai Cimatec (Servi\u00e7o Nacional de Aprendizagem Industrial) da Bahia, obteve autoriza\u00e7\u00e3o de testes em humanos pela Anvisa (Ag\u00eancia Nacional de Vigil\u00e2ncia Sanit\u00e1ria) nesta quinta-feira (26). O estudo \u00e9 de fase 1 e ser\u00e1 feito com 90 volunt\u00e1rios [&hellip;]\" \/>\n<meta property=\"og:url\" content=\"https:\/\/www.p31noticias.com.br\/?p=24125\" \/>\n<meta property=\"og:site_name\" content=\"P31\" \/>\n<meta property=\"article:published_time\" content=\"2021-08-26T18:54:42+00:00\" \/>\n<meta property=\"og:image\" content=\"https:\/\/www.p31noticias.com.br\/wp-content\/uploads\/2021\/08\/sars-cov-2-15072020171356316.jpeg\" \/>\n\t<meta property=\"og:image:width\" content=\"770\" \/>\n\t<meta property=\"og:image:height\" content=\"420\" \/>\n\t<meta property=\"og:image:type\" content=\"image\/jpeg\" \/>\n<meta name=\"author\" content=\"Camilly Scheffer\" \/>\n<meta name=\"twitter:card\" content=\"summary_large_image\" \/>\n<meta name=\"twitter:label1\" content=\"Escrito por\" \/>\n\t<meta name=\"twitter:data1\" content=\"Camilly Scheffer\" \/>\n\t<meta name=\"twitter:label2\" content=\"Est. tempo de leitura\" \/>\n\t<meta name=\"twitter:data2\" content=\"1 minuto\" \/>\n<script type=\"application\/ld+json\" class=\"yoast-schema-graph\">{\"@context\":\"https:\\\/\\\/schema.org\",\"@graph\":[{\"@type\":\"Article\",\"@id\":\"https:\\\/\\\/www.p31noticias.com.br\\\/?p=24125#article\",\"isPartOf\":{\"@id\":\"https:\\\/\\\/www.p31noticias.com.br\\\/?p=24125\"},\"author\":{\"name\":\"Camilly Scheffer\",\"@id\":\"https:\\\/\\\/www.p31noticias.com.br\\\/#\\\/schema\\\/person\\\/d1bb0ccbf62b27e19ea4e75696908d43\"},\"headline\":\"Anvisa autoriza testes de mais uma vacina contra covid\",\"datePublished\":\"2021-08-26T18:54:42+00:00\",\"mainEntityOfPage\":{\"@id\":\"https:\\\/\\\/www.p31noticias.com.br\\\/?p=24125\"},\"wordCount\":289,\"commentCount\":0,\"image\":{\"@id\":\"https:\\\/\\\/www.p31noticias.com.br\\\/?p=24125#primaryimage\"},\"thumbnailUrl\":\"https:\\\/\\\/www.p31noticias.com.br\\\/wp-content\\\/uploads\\\/2021\\\/08\\\/sars-cov-2-15072020171356316.jpeg\",\"articleSection\":[\"Sa\u00fade\"],\"inLanguage\":\"pt-BR\",\"potentialAction\":[{\"@type\":\"CommentAction\",\"name\":\"Comment\",\"target\":[\"https:\\\/\\\/www.p31noticias.com.br\\\/?p=24125#respond\"]}],\"copyrightYear\":\"2021\",\"copyrightHolder\":{\"@id\":\"https:\\\/\\\/www.p31noticias.com.br\\\/#organization\"}},{\"@type\":\"WebPage\",\"@id\":\"https:\\\/\\\/www.p31noticias.com.br\\\/?p=24125\",\"url\":\"https:\\\/\\\/www.p31noticias.com.br\\\/?p=24125\",\"name\":\"Anvisa autoriza testes de mais uma vacina contra covid - P31\",\"isPartOf\":{\"@id\":\"https:\\\/\\\/www.p31noticias.com.br\\\/#website\"},\"primaryImageOfPage\":{\"@id\":\"https:\\\/\\\/www.p31noticias.com.br\\\/?p=24125#primaryimage\"},\"image\":{\"@id\":\"https:\\\/\\\/www.p31noticias.com.br\\\/?p=24125#primaryimage\"},\"thumbnailUrl\":\"https:\\\/\\\/www.p31noticias.com.br\\\/wp-content\\\/uploads\\\/2021\\\/08\\\/sars-cov-2-15072020171356316.jpeg\",\"datePublished\":\"2021-08-26T18:54:42+00:00\",\"author\":{\"@id\":\"https:\\\/\\\/www.p31noticias.com.br\\\/#\\\/schema\\\/person\\\/d1bb0ccbf62b27e19ea4e75696908d43\"},\"breadcrumb\":{\"@id\":\"https:\\\/\\\/www.p31noticias.com.br\\\/?p=24125#breadcrumb\"},\"inLanguage\":\"pt-BR\",\"potentialAction\":[{\"@type\":\"ReadAction\",\"target\":[\"https:\\\/\\\/www.p31noticias.com.br\\\/?p=24125\"]}]},{\"@type\":\"ImageObject\",\"inLanguage\":\"pt-BR\",\"@id\":\"https:\\\/\\\/www.p31noticias.com.br\\\/?p=24125#primaryimage\",\"url\":\"https:\\\/\\\/www.p31noticias.com.br\\\/wp-content\\\/uploads\\\/2021\\\/08\\\/sars-cov-2-15072020171356316.jpeg\",\"contentUrl\":\"https:\\\/\\\/www.p31noticias.com.br\\\/wp-content\\\/uploads\\\/2021\\\/08\\\/sars-cov-2-15072020171356316.jpeg\",\"width\":770,\"height\":420},{\"@type\":\"BreadcrumbList\",\"@id\":\"https:\\\/\\\/www.p31noticias.com.br\\\/?p=24125#breadcrumb\",\"itemListElement\":[{\"@type\":\"ListItem\",\"position\":1,\"name\":\"In\u00edcio\",\"item\":\"https:\\\/\\\/www.p31noticias.com.br\\\/\"},{\"@type\":\"ListItem\",\"position\":2,\"name\":\"Anvisa autoriza testes de mais uma vacina contra covid\"}]},{\"@type\":\"WebSite\",\"@id\":\"https:\\\/\\\/www.p31noticias.com.br\\\/#website\",\"url\":\"https:\\\/\\\/www.p31noticias.com.br\\\/\",\"name\":\"P31\",\"description\":\"NOT\u00cdCIAS\",\"potentialAction\":[{\"@type\":\"SearchAction\",\"target\":{\"@type\":\"EntryPoint\",\"urlTemplate\":\"https:\\\/\\\/www.p31noticias.com.br\\\/?s={search_term_string}\"},\"query-input\":{\"@type\":\"PropertyValueSpecification\",\"valueRequired\":true,\"valueName\":\"search_term_string\"}}],\"inLanguage\":\"pt-BR\"},{\"@type\":\"Person\",\"@id\":\"https:\\\/\\\/www.p31noticias.com.br\\\/#\\\/schema\\\/person\\\/d1bb0ccbf62b27e19ea4e75696908d43\",\"name\":\"Camilly Scheffer\",\"image\":{\"@type\":\"ImageObject\",\"inLanguage\":\"pt-BR\",\"@id\":\"https:\\\/\\\/secure.gravatar.com\\\/avatar\\\/06f4704b382d241ec2670712618fccea085b2db24d7b2d3b8691d904bbc1d557?s=96&d=mm&r=g\",\"url\":\"https:\\\/\\\/secure.gravatar.com\\\/avatar\\\/06f4704b382d241ec2670712618fccea085b2db24d7b2d3b8691d904bbc1d557?s=96&d=mm&r=g\",\"contentUrl\":\"https:\\\/\\\/secure.gravatar.com\\\/avatar\\\/06f4704b382d241ec2670712618fccea085b2db24d7b2d3b8691d904bbc1d557?s=96&d=mm&r=g\",\"caption\":\"Camilly Scheffer\"},\"url\":\"https:\\\/\\\/www.p31noticias.com.br\\\/?author=5\"}]}<\/script>\n<!-- \/ Yoast SEO Premium plugin. -->","yoast_head_json":{"title":"Anvisa autoriza testes de mais uma vacina contra covid - P31","robots":{"index":"index","follow":"follow","max-snippet":"max-snippet:-1","max-image-preview":"max-image-preview:large","max-video-preview":"max-video-preview:-1"},"canonical":"https:\/\/www.p31noticias.com.br\/?p=24125","og_locale":"pt_BR","og_type":"article","og_title":"Anvisa autoriza testes de mais uma vacina contra covid","og_description":"Uma nova vacina contra covid-19 desenvolvida por laborat\u00f3rios dos Estados Unidos e da \u00cdndia, em parceria com o Senai Cimatec (Servi\u00e7o Nacional de Aprendizagem Industrial) da Bahia, obteve autoriza\u00e7\u00e3o de testes em humanos pela Anvisa (Ag\u00eancia Nacional de Vigil\u00e2ncia Sanit\u00e1ria) nesta quinta-feira (26). O estudo \u00e9 de fase 1 e ser\u00e1 feito com 90 volunt\u00e1rios [&hellip;]","og_url":"https:\/\/www.p31noticias.com.br\/?p=24125","og_site_name":"P31","article_published_time":"2021-08-26T18:54:42+00:00","og_image":[{"width":770,"height":420,"url":"https:\/\/www.p31noticias.com.br\/wp-content\/uploads\/2021\/08\/sars-cov-2-15072020171356316.jpeg","type":"image\/jpeg"}],"author":"Camilly Scheffer","twitter_card":"summary_large_image","twitter_misc":{"Escrito por":"Camilly Scheffer","Est. tempo de leitura":"1 minuto"},"schema":{"@context":"https:\/\/schema.org","@graph":[{"@type":"Article","@id":"https:\/\/www.p31noticias.com.br\/?p=24125#article","isPartOf":{"@id":"https:\/\/www.p31noticias.com.br\/?p=24125"},"author":{"name":"Camilly Scheffer","@id":"https:\/\/www.p31noticias.com.br\/#\/schema\/person\/d1bb0ccbf62b27e19ea4e75696908d43"},"headline":"Anvisa autoriza testes de mais uma vacina contra covid","datePublished":"2021-08-26T18:54:42+00:00","mainEntityOfPage":{"@id":"https:\/\/www.p31noticias.com.br\/?p=24125"},"wordCount":289,"commentCount":0,"image":{"@id":"https:\/\/www.p31noticias.com.br\/?p=24125#primaryimage"},"thumbnailUrl":"https:\/\/www.p31noticias.com.br\/wp-content\/uploads\/2021\/08\/sars-cov-2-15072020171356316.jpeg","articleSection":["Sa\u00fade"],"inLanguage":"pt-BR","potentialAction":[{"@type":"CommentAction","name":"Comment","target":["https:\/\/www.p31noticias.com.br\/?p=24125#respond"]}],"copyrightYear":"2021","copyrightHolder":{"@id":"https:\/\/www.p31noticias.com.br\/#organization"}},{"@type":"WebPage","@id":"https:\/\/www.p31noticias.com.br\/?p=24125","url":"https:\/\/www.p31noticias.com.br\/?p=24125","name":"Anvisa autoriza testes de mais uma vacina contra covid - P31","isPartOf":{"@id":"https:\/\/www.p31noticias.com.br\/#website"},"primaryImageOfPage":{"@id":"https:\/\/www.p31noticias.com.br\/?p=24125#primaryimage"},"image":{"@id":"https:\/\/www.p31noticias.com.br\/?p=24125#primaryimage"},"thumbnailUrl":"https:\/\/www.p31noticias.com.br\/wp-content\/uploads\/2021\/08\/sars-cov-2-15072020171356316.jpeg","datePublished":"2021-08-26T18:54:42+00:00","author":{"@id":"https:\/\/www.p31noticias.com.br\/#\/schema\/person\/d1bb0ccbf62b27e19ea4e75696908d43"},"breadcrumb":{"@id":"https:\/\/www.p31noticias.com.br\/?p=24125#breadcrumb"},"inLanguage":"pt-BR","potentialAction":[{"@type":"ReadAction","target":["https:\/\/www.p31noticias.com.br\/?p=24125"]}]},{"@type":"ImageObject","inLanguage":"pt-BR","@id":"https:\/\/www.p31noticias.com.br\/?p=24125#primaryimage","url":"https:\/\/www.p31noticias.com.br\/wp-content\/uploads\/2021\/08\/sars-cov-2-15072020171356316.jpeg","contentUrl":"https:\/\/www.p31noticias.com.br\/wp-content\/uploads\/2021\/08\/sars-cov-2-15072020171356316.jpeg","width":770,"height":420},{"@type":"BreadcrumbList","@id":"https:\/\/www.p31noticias.com.br\/?p=24125#breadcrumb","itemListElement":[{"@type":"ListItem","position":1,"name":"In\u00edcio","item":"https:\/\/www.p31noticias.com.br\/"},{"@type":"ListItem","position":2,"name":"Anvisa autoriza testes de mais uma vacina contra covid"}]},{"@type":"WebSite","@id":"https:\/\/www.p31noticias.com.br\/#website","url":"https:\/\/www.p31noticias.com.br\/","name":"P31","description":"NOT\u00cdCIAS","potentialAction":[{"@type":"SearchAction","target":{"@type":"EntryPoint","urlTemplate":"https:\/\/www.p31noticias.com.br\/?s={search_term_string}"},"query-input":{"@type":"PropertyValueSpecification","valueRequired":true,"valueName":"search_term_string"}}],"inLanguage":"pt-BR"},{"@type":"Person","@id":"https:\/\/www.p31noticias.com.br\/#\/schema\/person\/d1bb0ccbf62b27e19ea4e75696908d43","name":"Camilly Scheffer","image":{"@type":"ImageObject","inLanguage":"pt-BR","@id":"https:\/\/secure.gravatar.com\/avatar\/06f4704b382d241ec2670712618fccea085b2db24d7b2d3b8691d904bbc1d557?s=96&d=mm&r=g","url":"https:\/\/secure.gravatar.com\/avatar\/06f4704b382d241ec2670712618fccea085b2db24d7b2d3b8691d904bbc1d557?s=96&d=mm&r=g","contentUrl":"https:\/\/secure.gravatar.com\/avatar\/06f4704b382d241ec2670712618fccea085b2db24d7b2d3b8691d904bbc1d557?s=96&d=mm&r=g","caption":"Camilly Scheffer"},"url":"https:\/\/www.p31noticias.com.br\/?author=5"}]}},"amp_enabled":true,"_links":{"self":[{"href":"https:\/\/www.p31noticias.com.br\/index.php?rest_route=\/wp\/v2\/posts\/24125","targetHints":{"allow":["GET"]}}],"collection":[{"href":"https:\/\/www.p31noticias.com.br\/index.php?rest_route=\/wp\/v2\/posts"}],"about":[{"href":"https:\/\/www.p31noticias.com.br\/index.php?rest_route=\/wp\/v2\/types\/post"}],"author":[{"embeddable":true,"href":"https:\/\/www.p31noticias.com.br\/index.php?rest_route=\/wp\/v2\/users\/5"}],"replies":[{"embeddable":true,"href":"https:\/\/www.p31noticias.com.br\/index.php?rest_route=%2Fwp%2Fv2%2Fcomments&post=24125"}],"version-history":[{"count":1,"href":"https:\/\/www.p31noticias.com.br\/index.php?rest_route=\/wp\/v2\/posts\/24125\/revisions"}],"predecessor-version":[{"id":24127,"href":"https:\/\/www.p31noticias.com.br\/index.php?rest_route=\/wp\/v2\/posts\/24125\/revisions\/24127"}],"wp:featuredmedia":[{"embeddable":true,"href":"https:\/\/www.p31noticias.com.br\/index.php?rest_route=\/wp\/v2\/media\/24126"}],"wp:attachment":[{"href":"https:\/\/www.p31noticias.com.br\/index.php?rest_route=%2Fwp%2Fv2%2Fmedia&parent=24125"}],"wp:term":[{"taxonomy":"category","embeddable":true,"href":"https:\/\/www.p31noticias.com.br\/index.php?rest_route=%2Fwp%2Fv2%2Fcategories&post=24125"},{"taxonomy":"post_tag","embeddable":true,"href":"https:\/\/www.p31noticias.com.br\/index.php?rest_route=%2Fwp%2Fv2%2Ftags&post=24125"}],"curies":[{"name":"wp","href":"https:\/\/api.w.org\/{rel}","templated":true}]}}