{"id":24116,"date":"2021-08-26T15:43:58","date_gmt":"2021-08-26T18:43:58","guid":{"rendered":"https:\/\/p31noticias.com.br\/?p=24116"},"modified":"2021-08-26T15:43:58","modified_gmt":"2021-08-26T18:43:58","slug":"biden-adia-encontro-com-premie-de-israel-apos-explosoes-em-cabul","status":"publish","type":"post","link":"https:\/\/www.p31noticias.com.br\/?p=24116","title":{"rendered":"Biden adia encontro com premi\u00ea de Israel ap\u00f3s explos\u00f5es em Cabul"},"content":{"rendered":"<p>A Casa Branca informou que a reuni\u00e3o entre ambos foi adiada e n\u00e3o divulgou um novo hor\u00e1rio para o in\u00edcio. Neste momento, Biden est\u00e1 na Sala de Crise acompanhando o que houve em Cabul, onde h\u00e1 v\u00edtimas americanas, junto com o secret\u00e1rio de Estado, Antony Blinken, e o da Defesa, Lloyd Austin, segundo a imprensa local.<\/p>\n<p>Em comunicado, um porta-voz do gabinete de Bennett tamb\u00e9m confirmou que a reuni\u00e3o &#8220;foi adiada momentaneamente&#8221; devido &#8220;aos acontecimentos no Afeganist\u00e3o&#8221;.<\/p>\n<p>Tamb\u00e9m estava prevista para esta quinta-feira uma entrevista coletiva com a equipe que coordena o combate \u00e0 pandemia de covid-19 nos EUA.<\/p>\n<p>A vice-presidente americana, Kamala Harris, que est\u00e1 em Guam a caminho dos EUA, ap\u00f3s ter visitado o Vietn\u00e3, foi informada sobre os ataques em Cabul, disse um funcion\u00e1rio de alto cargo do governo.<\/p>\n<p>O Pent\u00e1gono confirmou que ocorreram ao menos duas explos\u00f5es fora do aeroporto de Cabul e que esses ataques deixaram &#8220;v\u00e1rias v\u00edtimas americanas e civis&#8221;.<\/p>\n<p>Segundo a r\u00e1dio p\u00fablica &#8220;NPR&#8221; e a emissora &#8220;Fox&#8221;, tr\u00eas militares americanos ficaram feridos, informa\u00e7\u00f5es que n\u00e3o foram confirmadas por nenhuma fonte oficial.<\/p>\n<p>A imprensa afeg\u00e3 e a ONG italiana Emergency, que tem um hospital em Cabul, afirmaram que mais de dez pessoas morreram e cerca de 60 ficaram feridos em duas explos\u00f5es perto do aeroporto, onde milhares de afeg\u00e3os se aglomeravam para tentar sair do pa\u00eds algum voo de evacua\u00e7\u00e3o.<\/p>\n<p>Fonte : R7.<\/p>\n","protected":false},"excerpt":{"rendered":"<p>A Casa Branca informou que a reuni\u00e3o entre ambos foi adiada e n\u00e3o divulgou um novo hor\u00e1rio para o in\u00edcio. Neste momento, Biden est\u00e1 na Sala de Crise acompanhando o que houve em Cabul, onde h\u00e1 v\u00edtimas americanas, junto com o secret\u00e1rio de Estado, Antony Blinken, e o da Defesa, Lloyd Austin, segundo a imprensa [&hellip;]<\/p>\n","protected":false},"author":5,"featured_media":24117,"comment_status":"open","ping_status":"open","sticky":false,"template":"","format":"standard","meta":{"footnotes":""},"categories":[1],"tags":[],"class_list":{"0":"post-24116","1":"post","2":"type-post","3":"status-publish","4":"format-standard","5":"has-post-thumbnail","7":"category-outros"},"yoast_head":"<!-- This site is optimized with the Yoast SEO Premium plugin v24.5 (Yoast SEO v27.5) - https:\/\/yoast.com\/product\/yoast-seo-premium-wordpress\/ -->\n<title>Biden adia encontro com premi\u00ea de Israel ap\u00f3s explos\u00f5es em Cabul - P31<\/title>\n<meta name=\"robots\" content=\"index, follow, max-snippet:-1, max-image-preview:large, max-video-preview:-1\" \/>\n<link rel=\"canonical\" href=\"https:\/\/www.p31noticias.com.br\/?p=24116\" \/>\n<meta property=\"og:locale\" content=\"pt_BR\" \/>\n<meta property=\"og:type\" content=\"article\" \/>\n<meta property=\"og:title\" content=\"Biden adia encontro com premi\u00ea de Israel ap\u00f3s explos\u00f5es em Cabul\" \/>\n<meta property=\"og:description\" content=\"A Casa Branca informou que a reuni\u00e3o entre ambos foi adiada e n\u00e3o divulgou um novo hor\u00e1rio para o in\u00edcio. Neste momento, Biden est\u00e1 na Sala de Crise acompanhando o que houve em Cabul, onde h\u00e1 v\u00edtimas americanas, junto com o secret\u00e1rio de Estado, Antony Blinken, e o da Defesa, Lloyd Austin, segundo a imprensa [&hellip;]\" \/>\n<meta property=\"og:url\" content=\"https:\/\/www.p31noticias.com.br\/?p=24116\" \/>\n<meta property=\"og:site_name\" content=\"P31\" \/>\n<meta property=\"article:published_time\" content=\"2021-08-26T18:43:58+00:00\" \/>\n<meta property=\"og:image\" content=\"https:\/\/www.p31noticias.com.br\/wp-content\/uploads\/2021\/08\/afeganistao-cabul-atentado-aeroporto-26082021151457986.jpeg\" \/>\n\t<meta property=\"og:image:width\" content=\"771\" \/>\n\t<meta property=\"og:image:height\" content=\"420\" \/>\n\t<meta property=\"og:image:type\" content=\"image\/jpeg\" \/>\n<meta name=\"author\" content=\"Camilly Scheffer\" \/>\n<meta name=\"twitter:card\" content=\"summary_large_image\" \/>\n<meta name=\"twitter:label1\" content=\"Escrito por\" \/>\n\t<meta name=\"twitter:data1\" content=\"Camilly Scheffer\" \/>\n\t<meta name=\"twitter:label2\" content=\"Est. tempo de leitura\" \/>\n\t<meta name=\"twitter:data2\" content=\"1 minuto\" \/>\n<script type=\"application\/ld+json\" class=\"yoast-schema-graph\">{\"@context\":\"https:\\\/\\\/schema.org\",\"@graph\":[{\"@type\":\"Article\",\"@id\":\"https:\\\/\\\/www.p31noticias.com.br\\\/?p=24116#article\",\"isPartOf\":{\"@id\":\"https:\\\/\\\/www.p31noticias.com.br\\\/?p=24116\"},\"author\":{\"name\":\"Camilly Scheffer\",\"@id\":\"https:\\\/\\\/www.p31noticias.com.br\\\/#\\\/schema\\\/person\\\/d1bb0ccbf62b27e19ea4e75696908d43\"},\"headline\":\"Biden adia encontro com premi\u00ea de Israel ap\u00f3s explos\u00f5es em Cabul\",\"datePublished\":\"2021-08-26T18:43:58+00:00\",\"mainEntityOfPage\":{\"@id\":\"https:\\\/\\\/www.p31noticias.com.br\\\/?p=24116\"},\"wordCount\":265,\"commentCount\":0,\"image\":{\"@id\":\"https:\\\/\\\/www.p31noticias.com.br\\\/?p=24116#primaryimage\"},\"thumbnailUrl\":\"https:\\\/\\\/www.p31noticias.com.br\\\/wp-content\\\/uploads\\\/2021\\\/08\\\/afeganistao-cabul-atentado-aeroporto-26082021151457986.jpeg\",\"articleSection\":[\"Outros\"],\"inLanguage\":\"pt-BR\",\"potentialAction\":[{\"@type\":\"CommentAction\",\"name\":\"Comment\",\"target\":[\"https:\\\/\\\/www.p31noticias.com.br\\\/?p=24116#respond\"]}],\"copyrightYear\":\"2021\",\"copyrightHolder\":{\"@id\":\"https:\\\/\\\/www.p31noticias.com.br\\\/#organization\"}},{\"@type\":\"WebPage\",\"@id\":\"https:\\\/\\\/www.p31noticias.com.br\\\/?p=24116\",\"url\":\"https:\\\/\\\/www.p31noticias.com.br\\\/?p=24116\",\"name\":\"Biden adia encontro com premi\u00ea de Israel ap\u00f3s explos\u00f5es em Cabul - P31\",\"isPartOf\":{\"@id\":\"https:\\\/\\\/www.p31noticias.com.br\\\/#website\"},\"primaryImageOfPage\":{\"@id\":\"https:\\\/\\\/www.p31noticias.com.br\\\/?p=24116#primaryimage\"},\"image\":{\"@id\":\"https:\\\/\\\/www.p31noticias.com.br\\\/?p=24116#primaryimage\"},\"thumbnailUrl\":\"https:\\\/\\\/www.p31noticias.com.br\\\/wp-content\\\/uploads\\\/2021\\\/08\\\/afeganistao-cabul-atentado-aeroporto-26082021151457986.jpeg\",\"datePublished\":\"2021-08-26T18:43:58+00:00\",\"author\":{\"@id\":\"https:\\\/\\\/www.p31noticias.com.br\\\/#\\\/schema\\\/person\\\/d1bb0ccbf62b27e19ea4e75696908d43\"},\"breadcrumb\":{\"@id\":\"https:\\\/\\\/www.p31noticias.com.br\\\/?p=24116#breadcrumb\"},\"inLanguage\":\"pt-BR\",\"potentialAction\":[{\"@type\":\"ReadAction\",\"target\":[\"https:\\\/\\\/www.p31noticias.com.br\\\/?p=24116\"]}]},{\"@type\":\"ImageObject\",\"inLanguage\":\"pt-BR\",\"@id\":\"https:\\\/\\\/www.p31noticias.com.br\\\/?p=24116#primaryimage\",\"url\":\"https:\\\/\\\/www.p31noticias.com.br\\\/wp-content\\\/uploads\\\/2021\\\/08\\\/afeganistao-cabul-atentado-aeroporto-26082021151457986.jpeg\",\"contentUrl\":\"https:\\\/\\\/www.p31noticias.com.br\\\/wp-content\\\/uploads\\\/2021\\\/08\\\/afeganistao-cabul-atentado-aeroporto-26082021151457986.jpeg\",\"width\":771,\"height\":420},{\"@type\":\"BreadcrumbList\",\"@id\":\"https:\\\/\\\/www.p31noticias.com.br\\\/?p=24116#breadcrumb\",\"itemListElement\":[{\"@type\":\"ListItem\",\"position\":1,\"name\":\"In\u00edcio\",\"item\":\"https:\\\/\\\/www.p31noticias.com.br\\\/\"},{\"@type\":\"ListItem\",\"position\":2,\"name\":\"Biden adia encontro com premi\u00ea de Israel ap\u00f3s explos\u00f5es em Cabul\"}]},{\"@type\":\"WebSite\",\"@id\":\"https:\\\/\\\/www.p31noticias.com.br\\\/#website\",\"url\":\"https:\\\/\\\/www.p31noticias.com.br\\\/\",\"name\":\"P31\",\"description\":\"NOT\u00cdCIAS\",\"potentialAction\":[{\"@type\":\"SearchAction\",\"target\":{\"@type\":\"EntryPoint\",\"urlTemplate\":\"https:\\\/\\\/www.p31noticias.com.br\\\/?s={search_term_string}\"},\"query-input\":{\"@type\":\"PropertyValueSpecification\",\"valueRequired\":true,\"valueName\":\"search_term_string\"}}],\"inLanguage\":\"pt-BR\"},{\"@type\":\"Person\",\"@id\":\"https:\\\/\\\/www.p31noticias.com.br\\\/#\\\/schema\\\/person\\\/d1bb0ccbf62b27e19ea4e75696908d43\",\"name\":\"Camilly Scheffer\",\"image\":{\"@type\":\"ImageObject\",\"inLanguage\":\"pt-BR\",\"@id\":\"https:\\\/\\\/secure.gravatar.com\\\/avatar\\\/06f4704b382d241ec2670712618fccea085b2db24d7b2d3b8691d904bbc1d557?s=96&d=mm&r=g\",\"url\":\"https:\\\/\\\/secure.gravatar.com\\\/avatar\\\/06f4704b382d241ec2670712618fccea085b2db24d7b2d3b8691d904bbc1d557?s=96&d=mm&r=g\",\"contentUrl\":\"https:\\\/\\\/secure.gravatar.com\\\/avatar\\\/06f4704b382d241ec2670712618fccea085b2db24d7b2d3b8691d904bbc1d557?s=96&d=mm&r=g\",\"caption\":\"Camilly Scheffer\"},\"url\":\"https:\\\/\\\/www.p31noticias.com.br\\\/?author=5\"}]}<\/script>\n<!-- \/ Yoast SEO Premium plugin. -->","yoast_head_json":{"title":"Biden adia encontro com premi\u00ea de Israel ap\u00f3s explos\u00f5es em Cabul - P31","robots":{"index":"index","follow":"follow","max-snippet":"max-snippet:-1","max-image-preview":"max-image-preview:large","max-video-preview":"max-video-preview:-1"},"canonical":"https:\/\/www.p31noticias.com.br\/?p=24116","og_locale":"pt_BR","og_type":"article","og_title":"Biden adia encontro com premi\u00ea de Israel ap\u00f3s explos\u00f5es em Cabul","og_description":"A Casa Branca informou que a reuni\u00e3o entre ambos foi adiada e n\u00e3o divulgou um novo hor\u00e1rio para o in\u00edcio. Neste momento, Biden est\u00e1 na Sala de Crise acompanhando o que houve em Cabul, onde h\u00e1 v\u00edtimas americanas, junto com o secret\u00e1rio de Estado, Antony Blinken, e o da Defesa, Lloyd Austin, segundo a imprensa [&hellip;]","og_url":"https:\/\/www.p31noticias.com.br\/?p=24116","og_site_name":"P31","article_published_time":"2021-08-26T18:43:58+00:00","og_image":[{"width":771,"height":420,"url":"https:\/\/www.p31noticias.com.br\/wp-content\/uploads\/2021\/08\/afeganistao-cabul-atentado-aeroporto-26082021151457986.jpeg","type":"image\/jpeg"}],"author":"Camilly Scheffer","twitter_card":"summary_large_image","twitter_misc":{"Escrito por":"Camilly Scheffer","Est. tempo de leitura":"1 minuto"},"schema":{"@context":"https:\/\/schema.org","@graph":[{"@type":"Article","@id":"https:\/\/www.p31noticias.com.br\/?p=24116#article","isPartOf":{"@id":"https:\/\/www.p31noticias.com.br\/?p=24116"},"author":{"name":"Camilly Scheffer","@id":"https:\/\/www.p31noticias.com.br\/#\/schema\/person\/d1bb0ccbf62b27e19ea4e75696908d43"},"headline":"Biden adia encontro com premi\u00ea de Israel ap\u00f3s explos\u00f5es em Cabul","datePublished":"2021-08-26T18:43:58+00:00","mainEntityOfPage":{"@id":"https:\/\/www.p31noticias.com.br\/?p=24116"},"wordCount":265,"commentCount":0,"image":{"@id":"https:\/\/www.p31noticias.com.br\/?p=24116#primaryimage"},"thumbnailUrl":"https:\/\/www.p31noticias.com.br\/wp-content\/uploads\/2021\/08\/afeganistao-cabul-atentado-aeroporto-26082021151457986.jpeg","articleSection":["Outros"],"inLanguage":"pt-BR","potentialAction":[{"@type":"CommentAction","name":"Comment","target":["https:\/\/www.p31noticias.com.br\/?p=24116#respond"]}],"copyrightYear":"2021","copyrightHolder":{"@id":"https:\/\/www.p31noticias.com.br\/#organization"}},{"@type":"WebPage","@id":"https:\/\/www.p31noticias.com.br\/?p=24116","url":"https:\/\/www.p31noticias.com.br\/?p=24116","name":"Biden adia encontro com premi\u00ea de Israel ap\u00f3s explos\u00f5es em Cabul - P31","isPartOf":{"@id":"https:\/\/www.p31noticias.com.br\/#website"},"primaryImageOfPage":{"@id":"https:\/\/www.p31noticias.com.br\/?p=24116#primaryimage"},"image":{"@id":"https:\/\/www.p31noticias.com.br\/?p=24116#primaryimage"},"thumbnailUrl":"https:\/\/www.p31noticias.com.br\/wp-content\/uploads\/2021\/08\/afeganistao-cabul-atentado-aeroporto-26082021151457986.jpeg","datePublished":"2021-08-26T18:43:58+00:00","author":{"@id":"https:\/\/www.p31noticias.com.br\/#\/schema\/person\/d1bb0ccbf62b27e19ea4e75696908d43"},"breadcrumb":{"@id":"https:\/\/www.p31noticias.com.br\/?p=24116#breadcrumb"},"inLanguage":"pt-BR","potentialAction":[{"@type":"ReadAction","target":["https:\/\/www.p31noticias.com.br\/?p=24116"]}]},{"@type":"ImageObject","inLanguage":"pt-BR","@id":"https:\/\/www.p31noticias.com.br\/?p=24116#primaryimage","url":"https:\/\/www.p31noticias.com.br\/wp-content\/uploads\/2021\/08\/afeganistao-cabul-atentado-aeroporto-26082021151457986.jpeg","contentUrl":"https:\/\/www.p31noticias.com.br\/wp-content\/uploads\/2021\/08\/afeganistao-cabul-atentado-aeroporto-26082021151457986.jpeg","width":771,"height":420},{"@type":"BreadcrumbList","@id":"https:\/\/www.p31noticias.com.br\/?p=24116#breadcrumb","itemListElement":[{"@type":"ListItem","position":1,"name":"In\u00edcio","item":"https:\/\/www.p31noticias.com.br\/"},{"@type":"ListItem","position":2,"name":"Biden adia encontro com premi\u00ea de Israel ap\u00f3s explos\u00f5es em Cabul"}]},{"@type":"WebSite","@id":"https:\/\/www.p31noticias.com.br\/#website","url":"https:\/\/www.p31noticias.com.br\/","name":"P31","description":"NOT\u00cdCIAS","potentialAction":[{"@type":"SearchAction","target":{"@type":"EntryPoint","urlTemplate":"https:\/\/www.p31noticias.com.br\/?s={search_term_string}"},"query-input":{"@type":"PropertyValueSpecification","valueRequired":true,"valueName":"search_term_string"}}],"inLanguage":"pt-BR"},{"@type":"Person","@id":"https:\/\/www.p31noticias.com.br\/#\/schema\/person\/d1bb0ccbf62b27e19ea4e75696908d43","name":"Camilly Scheffer","image":{"@type":"ImageObject","inLanguage":"pt-BR","@id":"https:\/\/secure.gravatar.com\/avatar\/06f4704b382d241ec2670712618fccea085b2db24d7b2d3b8691d904bbc1d557?s=96&d=mm&r=g","url":"https:\/\/secure.gravatar.com\/avatar\/06f4704b382d241ec2670712618fccea085b2db24d7b2d3b8691d904bbc1d557?s=96&d=mm&r=g","contentUrl":"https:\/\/secure.gravatar.com\/avatar\/06f4704b382d241ec2670712618fccea085b2db24d7b2d3b8691d904bbc1d557?s=96&d=mm&r=g","caption":"Camilly Scheffer"},"url":"https:\/\/www.p31noticias.com.br\/?author=5"}]}},"amp_enabled":true,"_links":{"self":[{"href":"https:\/\/www.p31noticias.com.br\/index.php?rest_route=\/wp\/v2\/posts\/24116","targetHints":{"allow":["GET"]}}],"collection":[{"href":"https:\/\/www.p31noticias.com.br\/index.php?rest_route=\/wp\/v2\/posts"}],"about":[{"href":"https:\/\/www.p31noticias.com.br\/index.php?rest_route=\/wp\/v2\/types\/post"}],"author":[{"embeddable":true,"href":"https:\/\/www.p31noticias.com.br\/index.php?rest_route=\/wp\/v2\/users\/5"}],"replies":[{"embeddable":true,"href":"https:\/\/www.p31noticias.com.br\/index.php?rest_route=%2Fwp%2Fv2%2Fcomments&post=24116"}],"version-history":[{"count":1,"href":"https:\/\/www.p31noticias.com.br\/index.php?rest_route=\/wp\/v2\/posts\/24116\/revisions"}],"predecessor-version":[{"id":24118,"href":"https:\/\/www.p31noticias.com.br\/index.php?rest_route=\/wp\/v2\/posts\/24116\/revisions\/24118"}],"wp:featuredmedia":[{"embeddable":true,"href":"https:\/\/www.p31noticias.com.br\/index.php?rest_route=\/wp\/v2\/media\/24117"}],"wp:attachment":[{"href":"https:\/\/www.p31noticias.com.br\/index.php?rest_route=%2Fwp%2Fv2%2Fmedia&parent=24116"}],"wp:term":[{"taxonomy":"category","embeddable":true,"href":"https:\/\/www.p31noticias.com.br\/index.php?rest_route=%2Fwp%2Fv2%2Fcategories&post=24116"},{"taxonomy":"post_tag","embeddable":true,"href":"https:\/\/www.p31noticias.com.br\/index.php?rest_route=%2Fwp%2Fv2%2Ftags&post=24116"}],"curies":[{"name":"wp","href":"https:\/\/api.w.org\/{rel}","templated":true}]}}