{"id":24113,"date":"2021-08-26T15:40:49","date_gmt":"2021-08-26T18:40:49","guid":{"rendered":"https:\/\/p31noticias.com.br\/?p=24113"},"modified":"2021-08-26T15:40:49","modified_gmt":"2021-08-26T18:40:49","slug":"americanos-e-ate-criancas-afegas-estao-entre-as-vitimas-de-explosoes","status":"publish","type":"post","link":"https:\/\/www.p31noticias.com.br\/?p=24113","title":{"rendered":"Americanos e at\u00e9 crian\u00e7as afeg\u00e3s est\u00e3o entre as v\u00edtimas de explos\u00f5es"},"content":{"rendered":"<p>O porta-voz do Pent\u00e1gono, John Kirby, confirmou em sua conta no Twitter que h\u00e1 americanos e civis entre as v\u00edtimas das duas explos\u00f5es ocorridas fora do aeroporto de Cabul, capital do Afeganist\u00e3o, nesta quinta-feira (26).<\/p>\n<p>&#8220;Podemos confirmar que a explos\u00e3o no port\u00e3o Abbey foi resultado de um ataque complexo que deixou v\u00e1rias v\u00edtimas americanas e civis&#8221;, publicou o porta-voz.<\/p>\n<p>&#8220;Tamb\u00e9m podemos confirmar pelo menos outra explos\u00e3o dentro ou perto do Baron Hotel, pr\u00f3ximo ao port\u00e3o Abbey&#8221;, completou.<\/p>\n<p>Apesar de n\u00e3o haver informa\u00e7\u00f5es oficiais sobre mortos e feridos at\u00e9 o momento, um membro do Talib\u00e3 afirmou \u00e0 Ag\u00eancia Reuters que pelo menos 13 pessoas morreram, inclusive crian\u00e7as que estavam no local.<\/p>\n<p>O jornal New York Time divulgou que h\u00e1 relatos de tr\u00eas mortes e cerca de 20 feridos.<\/p>\n<p>Ainda n\u00e3o foi confirmado o que causou as explos\u00f5es, mas existem suspeitas que tenham sido homens-bomba, poss\u00edvelmente com liga\u00e7\u00e3o com o Estado Isl\u00e2mico, grupo considerado rival do Talib\u00e3.<\/p>\n<p>EUA, Reino Unido e Austr\u00e1lia alertaram para o risco de um atentado terrorista nesta quinta e pediram para que as pessoas sa\u00edssem dos arredores do aeroporto, \u00fanica porta de sa\u00edda do Afeganist\u00e3o.<\/p>\n<p>Fonte : R7.<\/p>\n","protected":false},"excerpt":{"rendered":"<p>O porta-voz do Pent\u00e1gono, John Kirby, confirmou em sua conta no Twitter que h\u00e1 americanos e civis entre as v\u00edtimas das duas explos\u00f5es ocorridas fora do aeroporto de Cabul, capital do Afeganist\u00e3o, nesta quinta-feira (26). &#8220;Podemos confirmar que a explos\u00e3o no port\u00e3o Abbey foi resultado de um ataque complexo que deixou v\u00e1rias v\u00edtimas americanas e [&hellip;]<\/p>\n","protected":false},"author":5,"featured_media":24114,"comment_status":"open","ping_status":"open","sticky":false,"template":"","format":"standard","meta":{"footnotes":""},"categories":[1],"tags":[],"class_list":{"0":"post-24113","1":"post","2":"type-post","3":"status-publish","4":"format-standard","5":"has-post-thumbnail","7":"category-outros"},"yoast_head":"<!-- This site is optimized with the Yoast SEO Premium plugin v24.5 (Yoast SEO v27.5) - https:\/\/yoast.com\/product\/yoast-seo-premium-wordpress\/ -->\n<title>Americanos e at\u00e9 crian\u00e7as afeg\u00e3s est\u00e3o entre as v\u00edtimas de explos\u00f5es - P31<\/title>\n<meta name=\"robots\" content=\"index, follow, max-snippet:-1, max-image-preview:large, max-video-preview:-1\" \/>\n<link rel=\"canonical\" href=\"https:\/\/www.p31noticias.com.br\/?p=24113\" \/>\n<meta property=\"og:locale\" content=\"pt_BR\" \/>\n<meta property=\"og:type\" content=\"article\" \/>\n<meta property=\"og:title\" content=\"Americanos e at\u00e9 crian\u00e7as afeg\u00e3s est\u00e3o entre as v\u00edtimas de explos\u00f5es\" \/>\n<meta property=\"og:description\" content=\"O porta-voz do Pent\u00e1gono, John Kirby, confirmou em sua conta no Twitter que h\u00e1 americanos e civis entre as v\u00edtimas das duas explos\u00f5es ocorridas fora do aeroporto de Cabul, capital do Afeganist\u00e3o, nesta quinta-feira (26). &#8220;Podemos confirmar que a explos\u00e3o no port\u00e3o Abbey foi resultado de um ataque complexo que deixou v\u00e1rias v\u00edtimas americanas e [&hellip;]\" \/>\n<meta property=\"og:url\" content=\"https:\/\/www.p31noticias.com.br\/?p=24113\" \/>\n<meta property=\"og:site_name\" content=\"P31\" \/>\n<meta property=\"article:published_time\" content=\"2021-08-26T18:40:49+00:00\" \/>\n<meta property=\"og:image\" content=\"https:\/\/www.p31noticias.com.br\/wp-content\/uploads\/2021\/08\/explosao-aeroporto-de-cabul-26082021124559037.jpeg\" \/>\n\t<meta property=\"og:image:width\" content=\"771\" \/>\n\t<meta property=\"og:image:height\" content=\"420\" \/>\n\t<meta property=\"og:image:type\" content=\"image\/jpeg\" \/>\n<meta name=\"author\" content=\"Camilly Scheffer\" \/>\n<meta name=\"twitter:card\" content=\"summary_large_image\" \/>\n<meta name=\"twitter:label1\" content=\"Escrito por\" \/>\n\t<meta name=\"twitter:data1\" content=\"Camilly Scheffer\" \/>\n\t<meta name=\"twitter:label2\" content=\"Est. tempo de leitura\" \/>\n\t<meta name=\"twitter:data2\" content=\"1 minuto\" \/>\n<script type=\"application\/ld+json\" class=\"yoast-schema-graph\">{\"@context\":\"https:\\\/\\\/schema.org\",\"@graph\":[{\"@type\":\"Article\",\"@id\":\"https:\\\/\\\/www.p31noticias.com.br\\\/?p=24113#article\",\"isPartOf\":{\"@id\":\"https:\\\/\\\/www.p31noticias.com.br\\\/?p=24113\"},\"author\":{\"name\":\"Camilly Scheffer\",\"@id\":\"https:\\\/\\\/www.p31noticias.com.br\\\/#\\\/schema\\\/person\\\/d1bb0ccbf62b27e19ea4e75696908d43\"},\"headline\":\"Americanos e at\u00e9 crian\u00e7as afeg\u00e3s est\u00e3o entre as v\u00edtimas de explos\u00f5es\",\"datePublished\":\"2021-08-26T18:40:49+00:00\",\"mainEntityOfPage\":{\"@id\":\"https:\\\/\\\/www.p31noticias.com.br\\\/?p=24113\"},\"wordCount\":227,\"commentCount\":0,\"image\":{\"@id\":\"https:\\\/\\\/www.p31noticias.com.br\\\/?p=24113#primaryimage\"},\"thumbnailUrl\":\"https:\\\/\\\/www.p31noticias.com.br\\\/wp-content\\\/uploads\\\/2021\\\/08\\\/explosao-aeroporto-de-cabul-26082021124559037.jpeg\",\"articleSection\":[\"Outros\"],\"inLanguage\":\"pt-BR\",\"potentialAction\":[{\"@type\":\"CommentAction\",\"name\":\"Comment\",\"target\":[\"https:\\\/\\\/www.p31noticias.com.br\\\/?p=24113#respond\"]}],\"copyrightYear\":\"2021\",\"copyrightHolder\":{\"@id\":\"https:\\\/\\\/www.p31noticias.com.br\\\/#organization\"}},{\"@type\":\"WebPage\",\"@id\":\"https:\\\/\\\/www.p31noticias.com.br\\\/?p=24113\",\"url\":\"https:\\\/\\\/www.p31noticias.com.br\\\/?p=24113\",\"name\":\"Americanos e at\u00e9 crian\u00e7as afeg\u00e3s est\u00e3o entre as v\u00edtimas de explos\u00f5es - P31\",\"isPartOf\":{\"@id\":\"https:\\\/\\\/www.p31noticias.com.br\\\/#website\"},\"primaryImageOfPage\":{\"@id\":\"https:\\\/\\\/www.p31noticias.com.br\\\/?p=24113#primaryimage\"},\"image\":{\"@id\":\"https:\\\/\\\/www.p31noticias.com.br\\\/?p=24113#primaryimage\"},\"thumbnailUrl\":\"https:\\\/\\\/www.p31noticias.com.br\\\/wp-content\\\/uploads\\\/2021\\\/08\\\/explosao-aeroporto-de-cabul-26082021124559037.jpeg\",\"datePublished\":\"2021-08-26T18:40:49+00:00\",\"author\":{\"@id\":\"https:\\\/\\\/www.p31noticias.com.br\\\/#\\\/schema\\\/person\\\/d1bb0ccbf62b27e19ea4e75696908d43\"},\"breadcrumb\":{\"@id\":\"https:\\\/\\\/www.p31noticias.com.br\\\/?p=24113#breadcrumb\"},\"inLanguage\":\"pt-BR\",\"potentialAction\":[{\"@type\":\"ReadAction\",\"target\":[\"https:\\\/\\\/www.p31noticias.com.br\\\/?p=24113\"]}]},{\"@type\":\"ImageObject\",\"inLanguage\":\"pt-BR\",\"@id\":\"https:\\\/\\\/www.p31noticias.com.br\\\/?p=24113#primaryimage\",\"url\":\"https:\\\/\\\/www.p31noticias.com.br\\\/wp-content\\\/uploads\\\/2021\\\/08\\\/explosao-aeroporto-de-cabul-26082021124559037.jpeg\",\"contentUrl\":\"https:\\\/\\\/www.p31noticias.com.br\\\/wp-content\\\/uploads\\\/2021\\\/08\\\/explosao-aeroporto-de-cabul-26082021124559037.jpeg\",\"width\":771,\"height\":420},{\"@type\":\"BreadcrumbList\",\"@id\":\"https:\\\/\\\/www.p31noticias.com.br\\\/?p=24113#breadcrumb\",\"itemListElement\":[{\"@type\":\"ListItem\",\"position\":1,\"name\":\"In\u00edcio\",\"item\":\"https:\\\/\\\/www.p31noticias.com.br\\\/\"},{\"@type\":\"ListItem\",\"position\":2,\"name\":\"Americanos e at\u00e9 crian\u00e7as afeg\u00e3s est\u00e3o entre as v\u00edtimas de explos\u00f5es\"}]},{\"@type\":\"WebSite\",\"@id\":\"https:\\\/\\\/www.p31noticias.com.br\\\/#website\",\"url\":\"https:\\\/\\\/www.p31noticias.com.br\\\/\",\"name\":\"P31\",\"description\":\"NOT\u00cdCIAS\",\"potentialAction\":[{\"@type\":\"SearchAction\",\"target\":{\"@type\":\"EntryPoint\",\"urlTemplate\":\"https:\\\/\\\/www.p31noticias.com.br\\\/?s={search_term_string}\"},\"query-input\":{\"@type\":\"PropertyValueSpecification\",\"valueRequired\":true,\"valueName\":\"search_term_string\"}}],\"inLanguage\":\"pt-BR\"},{\"@type\":\"Person\",\"@id\":\"https:\\\/\\\/www.p31noticias.com.br\\\/#\\\/schema\\\/person\\\/d1bb0ccbf62b27e19ea4e75696908d43\",\"name\":\"Camilly Scheffer\",\"image\":{\"@type\":\"ImageObject\",\"inLanguage\":\"pt-BR\",\"@id\":\"https:\\\/\\\/secure.gravatar.com\\\/avatar\\\/06f4704b382d241ec2670712618fccea085b2db24d7b2d3b8691d904bbc1d557?s=96&d=mm&r=g\",\"url\":\"https:\\\/\\\/secure.gravatar.com\\\/avatar\\\/06f4704b382d241ec2670712618fccea085b2db24d7b2d3b8691d904bbc1d557?s=96&d=mm&r=g\",\"contentUrl\":\"https:\\\/\\\/secure.gravatar.com\\\/avatar\\\/06f4704b382d241ec2670712618fccea085b2db24d7b2d3b8691d904bbc1d557?s=96&d=mm&r=g\",\"caption\":\"Camilly Scheffer\"},\"url\":\"https:\\\/\\\/www.p31noticias.com.br\\\/?author=5\"}]}<\/script>\n<!-- \/ Yoast SEO Premium plugin. -->","yoast_head_json":{"title":"Americanos e at\u00e9 crian\u00e7as afeg\u00e3s est\u00e3o entre as v\u00edtimas de explos\u00f5es - P31","robots":{"index":"index","follow":"follow","max-snippet":"max-snippet:-1","max-image-preview":"max-image-preview:large","max-video-preview":"max-video-preview:-1"},"canonical":"https:\/\/www.p31noticias.com.br\/?p=24113","og_locale":"pt_BR","og_type":"article","og_title":"Americanos e at\u00e9 crian\u00e7as afeg\u00e3s est\u00e3o entre as v\u00edtimas de explos\u00f5es","og_description":"O porta-voz do Pent\u00e1gono, John Kirby, confirmou em sua conta no Twitter que h\u00e1 americanos e civis entre as v\u00edtimas das duas explos\u00f5es ocorridas fora do aeroporto de Cabul, capital do Afeganist\u00e3o, nesta quinta-feira (26). &#8220;Podemos confirmar que a explos\u00e3o no port\u00e3o Abbey foi resultado de um ataque complexo que deixou v\u00e1rias v\u00edtimas americanas e [&hellip;]","og_url":"https:\/\/www.p31noticias.com.br\/?p=24113","og_site_name":"P31","article_published_time":"2021-08-26T18:40:49+00:00","og_image":[{"width":771,"height":420,"url":"https:\/\/www.p31noticias.com.br\/wp-content\/uploads\/2021\/08\/explosao-aeroporto-de-cabul-26082021124559037.jpeg","type":"image\/jpeg"}],"author":"Camilly Scheffer","twitter_card":"summary_large_image","twitter_misc":{"Escrito por":"Camilly Scheffer","Est. tempo de leitura":"1 minuto"},"schema":{"@context":"https:\/\/schema.org","@graph":[{"@type":"Article","@id":"https:\/\/www.p31noticias.com.br\/?p=24113#article","isPartOf":{"@id":"https:\/\/www.p31noticias.com.br\/?p=24113"},"author":{"name":"Camilly Scheffer","@id":"https:\/\/www.p31noticias.com.br\/#\/schema\/person\/d1bb0ccbf62b27e19ea4e75696908d43"},"headline":"Americanos e at\u00e9 crian\u00e7as afeg\u00e3s est\u00e3o entre as v\u00edtimas de explos\u00f5es","datePublished":"2021-08-26T18:40:49+00:00","mainEntityOfPage":{"@id":"https:\/\/www.p31noticias.com.br\/?p=24113"},"wordCount":227,"commentCount":0,"image":{"@id":"https:\/\/www.p31noticias.com.br\/?p=24113#primaryimage"},"thumbnailUrl":"https:\/\/www.p31noticias.com.br\/wp-content\/uploads\/2021\/08\/explosao-aeroporto-de-cabul-26082021124559037.jpeg","articleSection":["Outros"],"inLanguage":"pt-BR","potentialAction":[{"@type":"CommentAction","name":"Comment","target":["https:\/\/www.p31noticias.com.br\/?p=24113#respond"]}],"copyrightYear":"2021","copyrightHolder":{"@id":"https:\/\/www.p31noticias.com.br\/#organization"}},{"@type":"WebPage","@id":"https:\/\/www.p31noticias.com.br\/?p=24113","url":"https:\/\/www.p31noticias.com.br\/?p=24113","name":"Americanos e at\u00e9 crian\u00e7as afeg\u00e3s est\u00e3o entre as v\u00edtimas de explos\u00f5es - P31","isPartOf":{"@id":"https:\/\/www.p31noticias.com.br\/#website"},"primaryImageOfPage":{"@id":"https:\/\/www.p31noticias.com.br\/?p=24113#primaryimage"},"image":{"@id":"https:\/\/www.p31noticias.com.br\/?p=24113#primaryimage"},"thumbnailUrl":"https:\/\/www.p31noticias.com.br\/wp-content\/uploads\/2021\/08\/explosao-aeroporto-de-cabul-26082021124559037.jpeg","datePublished":"2021-08-26T18:40:49+00:00","author":{"@id":"https:\/\/www.p31noticias.com.br\/#\/schema\/person\/d1bb0ccbf62b27e19ea4e75696908d43"},"breadcrumb":{"@id":"https:\/\/www.p31noticias.com.br\/?p=24113#breadcrumb"},"inLanguage":"pt-BR","potentialAction":[{"@type":"ReadAction","target":["https:\/\/www.p31noticias.com.br\/?p=24113"]}]},{"@type":"ImageObject","inLanguage":"pt-BR","@id":"https:\/\/www.p31noticias.com.br\/?p=24113#primaryimage","url":"https:\/\/www.p31noticias.com.br\/wp-content\/uploads\/2021\/08\/explosao-aeroporto-de-cabul-26082021124559037.jpeg","contentUrl":"https:\/\/www.p31noticias.com.br\/wp-content\/uploads\/2021\/08\/explosao-aeroporto-de-cabul-26082021124559037.jpeg","width":771,"height":420},{"@type":"BreadcrumbList","@id":"https:\/\/www.p31noticias.com.br\/?p=24113#breadcrumb","itemListElement":[{"@type":"ListItem","position":1,"name":"In\u00edcio","item":"https:\/\/www.p31noticias.com.br\/"},{"@type":"ListItem","position":2,"name":"Americanos e at\u00e9 crian\u00e7as afeg\u00e3s est\u00e3o entre as v\u00edtimas de explos\u00f5es"}]},{"@type":"WebSite","@id":"https:\/\/www.p31noticias.com.br\/#website","url":"https:\/\/www.p31noticias.com.br\/","name":"P31","description":"NOT\u00cdCIAS","potentialAction":[{"@type":"SearchAction","target":{"@type":"EntryPoint","urlTemplate":"https:\/\/www.p31noticias.com.br\/?s={search_term_string}"},"query-input":{"@type":"PropertyValueSpecification","valueRequired":true,"valueName":"search_term_string"}}],"inLanguage":"pt-BR"},{"@type":"Person","@id":"https:\/\/www.p31noticias.com.br\/#\/schema\/person\/d1bb0ccbf62b27e19ea4e75696908d43","name":"Camilly Scheffer","image":{"@type":"ImageObject","inLanguage":"pt-BR","@id":"https:\/\/secure.gravatar.com\/avatar\/06f4704b382d241ec2670712618fccea085b2db24d7b2d3b8691d904bbc1d557?s=96&d=mm&r=g","url":"https:\/\/secure.gravatar.com\/avatar\/06f4704b382d241ec2670712618fccea085b2db24d7b2d3b8691d904bbc1d557?s=96&d=mm&r=g","contentUrl":"https:\/\/secure.gravatar.com\/avatar\/06f4704b382d241ec2670712618fccea085b2db24d7b2d3b8691d904bbc1d557?s=96&d=mm&r=g","caption":"Camilly Scheffer"},"url":"https:\/\/www.p31noticias.com.br\/?author=5"}]}},"amp_enabled":true,"_links":{"self":[{"href":"https:\/\/www.p31noticias.com.br\/index.php?rest_route=\/wp\/v2\/posts\/24113","targetHints":{"allow":["GET"]}}],"collection":[{"href":"https:\/\/www.p31noticias.com.br\/index.php?rest_route=\/wp\/v2\/posts"}],"about":[{"href":"https:\/\/www.p31noticias.com.br\/index.php?rest_route=\/wp\/v2\/types\/post"}],"author":[{"embeddable":true,"href":"https:\/\/www.p31noticias.com.br\/index.php?rest_route=\/wp\/v2\/users\/5"}],"replies":[{"embeddable":true,"href":"https:\/\/www.p31noticias.com.br\/index.php?rest_route=%2Fwp%2Fv2%2Fcomments&post=24113"}],"version-history":[{"count":1,"href":"https:\/\/www.p31noticias.com.br\/index.php?rest_route=\/wp\/v2\/posts\/24113\/revisions"}],"predecessor-version":[{"id":24115,"href":"https:\/\/www.p31noticias.com.br\/index.php?rest_route=\/wp\/v2\/posts\/24113\/revisions\/24115"}],"wp:featuredmedia":[{"embeddable":true,"href":"https:\/\/www.p31noticias.com.br\/index.php?rest_route=\/wp\/v2\/media\/24114"}],"wp:attachment":[{"href":"https:\/\/www.p31noticias.com.br\/index.php?rest_route=%2Fwp%2Fv2%2Fmedia&parent=24113"}],"wp:term":[{"taxonomy":"category","embeddable":true,"href":"https:\/\/www.p31noticias.com.br\/index.php?rest_route=%2Fwp%2Fv2%2Fcategories&post=24113"},{"taxonomy":"post_tag","embeddable":true,"href":"https:\/\/www.p31noticias.com.br\/index.php?rest_route=%2Fwp%2Fv2%2Ftags&post=24113"}],"curies":[{"name":"wp","href":"https:\/\/api.w.org\/{rel}","templated":true}]}}