{"id":24106,"date":"2021-08-26T14:40:39","date_gmt":"2021-08-26T17:40:39","guid":{"rendered":"https:\/\/p31noticias.com.br\/?p=24106"},"modified":"2021-08-26T14:40:39","modified_gmt":"2021-08-26T17:40:39","slug":"gas-de-cozinha-vai-subir-7-e-o-quinto-reajuste-do-ano-no-df","status":"publish","type":"post","link":"https:\/\/www.p31noticias.com.br\/?p=24106","title":{"rendered":"G\u00e1s de cozinha vai subir 7%. \u00c9 o quinto reajuste do ano no DF"},"content":{"rendered":"<p>O pre\u00e7o do g\u00e1s de cozinha ter\u00e1 aumento de aproximadamente 7% a partir de 1\u00ba de setembro. \u00c9 o quinto reajuste do ano. O Sindicato da Empresas Transportadoras e Revendedoras de GLP do Distrito Federal (Sindvargas-DF) divulgou o \u00edndice nesta quinta-feira (26\/08).<\/p>\n<p>\u201d Nossos associados e representados est\u00e3o recebendo comunicado de mais um reajuste no g\u00e1s de cozinha, aumento ser\u00e1 em m\u00e9dia de 7% e entrar\u00e1 em vigor as 0 horas do dia 1\/09 (ter\u00e7a feira)\u201d, afirmou o diretor vice presidente do Sindvargas, S\u00e9rgio Costa.<\/p>\n<p>Segundo o sindicato, as distribuidoras engarrafadoras aumentaram os pre\u00e7os praticados no mercado. \u201cCausar\u00e1 mais um impacto nos consumidores. Nosso compromisso \u00e9 manter nosso servi\u00e7o que \u00e9 de excel\u00eancia prezando a qualidade, garantia e seguran\u00e7a ao consumidor, por isso n\u00e3o h\u00e1 como absorver qualquer tipo de reajuste\u201d, pontuou.<\/p>\n<p>As distribuidoras enviaram notas para as revendedoras informando os aumentos, os incrementos nos pre\u00e7os do GLP em embalagem variam entre R$ 5,23, R$ 5,89 e at\u00e9 R$ 7,42. Nos comunicados, algumas empresas ressaltam que a revis\u00e3o anual dos valores do produto ocorre em setembro.<\/p>\n<h4>Alta nos pre\u00e7os<\/h4>\n<p>O \u00faltimo reajuste do g\u00e1s de cozinha ocorreu em 14 de junho de 2021. O aumento foi de 5,9%. Conforme avalia\u00e7\u00e3o do pr\u00f3prio Sindvargas, o pre\u00e7o para consumidor poderia chegar a R$105.<\/p>\n<p>Segundo Ag\u00eancia Nacional do Petr\u00f3leo, G\u00e1s Natural e Biocombust\u00edveis (ANP),\u00a0o pre\u00e7o m\u00e9dio praticado na venda do GLP (13 kg) \u00e9 de R$ 85. A pesquisa foi feita entre os dias 15 e 21 de agosto.<\/p>\n<p>Fonte: Metr\u00f3poles.<\/p>\n","protected":false},"excerpt":{"rendered":"<p>O pre\u00e7o do g\u00e1s de cozinha ter\u00e1 aumento de aproximadamente 7% a partir de 1\u00ba de setembro. \u00c9 o quinto reajuste do ano. O Sindicato da Empresas Transportadoras e Revendedoras de GLP do Distrito Federal (Sindvargas-DF) divulgou o \u00edndice nesta quinta-feira (26\/08). \u201d Nossos associados e representados est\u00e3o recebendo comunicado de mais um reajuste no [&hellip;]<\/p>\n","protected":false},"author":5,"featured_media":24107,"comment_status":"open","ping_status":"open","sticky":false,"template":"","format":"standard","meta":{"footnotes":""},"categories":[1],"tags":[],"class_list":{"0":"post-24106","1":"post","2":"type-post","3":"status-publish","4":"format-standard","5":"has-post-thumbnail","7":"category-outros"},"yoast_head":"<!-- This site is optimized with the Yoast SEO Premium plugin v24.5 (Yoast SEO v27.5) - https:\/\/yoast.com\/product\/yoast-seo-premium-wordpress\/ -->\n<title>G\u00e1s de cozinha vai subir 7%. \u00c9 o quinto reajuste do ano no DF - P31<\/title>\n<meta name=\"robots\" content=\"index, follow, max-snippet:-1, max-image-preview:large, max-video-preview:-1\" \/>\n<link rel=\"canonical\" href=\"https:\/\/www.p31noticias.com.br\/?p=24106\" \/>\n<meta property=\"og:locale\" content=\"pt_BR\" \/>\n<meta property=\"og:type\" content=\"article\" \/>\n<meta property=\"og:title\" content=\"G\u00e1s de cozinha vai subir 7%. \u00c9 o quinto reajuste do ano no DF\" \/>\n<meta property=\"og:description\" content=\"O pre\u00e7o do g\u00e1s de cozinha ter\u00e1 aumento de aproximadamente 7% a partir de 1\u00ba de setembro. \u00c9 o quinto reajuste do ano. O Sindicato da Empresas Transportadoras e Revendedoras de GLP do Distrito Federal (Sindvargas-DF) divulgou o \u00edndice nesta quinta-feira (26\/08). \u201d Nossos associados e representados est\u00e3o recebendo comunicado de mais um reajuste no [&hellip;]\" \/>\n<meta property=\"og:url\" content=\"https:\/\/www.p31noticias.com.br\/?p=24106\" \/>\n<meta property=\"og:site_name\" content=\"P31\" \/>\n<meta property=\"article:published_time\" content=\"2021-08-26T17:40:39+00:00\" \/>\n<meta property=\"og:image\" content=\"https:\/\/www.p31noticias.com.br\/wp-content\/uploads\/2021\/08\/tmcj_0025.jpg\" \/>\n\t<meta property=\"og:image:width\" content=\"1000\" \/>\n\t<meta property=\"og:image:height\" content=\"598\" \/>\n\t<meta property=\"og:image:type\" content=\"image\/jpeg\" \/>\n<meta name=\"author\" content=\"Camilly Scheffer\" \/>\n<meta name=\"twitter:card\" content=\"summary_large_image\" \/>\n<meta name=\"twitter:label1\" content=\"Escrito por\" \/>\n\t<meta name=\"twitter:data1\" content=\"Camilly Scheffer\" \/>\n\t<meta name=\"twitter:label2\" content=\"Est. tempo de leitura\" \/>\n\t<meta name=\"twitter:data2\" content=\"1 minuto\" \/>\n<script type=\"application\/ld+json\" class=\"yoast-schema-graph\">{\"@context\":\"https:\\\/\\\/schema.org\",\"@graph\":[{\"@type\":\"Article\",\"@id\":\"https:\\\/\\\/www.p31noticias.com.br\\\/?p=24106#article\",\"isPartOf\":{\"@id\":\"https:\\\/\\\/www.p31noticias.com.br\\\/?p=24106\"},\"author\":{\"name\":\"Camilly Scheffer\",\"@id\":\"https:\\\/\\\/www.p31noticias.com.br\\\/#\\\/schema\\\/person\\\/d1bb0ccbf62b27e19ea4e75696908d43\"},\"headline\":\"G\u00e1s de cozinha vai subir 7%. \u00c9 o quinto reajuste do ano no DF\",\"datePublished\":\"2021-08-26T17:40:39+00:00\",\"mainEntityOfPage\":{\"@id\":\"https:\\\/\\\/www.p31noticias.com.br\\\/?p=24106\"},\"wordCount\":267,\"commentCount\":0,\"image\":{\"@id\":\"https:\\\/\\\/www.p31noticias.com.br\\\/?p=24106#primaryimage\"},\"thumbnailUrl\":\"https:\\\/\\\/www.p31noticias.com.br\\\/wp-content\\\/uploads\\\/2021\\\/08\\\/tmcj_0025.jpg\",\"articleSection\":[\"Outros\"],\"inLanguage\":\"pt-BR\",\"potentialAction\":[{\"@type\":\"CommentAction\",\"name\":\"Comment\",\"target\":[\"https:\\\/\\\/www.p31noticias.com.br\\\/?p=24106#respond\"]}],\"copyrightYear\":\"2021\",\"copyrightHolder\":{\"@id\":\"https:\\\/\\\/www.p31noticias.com.br\\\/#organization\"}},{\"@type\":\"WebPage\",\"@id\":\"https:\\\/\\\/www.p31noticias.com.br\\\/?p=24106\",\"url\":\"https:\\\/\\\/www.p31noticias.com.br\\\/?p=24106\",\"name\":\"G\u00e1s de cozinha vai subir 7%. \u00c9 o quinto reajuste do ano no DF - P31\",\"isPartOf\":{\"@id\":\"https:\\\/\\\/www.p31noticias.com.br\\\/#website\"},\"primaryImageOfPage\":{\"@id\":\"https:\\\/\\\/www.p31noticias.com.br\\\/?p=24106#primaryimage\"},\"image\":{\"@id\":\"https:\\\/\\\/www.p31noticias.com.br\\\/?p=24106#primaryimage\"},\"thumbnailUrl\":\"https:\\\/\\\/www.p31noticias.com.br\\\/wp-content\\\/uploads\\\/2021\\\/08\\\/tmcj_0025.jpg\",\"datePublished\":\"2021-08-26T17:40:39+00:00\",\"author\":{\"@id\":\"https:\\\/\\\/www.p31noticias.com.br\\\/#\\\/schema\\\/person\\\/d1bb0ccbf62b27e19ea4e75696908d43\"},\"breadcrumb\":{\"@id\":\"https:\\\/\\\/www.p31noticias.com.br\\\/?p=24106#breadcrumb\"},\"inLanguage\":\"pt-BR\",\"potentialAction\":[{\"@type\":\"ReadAction\",\"target\":[\"https:\\\/\\\/www.p31noticias.com.br\\\/?p=24106\"]}]},{\"@type\":\"ImageObject\",\"inLanguage\":\"pt-BR\",\"@id\":\"https:\\\/\\\/www.p31noticias.com.br\\\/?p=24106#primaryimage\",\"url\":\"https:\\\/\\\/www.p31noticias.com.br\\\/wp-content\\\/uploads\\\/2021\\\/08\\\/tmcj_0025.jpg\",\"contentUrl\":\"https:\\\/\\\/www.p31noticias.com.br\\\/wp-content\\\/uploads\\\/2021\\\/08\\\/tmcj_0025.jpg\",\"width\":1000,\"height\":598},{\"@type\":\"BreadcrumbList\",\"@id\":\"https:\\\/\\\/www.p31noticias.com.br\\\/?p=24106#breadcrumb\",\"itemListElement\":[{\"@type\":\"ListItem\",\"position\":1,\"name\":\"In\u00edcio\",\"item\":\"https:\\\/\\\/www.p31noticias.com.br\\\/\"},{\"@type\":\"ListItem\",\"position\":2,\"name\":\"G\u00e1s de cozinha vai subir 7%. \u00c9 o quinto reajuste do ano no DF\"}]},{\"@type\":\"WebSite\",\"@id\":\"https:\\\/\\\/www.p31noticias.com.br\\\/#website\",\"url\":\"https:\\\/\\\/www.p31noticias.com.br\\\/\",\"name\":\"P31\",\"description\":\"NOT\u00cdCIAS\",\"potentialAction\":[{\"@type\":\"SearchAction\",\"target\":{\"@type\":\"EntryPoint\",\"urlTemplate\":\"https:\\\/\\\/www.p31noticias.com.br\\\/?s={search_term_string}\"},\"query-input\":{\"@type\":\"PropertyValueSpecification\",\"valueRequired\":true,\"valueName\":\"search_term_string\"}}],\"inLanguage\":\"pt-BR\"},{\"@type\":\"Person\",\"@id\":\"https:\\\/\\\/www.p31noticias.com.br\\\/#\\\/schema\\\/person\\\/d1bb0ccbf62b27e19ea4e75696908d43\",\"name\":\"Camilly Scheffer\",\"image\":{\"@type\":\"ImageObject\",\"inLanguage\":\"pt-BR\",\"@id\":\"https:\\\/\\\/secure.gravatar.com\\\/avatar\\\/06f4704b382d241ec2670712618fccea085b2db24d7b2d3b8691d904bbc1d557?s=96&d=mm&r=g\",\"url\":\"https:\\\/\\\/secure.gravatar.com\\\/avatar\\\/06f4704b382d241ec2670712618fccea085b2db24d7b2d3b8691d904bbc1d557?s=96&d=mm&r=g\",\"contentUrl\":\"https:\\\/\\\/secure.gravatar.com\\\/avatar\\\/06f4704b382d241ec2670712618fccea085b2db24d7b2d3b8691d904bbc1d557?s=96&d=mm&r=g\",\"caption\":\"Camilly Scheffer\"},\"url\":\"https:\\\/\\\/www.p31noticias.com.br\\\/?author=5\"}]}<\/script>\n<!-- \/ Yoast SEO Premium plugin. -->","yoast_head_json":{"title":"G\u00e1s de cozinha vai subir 7%. \u00c9 o quinto reajuste do ano no DF - P31","robots":{"index":"index","follow":"follow","max-snippet":"max-snippet:-1","max-image-preview":"max-image-preview:large","max-video-preview":"max-video-preview:-1"},"canonical":"https:\/\/www.p31noticias.com.br\/?p=24106","og_locale":"pt_BR","og_type":"article","og_title":"G\u00e1s de cozinha vai subir 7%. \u00c9 o quinto reajuste do ano no DF","og_description":"O pre\u00e7o do g\u00e1s de cozinha ter\u00e1 aumento de aproximadamente 7% a partir de 1\u00ba de setembro. \u00c9 o quinto reajuste do ano. O Sindicato da Empresas Transportadoras e Revendedoras de GLP do Distrito Federal (Sindvargas-DF) divulgou o \u00edndice nesta quinta-feira (26\/08). \u201d Nossos associados e representados est\u00e3o recebendo comunicado de mais um reajuste no [&hellip;]","og_url":"https:\/\/www.p31noticias.com.br\/?p=24106","og_site_name":"P31","article_published_time":"2021-08-26T17:40:39+00:00","og_image":[{"width":1000,"height":598,"url":"https:\/\/www.p31noticias.com.br\/wp-content\/uploads\/2021\/08\/tmcj_0025.jpg","type":"image\/jpeg"}],"author":"Camilly Scheffer","twitter_card":"summary_large_image","twitter_misc":{"Escrito por":"Camilly Scheffer","Est. tempo de leitura":"1 minuto"},"schema":{"@context":"https:\/\/schema.org","@graph":[{"@type":"Article","@id":"https:\/\/www.p31noticias.com.br\/?p=24106#article","isPartOf":{"@id":"https:\/\/www.p31noticias.com.br\/?p=24106"},"author":{"name":"Camilly Scheffer","@id":"https:\/\/www.p31noticias.com.br\/#\/schema\/person\/d1bb0ccbf62b27e19ea4e75696908d43"},"headline":"G\u00e1s de cozinha vai subir 7%. \u00c9 o quinto reajuste do ano no DF","datePublished":"2021-08-26T17:40:39+00:00","mainEntityOfPage":{"@id":"https:\/\/www.p31noticias.com.br\/?p=24106"},"wordCount":267,"commentCount":0,"image":{"@id":"https:\/\/www.p31noticias.com.br\/?p=24106#primaryimage"},"thumbnailUrl":"https:\/\/www.p31noticias.com.br\/wp-content\/uploads\/2021\/08\/tmcj_0025.jpg","articleSection":["Outros"],"inLanguage":"pt-BR","potentialAction":[{"@type":"CommentAction","name":"Comment","target":["https:\/\/www.p31noticias.com.br\/?p=24106#respond"]}],"copyrightYear":"2021","copyrightHolder":{"@id":"https:\/\/www.p31noticias.com.br\/#organization"}},{"@type":"WebPage","@id":"https:\/\/www.p31noticias.com.br\/?p=24106","url":"https:\/\/www.p31noticias.com.br\/?p=24106","name":"G\u00e1s de cozinha vai subir 7%. \u00c9 o quinto reajuste do ano no DF - P31","isPartOf":{"@id":"https:\/\/www.p31noticias.com.br\/#website"},"primaryImageOfPage":{"@id":"https:\/\/www.p31noticias.com.br\/?p=24106#primaryimage"},"image":{"@id":"https:\/\/www.p31noticias.com.br\/?p=24106#primaryimage"},"thumbnailUrl":"https:\/\/www.p31noticias.com.br\/wp-content\/uploads\/2021\/08\/tmcj_0025.jpg","datePublished":"2021-08-26T17:40:39+00:00","author":{"@id":"https:\/\/www.p31noticias.com.br\/#\/schema\/person\/d1bb0ccbf62b27e19ea4e75696908d43"},"breadcrumb":{"@id":"https:\/\/www.p31noticias.com.br\/?p=24106#breadcrumb"},"inLanguage":"pt-BR","potentialAction":[{"@type":"ReadAction","target":["https:\/\/www.p31noticias.com.br\/?p=24106"]}]},{"@type":"ImageObject","inLanguage":"pt-BR","@id":"https:\/\/www.p31noticias.com.br\/?p=24106#primaryimage","url":"https:\/\/www.p31noticias.com.br\/wp-content\/uploads\/2021\/08\/tmcj_0025.jpg","contentUrl":"https:\/\/www.p31noticias.com.br\/wp-content\/uploads\/2021\/08\/tmcj_0025.jpg","width":1000,"height":598},{"@type":"BreadcrumbList","@id":"https:\/\/www.p31noticias.com.br\/?p=24106#breadcrumb","itemListElement":[{"@type":"ListItem","position":1,"name":"In\u00edcio","item":"https:\/\/www.p31noticias.com.br\/"},{"@type":"ListItem","position":2,"name":"G\u00e1s de cozinha vai subir 7%. \u00c9 o quinto reajuste do ano no DF"}]},{"@type":"WebSite","@id":"https:\/\/www.p31noticias.com.br\/#website","url":"https:\/\/www.p31noticias.com.br\/","name":"P31","description":"NOT\u00cdCIAS","potentialAction":[{"@type":"SearchAction","target":{"@type":"EntryPoint","urlTemplate":"https:\/\/www.p31noticias.com.br\/?s={search_term_string}"},"query-input":{"@type":"PropertyValueSpecification","valueRequired":true,"valueName":"search_term_string"}}],"inLanguage":"pt-BR"},{"@type":"Person","@id":"https:\/\/www.p31noticias.com.br\/#\/schema\/person\/d1bb0ccbf62b27e19ea4e75696908d43","name":"Camilly Scheffer","image":{"@type":"ImageObject","inLanguage":"pt-BR","@id":"https:\/\/secure.gravatar.com\/avatar\/06f4704b382d241ec2670712618fccea085b2db24d7b2d3b8691d904bbc1d557?s=96&d=mm&r=g","url":"https:\/\/secure.gravatar.com\/avatar\/06f4704b382d241ec2670712618fccea085b2db24d7b2d3b8691d904bbc1d557?s=96&d=mm&r=g","contentUrl":"https:\/\/secure.gravatar.com\/avatar\/06f4704b382d241ec2670712618fccea085b2db24d7b2d3b8691d904bbc1d557?s=96&d=mm&r=g","caption":"Camilly Scheffer"},"url":"https:\/\/www.p31noticias.com.br\/?author=5"}]}},"amp_enabled":true,"_links":{"self":[{"href":"https:\/\/www.p31noticias.com.br\/index.php?rest_route=\/wp\/v2\/posts\/24106","targetHints":{"allow":["GET"]}}],"collection":[{"href":"https:\/\/www.p31noticias.com.br\/index.php?rest_route=\/wp\/v2\/posts"}],"about":[{"href":"https:\/\/www.p31noticias.com.br\/index.php?rest_route=\/wp\/v2\/types\/post"}],"author":[{"embeddable":true,"href":"https:\/\/www.p31noticias.com.br\/index.php?rest_route=\/wp\/v2\/users\/5"}],"replies":[{"embeddable":true,"href":"https:\/\/www.p31noticias.com.br\/index.php?rest_route=%2Fwp%2Fv2%2Fcomments&post=24106"}],"version-history":[{"count":1,"href":"https:\/\/www.p31noticias.com.br\/index.php?rest_route=\/wp\/v2\/posts\/24106\/revisions"}],"predecessor-version":[{"id":24108,"href":"https:\/\/www.p31noticias.com.br\/index.php?rest_route=\/wp\/v2\/posts\/24106\/revisions\/24108"}],"wp:featuredmedia":[{"embeddable":true,"href":"https:\/\/www.p31noticias.com.br\/index.php?rest_route=\/wp\/v2\/media\/24107"}],"wp:attachment":[{"href":"https:\/\/www.p31noticias.com.br\/index.php?rest_route=%2Fwp%2Fv2%2Fmedia&parent=24106"}],"wp:term":[{"taxonomy":"category","embeddable":true,"href":"https:\/\/www.p31noticias.com.br\/index.php?rest_route=%2Fwp%2Fv2%2Fcategories&post=24106"},{"taxonomy":"post_tag","embeddable":true,"href":"https:\/\/www.p31noticias.com.br\/index.php?rest_route=%2Fwp%2Fv2%2Ftags&post=24106"}],"curies":[{"name":"wp","href":"https:\/\/api.w.org\/{rel}","templated":true}]}}