{"id":24103,"date":"2021-08-26T14:35:20","date_gmt":"2021-08-26T17:35:20","guid":{"rendered":"https:\/\/p31noticias.com.br\/?p=24103"},"modified":"2021-08-26T14:35:20","modified_gmt":"2021-08-26T17:35:20","slug":"tcu-aprova-edital-para-leilao-do-5g-licitacao-deve-ocorrer-em-outubro","status":"publish","type":"post","link":"https:\/\/www.p31noticias.com.br\/?p=24103","title":{"rendered":"TCU aprova edital para leil\u00e3o do 5G; licita\u00e7\u00e3o deve ocorrer em outubro"},"content":{"rendered":"<p>O Tribunal de Contas da Uni\u00e3o (TCU) aprovou, nesta quarta-feira (25\/8), o edital para o leil\u00e3o do 5G. O julgamento havia sido interrompido na semana passada ap\u00f3s um pedido de vista do ministro Aroldo Cedraz, que acatou as cr\u00edticas da equipe t\u00e9cnica.<\/p>\n<p>Agora, com o edital aprovado pelo TCU, o documento seguir\u00e1 para an\u00e1lise da Ag\u00eancia Nacional de Telecomunica\u00e7\u00f5es (Anatel), que far\u00e1 ajustes apontados pela Corte e marcar\u00e1 a data da licita\u00e7\u00e3o.<\/p>\n<p>De acordo com o governo, o leil\u00e3o do 5G dever\u00e1 movimentar pelo menos R$ 45,7 bilh\u00f5es e ser\u00e1 a maior licita\u00e7\u00e3o de telecomunica\u00e7\u00f5es da hist\u00f3ria brasileira. Ser\u00e3o ofertados quatro blocos de frequ\u00eancias: 700 MHz; 2,3 GHz; 3,5 GHz; e 26 GHz.<\/p>\n<p>Assim que a data for marcada, as operadoras de telefonia v\u00e3o disputar o direito de explorar as faixas de frequ\u00eancia, que ser\u00e1 de 20 anos. As vencedoras, ent\u00e3o, ter\u00e3o de arcar com os custos dos equipamentos necess\u00e1rios para oferecer a tecnologia, al\u00e9m de fazer os investimentos previstos no edital como contrapartida. O leil\u00e3o ser\u00e1 realizado em 16 lotes, divididos entre nacionais e regionais.<\/p>\n<p>Entre os investimentos recomendados e aprovados no edital est\u00e3o a instala\u00e7\u00e3o de uma rede privativa de comunica\u00e7\u00e3o para o governo; a instala\u00e7\u00e3o de rede de fibra \u00f3ptica na regi\u00e3o amaz\u00f4nica, o chamado Programa Amaz\u00f4nia Integrada e Sustent\u00e1vel (Pais); e a inclus\u00e3o da obriga\u00e7\u00e3o de levar internet m\u00f3vel de qualidade \u00e0s escolas p\u00fablicas de educa\u00e7\u00e3o b\u00e1sica do pa\u00eds.<\/p>\n<p><strong>Pol\u00eamica<\/strong><\/p>\n<p>No voto apresentado nesta tarde, o ministro Aroldo Cedraz foi o \u00fanico que acompanhou a \u00e1rea t\u00e9cnica do tribunal, que apontou uma s\u00e9rie de inconsist\u00eancias no edital. Durante as sess\u00f5es da Corte, ele citou os riscos apontados pela Secretaria de Infraestrutura do TCU.<\/p>\n<p>\u201cA modelagem adotada pela Anatel nos levou \u00e0 conclus\u00e3o que a explora\u00e7\u00e3o econ\u00f4mica do 5G seria invi\u00e1vel em 5.510 munic\u00edpios brasileiros, incluindo capitais como Bras\u00edlia, Salvador e Curitiba, al\u00e9m de cidades do porte como Campinas e Ribeir\u00e3o Preto\u201d, afirmou. \u201cEssa proposta de licita\u00e7\u00e3o est\u00e1 eivada de erros crassos, para n\u00e3o dizer fraudes\u201d, completou.<\/p>\n<p>Eis os principais riscos apontados pela equipe t\u00e9cnica do tribunal:<\/p>\n<ul>\n<li>obra n\u00e3o ter utilidade;<\/li>\n<li>inviabilidade t\u00e9cnica-financeira;<\/li>\n<li>n\u00e3o transfer\u00eancia dos bens ao Poder P\u00fablico;<\/li>\n<li>baixa utilidade do uso da rede.<\/li>\n<\/ul>\n<p>As sugest\u00f5es, entretanto, n\u00e3o foram seguidas pelos demais ministros da Corte.<\/p>\n<p>Fonte: Metr\u00f3poles.<\/p>\n","protected":false},"excerpt":{"rendered":"<p>O Tribunal de Contas da Uni\u00e3o (TCU) aprovou, nesta quarta-feira (25\/8), o edital para o leil\u00e3o do 5G. O julgamento havia sido interrompido na semana passada ap\u00f3s um pedido de vista do ministro Aroldo Cedraz, que acatou as cr\u00edticas da equipe t\u00e9cnica. Agora, com o edital aprovado pelo TCU, o documento seguir\u00e1 para an\u00e1lise da [&hellip;]<\/p>\n","protected":false},"author":5,"featured_media":24104,"comment_status":"open","ping_status":"open","sticky":false,"template":"","format":"standard","meta":{"footnotes":""},"categories":[637],"tags":[],"class_list":{"0":"post-24103","1":"post","2":"type-post","3":"status-publish","4":"format-standard","5":"has-post-thumbnail","7":"category-economia"},"yoast_head":"<!-- This site is optimized with the Yoast SEO Premium plugin v24.5 (Yoast SEO v27.5) - https:\/\/yoast.com\/product\/yoast-seo-premium-wordpress\/ -->\n<title>TCU aprova edital para leil\u00e3o do 5G; licita\u00e7\u00e3o deve ocorrer em outubro - P31<\/title>\n<meta name=\"robots\" content=\"index, follow, max-snippet:-1, max-image-preview:large, max-video-preview:-1\" \/>\n<link rel=\"canonical\" href=\"https:\/\/www.p31noticias.com.br\/?p=24103\" \/>\n<meta property=\"og:locale\" content=\"pt_BR\" \/>\n<meta property=\"og:type\" content=\"article\" \/>\n<meta property=\"og:title\" content=\"TCU aprova edital para leil\u00e3o do 5G; licita\u00e7\u00e3o deve ocorrer em outubro\" \/>\n<meta property=\"og:description\" content=\"O Tribunal de Contas da Uni\u00e3o (TCU) aprovou, nesta quarta-feira (25\/8), o edital para o leil\u00e3o do 5G. O julgamento havia sido interrompido na semana passada ap\u00f3s um pedido de vista do ministro Aroldo Cedraz, que acatou as cr\u00edticas da equipe t\u00e9cnica. Agora, com o edital aprovado pelo TCU, o documento seguir\u00e1 para an\u00e1lise da [&hellip;]\" \/>\n<meta property=\"og:url\" content=\"https:\/\/www.p31noticias.com.br\/?p=24103\" \/>\n<meta property=\"og:site_name\" content=\"P31\" \/>\n<meta property=\"article:published_time\" content=\"2021-08-26T17:35:20+00:00\" \/>\n<meta property=\"og:image\" content=\"https:\/\/www.p31noticias.com.br\/wp-content\/uploads\/2021\/08\/TCU2.jpg\" \/>\n\t<meta property=\"og:image:width\" content=\"960\" \/>\n\t<meta property=\"og:image:height\" content=\"640\" \/>\n\t<meta property=\"og:image:type\" content=\"image\/jpeg\" \/>\n<meta name=\"author\" content=\"Camilly Scheffer\" \/>\n<meta name=\"twitter:card\" content=\"summary_large_image\" \/>\n<meta name=\"twitter:label1\" content=\"Escrito por\" \/>\n\t<meta name=\"twitter:data1\" content=\"Camilly Scheffer\" \/>\n\t<meta name=\"twitter:label2\" content=\"Est. tempo de leitura\" \/>\n\t<meta name=\"twitter:data2\" content=\"2 minutos\" \/>\n<script type=\"application\/ld+json\" class=\"yoast-schema-graph\">{\"@context\":\"https:\\\/\\\/schema.org\",\"@graph\":[{\"@type\":\"Article\",\"@id\":\"https:\\\/\\\/www.p31noticias.com.br\\\/?p=24103#article\",\"isPartOf\":{\"@id\":\"https:\\\/\\\/www.p31noticias.com.br\\\/?p=24103\"},\"author\":{\"name\":\"Camilly Scheffer\",\"@id\":\"https:\\\/\\\/www.p31noticias.com.br\\\/#\\\/schema\\\/person\\\/d1bb0ccbf62b27e19ea4e75696908d43\"},\"headline\":\"TCU aprova edital para leil\u00e3o do 5G; licita\u00e7\u00e3o deve ocorrer em outubro\",\"datePublished\":\"2021-08-26T17:35:20+00:00\",\"mainEntityOfPage\":{\"@id\":\"https:\\\/\\\/www.p31noticias.com.br\\\/?p=24103\"},\"wordCount\":438,\"commentCount\":0,\"image\":{\"@id\":\"https:\\\/\\\/www.p31noticias.com.br\\\/?p=24103#primaryimage\"},\"thumbnailUrl\":\"https:\\\/\\\/www.p31noticias.com.br\\\/wp-content\\\/uploads\\\/2021\\\/08\\\/TCU2.jpg\",\"articleSection\":[\"Economia\"],\"inLanguage\":\"pt-BR\",\"potentialAction\":[{\"@type\":\"CommentAction\",\"name\":\"Comment\",\"target\":[\"https:\\\/\\\/www.p31noticias.com.br\\\/?p=24103#respond\"]}],\"copyrightYear\":\"2021\",\"copyrightHolder\":{\"@id\":\"https:\\\/\\\/www.p31noticias.com.br\\\/#organization\"}},{\"@type\":\"WebPage\",\"@id\":\"https:\\\/\\\/www.p31noticias.com.br\\\/?p=24103\",\"url\":\"https:\\\/\\\/www.p31noticias.com.br\\\/?p=24103\",\"name\":\"TCU aprova edital para leil\u00e3o do 5G; licita\u00e7\u00e3o deve ocorrer em outubro - P31\",\"isPartOf\":{\"@id\":\"https:\\\/\\\/www.p31noticias.com.br\\\/#website\"},\"primaryImageOfPage\":{\"@id\":\"https:\\\/\\\/www.p31noticias.com.br\\\/?p=24103#primaryimage\"},\"image\":{\"@id\":\"https:\\\/\\\/www.p31noticias.com.br\\\/?p=24103#primaryimage\"},\"thumbnailUrl\":\"https:\\\/\\\/www.p31noticias.com.br\\\/wp-content\\\/uploads\\\/2021\\\/08\\\/TCU2.jpg\",\"datePublished\":\"2021-08-26T17:35:20+00:00\",\"author\":{\"@id\":\"https:\\\/\\\/www.p31noticias.com.br\\\/#\\\/schema\\\/person\\\/d1bb0ccbf62b27e19ea4e75696908d43\"},\"breadcrumb\":{\"@id\":\"https:\\\/\\\/www.p31noticias.com.br\\\/?p=24103#breadcrumb\"},\"inLanguage\":\"pt-BR\",\"potentialAction\":[{\"@type\":\"ReadAction\",\"target\":[\"https:\\\/\\\/www.p31noticias.com.br\\\/?p=24103\"]}]},{\"@type\":\"ImageObject\",\"inLanguage\":\"pt-BR\",\"@id\":\"https:\\\/\\\/www.p31noticias.com.br\\\/?p=24103#primaryimage\",\"url\":\"https:\\\/\\\/www.p31noticias.com.br\\\/wp-content\\\/uploads\\\/2021\\\/08\\\/TCU2.jpg\",\"contentUrl\":\"https:\\\/\\\/www.p31noticias.com.br\\\/wp-content\\\/uploads\\\/2021\\\/08\\\/TCU2.jpg\",\"width\":960,\"height\":640},{\"@type\":\"BreadcrumbList\",\"@id\":\"https:\\\/\\\/www.p31noticias.com.br\\\/?p=24103#breadcrumb\",\"itemListElement\":[{\"@type\":\"ListItem\",\"position\":1,\"name\":\"In\u00edcio\",\"item\":\"https:\\\/\\\/www.p31noticias.com.br\\\/\"},{\"@type\":\"ListItem\",\"position\":2,\"name\":\"TCU aprova edital para leil\u00e3o do 5G; licita\u00e7\u00e3o deve ocorrer em outubro\"}]},{\"@type\":\"WebSite\",\"@id\":\"https:\\\/\\\/www.p31noticias.com.br\\\/#website\",\"url\":\"https:\\\/\\\/www.p31noticias.com.br\\\/\",\"name\":\"P31\",\"description\":\"NOT\u00cdCIAS\",\"potentialAction\":[{\"@type\":\"SearchAction\",\"target\":{\"@type\":\"EntryPoint\",\"urlTemplate\":\"https:\\\/\\\/www.p31noticias.com.br\\\/?s={search_term_string}\"},\"query-input\":{\"@type\":\"PropertyValueSpecification\",\"valueRequired\":true,\"valueName\":\"search_term_string\"}}],\"inLanguage\":\"pt-BR\"},{\"@type\":\"Person\",\"@id\":\"https:\\\/\\\/www.p31noticias.com.br\\\/#\\\/schema\\\/person\\\/d1bb0ccbf62b27e19ea4e75696908d43\",\"name\":\"Camilly Scheffer\",\"image\":{\"@type\":\"ImageObject\",\"inLanguage\":\"pt-BR\",\"@id\":\"https:\\\/\\\/secure.gravatar.com\\\/avatar\\\/06f4704b382d241ec2670712618fccea085b2db24d7b2d3b8691d904bbc1d557?s=96&d=mm&r=g\",\"url\":\"https:\\\/\\\/secure.gravatar.com\\\/avatar\\\/06f4704b382d241ec2670712618fccea085b2db24d7b2d3b8691d904bbc1d557?s=96&d=mm&r=g\",\"contentUrl\":\"https:\\\/\\\/secure.gravatar.com\\\/avatar\\\/06f4704b382d241ec2670712618fccea085b2db24d7b2d3b8691d904bbc1d557?s=96&d=mm&r=g\",\"caption\":\"Camilly Scheffer\"},\"url\":\"https:\\\/\\\/www.p31noticias.com.br\\\/?author=5\"}]}<\/script>\n<!-- \/ Yoast SEO Premium plugin. -->","yoast_head_json":{"title":"TCU aprova edital para leil\u00e3o do 5G; licita\u00e7\u00e3o deve ocorrer em outubro - P31","robots":{"index":"index","follow":"follow","max-snippet":"max-snippet:-1","max-image-preview":"max-image-preview:large","max-video-preview":"max-video-preview:-1"},"canonical":"https:\/\/www.p31noticias.com.br\/?p=24103","og_locale":"pt_BR","og_type":"article","og_title":"TCU aprova edital para leil\u00e3o do 5G; licita\u00e7\u00e3o deve ocorrer em outubro","og_description":"O Tribunal de Contas da Uni\u00e3o (TCU) aprovou, nesta quarta-feira (25\/8), o edital para o leil\u00e3o do 5G. O julgamento havia sido interrompido na semana passada ap\u00f3s um pedido de vista do ministro Aroldo Cedraz, que acatou as cr\u00edticas da equipe t\u00e9cnica. Agora, com o edital aprovado pelo TCU, o documento seguir\u00e1 para an\u00e1lise da [&hellip;]","og_url":"https:\/\/www.p31noticias.com.br\/?p=24103","og_site_name":"P31","article_published_time":"2021-08-26T17:35:20+00:00","og_image":[{"width":960,"height":640,"url":"https:\/\/www.p31noticias.com.br\/wp-content\/uploads\/2021\/08\/TCU2.jpg","type":"image\/jpeg"}],"author":"Camilly Scheffer","twitter_card":"summary_large_image","twitter_misc":{"Escrito por":"Camilly Scheffer","Est. tempo de leitura":"2 minutos"},"schema":{"@context":"https:\/\/schema.org","@graph":[{"@type":"Article","@id":"https:\/\/www.p31noticias.com.br\/?p=24103#article","isPartOf":{"@id":"https:\/\/www.p31noticias.com.br\/?p=24103"},"author":{"name":"Camilly Scheffer","@id":"https:\/\/www.p31noticias.com.br\/#\/schema\/person\/d1bb0ccbf62b27e19ea4e75696908d43"},"headline":"TCU aprova edital para leil\u00e3o do 5G; licita\u00e7\u00e3o deve ocorrer em outubro","datePublished":"2021-08-26T17:35:20+00:00","mainEntityOfPage":{"@id":"https:\/\/www.p31noticias.com.br\/?p=24103"},"wordCount":438,"commentCount":0,"image":{"@id":"https:\/\/www.p31noticias.com.br\/?p=24103#primaryimage"},"thumbnailUrl":"https:\/\/www.p31noticias.com.br\/wp-content\/uploads\/2021\/08\/TCU2.jpg","articleSection":["Economia"],"inLanguage":"pt-BR","potentialAction":[{"@type":"CommentAction","name":"Comment","target":["https:\/\/www.p31noticias.com.br\/?p=24103#respond"]}],"copyrightYear":"2021","copyrightHolder":{"@id":"https:\/\/www.p31noticias.com.br\/#organization"}},{"@type":"WebPage","@id":"https:\/\/www.p31noticias.com.br\/?p=24103","url":"https:\/\/www.p31noticias.com.br\/?p=24103","name":"TCU aprova edital para leil\u00e3o do 5G; licita\u00e7\u00e3o deve ocorrer em outubro - P31","isPartOf":{"@id":"https:\/\/www.p31noticias.com.br\/#website"},"primaryImageOfPage":{"@id":"https:\/\/www.p31noticias.com.br\/?p=24103#primaryimage"},"image":{"@id":"https:\/\/www.p31noticias.com.br\/?p=24103#primaryimage"},"thumbnailUrl":"https:\/\/www.p31noticias.com.br\/wp-content\/uploads\/2021\/08\/TCU2.jpg","datePublished":"2021-08-26T17:35:20+00:00","author":{"@id":"https:\/\/www.p31noticias.com.br\/#\/schema\/person\/d1bb0ccbf62b27e19ea4e75696908d43"},"breadcrumb":{"@id":"https:\/\/www.p31noticias.com.br\/?p=24103#breadcrumb"},"inLanguage":"pt-BR","potentialAction":[{"@type":"ReadAction","target":["https:\/\/www.p31noticias.com.br\/?p=24103"]}]},{"@type":"ImageObject","inLanguage":"pt-BR","@id":"https:\/\/www.p31noticias.com.br\/?p=24103#primaryimage","url":"https:\/\/www.p31noticias.com.br\/wp-content\/uploads\/2021\/08\/TCU2.jpg","contentUrl":"https:\/\/www.p31noticias.com.br\/wp-content\/uploads\/2021\/08\/TCU2.jpg","width":960,"height":640},{"@type":"BreadcrumbList","@id":"https:\/\/www.p31noticias.com.br\/?p=24103#breadcrumb","itemListElement":[{"@type":"ListItem","position":1,"name":"In\u00edcio","item":"https:\/\/www.p31noticias.com.br\/"},{"@type":"ListItem","position":2,"name":"TCU aprova edital para leil\u00e3o do 5G; licita\u00e7\u00e3o deve ocorrer em outubro"}]},{"@type":"WebSite","@id":"https:\/\/www.p31noticias.com.br\/#website","url":"https:\/\/www.p31noticias.com.br\/","name":"P31","description":"NOT\u00cdCIAS","potentialAction":[{"@type":"SearchAction","target":{"@type":"EntryPoint","urlTemplate":"https:\/\/www.p31noticias.com.br\/?s={search_term_string}"},"query-input":{"@type":"PropertyValueSpecification","valueRequired":true,"valueName":"search_term_string"}}],"inLanguage":"pt-BR"},{"@type":"Person","@id":"https:\/\/www.p31noticias.com.br\/#\/schema\/person\/d1bb0ccbf62b27e19ea4e75696908d43","name":"Camilly Scheffer","image":{"@type":"ImageObject","inLanguage":"pt-BR","@id":"https:\/\/secure.gravatar.com\/avatar\/06f4704b382d241ec2670712618fccea085b2db24d7b2d3b8691d904bbc1d557?s=96&d=mm&r=g","url":"https:\/\/secure.gravatar.com\/avatar\/06f4704b382d241ec2670712618fccea085b2db24d7b2d3b8691d904bbc1d557?s=96&d=mm&r=g","contentUrl":"https:\/\/secure.gravatar.com\/avatar\/06f4704b382d241ec2670712618fccea085b2db24d7b2d3b8691d904bbc1d557?s=96&d=mm&r=g","caption":"Camilly Scheffer"},"url":"https:\/\/www.p31noticias.com.br\/?author=5"}]}},"amp_enabled":true,"_links":{"self":[{"href":"https:\/\/www.p31noticias.com.br\/index.php?rest_route=\/wp\/v2\/posts\/24103","targetHints":{"allow":["GET"]}}],"collection":[{"href":"https:\/\/www.p31noticias.com.br\/index.php?rest_route=\/wp\/v2\/posts"}],"about":[{"href":"https:\/\/www.p31noticias.com.br\/index.php?rest_route=\/wp\/v2\/types\/post"}],"author":[{"embeddable":true,"href":"https:\/\/www.p31noticias.com.br\/index.php?rest_route=\/wp\/v2\/users\/5"}],"replies":[{"embeddable":true,"href":"https:\/\/www.p31noticias.com.br\/index.php?rest_route=%2Fwp%2Fv2%2Fcomments&post=24103"}],"version-history":[{"count":1,"href":"https:\/\/www.p31noticias.com.br\/index.php?rest_route=\/wp\/v2\/posts\/24103\/revisions"}],"predecessor-version":[{"id":24105,"href":"https:\/\/www.p31noticias.com.br\/index.php?rest_route=\/wp\/v2\/posts\/24103\/revisions\/24105"}],"wp:featuredmedia":[{"embeddable":true,"href":"https:\/\/www.p31noticias.com.br\/index.php?rest_route=\/wp\/v2\/media\/24104"}],"wp:attachment":[{"href":"https:\/\/www.p31noticias.com.br\/index.php?rest_route=%2Fwp%2Fv2%2Fmedia&parent=24103"}],"wp:term":[{"taxonomy":"category","embeddable":true,"href":"https:\/\/www.p31noticias.com.br\/index.php?rest_route=%2Fwp%2Fv2%2Fcategories&post=24103"},{"taxonomy":"post_tag","embeddable":true,"href":"https:\/\/www.p31noticias.com.br\/index.php?rest_route=%2Fwp%2Fv2%2Ftags&post=24103"}],"curies":[{"name":"wp","href":"https:\/\/api.w.org\/{rel}","templated":true}]}}