{"id":24101,"date":"2021-08-26T14:32:29","date_gmt":"2021-08-26T17:32:29","guid":{"rendered":"https:\/\/p31noticias.com.br\/?p=24101"},"modified":"2021-08-26T14:32:29","modified_gmt":"2021-08-26T17:32:29","slug":"sao-luis-comeca-a-aplicar-dose-de-reforco-da-vacina-contra-covid-19-nesta-quinta-feira-26-diz-prefeito","status":"publish","type":"post","link":"https:\/\/www.p31noticias.com.br\/?p=24101","title":{"rendered":"S\u00e3o Lu\u00eds come\u00e7a a aplicar dose de refor\u00e7o da vacina contra Covid-19 nesta quinta-feira (26), diz prefeito"},"content":{"rendered":"<div class=\"mc-column content-text active-extra-styles \" data-block-type=\"unstyled\" data-block-weight=\"39\" data-block-id=\"2\">\n<p class=\"content-text__container \" data-track-category=\"Link no Texto\" data-track-links=\"\">O prefeito de S\u00e3o Lu\u00eds, Eduardo Braide, afirmou nesta quarta-feira (25)\u00a0<span class=\"highlight highlighted\">que come\u00e7a a aplicar a partir desta quinta-feira (26) a dose de refor\u00e7o da vacina contra a\u00a0<\/span><a href=\"https:\/\/g1.globo.com\/bemestar\/coronavirus\/\"><span class=\"highlight highlighted\">Covid-19<\/span><\/a>. O an\u00fancio foi feito por meio de uma rede social.<\/p>\n<\/div>\n<div class=\"wall protected-content\">\n<div class=\"mc-column content-text active-extra-styles \" data-block-type=\"unstyled\" data-block-weight=\"41\" data-block-id=\"3\">\n<p class=\"content-text__container \" data-track-category=\"Link no Texto\" data-track-links=\"\">A partir desta quinta-feira,\u00a0<strong>ser\u00e3o imunizados os idosos residentes em institui\u00e7\u00f5es de longa perman\u00eancia (ILPI&#8217;s), a partir de 70 anos<\/strong>. Segundo Braide,\u00a0<span class=\"highlight highlighted\">o calend\u00e1rio de vacina\u00e7\u00e3o para os pr\u00f3ximos p\u00fablicos que v\u00e3o receber o refor\u00e7o ser\u00e1 divulgado ainda nesta semana<\/span>.<\/p>\n<\/div>\n<div class=\"mc-column content-text active-extra-styles \" data-block-type=\"unstyled\" data-block-weight=\"82\" data-block-id=\"5\">\n<p class=\"content-text__container \" data-track-category=\"Link no Texto\" data-track-links=\"\">&#8220;S\u00e3o Lu\u00eds estava pronta para a aplica\u00e7\u00e3o da terceira dose de vacinas contra a Covid-19. N\u00f3s aguard\u00e1vamos t\u00e3o somente a orienta\u00e7\u00e3o do Minist\u00e9rio da Sa\u00fade, uma vez que o minist\u00e9rio j\u00e1 fez a recomenda\u00e7\u00e3o da aplica\u00e7\u00e3o da terceira dose e amanh\u00e3 mesmo, na quinta-feira, n\u00f3s daremos in\u00edcio a aplica\u00e7\u00e3o destas doses nos idosos que s\u00e3o residentes de institui\u00e7\u00f5es de longa perman\u00eancia. E ainda nessa semana, n\u00f3s vamos divulgar o calend\u00e1rio dos pr\u00f3ximos p\u00fablicos que v\u00e3o receber essa dose&#8221;, disse.<\/p>\n<p data-track-category=\"Link no Texto\" data-track-links=\"\">Fonte: G1.<\/p>\n<\/div>\n<\/div>\n","protected":false},"excerpt":{"rendered":"<p>O prefeito de S\u00e3o Lu\u00eds, Eduardo Braide, afirmou nesta quarta-feira (25)\u00a0que come\u00e7a a aplicar a partir desta quinta-feira (26) a dose de refor\u00e7o da vacina contra a\u00a0Covid-19. O an\u00fancio foi feito por meio de uma rede social. A partir desta quinta-feira,\u00a0ser\u00e3o imunizados os idosos residentes em institui\u00e7\u00f5es de longa perman\u00eancia (ILPI&#8217;s), a partir de 70 [&hellip;]<\/p>\n","protected":false},"author":5,"featured_media":24100,"comment_status":"open","ping_status":"open","sticky":false,"template":"","format":"standard","meta":{"footnotes":""},"categories":[68],"tags":[],"class_list":{"0":"post-24101","1":"post","2":"type-post","3":"status-publish","4":"format-standard","5":"has-post-thumbnail","7":"category-brasil"},"yoast_head":"<!-- This site is optimized with the Yoast SEO Premium plugin v24.5 (Yoast SEO v27.5) - https:\/\/yoast.com\/product\/yoast-seo-premium-wordpress\/ -->\n<title>S\u00e3o Lu\u00eds come\u00e7a a aplicar dose de refor\u00e7o da vacina contra Covid-19 nesta quinta-feira (26), diz prefeito - P31<\/title>\n<meta name=\"robots\" content=\"index, follow, max-snippet:-1, max-image-preview:large, max-video-preview:-1\" \/>\n<link rel=\"canonical\" href=\"https:\/\/www.p31noticias.com.br\/?p=24101\" \/>\n<meta property=\"og:locale\" content=\"pt_BR\" \/>\n<meta property=\"og:type\" content=\"article\" \/>\n<meta property=\"og:title\" content=\"S\u00e3o Lu\u00eds come\u00e7a a aplicar dose de refor\u00e7o da vacina contra Covid-19 nesta quinta-feira (26), diz prefeito\" \/>\n<meta property=\"og:description\" content=\"O prefeito de S\u00e3o Lu\u00eds, Eduardo Braide, afirmou nesta quarta-feira (25)\u00a0que come\u00e7a a aplicar a partir desta quinta-feira (26) a dose de refor\u00e7o da vacina contra a\u00a0Covid-19. O an\u00fancio foi feito por meio de uma rede social. A partir desta quinta-feira,\u00a0ser\u00e3o imunizados os idosos residentes em institui\u00e7\u00f5es de longa perman\u00eancia (ILPI&#8217;s), a partir de 70 [&hellip;]\" \/>\n<meta property=\"og:url\" content=\"https:\/\/www.p31noticias.com.br\/?p=24101\" \/>\n<meta property=\"og:site_name\" content=\"P31\" \/>\n<meta property=\"article:published_time\" content=\"2021-08-26T17:32:29+00:00\" \/>\n<meta property=\"og:image\" content=\"https:\/\/www.p31noticias.com.br\/wp-content\/uploads\/2021\/08\/vacinacao-covid-jean-victor-3.6-3-1024x682-1.jpeg\" \/>\n\t<meta property=\"og:image:width\" content=\"984\" \/>\n\t<meta property=\"og:image:height\" content=\"655\" \/>\n\t<meta property=\"og:image:type\" content=\"image\/jpeg\" \/>\n<meta name=\"author\" content=\"Camilly Scheffer\" \/>\n<meta name=\"twitter:card\" content=\"summary_large_image\" \/>\n<meta name=\"twitter:label1\" content=\"Escrito por\" \/>\n\t<meta name=\"twitter:data1\" content=\"Camilly Scheffer\" \/>\n\t<meta name=\"twitter:label2\" content=\"Est. tempo de leitura\" \/>\n\t<meta name=\"twitter:data2\" content=\"1 minuto\" \/>\n<script type=\"application\/ld+json\" class=\"yoast-schema-graph\">{\"@context\":\"https:\\\/\\\/schema.org\",\"@graph\":[{\"@type\":\"Article\",\"@id\":\"https:\\\/\\\/www.p31noticias.com.br\\\/?p=24101#article\",\"isPartOf\":{\"@id\":\"https:\\\/\\\/www.p31noticias.com.br\\\/?p=24101\"},\"author\":{\"name\":\"Camilly Scheffer\",\"@id\":\"https:\\\/\\\/www.p31noticias.com.br\\\/#\\\/schema\\\/person\\\/d1bb0ccbf62b27e19ea4e75696908d43\"},\"headline\":\"S\u00e3o Lu\u00eds come\u00e7a a aplicar dose de refor\u00e7o da vacina contra Covid-19 nesta quinta-feira (26), diz prefeito\",\"datePublished\":\"2021-08-26T17:32:29+00:00\",\"mainEntityOfPage\":{\"@id\":\"https:\\\/\\\/www.p31noticias.com.br\\\/?p=24101\"},\"wordCount\":215,\"commentCount\":0,\"image\":{\"@id\":\"https:\\\/\\\/www.p31noticias.com.br\\\/?p=24101#primaryimage\"},\"thumbnailUrl\":\"https:\\\/\\\/www.p31noticias.com.br\\\/wp-content\\\/uploads\\\/2021\\\/08\\\/vacinacao-covid-jean-victor-3.6-3-1024x682-1.jpeg\",\"articleSection\":[\"Brasil\"],\"inLanguage\":\"pt-BR\",\"potentialAction\":[{\"@type\":\"CommentAction\",\"name\":\"Comment\",\"target\":[\"https:\\\/\\\/www.p31noticias.com.br\\\/?p=24101#respond\"]}],\"copyrightYear\":\"2021\",\"copyrightHolder\":{\"@id\":\"https:\\\/\\\/www.p31noticias.com.br\\\/#organization\"}},{\"@type\":\"WebPage\",\"@id\":\"https:\\\/\\\/www.p31noticias.com.br\\\/?p=24101\",\"url\":\"https:\\\/\\\/www.p31noticias.com.br\\\/?p=24101\",\"name\":\"S\u00e3o Lu\u00eds come\u00e7a a aplicar dose de refor\u00e7o da vacina contra Covid-19 nesta quinta-feira (26), diz prefeito - P31\",\"isPartOf\":{\"@id\":\"https:\\\/\\\/www.p31noticias.com.br\\\/#website\"},\"primaryImageOfPage\":{\"@id\":\"https:\\\/\\\/www.p31noticias.com.br\\\/?p=24101#primaryimage\"},\"image\":{\"@id\":\"https:\\\/\\\/www.p31noticias.com.br\\\/?p=24101#primaryimage\"},\"thumbnailUrl\":\"https:\\\/\\\/www.p31noticias.com.br\\\/wp-content\\\/uploads\\\/2021\\\/08\\\/vacinacao-covid-jean-victor-3.6-3-1024x682-1.jpeg\",\"datePublished\":\"2021-08-26T17:32:29+00:00\",\"author\":{\"@id\":\"https:\\\/\\\/www.p31noticias.com.br\\\/#\\\/schema\\\/person\\\/d1bb0ccbf62b27e19ea4e75696908d43\"},\"breadcrumb\":{\"@id\":\"https:\\\/\\\/www.p31noticias.com.br\\\/?p=24101#breadcrumb\"},\"inLanguage\":\"pt-BR\",\"potentialAction\":[{\"@type\":\"ReadAction\",\"target\":[\"https:\\\/\\\/www.p31noticias.com.br\\\/?p=24101\"]}]},{\"@type\":\"ImageObject\",\"inLanguage\":\"pt-BR\",\"@id\":\"https:\\\/\\\/www.p31noticias.com.br\\\/?p=24101#primaryimage\",\"url\":\"https:\\\/\\\/www.p31noticias.com.br\\\/wp-content\\\/uploads\\\/2021\\\/08\\\/vacinacao-covid-jean-victor-3.6-3-1024x682-1.jpeg\",\"contentUrl\":\"https:\\\/\\\/www.p31noticias.com.br\\\/wp-content\\\/uploads\\\/2021\\\/08\\\/vacinacao-covid-jean-victor-3.6-3-1024x682-1.jpeg\",\"width\":984,\"height\":655},{\"@type\":\"BreadcrumbList\",\"@id\":\"https:\\\/\\\/www.p31noticias.com.br\\\/?p=24101#breadcrumb\",\"itemListElement\":[{\"@type\":\"ListItem\",\"position\":1,\"name\":\"In\u00edcio\",\"item\":\"https:\\\/\\\/www.p31noticias.com.br\\\/\"},{\"@type\":\"ListItem\",\"position\":2,\"name\":\"S\u00e3o Lu\u00eds come\u00e7a a aplicar dose de refor\u00e7o da vacina contra Covid-19 nesta quinta-feira (26), diz prefeito\"}]},{\"@type\":\"WebSite\",\"@id\":\"https:\\\/\\\/www.p31noticias.com.br\\\/#website\",\"url\":\"https:\\\/\\\/www.p31noticias.com.br\\\/\",\"name\":\"P31\",\"description\":\"NOT\u00cdCIAS\",\"potentialAction\":[{\"@type\":\"SearchAction\",\"target\":{\"@type\":\"EntryPoint\",\"urlTemplate\":\"https:\\\/\\\/www.p31noticias.com.br\\\/?s={search_term_string}\"},\"query-input\":{\"@type\":\"PropertyValueSpecification\",\"valueRequired\":true,\"valueName\":\"search_term_string\"}}],\"inLanguage\":\"pt-BR\"},{\"@type\":\"Person\",\"@id\":\"https:\\\/\\\/www.p31noticias.com.br\\\/#\\\/schema\\\/person\\\/d1bb0ccbf62b27e19ea4e75696908d43\",\"name\":\"Camilly Scheffer\",\"image\":{\"@type\":\"ImageObject\",\"inLanguage\":\"pt-BR\",\"@id\":\"https:\\\/\\\/secure.gravatar.com\\\/avatar\\\/06f4704b382d241ec2670712618fccea085b2db24d7b2d3b8691d904bbc1d557?s=96&d=mm&r=g\",\"url\":\"https:\\\/\\\/secure.gravatar.com\\\/avatar\\\/06f4704b382d241ec2670712618fccea085b2db24d7b2d3b8691d904bbc1d557?s=96&d=mm&r=g\",\"contentUrl\":\"https:\\\/\\\/secure.gravatar.com\\\/avatar\\\/06f4704b382d241ec2670712618fccea085b2db24d7b2d3b8691d904bbc1d557?s=96&d=mm&r=g\",\"caption\":\"Camilly Scheffer\"},\"url\":\"https:\\\/\\\/www.p31noticias.com.br\\\/?author=5\"}]}<\/script>\n<!-- \/ Yoast SEO Premium plugin. -->","yoast_head_json":{"title":"S\u00e3o Lu\u00eds come\u00e7a a aplicar dose de refor\u00e7o da vacina contra Covid-19 nesta quinta-feira (26), diz prefeito - P31","robots":{"index":"index","follow":"follow","max-snippet":"max-snippet:-1","max-image-preview":"max-image-preview:large","max-video-preview":"max-video-preview:-1"},"canonical":"https:\/\/www.p31noticias.com.br\/?p=24101","og_locale":"pt_BR","og_type":"article","og_title":"S\u00e3o Lu\u00eds come\u00e7a a aplicar dose de refor\u00e7o da vacina contra Covid-19 nesta quinta-feira (26), diz prefeito","og_description":"O prefeito de S\u00e3o Lu\u00eds, Eduardo Braide, afirmou nesta quarta-feira (25)\u00a0que come\u00e7a a aplicar a partir desta quinta-feira (26) a dose de refor\u00e7o da vacina contra a\u00a0Covid-19. O an\u00fancio foi feito por meio de uma rede social. A partir desta quinta-feira,\u00a0ser\u00e3o imunizados os idosos residentes em institui\u00e7\u00f5es de longa perman\u00eancia (ILPI&#8217;s), a partir de 70 [&hellip;]","og_url":"https:\/\/www.p31noticias.com.br\/?p=24101","og_site_name":"P31","article_published_time":"2021-08-26T17:32:29+00:00","og_image":[{"width":984,"height":655,"url":"https:\/\/www.p31noticias.com.br\/wp-content\/uploads\/2021\/08\/vacinacao-covid-jean-victor-3.6-3-1024x682-1.jpeg","type":"image\/jpeg"}],"author":"Camilly Scheffer","twitter_card":"summary_large_image","twitter_misc":{"Escrito por":"Camilly Scheffer","Est. tempo de leitura":"1 minuto"},"schema":{"@context":"https:\/\/schema.org","@graph":[{"@type":"Article","@id":"https:\/\/www.p31noticias.com.br\/?p=24101#article","isPartOf":{"@id":"https:\/\/www.p31noticias.com.br\/?p=24101"},"author":{"name":"Camilly Scheffer","@id":"https:\/\/www.p31noticias.com.br\/#\/schema\/person\/d1bb0ccbf62b27e19ea4e75696908d43"},"headline":"S\u00e3o Lu\u00eds come\u00e7a a aplicar dose de refor\u00e7o da vacina contra Covid-19 nesta quinta-feira (26), diz prefeito","datePublished":"2021-08-26T17:32:29+00:00","mainEntityOfPage":{"@id":"https:\/\/www.p31noticias.com.br\/?p=24101"},"wordCount":215,"commentCount":0,"image":{"@id":"https:\/\/www.p31noticias.com.br\/?p=24101#primaryimage"},"thumbnailUrl":"https:\/\/www.p31noticias.com.br\/wp-content\/uploads\/2021\/08\/vacinacao-covid-jean-victor-3.6-3-1024x682-1.jpeg","articleSection":["Brasil"],"inLanguage":"pt-BR","potentialAction":[{"@type":"CommentAction","name":"Comment","target":["https:\/\/www.p31noticias.com.br\/?p=24101#respond"]}],"copyrightYear":"2021","copyrightHolder":{"@id":"https:\/\/www.p31noticias.com.br\/#organization"}},{"@type":"WebPage","@id":"https:\/\/www.p31noticias.com.br\/?p=24101","url":"https:\/\/www.p31noticias.com.br\/?p=24101","name":"S\u00e3o Lu\u00eds come\u00e7a a aplicar dose de refor\u00e7o da vacina contra Covid-19 nesta quinta-feira (26), diz prefeito - P31","isPartOf":{"@id":"https:\/\/www.p31noticias.com.br\/#website"},"primaryImageOfPage":{"@id":"https:\/\/www.p31noticias.com.br\/?p=24101#primaryimage"},"image":{"@id":"https:\/\/www.p31noticias.com.br\/?p=24101#primaryimage"},"thumbnailUrl":"https:\/\/www.p31noticias.com.br\/wp-content\/uploads\/2021\/08\/vacinacao-covid-jean-victor-3.6-3-1024x682-1.jpeg","datePublished":"2021-08-26T17:32:29+00:00","author":{"@id":"https:\/\/www.p31noticias.com.br\/#\/schema\/person\/d1bb0ccbf62b27e19ea4e75696908d43"},"breadcrumb":{"@id":"https:\/\/www.p31noticias.com.br\/?p=24101#breadcrumb"},"inLanguage":"pt-BR","potentialAction":[{"@type":"ReadAction","target":["https:\/\/www.p31noticias.com.br\/?p=24101"]}]},{"@type":"ImageObject","inLanguage":"pt-BR","@id":"https:\/\/www.p31noticias.com.br\/?p=24101#primaryimage","url":"https:\/\/www.p31noticias.com.br\/wp-content\/uploads\/2021\/08\/vacinacao-covid-jean-victor-3.6-3-1024x682-1.jpeg","contentUrl":"https:\/\/www.p31noticias.com.br\/wp-content\/uploads\/2021\/08\/vacinacao-covid-jean-victor-3.6-3-1024x682-1.jpeg","width":984,"height":655},{"@type":"BreadcrumbList","@id":"https:\/\/www.p31noticias.com.br\/?p=24101#breadcrumb","itemListElement":[{"@type":"ListItem","position":1,"name":"In\u00edcio","item":"https:\/\/www.p31noticias.com.br\/"},{"@type":"ListItem","position":2,"name":"S\u00e3o Lu\u00eds come\u00e7a a aplicar dose de refor\u00e7o da vacina contra Covid-19 nesta quinta-feira (26), diz prefeito"}]},{"@type":"WebSite","@id":"https:\/\/www.p31noticias.com.br\/#website","url":"https:\/\/www.p31noticias.com.br\/","name":"P31","description":"NOT\u00cdCIAS","potentialAction":[{"@type":"SearchAction","target":{"@type":"EntryPoint","urlTemplate":"https:\/\/www.p31noticias.com.br\/?s={search_term_string}"},"query-input":{"@type":"PropertyValueSpecification","valueRequired":true,"valueName":"search_term_string"}}],"inLanguage":"pt-BR"},{"@type":"Person","@id":"https:\/\/www.p31noticias.com.br\/#\/schema\/person\/d1bb0ccbf62b27e19ea4e75696908d43","name":"Camilly Scheffer","image":{"@type":"ImageObject","inLanguage":"pt-BR","@id":"https:\/\/secure.gravatar.com\/avatar\/06f4704b382d241ec2670712618fccea085b2db24d7b2d3b8691d904bbc1d557?s=96&d=mm&r=g","url":"https:\/\/secure.gravatar.com\/avatar\/06f4704b382d241ec2670712618fccea085b2db24d7b2d3b8691d904bbc1d557?s=96&d=mm&r=g","contentUrl":"https:\/\/secure.gravatar.com\/avatar\/06f4704b382d241ec2670712618fccea085b2db24d7b2d3b8691d904bbc1d557?s=96&d=mm&r=g","caption":"Camilly Scheffer"},"url":"https:\/\/www.p31noticias.com.br\/?author=5"}]}},"amp_enabled":true,"_links":{"self":[{"href":"https:\/\/www.p31noticias.com.br\/index.php?rest_route=\/wp\/v2\/posts\/24101","targetHints":{"allow":["GET"]}}],"collection":[{"href":"https:\/\/www.p31noticias.com.br\/index.php?rest_route=\/wp\/v2\/posts"}],"about":[{"href":"https:\/\/www.p31noticias.com.br\/index.php?rest_route=\/wp\/v2\/types\/post"}],"author":[{"embeddable":true,"href":"https:\/\/www.p31noticias.com.br\/index.php?rest_route=\/wp\/v2\/users\/5"}],"replies":[{"embeddable":true,"href":"https:\/\/www.p31noticias.com.br\/index.php?rest_route=%2Fwp%2Fv2%2Fcomments&post=24101"}],"version-history":[{"count":1,"href":"https:\/\/www.p31noticias.com.br\/index.php?rest_route=\/wp\/v2\/posts\/24101\/revisions"}],"predecessor-version":[{"id":24102,"href":"https:\/\/www.p31noticias.com.br\/index.php?rest_route=\/wp\/v2\/posts\/24101\/revisions\/24102"}],"wp:featuredmedia":[{"embeddable":true,"href":"https:\/\/www.p31noticias.com.br\/index.php?rest_route=\/wp\/v2\/media\/24100"}],"wp:attachment":[{"href":"https:\/\/www.p31noticias.com.br\/index.php?rest_route=%2Fwp%2Fv2%2Fmedia&parent=24101"}],"wp:term":[{"taxonomy":"category","embeddable":true,"href":"https:\/\/www.p31noticias.com.br\/index.php?rest_route=%2Fwp%2Fv2%2Fcategories&post=24101"},{"taxonomy":"post_tag","embeddable":true,"href":"https:\/\/www.p31noticias.com.br\/index.php?rest_route=%2Fwp%2Fv2%2Ftags&post=24101"}],"curies":[{"name":"wp","href":"https:\/\/api.w.org\/{rel}","templated":true}]}}