{"id":24096,"date":"2021-08-26T14:24:04","date_gmt":"2021-08-26T17:24:04","guid":{"rendered":"https:\/\/p31noticias.com.br\/?p=24096"},"modified":"2021-08-26T14:24:04","modified_gmt":"2021-08-26T17:24:04","slug":"exclusivoapos-donny-silva-denunciar-perseguicao-contra-empresa-na-sutic-andre-clemente-tenta-intimidar-o-jornalista-investigativo","status":"publish","type":"post","link":"https:\/\/www.p31noticias.com.br\/?p=24096","title":{"rendered":"EXCLUSIVO!!!Ap\u00f3s Donny Silva denunciar persegui\u00e7\u00e3o contra empresa na SUTIC, Andr\u00e9 Clemente tenta intimidar o jornalista investigativo"},"content":{"rendered":"<p>\u00c9 at\u00e9 \u201cnormal\u201d que autoridades investigadas tentem, nos dias atuais, acusar quem os acusa.<\/p>\n<p>No in\u00edcio de dezembro de 2020, recebi uma grave den\u00fancia contra a Subsecretaria de Tecnologia e Informa\u00e7\u00e3o da Secretaria de Economia do Distrito Federal. A levei adiante e agora o secret\u00e1rio de Economia do DF, Andr\u00e9 Clemente, tenta me intimidar e difamar, mas n\u00e3o vai conseguir. At\u00e9 porque, dentro do GDF, todos sabem que ele \u00e9 o secret\u00e1rio que manda em tudo! Para Clemente, falar de den\u00fancias sobre a SEE \u00e9 crime de\u00a0cyberstalking\u2026<\/p>\n<p>Em 2020, um amigo em comum me solicitou, \u00a0a pedido do secret\u00e1rio Andr\u00e9 Clemente, que investigasse as atitudes do secret\u00e1rio de Governo do DF, \u00a0Jos\u00e9 Humberto, que estaria exigindo recursos demais sem prestar aten\u00e7\u00e3o no or\u00e7amento, ap\u00f3s receber a den\u00fancia o procurei.<\/p>\n<p>Marcamos um caf\u00e9 no Parkshopping e l\u00e1, no dia 9 de dezembro de 2020, \u00e0s 11h nos encontramos e \u00a0relatei a den\u00fancia. Ele ficou preocupado com o caso e ficou de conversar com Clemente para que o empres\u00e1rio da empresa perseguida na SUTIC pudesse ser ouvido. Mas isso nunca aconteceu!<\/p>\n<p>No dia 17 de dezembro de 2020, o amigo de Clemente, \u00a0desde o governo de Jos\u00e9 Roberto Arruda, me ligou: \u00a0\u201cAcho que voc\u00eas tem que formalizar uma den\u00fancia na Corregedoria e etc. Eu s\u00f3 n\u00e3o faria no seu Blog para n\u00e3o virar pol\u00edtica\u201d, afirmou.<\/p>\n<p>Em 7 de janeiro de 2021, sem obter respostas da SEE, publiquei a mat\u00e9ria Chico e L\u00e9o.\u00a0Na mat\u00e9ria, afirmei que \u201cChico e L\u00e9o s\u00e3o as pessoas que travam processos dentro da SUTIC a fim de favorecer uma determinada empresa do GDF, que na calada da noite assumiu uma s\u00e9rie de processos dentro da subsecretaria, praticamente terceirizando-a, fazendo com que tudo gire em torno dela.<\/p>\n<p>Este Chico (Francisco Lopes), \u00e9 o mesmo que teve passagens mete\u00f3ricas pelo STJ e INSS (foi presidente do INSS e exonerado do cargo no governo Temer ap\u00f3s den\u00fancia de ter firmado contrato com uma empresa de inform\u00e1tica mesmo com parecer contr\u00e1rio) entre outros, sem esquentar cadeira porque quando descobriam de quem se tratava, o arrogante funcion\u00e1rio p\u00fablico de interesse privado era catapultado de sua cadeira deixando espa\u00e7o para quem pretendia trabalhar em prol da sociedade como um todo e n\u00e3o por interesses, no m\u00ednimo, obscuros.\u201d<\/p>\n<p>No dia 12 de janeiro de 2021, o funcion\u00e1rio da Subsecretaria, Ant\u00f4nio Junior, chamou a empresa Digidata (que havia ganho uma licita\u00e7\u00e3o e que estava trabalhando normalmente at\u00e9 a entrada de Francisco Ara\u00fajo na SEE), para pedir algumas integra\u00e7\u00f5es no M\u00f3dulo 7, que j\u00e1 estava pronto, faltando apenas que a SUTIC homologasse. Essas integra\u00e7\u00f5es n\u00e3o estavam no escopo da etapa e atrasariam o processo em mais 20 dias. N\u00e3o contente com a chacota, Antonio Junior disse ao empres\u00e1rio: \u201cFaz isso a\u00ed e l\u00e1 pelo dia 10 de fevereiro a gente autoriza voc\u00ea a emitir e l\u00e1 pra mar\u00e7o voc\u00ea recebe alguma coisa\u201d\u2026<\/p>\n<p>O empres\u00e1rio Luiz S\u00e9rgio se sentiu achacado, pois venceu uma Licita\u00e7\u00e3o, prestou o servi\u00e7o e n\u00e3o consegue receber at\u00e9 hoje! Novamente solicitei ao amigo de Clemente, no dia 14\/1\/21, que conversasse com o secret\u00e1rio \u00a0para que ele recebesse o empres\u00e1rio e o ouvisse sobre a dupla que estava criando dificuldades para vender facilidades na SUTIC. O amigo do secret\u00e1rio respondeu dizendo que j\u00e1 havia conversado com Clemente e que ele iria marcar. Neste mesmo dia avisei que Francisco Lopes e sua turma na SUTIC derrubariam Clemente. Desta data at\u00e9 hoje, o emiss\u00e1rio n\u00e3o mais conversou comigo, nem Clemente me deu retorno.<\/p>\n<p>Ap\u00f3s muita insist\u00eancia para tentar ser ouvido por Clemente, finalmente ele mandou que seu subsecret\u00e1rio, o delegado Maur\u00edlio de Moura, me ligasse e marcasse uma reuni\u00e3o. Fui l\u00e1, conversei com ele, mas de cara ele j\u00e1 estava com o discurso pronto, ao afirmar que a empresa n\u00e3o entregou o servi\u00e7o, etc. Ele estava 100% alinhado com o pessoal do Francisco!<\/p>\n<p>Mas como eu j\u00e1 estava com os documentos que provam o contr\u00e1rio, e que havia sim um conluio dentro da SUTIC no claro prop\u00f3sito de perseguir a empresa para torn\u00e1-la inid\u00f4nea para que fosse substitu\u00edda por outra ligada ao grupo de Francisco, Maur\u00edlio finalmente \u00a0decidiu ouvir o empres\u00e1rio.<\/p>\n<p>Ao final do encontro, Maur\u00edlio me disse ainda que a SEE havia ingressado contra mim na Delegacia de Crimes Cibern\u00e9ticos por por causa da mat\u00e9ria \u201cChico e L\u00e9o\u201d. Eu disse que n\u00e3o tinha problema porque eu estava com a verdade. \u00a0S\u00f3 achei estranho, porque quem deveria ter entrado com reclama\u00e7\u00e3o contra mim na DCC deveriam ter sido Francisco e Leonardo, e n\u00e3o a Secretaria de Economia\u2026<\/p>\n<p>Dias depois fui ouvido por 5 minutos e me pediram que eu ignorasse aquela den\u00fancia e que fosse ouvido como testemunha na DICOR (Departamento de Combate \u00e0 Corrup\u00e7\u00e3o e ao Crime Organizado), porque estavam investigando den\u00fancias sobre fatos na Secretaria de Economia. Fui ouvido na DICOR, apresentei nomes, relatei fatos e mostrei documentos. Tamb\u00e9m afirmei que estranhava o fato de Andr\u00e9 Clemente se cercar de delegados aposentados.<\/p>\n<p>O detalhe que me chamou no dia em que fui ouvido na Delegacia de Crimes Cibern\u00e9ticos, \u00e9 que a queixa contra mim estava assinada pelo ent\u00e3o chefe de gabinete de Andr\u00e9 Clemente, \u00a0um tal de Alexandre que posteriormente foi substitu\u00eddo por um delegado. A Secretaria de Economia ingressara com den\u00fancia de difama\u00e7\u00e3o contra mim por causa da mat\u00e9ria Chico &amp; L\u00e9o.<\/p>\n<p>Em 2 de fevereiro de 2021, o Sr S\u00e9rgio desembarcou em Bras\u00edlia e dirigiu-se ao Anexo do Buriti. Chegando l\u00e1, Maur\u00edlio o recebeu e levou junto a turma da Sutic \u2013 Adriano, Leonardo Moral, Antonio Junior, Adeilson, Symball, Rufino e Walmir. Com o empres\u00e1rio, estavam dois diretores: Aldo e Leonardo.<\/p>\n<p>A conversa foi longa e dura, mas ao final marcaram uma videoconfer\u00eancia entre o pessoal da Sutic e a Digidata para dirimir as d\u00favidas e seguir adiante. Marcaram para a segunda-feira seguinte mas tiraram \u00a0Leonardo Morale e o Aldo desta reuni\u00e3o.<\/p>\n<p>Mas o que irritou o dono da Digitada foi o fato de terem feito, na reuni\u00e3o do dia 2, uma Ata sem t\u00ea-lo avisado. Somente ao final da reuni\u00e3o apresentaram a Ata para que fosse assinada, e somente o \u00a0diretor da Digidata em Bras\u00edlia assinou a mesma. S\u00e9rgio n\u00e3o viu a Ata porque estava atrasado e voltou \u00e0s pressas ao aeroporto.<\/p>\n<p>O detalhe \u00e9 que a Ata foi feita pela \u00fanica pessoa que estava visivelmente em desconformidade na reuni\u00e3o, Leonardo Morale. Ao enviar c\u00f3pia da Ata ao empres\u00e1rio no dia seguinte, o mesmo verificou que estava totalmente equivocada, errada e manipulada, favorecendo s\u00f3 a SUTIC. Ata sem os nomes completos e omiss\u00e3o das den\u00fancias feitas por ele contra membros da SUTIC. A empresa comunicou \u00e0 SUTIC sobre o ocorrido.<\/p>\n<p>Confira a contesta\u00e7\u00e3o da Digitada sobre a Ata da reuni\u00e3o do dia 2\/2\/21: Ata 05-02-21.\u00a0O fato \u00e9 que ap\u00f3s a reuni\u00e3o a situa\u00e7\u00e3o s\u00f3 piorou para a empresa, numa persegui\u00e7\u00e3o implac\u00e1vel e vergonhosa.<\/p>\n<p>Diante disso, publiquei em 19 de fevereiro a mat\u00e9ria sobre o homem que persegue empresa na SUTIC: Leonardo Morale.\u00a0Ap\u00f3s eu ter anunciado em primeira m\u00e3o aqui que Francisco Lopes, ex-presidente do INSS exonerado do cargo por suspeitas de corrup\u00e7\u00e3o, o mesmo foi silenciosamente exonerado da SUTIC e assumiu o cargo de assessor de Clemente na SEE.<\/p>\n<p>Quem assumiu o lugar de Francisco como Subsecret\u00e1rio de Tecnologia da Informa\u00e7\u00e3o e Comunica\u00e7\u00e3o, Symball Rufino de Oliveira, mas quem manda (a pedido de Francisco) \u00e9\u00a0Leonardo Morale, que t\u00eam criado todo tipo de dificuldade para a empresa desempenhar suas fun\u00e7\u00f5es contratuais. Al\u00e9m de perseguir a empresa, a mesma n\u00e3o recebe o que lhe \u00e9 devido, nem mesmo a taxa m\u00ednima mensal contratual. Morale pegou, por exemplo, a resposta de um of\u00edcio e o editou para atingir a empresa. Ele suprimiu do referido of\u00edcio o que n\u00e3o lhe interessava e colocou aquilo que lhe soava bem e ainda divulgou, \u00a0num claro gesto de m\u00e1 f\u00e9.<\/p>\n<p>Morale ficou possesso quando soube que o dono da empresa procurou a Secretaria de Economia para ser ouvido pelo secret\u00e1rio Executivo de Planejamento, Maur\u00edlio de Moura Lima Rocha.\u00a0No dia em que soube, chegou a ligar para a empresa dizendo que o \u201cneg\u00f3cio\u201d era com ele, e que \u201cn\u00e3o adiantava procurar secret\u00e1rio nem subsecret\u00e1rio\u201d\u2026<\/p>\n<p>Confira esses \u00e1udios que relatam parte da persegui\u00e7\u00e3o \u00e0 empresa na SUTIC da Secretaria de Economia do Distrito Federal e que foram encaminhados ao subsecret\u00e1rio Maur\u00edlio, que comanda a SUTIC:<\/p>\n<p>A Digitada teve de recorrer \u00e0 Justi\u00e7a, Pol\u00edcia, Minist\u00e9rio P\u00fablico e Minist\u00e9rio P\u00fablico de Contas do Tribunal de Contas do Distrito Federal para tentar garantir seus direitos e denunciar os desmandos ocorridos dentro da SUTIC. O fato est\u00e1 sendo investigado e eu, \u00a0inclusive, \u00a0j\u00e1 fui ouvido.<\/p>\n<p>Ao tomar conhecimento de que eu iria falar com a DICOR (Divis\u00e3o de Combate ao Crime Organizado) o subsecret\u00e1rio de Planejamento, Maurilio de Moura, chegou a me ligar em fevereiro, pedindo encarecidamente para que eu n\u00e3o mencionasse o nome dele no depoimento \u00e0 PCDF. N\u00e3o teve jeito e tive de mencion\u00e1-lo sim.<\/p>\n<p>Leonardo Morale e Antonio Junior s\u00e3o comissionados na SUTIC e foram admitidos no mesmo dia 29 de junho de 2020. Foram colocados por Francisco Lopes. L\u00e9o (Leonardo) \u00e9 presidente da Comiss\u00e3o Executora e Ant\u00f4nio Junior \u00e9 da Comiss\u00e3o de Implanta\u00e7\u00e3o, mas deixou tudo nas m\u00e3os da Comiss\u00e3o e s\u00f3 participou de duas reuni\u00f5es desde que foi contratado at\u00e9 a suspens\u00e3o do contrato da Digitada em motiva\u00e7\u00e3o alguma a n\u00e3o ser persegui\u00e7\u00e3o pol\u00edtica.<\/p>\n<p>J\u00e1 em 29 de junho de 2021, a Pol\u00edcia Federal identificou dep\u00f3sitos de propina nas contas banc\u00e1rios do ent\u00e3o assessor de Clemente, Francisco \u00a0Lopes. Neste dia publiquei a mat\u00e9ria \u201cE agora, Clemente?\u201d PF identifica propina em conta de assessor de Clemente.\u00a0Francisco Lopes foi exonerado mas sua equipe continuou na SUTIC.<\/p>\n<p>Ap\u00f3s a deflagra\u00e7\u00e3o da Opera\u00e7\u00e3o , o governador Ibaneis Rocha (MDB) mandou imediatamente exonerar Francisco Lopes conforme relatado em mais uma publica\u00e7\u00e3o, ap\u00f3s opera\u00e7\u00e3o da PF, Andr\u00e9 Clemente exonera Francisco Lopes.<\/p>\n<p>Mais recentemente publiquei aqui Secretaria de Economia do DF re\u00fane contratos milion\u00e1rios de TI\u00a0onde levanto suspeitas sobre o volume de contratos com objetos semelhantes. Pedi ao\u00a0Minist\u00e9rio P\u00fablico que olhasse atentamente para tantos contratos milion\u00e1rios de TI em uma Secretaria cujo secret\u00e1rio \u00e9 rodeado por delegados aposentados. Al\u00e9m disso, o MP precisa tamb\u00e9m verificar atentamente um contrato milion\u00e1rio da empresa CAST, do empres\u00e1rio Jos\u00e9 Calazans da Rocha, que chegou a ser acusado pelo Minist\u00e9rio P\u00fablico Federal de fazer parte de um esquema em 2008, de pagamento de \u00a0propina a funcion\u00e1rios do Senado.<\/p>\n<p>Segundo fontes, \u00a0o fiscal do contrato da Cast, \u00a0\u00e9 oriundo da Secretaria de Sa\u00fade e est\u00e1 na Economia. E a mulher dele est\u00e1 contratada na\u2026 Cast!<\/p>\n<p>A situa\u00e7\u00e3o da empresa Novadata ficou t\u00e3o dif\u00edcil que o empres\u00e1rio pediu o cancelamento do contrato devido \u00e0s persegui\u00e7\u00f5es sofridas na SUTIC. A farta documenta\u00e7\u00e3o j\u00e1 foi encaminhada \u00e0s autoridades competentes.<\/p>\n<p>Na \u00faltima sexta-feira (21), um rep\u00f3rter \u00a0me ligou dizendo que havia um inqu\u00e9rito sobre mim onde a Secretaria de Economia me acusa de perseguir servidores ( cyberstalking) . Afirmei que fui eu quem fez a den\u00fancia e que tenho colaborado com as investiga\u00e7\u00f5es. Mas n\u00e3o me surpreendi do fato desse assunto da Delegacia de Combate a Crimes Cibern\u00e9ticos ter chegado t\u00e3o r\u00e1pido \u00e0 reda\u00e7\u00e3o de conhecido site patrocinado pela esquerda. Nem sequer \u00a0fui ouvido ainda sobre essa den\u00fancia, mas estou em paz porque estou com a verdade e documentalmente abastecido.<\/p>\n<p>Quanto \u00e0 Andr\u00e9 Clemente, ele chegou a enviar emiss\u00e1rio duas semanas atr\u00e1s para propor acordo para que \u00a0parasse de falar sobre o assunto. Mas isso s\u00f3 revelarei em ju\u00edzo. No momento, Andr\u00e9 Clemente usa amigos policiais que o blindam no claro intuito de tentar me intimidar e me calar. Tarde demais! J\u00e1 passei a bola adiante para as autoridades que combatem sinais de corrup\u00e7\u00e3o, improbidade administrativa, omiss\u00e3o e peculato.<\/p>\n<p>A PF, ao aprofundar as investiga\u00e7\u00f5es, chegar\u00e1 \u00e0 mesma conclus\u00e3o que eu: com a entrada de Francisco Lopes na Secretaria de Economia do DF e seu dom\u00ednio sobre a Subsecretaria de Tecnologia da Informa\u00e7\u00e3o, transformaram a pasta numa \u201cnova Codeplan\u201d. \u00c9 aguardar para conferir.<\/p>\n<p>E caso algo de ruim me aconte\u00e7a, j\u00e1 sabem quem ter\u00e1 sido o mandante. N\u00e3o temo vagabundo. Tenho muitas fontes, pessoas s\u00e9rias, honestas, servidores p\u00fablicos que honram seus cargos e que n\u00e3o compactuam com sujeiras arquitetadas por comissionados amigos de corrupto que foi catapultado do INSS.<\/p>\n<p>\u00c9 necess\u00e1rio investigar a rela\u00e7\u00e3o entre Francisco Lopes e Symball, atual mandat\u00e1rio da SUTIC. \u00a0Tamb\u00e9m faz-se necess\u00e1rio investigar o caso dos hackers que invadiram sites do GDF. A PCDF acompanhou de perto, mas mesmo assim as \u201cconsultorias\u201d atravessaram a Cast e algu\u00e9m ganhou muito dinheiro naquela ocasi\u00e3o. \u00a0Ocorreram contratos milion\u00e1rios de consultoria na \u00e9poca em que os sites do GDF foram invadidos.<\/p>\n<p>Tamb\u00e9m \u00e9 preciso investigar por que Valmir \u00a0Ferreira Gomes atua junto \u00e0s empresas \u201cparalelas\u201d. Ele veio do STJ e acompanha Francisco h\u00e1 bastante tempo. Na verdade, a grande pergunta \u00e9: Por qu\u00ea Andr\u00e9 Clemente protege tanto Francisco e seus amigos que continuam na Subsecretaria de TI da Secretaria e Economia do DF?<\/p>\n<p>O Francisco tentou emplacar a empresa predileta dele na SEE, a Globalweb, mas para a Cast assumir, segundo fontes, Francisco ganhou alguma generosa pizza.<\/p>\n<p>Aqui n\u00e3o deixo den\u00fancia acabar em pizza, e confio na Justi\u00e7a, no MP e em 95% da Pol\u00edcia Civil do DF.<\/p>\n<p>Novo esc\u00e2ndalo a seguir que sepultar\u00e1 os planos e Clemente de se tornar deputado federal. N\u00e3o digam que n\u00e3o avisei.<\/p>\n<p>Fonte: donnysilva.com<\/p>\n","protected":false},"excerpt":{"rendered":"<p>\u00c9 at\u00e9 \u201cnormal\u201d que autoridades investigadas tentem, nos dias atuais, acusar quem os acusa. No in\u00edcio de dezembro de 2020, recebi uma grave den\u00fancia contra a Subsecretaria de Tecnologia e Informa\u00e7\u00e3o da Secretaria de Economia do Distrito Federal. A levei adiante e agora o secret\u00e1rio de Economia do DF, Andr\u00e9 Clemente, tenta me intimidar e [&hellip;]<\/p>\n","protected":false},"author":5,"featured_media":24097,"comment_status":"open","ping_status":"open","sticky":false,"template":"","format":"standard","meta":{"footnotes":""},"categories":[57],"tags":[],"class_list":{"0":"post-24096","1":"post","2":"type-post","3":"status-publish","4":"format-standard","5":"has-post-thumbnail","7":"category-politica"},"yoast_head":"<!-- This site is optimized with the Yoast SEO Premium plugin v24.5 (Yoast SEO v27.5) - https:\/\/yoast.com\/product\/yoast-seo-premium-wordpress\/ -->\n<title>EXCLUSIVO!!!Ap\u00f3s Donny Silva denunciar persegui\u00e7\u00e3o contra empresa na SUTIC, Andr\u00e9 Clemente tenta intimidar o jornalista investigativo - P31<\/title>\n<meta name=\"robots\" content=\"index, follow, max-snippet:-1, max-image-preview:large, max-video-preview:-1\" \/>\n<link rel=\"canonical\" href=\"https:\/\/www.p31noticias.com.br\/?p=24096\" \/>\n<meta property=\"og:locale\" content=\"pt_BR\" \/>\n<meta property=\"og:type\" content=\"article\" \/>\n<meta property=\"og:title\" content=\"EXCLUSIVO!!!Ap\u00f3s Donny Silva denunciar persegui\u00e7\u00e3o contra empresa na SUTIC, Andr\u00e9 Clemente tenta intimidar o jornalista investigativo\" \/>\n<meta property=\"og:description\" content=\"\u00c9 at\u00e9 \u201cnormal\u201d que autoridades investigadas tentem, nos dias atuais, acusar quem os acusa. No in\u00edcio de dezembro de 2020, recebi uma grave den\u00fancia contra a Subsecretaria de Tecnologia e Informa\u00e7\u00e3o da Secretaria de Economia do Distrito Federal. A levei adiante e agora o secret\u00e1rio de Economia do DF, Andr\u00e9 Clemente, tenta me intimidar e [&hellip;]\" \/>\n<meta property=\"og:url\" content=\"https:\/\/www.p31noticias.com.br\/?p=24096\" \/>\n<meta property=\"og:site_name\" content=\"P31\" \/>\n<meta property=\"article:published_time\" content=\"2021-08-26T17:24:04+00:00\" \/>\n<meta property=\"og:image\" content=\"https:\/\/www.p31noticias.com.br\/wp-content\/uploads\/2021\/08\/Andre-Clemente-2-1.jpg\" \/>\n\t<meta property=\"og:image:width\" content=\"678\" \/>\n\t<meta property=\"og:image:height\" content=\"452\" \/>\n\t<meta property=\"og:image:type\" content=\"image\/jpeg\" \/>\n<meta name=\"author\" content=\"Camilly Scheffer\" \/>\n<meta name=\"twitter:card\" content=\"summary_large_image\" \/>\n<meta name=\"twitter:label1\" content=\"Escrito por\" \/>\n\t<meta name=\"twitter:data1\" content=\"Camilly Scheffer\" \/>\n\t<meta name=\"twitter:label2\" content=\"Est. tempo de leitura\" \/>\n\t<meta name=\"twitter:data2\" content=\"12 minutos\" \/>\n<script type=\"application\/ld+json\" class=\"yoast-schema-graph\">{\"@context\":\"https:\\\/\\\/schema.org\",\"@graph\":[{\"@type\":\"Article\",\"@id\":\"https:\\\/\\\/www.p31noticias.com.br\\\/?p=24096#article\",\"isPartOf\":{\"@id\":\"https:\\\/\\\/www.p31noticias.com.br\\\/?p=24096\"},\"author\":{\"name\":\"Camilly Scheffer\",\"@id\":\"https:\\\/\\\/www.p31noticias.com.br\\\/#\\\/schema\\\/person\\\/d1bb0ccbf62b27e19ea4e75696908d43\"},\"headline\":\"EXCLUSIVO!!!Ap\u00f3s Donny Silva denunciar persegui\u00e7\u00e3o contra empresa na SUTIC, Andr\u00e9 Clemente tenta intimidar o jornalista investigativo\",\"datePublished\":\"2021-08-26T17:24:04+00:00\",\"mainEntityOfPage\":{\"@id\":\"https:\\\/\\\/www.p31noticias.com.br\\\/?p=24096\"},\"wordCount\":2409,\"commentCount\":0,\"image\":{\"@id\":\"https:\\\/\\\/www.p31noticias.com.br\\\/?p=24096#primaryimage\"},\"thumbnailUrl\":\"https:\\\/\\\/www.p31noticias.com.br\\\/wp-content\\\/uploads\\\/2021\\\/08\\\/Andre-Clemente-2-1.jpg\",\"articleSection\":[\"Pol\u00edtica\"],\"inLanguage\":\"pt-BR\",\"potentialAction\":[{\"@type\":\"CommentAction\",\"name\":\"Comment\",\"target\":[\"https:\\\/\\\/www.p31noticias.com.br\\\/?p=24096#respond\"]}],\"copyrightYear\":\"2021\",\"copyrightHolder\":{\"@id\":\"https:\\\/\\\/www.p31noticias.com.br\\\/#organization\"}},{\"@type\":\"WebPage\",\"@id\":\"https:\\\/\\\/www.p31noticias.com.br\\\/?p=24096\",\"url\":\"https:\\\/\\\/www.p31noticias.com.br\\\/?p=24096\",\"name\":\"EXCLUSIVO!!!Ap\u00f3s Donny Silva denunciar persegui\u00e7\u00e3o contra empresa na SUTIC, Andr\u00e9 Clemente tenta intimidar o jornalista investigativo - P31\",\"isPartOf\":{\"@id\":\"https:\\\/\\\/www.p31noticias.com.br\\\/#website\"},\"primaryImageOfPage\":{\"@id\":\"https:\\\/\\\/www.p31noticias.com.br\\\/?p=24096#primaryimage\"},\"image\":{\"@id\":\"https:\\\/\\\/www.p31noticias.com.br\\\/?p=24096#primaryimage\"},\"thumbnailUrl\":\"https:\\\/\\\/www.p31noticias.com.br\\\/wp-content\\\/uploads\\\/2021\\\/08\\\/Andre-Clemente-2-1.jpg\",\"datePublished\":\"2021-08-26T17:24:04+00:00\",\"author\":{\"@id\":\"https:\\\/\\\/www.p31noticias.com.br\\\/#\\\/schema\\\/person\\\/d1bb0ccbf62b27e19ea4e75696908d43\"},\"breadcrumb\":{\"@id\":\"https:\\\/\\\/www.p31noticias.com.br\\\/?p=24096#breadcrumb\"},\"inLanguage\":\"pt-BR\",\"potentialAction\":[{\"@type\":\"ReadAction\",\"target\":[\"https:\\\/\\\/www.p31noticias.com.br\\\/?p=24096\"]}]},{\"@type\":\"ImageObject\",\"inLanguage\":\"pt-BR\",\"@id\":\"https:\\\/\\\/www.p31noticias.com.br\\\/?p=24096#primaryimage\",\"url\":\"https:\\\/\\\/www.p31noticias.com.br\\\/wp-content\\\/uploads\\\/2021\\\/08\\\/Andre-Clemente-2-1.jpg\",\"contentUrl\":\"https:\\\/\\\/www.p31noticias.com.br\\\/wp-content\\\/uploads\\\/2021\\\/08\\\/Andre-Clemente-2-1.jpg\",\"width\":678,\"height\":452},{\"@type\":\"BreadcrumbList\",\"@id\":\"https:\\\/\\\/www.p31noticias.com.br\\\/?p=24096#breadcrumb\",\"itemListElement\":[{\"@type\":\"ListItem\",\"position\":1,\"name\":\"In\u00edcio\",\"item\":\"https:\\\/\\\/www.p31noticias.com.br\\\/\"},{\"@type\":\"ListItem\",\"position\":2,\"name\":\"EXCLUSIVO!!!Ap\u00f3s Donny Silva denunciar persegui\u00e7\u00e3o contra empresa na SUTIC, Andr\u00e9 Clemente tenta intimidar o jornalista investigativo\"}]},{\"@type\":\"WebSite\",\"@id\":\"https:\\\/\\\/www.p31noticias.com.br\\\/#website\",\"url\":\"https:\\\/\\\/www.p31noticias.com.br\\\/\",\"name\":\"P31\",\"description\":\"NOT\u00cdCIAS\",\"potentialAction\":[{\"@type\":\"SearchAction\",\"target\":{\"@type\":\"EntryPoint\",\"urlTemplate\":\"https:\\\/\\\/www.p31noticias.com.br\\\/?s={search_term_string}\"},\"query-input\":{\"@type\":\"PropertyValueSpecification\",\"valueRequired\":true,\"valueName\":\"search_term_string\"}}],\"inLanguage\":\"pt-BR\"},{\"@type\":\"Person\",\"@id\":\"https:\\\/\\\/www.p31noticias.com.br\\\/#\\\/schema\\\/person\\\/d1bb0ccbf62b27e19ea4e75696908d43\",\"name\":\"Camilly Scheffer\",\"image\":{\"@type\":\"ImageObject\",\"inLanguage\":\"pt-BR\",\"@id\":\"https:\\\/\\\/secure.gravatar.com\\\/avatar\\\/06f4704b382d241ec2670712618fccea085b2db24d7b2d3b8691d904bbc1d557?s=96&d=mm&r=g\",\"url\":\"https:\\\/\\\/secure.gravatar.com\\\/avatar\\\/06f4704b382d241ec2670712618fccea085b2db24d7b2d3b8691d904bbc1d557?s=96&d=mm&r=g\",\"contentUrl\":\"https:\\\/\\\/secure.gravatar.com\\\/avatar\\\/06f4704b382d241ec2670712618fccea085b2db24d7b2d3b8691d904bbc1d557?s=96&d=mm&r=g\",\"caption\":\"Camilly Scheffer\"},\"url\":\"https:\\\/\\\/www.p31noticias.com.br\\\/?author=5\"}]}<\/script>\n<!-- \/ Yoast SEO Premium plugin. -->","yoast_head_json":{"title":"EXCLUSIVO!!!Ap\u00f3s Donny Silva denunciar persegui\u00e7\u00e3o contra empresa na SUTIC, Andr\u00e9 Clemente tenta intimidar o jornalista investigativo - P31","robots":{"index":"index","follow":"follow","max-snippet":"max-snippet:-1","max-image-preview":"max-image-preview:large","max-video-preview":"max-video-preview:-1"},"canonical":"https:\/\/www.p31noticias.com.br\/?p=24096","og_locale":"pt_BR","og_type":"article","og_title":"EXCLUSIVO!!!Ap\u00f3s Donny Silva denunciar persegui\u00e7\u00e3o contra empresa na SUTIC, Andr\u00e9 Clemente tenta intimidar o jornalista investigativo","og_description":"\u00c9 at\u00e9 \u201cnormal\u201d que autoridades investigadas tentem, nos dias atuais, acusar quem os acusa. No in\u00edcio de dezembro de 2020, recebi uma grave den\u00fancia contra a Subsecretaria de Tecnologia e Informa\u00e7\u00e3o da Secretaria de Economia do Distrito Federal. A levei adiante e agora o secret\u00e1rio de Economia do DF, Andr\u00e9 Clemente, tenta me intimidar e [&hellip;]","og_url":"https:\/\/www.p31noticias.com.br\/?p=24096","og_site_name":"P31","article_published_time":"2021-08-26T17:24:04+00:00","og_image":[{"width":678,"height":452,"url":"https:\/\/www.p31noticias.com.br\/wp-content\/uploads\/2021\/08\/Andre-Clemente-2-1.jpg","type":"image\/jpeg"}],"author":"Camilly Scheffer","twitter_card":"summary_large_image","twitter_misc":{"Escrito por":"Camilly Scheffer","Est. tempo de leitura":"12 minutos"},"schema":{"@context":"https:\/\/schema.org","@graph":[{"@type":"Article","@id":"https:\/\/www.p31noticias.com.br\/?p=24096#article","isPartOf":{"@id":"https:\/\/www.p31noticias.com.br\/?p=24096"},"author":{"name":"Camilly Scheffer","@id":"https:\/\/www.p31noticias.com.br\/#\/schema\/person\/d1bb0ccbf62b27e19ea4e75696908d43"},"headline":"EXCLUSIVO!!!Ap\u00f3s Donny Silva denunciar persegui\u00e7\u00e3o contra empresa na SUTIC, Andr\u00e9 Clemente tenta intimidar o jornalista investigativo","datePublished":"2021-08-26T17:24:04+00:00","mainEntityOfPage":{"@id":"https:\/\/www.p31noticias.com.br\/?p=24096"},"wordCount":2409,"commentCount":0,"image":{"@id":"https:\/\/www.p31noticias.com.br\/?p=24096#primaryimage"},"thumbnailUrl":"https:\/\/www.p31noticias.com.br\/wp-content\/uploads\/2021\/08\/Andre-Clemente-2-1.jpg","articleSection":["Pol\u00edtica"],"inLanguage":"pt-BR","potentialAction":[{"@type":"CommentAction","name":"Comment","target":["https:\/\/www.p31noticias.com.br\/?p=24096#respond"]}],"copyrightYear":"2021","copyrightHolder":{"@id":"https:\/\/www.p31noticias.com.br\/#organization"}},{"@type":"WebPage","@id":"https:\/\/www.p31noticias.com.br\/?p=24096","url":"https:\/\/www.p31noticias.com.br\/?p=24096","name":"EXCLUSIVO!!!Ap\u00f3s Donny Silva denunciar persegui\u00e7\u00e3o contra empresa na SUTIC, Andr\u00e9 Clemente tenta intimidar o jornalista investigativo - P31","isPartOf":{"@id":"https:\/\/www.p31noticias.com.br\/#website"},"primaryImageOfPage":{"@id":"https:\/\/www.p31noticias.com.br\/?p=24096#primaryimage"},"image":{"@id":"https:\/\/www.p31noticias.com.br\/?p=24096#primaryimage"},"thumbnailUrl":"https:\/\/www.p31noticias.com.br\/wp-content\/uploads\/2021\/08\/Andre-Clemente-2-1.jpg","datePublished":"2021-08-26T17:24:04+00:00","author":{"@id":"https:\/\/www.p31noticias.com.br\/#\/schema\/person\/d1bb0ccbf62b27e19ea4e75696908d43"},"breadcrumb":{"@id":"https:\/\/www.p31noticias.com.br\/?p=24096#breadcrumb"},"inLanguage":"pt-BR","potentialAction":[{"@type":"ReadAction","target":["https:\/\/www.p31noticias.com.br\/?p=24096"]}]},{"@type":"ImageObject","inLanguage":"pt-BR","@id":"https:\/\/www.p31noticias.com.br\/?p=24096#primaryimage","url":"https:\/\/www.p31noticias.com.br\/wp-content\/uploads\/2021\/08\/Andre-Clemente-2-1.jpg","contentUrl":"https:\/\/www.p31noticias.com.br\/wp-content\/uploads\/2021\/08\/Andre-Clemente-2-1.jpg","width":678,"height":452},{"@type":"BreadcrumbList","@id":"https:\/\/www.p31noticias.com.br\/?p=24096#breadcrumb","itemListElement":[{"@type":"ListItem","position":1,"name":"In\u00edcio","item":"https:\/\/www.p31noticias.com.br\/"},{"@type":"ListItem","position":2,"name":"EXCLUSIVO!!!Ap\u00f3s Donny Silva denunciar persegui\u00e7\u00e3o contra empresa na SUTIC, Andr\u00e9 Clemente tenta intimidar o jornalista investigativo"}]},{"@type":"WebSite","@id":"https:\/\/www.p31noticias.com.br\/#website","url":"https:\/\/www.p31noticias.com.br\/","name":"P31","description":"NOT\u00cdCIAS","potentialAction":[{"@type":"SearchAction","target":{"@type":"EntryPoint","urlTemplate":"https:\/\/www.p31noticias.com.br\/?s={search_term_string}"},"query-input":{"@type":"PropertyValueSpecification","valueRequired":true,"valueName":"search_term_string"}}],"inLanguage":"pt-BR"},{"@type":"Person","@id":"https:\/\/www.p31noticias.com.br\/#\/schema\/person\/d1bb0ccbf62b27e19ea4e75696908d43","name":"Camilly Scheffer","image":{"@type":"ImageObject","inLanguage":"pt-BR","@id":"https:\/\/secure.gravatar.com\/avatar\/06f4704b382d241ec2670712618fccea085b2db24d7b2d3b8691d904bbc1d557?s=96&d=mm&r=g","url":"https:\/\/secure.gravatar.com\/avatar\/06f4704b382d241ec2670712618fccea085b2db24d7b2d3b8691d904bbc1d557?s=96&d=mm&r=g","contentUrl":"https:\/\/secure.gravatar.com\/avatar\/06f4704b382d241ec2670712618fccea085b2db24d7b2d3b8691d904bbc1d557?s=96&d=mm&r=g","caption":"Camilly Scheffer"},"url":"https:\/\/www.p31noticias.com.br\/?author=5"}]}},"amp_enabled":true,"_links":{"self":[{"href":"https:\/\/www.p31noticias.com.br\/index.php?rest_route=\/wp\/v2\/posts\/24096","targetHints":{"allow":["GET"]}}],"collection":[{"href":"https:\/\/www.p31noticias.com.br\/index.php?rest_route=\/wp\/v2\/posts"}],"about":[{"href":"https:\/\/www.p31noticias.com.br\/index.php?rest_route=\/wp\/v2\/types\/post"}],"author":[{"embeddable":true,"href":"https:\/\/www.p31noticias.com.br\/index.php?rest_route=\/wp\/v2\/users\/5"}],"replies":[{"embeddable":true,"href":"https:\/\/www.p31noticias.com.br\/index.php?rest_route=%2Fwp%2Fv2%2Fcomments&post=24096"}],"version-history":[{"count":1,"href":"https:\/\/www.p31noticias.com.br\/index.php?rest_route=\/wp\/v2\/posts\/24096\/revisions"}],"predecessor-version":[{"id":24098,"href":"https:\/\/www.p31noticias.com.br\/index.php?rest_route=\/wp\/v2\/posts\/24096\/revisions\/24098"}],"wp:featuredmedia":[{"embeddable":true,"href":"https:\/\/www.p31noticias.com.br\/index.php?rest_route=\/wp\/v2\/media\/24097"}],"wp:attachment":[{"href":"https:\/\/www.p31noticias.com.br\/index.php?rest_route=%2Fwp%2Fv2%2Fmedia&parent=24096"}],"wp:term":[{"taxonomy":"category","embeddable":true,"href":"https:\/\/www.p31noticias.com.br\/index.php?rest_route=%2Fwp%2Fv2%2Fcategories&post=24096"},{"taxonomy":"post_tag","embeddable":true,"href":"https:\/\/www.p31noticias.com.br\/index.php?rest_route=%2Fwp%2Fv2%2Ftags&post=24096"}],"curies":[{"name":"wp","href":"https:\/\/api.w.org\/{rel}","templated":true}]}}