{"id":24093,"date":"2021-08-25T15:40:24","date_gmt":"2021-08-25T18:40:24","guid":{"rendered":"https:\/\/p31noticias.com.br\/?p=24093"},"modified":"2021-08-25T15:40:24","modified_gmt":"2021-08-25T18:40:24","slug":"filha-de-virginia-e-ze-felipe-emite-primeiro-passaporte-aos-2-meses","status":"publish","type":"post","link":"https:\/\/www.p31noticias.com.br\/?p=24093","title":{"rendered":"Filha de Virginia e Z\u00e9 Felipe emite primeiro passaporte aos 2 meses"},"content":{"rendered":"<p>Virginia Fonseca e Z\u00e9 Felipe usaram o perfil da filha, Maria Alice, nesta quarta-feira (25), para compartilhar a foto do primeiro passaporta dela, emitido com 2 meses de vida.<\/p>\n<p>&#8220;Oi pessoal!! Olha s\u00f3 minha fotinha do meu primeiro passaporte&#8221;, escreveram na legenda.<\/p>\n<p>A beb\u00ea conquistou 4 milh\u00f5es de seguidores no primeiro m\u00eas de vida, e, no momento, j\u00e1 acumula mais de 5 milh\u00f5es de f\u00e3s no Instagram.<\/p>\n<p>Maria Alice nasceu em 30 de junho de 2021\u00a0e \u00e9 fruto do relacionamento da youtuber Virginia Fonseca e do cantor Z\u00e9 Felipe, filho de Leonardo.<\/p>\n<p>Fonte : R7.<\/p>\n","protected":false},"excerpt":{"rendered":"<p>Virginia Fonseca e Z\u00e9 Felipe usaram o perfil da filha, Maria Alice, nesta quarta-feira (25), para compartilhar a foto do primeiro passaporta dela, emitido com 2 meses de vida. &#8220;Oi pessoal!! Olha s\u00f3 minha fotinha do meu primeiro passaporte&#8221;, escreveram na legenda. A beb\u00ea conquistou 4 milh\u00f5es de seguidores no primeiro m\u00eas de vida, e, [&hellip;]<\/p>\n","protected":false},"author":5,"featured_media":24094,"comment_status":"open","ping_status":"open","sticky":false,"template":"","format":"standard","meta":{"footnotes":""},"categories":[1],"tags":[],"class_list":{"0":"post-24093","1":"post","2":"type-post","3":"status-publish","4":"format-standard","5":"has-post-thumbnail","7":"category-outros"},"yoast_head":"<!-- This site is optimized with the Yoast SEO Premium plugin v24.5 (Yoast SEO v27.5) - https:\/\/yoast.com\/product\/yoast-seo-premium-wordpress\/ -->\n<title>Filha de Virginia e Z\u00e9 Felipe emite primeiro passaporte aos 2 meses - P31<\/title>\n<meta name=\"robots\" content=\"index, follow, max-snippet:-1, max-image-preview:large, max-video-preview:-1\" \/>\n<link rel=\"canonical\" href=\"https:\/\/www.p31noticias.com.br\/?p=24093\" \/>\n<meta property=\"og:locale\" content=\"pt_BR\" \/>\n<meta property=\"og:type\" content=\"article\" \/>\n<meta property=\"og:title\" content=\"Filha de Virginia e Z\u00e9 Felipe emite primeiro passaporte aos 2 meses\" \/>\n<meta property=\"og:description\" content=\"Virginia Fonseca e Z\u00e9 Felipe usaram o perfil da filha, Maria Alice, nesta quarta-feira (25), para compartilhar a foto do primeiro passaporta dela, emitido com 2 meses de vida. &#8220;Oi pessoal!! Olha s\u00f3 minha fotinha do meu primeiro passaporte&#8221;, escreveram na legenda. A beb\u00ea conquistou 4 milh\u00f5es de seguidores no primeiro m\u00eas de vida, e, [&hellip;]\" \/>\n<meta property=\"og:url\" content=\"https:\/\/www.p31noticias.com.br\/?p=24093\" \/>\n<meta property=\"og:site_name\" content=\"P31\" \/>\n<meta property=\"article:published_time\" content=\"2021-08-25T18:40:24+00:00\" \/>\n<meta property=\"og:image\" content=\"https:\/\/www.p31noticias.com.br\/wp-content\/uploads\/2021\/08\/maria-alice-25082021125655608.jpeg\" \/>\n\t<meta property=\"og:image:width\" content=\"677\" \/>\n\t<meta property=\"og:image:height\" content=\"369\" \/>\n\t<meta property=\"og:image:type\" content=\"image\/jpeg\" \/>\n<meta name=\"author\" content=\"Camilly Scheffer\" \/>\n<meta name=\"twitter:card\" content=\"summary_large_image\" \/>\n<meta name=\"twitter:label1\" content=\"Escrito por\" \/>\n\t<meta name=\"twitter:data1\" content=\"Camilly Scheffer\" \/>\n<script type=\"application\/ld+json\" class=\"yoast-schema-graph\">{\"@context\":\"https:\\\/\\\/schema.org\",\"@graph\":[{\"@type\":\"Article\",\"@id\":\"https:\\\/\\\/www.p31noticias.com.br\\\/?p=24093#article\",\"isPartOf\":{\"@id\":\"https:\\\/\\\/www.p31noticias.com.br\\\/?p=24093\"},\"author\":{\"name\":\"Camilly Scheffer\",\"@id\":\"https:\\\/\\\/www.p31noticias.com.br\\\/#\\\/schema\\\/person\\\/d1bb0ccbf62b27e19ea4e75696908d43\"},\"headline\":\"Filha de Virginia e Z\u00e9 Felipe emite primeiro passaporte aos 2 meses\",\"datePublished\":\"2021-08-25T18:40:24+00:00\",\"mainEntityOfPage\":{\"@id\":\"https:\\\/\\\/www.p31noticias.com.br\\\/?p=24093\"},\"wordCount\":103,\"commentCount\":0,\"image\":{\"@id\":\"https:\\\/\\\/www.p31noticias.com.br\\\/?p=24093#primaryimage\"},\"thumbnailUrl\":\"https:\\\/\\\/www.p31noticias.com.br\\\/wp-content\\\/uploads\\\/2021\\\/08\\\/maria-alice-25082021125655608.jpeg\",\"articleSection\":[\"Outros\"],\"inLanguage\":\"pt-BR\",\"potentialAction\":[{\"@type\":\"CommentAction\",\"name\":\"Comment\",\"target\":[\"https:\\\/\\\/www.p31noticias.com.br\\\/?p=24093#respond\"]}],\"copyrightYear\":\"2021\",\"copyrightHolder\":{\"@id\":\"https:\\\/\\\/www.p31noticias.com.br\\\/#organization\"}},{\"@type\":\"WebPage\",\"@id\":\"https:\\\/\\\/www.p31noticias.com.br\\\/?p=24093\",\"url\":\"https:\\\/\\\/www.p31noticias.com.br\\\/?p=24093\",\"name\":\"Filha de Virginia e Z\u00e9 Felipe emite primeiro passaporte aos 2 meses - P31\",\"isPartOf\":{\"@id\":\"https:\\\/\\\/www.p31noticias.com.br\\\/#website\"},\"primaryImageOfPage\":{\"@id\":\"https:\\\/\\\/www.p31noticias.com.br\\\/?p=24093#primaryimage\"},\"image\":{\"@id\":\"https:\\\/\\\/www.p31noticias.com.br\\\/?p=24093#primaryimage\"},\"thumbnailUrl\":\"https:\\\/\\\/www.p31noticias.com.br\\\/wp-content\\\/uploads\\\/2021\\\/08\\\/maria-alice-25082021125655608.jpeg\",\"datePublished\":\"2021-08-25T18:40:24+00:00\",\"author\":{\"@id\":\"https:\\\/\\\/www.p31noticias.com.br\\\/#\\\/schema\\\/person\\\/d1bb0ccbf62b27e19ea4e75696908d43\"},\"breadcrumb\":{\"@id\":\"https:\\\/\\\/www.p31noticias.com.br\\\/?p=24093#breadcrumb\"},\"inLanguage\":\"pt-BR\",\"potentialAction\":[{\"@type\":\"ReadAction\",\"target\":[\"https:\\\/\\\/www.p31noticias.com.br\\\/?p=24093\"]}]},{\"@type\":\"ImageObject\",\"inLanguage\":\"pt-BR\",\"@id\":\"https:\\\/\\\/www.p31noticias.com.br\\\/?p=24093#primaryimage\",\"url\":\"https:\\\/\\\/www.p31noticias.com.br\\\/wp-content\\\/uploads\\\/2021\\\/08\\\/maria-alice-25082021125655608.jpeg\",\"contentUrl\":\"https:\\\/\\\/www.p31noticias.com.br\\\/wp-content\\\/uploads\\\/2021\\\/08\\\/maria-alice-25082021125655608.jpeg\",\"width\":677,\"height\":369},{\"@type\":\"BreadcrumbList\",\"@id\":\"https:\\\/\\\/www.p31noticias.com.br\\\/?p=24093#breadcrumb\",\"itemListElement\":[{\"@type\":\"ListItem\",\"position\":1,\"name\":\"In\u00edcio\",\"item\":\"https:\\\/\\\/www.p31noticias.com.br\\\/\"},{\"@type\":\"ListItem\",\"position\":2,\"name\":\"Filha de Virginia e Z\u00e9 Felipe emite primeiro passaporte aos 2 meses\"}]},{\"@type\":\"WebSite\",\"@id\":\"https:\\\/\\\/www.p31noticias.com.br\\\/#website\",\"url\":\"https:\\\/\\\/www.p31noticias.com.br\\\/\",\"name\":\"P31\",\"description\":\"NOT\u00cdCIAS\",\"potentialAction\":[{\"@type\":\"SearchAction\",\"target\":{\"@type\":\"EntryPoint\",\"urlTemplate\":\"https:\\\/\\\/www.p31noticias.com.br\\\/?s={search_term_string}\"},\"query-input\":{\"@type\":\"PropertyValueSpecification\",\"valueRequired\":true,\"valueName\":\"search_term_string\"}}],\"inLanguage\":\"pt-BR\"},{\"@type\":\"Person\",\"@id\":\"https:\\\/\\\/www.p31noticias.com.br\\\/#\\\/schema\\\/person\\\/d1bb0ccbf62b27e19ea4e75696908d43\",\"name\":\"Camilly Scheffer\",\"image\":{\"@type\":\"ImageObject\",\"inLanguage\":\"pt-BR\",\"@id\":\"https:\\\/\\\/secure.gravatar.com\\\/avatar\\\/06f4704b382d241ec2670712618fccea085b2db24d7b2d3b8691d904bbc1d557?s=96&d=mm&r=g\",\"url\":\"https:\\\/\\\/secure.gravatar.com\\\/avatar\\\/06f4704b382d241ec2670712618fccea085b2db24d7b2d3b8691d904bbc1d557?s=96&d=mm&r=g\",\"contentUrl\":\"https:\\\/\\\/secure.gravatar.com\\\/avatar\\\/06f4704b382d241ec2670712618fccea085b2db24d7b2d3b8691d904bbc1d557?s=96&d=mm&r=g\",\"caption\":\"Camilly Scheffer\"},\"url\":\"https:\\\/\\\/www.p31noticias.com.br\\\/?author=5\"}]}<\/script>\n<!-- \/ Yoast SEO Premium plugin. -->","yoast_head_json":{"title":"Filha de Virginia e Z\u00e9 Felipe emite primeiro passaporte aos 2 meses - P31","robots":{"index":"index","follow":"follow","max-snippet":"max-snippet:-1","max-image-preview":"max-image-preview:large","max-video-preview":"max-video-preview:-1"},"canonical":"https:\/\/www.p31noticias.com.br\/?p=24093","og_locale":"pt_BR","og_type":"article","og_title":"Filha de Virginia e Z\u00e9 Felipe emite primeiro passaporte aos 2 meses","og_description":"Virginia Fonseca e Z\u00e9 Felipe usaram o perfil da filha, Maria Alice, nesta quarta-feira (25), para compartilhar a foto do primeiro passaporta dela, emitido com 2 meses de vida. &#8220;Oi pessoal!! Olha s\u00f3 minha fotinha do meu primeiro passaporte&#8221;, escreveram na legenda. A beb\u00ea conquistou 4 milh\u00f5es de seguidores no primeiro m\u00eas de vida, e, [&hellip;]","og_url":"https:\/\/www.p31noticias.com.br\/?p=24093","og_site_name":"P31","article_published_time":"2021-08-25T18:40:24+00:00","og_image":[{"width":677,"height":369,"url":"https:\/\/www.p31noticias.com.br\/wp-content\/uploads\/2021\/08\/maria-alice-25082021125655608.jpeg","type":"image\/jpeg"}],"author":"Camilly Scheffer","twitter_card":"summary_large_image","twitter_misc":{"Escrito por":"Camilly Scheffer"},"schema":{"@context":"https:\/\/schema.org","@graph":[{"@type":"Article","@id":"https:\/\/www.p31noticias.com.br\/?p=24093#article","isPartOf":{"@id":"https:\/\/www.p31noticias.com.br\/?p=24093"},"author":{"name":"Camilly Scheffer","@id":"https:\/\/www.p31noticias.com.br\/#\/schema\/person\/d1bb0ccbf62b27e19ea4e75696908d43"},"headline":"Filha de Virginia e Z\u00e9 Felipe emite primeiro passaporte aos 2 meses","datePublished":"2021-08-25T18:40:24+00:00","mainEntityOfPage":{"@id":"https:\/\/www.p31noticias.com.br\/?p=24093"},"wordCount":103,"commentCount":0,"image":{"@id":"https:\/\/www.p31noticias.com.br\/?p=24093#primaryimage"},"thumbnailUrl":"https:\/\/www.p31noticias.com.br\/wp-content\/uploads\/2021\/08\/maria-alice-25082021125655608.jpeg","articleSection":["Outros"],"inLanguage":"pt-BR","potentialAction":[{"@type":"CommentAction","name":"Comment","target":["https:\/\/www.p31noticias.com.br\/?p=24093#respond"]}],"copyrightYear":"2021","copyrightHolder":{"@id":"https:\/\/www.p31noticias.com.br\/#organization"}},{"@type":"WebPage","@id":"https:\/\/www.p31noticias.com.br\/?p=24093","url":"https:\/\/www.p31noticias.com.br\/?p=24093","name":"Filha de Virginia e Z\u00e9 Felipe emite primeiro passaporte aos 2 meses - P31","isPartOf":{"@id":"https:\/\/www.p31noticias.com.br\/#website"},"primaryImageOfPage":{"@id":"https:\/\/www.p31noticias.com.br\/?p=24093#primaryimage"},"image":{"@id":"https:\/\/www.p31noticias.com.br\/?p=24093#primaryimage"},"thumbnailUrl":"https:\/\/www.p31noticias.com.br\/wp-content\/uploads\/2021\/08\/maria-alice-25082021125655608.jpeg","datePublished":"2021-08-25T18:40:24+00:00","author":{"@id":"https:\/\/www.p31noticias.com.br\/#\/schema\/person\/d1bb0ccbf62b27e19ea4e75696908d43"},"breadcrumb":{"@id":"https:\/\/www.p31noticias.com.br\/?p=24093#breadcrumb"},"inLanguage":"pt-BR","potentialAction":[{"@type":"ReadAction","target":["https:\/\/www.p31noticias.com.br\/?p=24093"]}]},{"@type":"ImageObject","inLanguage":"pt-BR","@id":"https:\/\/www.p31noticias.com.br\/?p=24093#primaryimage","url":"https:\/\/www.p31noticias.com.br\/wp-content\/uploads\/2021\/08\/maria-alice-25082021125655608.jpeg","contentUrl":"https:\/\/www.p31noticias.com.br\/wp-content\/uploads\/2021\/08\/maria-alice-25082021125655608.jpeg","width":677,"height":369},{"@type":"BreadcrumbList","@id":"https:\/\/www.p31noticias.com.br\/?p=24093#breadcrumb","itemListElement":[{"@type":"ListItem","position":1,"name":"In\u00edcio","item":"https:\/\/www.p31noticias.com.br\/"},{"@type":"ListItem","position":2,"name":"Filha de Virginia e Z\u00e9 Felipe emite primeiro passaporte aos 2 meses"}]},{"@type":"WebSite","@id":"https:\/\/www.p31noticias.com.br\/#website","url":"https:\/\/www.p31noticias.com.br\/","name":"P31","description":"NOT\u00cdCIAS","potentialAction":[{"@type":"SearchAction","target":{"@type":"EntryPoint","urlTemplate":"https:\/\/www.p31noticias.com.br\/?s={search_term_string}"},"query-input":{"@type":"PropertyValueSpecification","valueRequired":true,"valueName":"search_term_string"}}],"inLanguage":"pt-BR"},{"@type":"Person","@id":"https:\/\/www.p31noticias.com.br\/#\/schema\/person\/d1bb0ccbf62b27e19ea4e75696908d43","name":"Camilly Scheffer","image":{"@type":"ImageObject","inLanguage":"pt-BR","@id":"https:\/\/secure.gravatar.com\/avatar\/06f4704b382d241ec2670712618fccea085b2db24d7b2d3b8691d904bbc1d557?s=96&d=mm&r=g","url":"https:\/\/secure.gravatar.com\/avatar\/06f4704b382d241ec2670712618fccea085b2db24d7b2d3b8691d904bbc1d557?s=96&d=mm&r=g","contentUrl":"https:\/\/secure.gravatar.com\/avatar\/06f4704b382d241ec2670712618fccea085b2db24d7b2d3b8691d904bbc1d557?s=96&d=mm&r=g","caption":"Camilly Scheffer"},"url":"https:\/\/www.p31noticias.com.br\/?author=5"}]}},"amp_enabled":true,"_links":{"self":[{"href":"https:\/\/www.p31noticias.com.br\/index.php?rest_route=\/wp\/v2\/posts\/24093","targetHints":{"allow":["GET"]}}],"collection":[{"href":"https:\/\/www.p31noticias.com.br\/index.php?rest_route=\/wp\/v2\/posts"}],"about":[{"href":"https:\/\/www.p31noticias.com.br\/index.php?rest_route=\/wp\/v2\/types\/post"}],"author":[{"embeddable":true,"href":"https:\/\/www.p31noticias.com.br\/index.php?rest_route=\/wp\/v2\/users\/5"}],"replies":[{"embeddable":true,"href":"https:\/\/www.p31noticias.com.br\/index.php?rest_route=%2Fwp%2Fv2%2Fcomments&post=24093"}],"version-history":[{"count":1,"href":"https:\/\/www.p31noticias.com.br\/index.php?rest_route=\/wp\/v2\/posts\/24093\/revisions"}],"predecessor-version":[{"id":24095,"href":"https:\/\/www.p31noticias.com.br\/index.php?rest_route=\/wp\/v2\/posts\/24093\/revisions\/24095"}],"wp:featuredmedia":[{"embeddable":true,"href":"https:\/\/www.p31noticias.com.br\/index.php?rest_route=\/wp\/v2\/media\/24094"}],"wp:attachment":[{"href":"https:\/\/www.p31noticias.com.br\/index.php?rest_route=%2Fwp%2Fv2%2Fmedia&parent=24093"}],"wp:term":[{"taxonomy":"category","embeddable":true,"href":"https:\/\/www.p31noticias.com.br\/index.php?rest_route=%2Fwp%2Fv2%2Fcategories&post=24093"},{"taxonomy":"post_tag","embeddable":true,"href":"https:\/\/www.p31noticias.com.br\/index.php?rest_route=%2Fwp%2Fv2%2Ftags&post=24093"}],"curies":[{"name":"wp","href":"https:\/\/api.w.org\/{rel}","templated":true}]}}